{"id":143,"date":"2023-05-20T09:05:00","date_gmt":"2023-05-20T12:05:00","guid":{"rendered":"https:\/\/www.noticiasfire.com.br\/2021\/09\/30\/dicas-valiosas-para-garantir-sua-vaga-no-jovem-aprendiz-do-ponto-frio\/"},"modified":"2023-05-20T09:05:00","modified_gmt":"2023-05-20T12:05:00","slug":"dicas-valiosas-para-garantir-sua-vaga-no-jovem-aprendiz-do-ponto-frio","status":"publish","type":"post","link":"https:\/\/www.noticiasfire.com.br\/en\/dicas-valiosas-para-garantir-sua-vaga-no-jovem-aprendiz-do-ponto-frio\/","title":{"rendered":"Dicas valiosas para garantir sua vaga no Jovem Aprendiz do Ponto Frio"},"content":{"rendered":"<div data-elementor-type=\"wp-post\" data-elementor-id=\"143\" class=\"elementor elementor-143\" data-elementor-post-type=\"post\">\n\t\t\t\t\t\t<section class=\"elementor-section elementor-top-section elementor-element elementor-element-3db45ee2 elementor-section-boxed elementor-section-height-default elementor-section-height-default\" data-id=\"3db45ee2\" data-element_type=\"section\" data-e-type=\"section\">\n\t\t\t\t\t\t<div class=\"elementor-container elementor-column-gap-default\">\n\t\t\t\t\t<div class=\"elementor-column elementor-col-100 elementor-top-column elementor-element elementor-element-3755b140\" data-id=\"3755b140\" data-element_type=\"column\" data-e-type=\"column\">\n\t\t\t<div class=\"elementor-widget-wrap elementor-element-populated\">\n\t\t\t\t\t\t<div class=\"elementor-element elementor-element-2f7b63ef elementor-widget elementor-widget-text-editor\" data-id=\"2f7b63ef\" data-element_type=\"widget\" data-e-type=\"widget\" data-widget_type=\"text-editor.default\">\n\t\t\t\t\t\t\t\t\t<p><span style=\"font-size: 14pt;\">As grandes empresas brasileiras participam do programa Jovem Aprendiz, permitindo que os jovens se candidatem e tenham a oportunidade de garantir seu primeiro emprego e ingressar no mercado de trabalho. O programa visa qualificar os jovens profissionalmente, possibilitando sua integra\u00e7\u00e3o no mercado de trabalho.<\/span><\/p><h2>Oportunidade \u00fanica.<\/h2><p><span style=\"font-size: 14pt;\">No entanto, muitas pessoas n\u00e3o tem conhecimento a respeito deste programa que j\u00e1 existe h\u00e1 muitos anos. Esta oportunidade para os jovens ainda \u00e9 algo que n\u00e3o est\u00e1 sendo t\u00e3o divulgada assim, e muitos nem mesmo descobrem isso antes de ir em busca do primeiro emprego. Uma das empresas que fazem parte do programa \u00e9 a Ponto Frio, \u00e9 uma das maiores empresas atualmente que oferecem a oportunidade aos jovens em busca de seu primeiro emprego.<\/span><\/p><h2>Ponto Frio e Governo Federal juntos para empregar jovens.<\/h2><p><span style=\"font-size: 14pt;\">A empresa conta com uma presen\u00e7a online e tamb\u00e9m em v\u00e1rias lojas de departamento espalhadas pelo Brasil inteira, com vendas de eletrodom\u00e9sticos, eletroeletr\u00f4nicos e outros itens.\u00a0 A Ponto Firo \u00e9 uma grande parceira do governo federal, e por isso faz parte do programa Jovem Aprendiz criado pelo governo. Atualmente dando oportunidade para os jovens ingressem no mercado de trabalho e ainda atuar nas suas lojas e at\u00e9 mesmo em seus escrit\u00f3rios. Por\u00e9m depende das vagas dispon\u00edveis pela empresa para o programa em quest\u00e3o.<\/span><\/p><p><span style=\"font-size: 14pt;\">Participar deste programa \u00e9 uma oportunidade para mudar a vida dos jovens para sempre. Ainda mais fazendo com que consigam iniciar suas carreias no mercado de trabalho da melhor forma poss\u00edvel. Visto que a experi\u00eancia de trabalhar em uma loja deste porte abrir\u00e1 in\u00fameras portas para os jovens no futuro. Para os que fazem parte do Jovem Aprendiz, e tem em seu curr\u00edculo, o destaque no mercado de trabalho muito maior do que normalmente.<\/span><\/p><p><span style=\"font-size: 14pt;\">O Ponto Frio existe h\u00e1 muitos anos, e conta com lojas que est\u00e3o espalhadas em todo o Brasil. Al\u00e9m de contar com centros de distribui\u00e7\u00e3o no pa\u00eds inteiro, e escrit\u00f3rios, outras atividades administrativas e operacionais s\u00e3o feitas pela empresa. O Ponto Frio tamb\u00e9m conta com sua loja online, onde s\u00e3o feitas centenas de vendas todos os dias. A loja oferece diariamente para os seus clientes promo\u00e7\u00f5es e descontos imperd\u00edveis.<\/span><\/p><h2><span style=\"font-size: 14pt;\">Jovens e as \u00e1reas de atua\u00e7\u00e3o<\/span><\/h2><p><span style=\"font-size: 14pt;\">Para inscrever-se no Jovem\u00a0 Aprendiz, \u00e9 preciso que na sua cidade conte com uma unidade da loja do Ponto Frio. Caso sua cidade conte com uma loja da empresa, voc\u00ea poder\u00e1 se inscrever para conseguir um cargo. Realizando o sonho do primeiro emprego. Os jovens que far\u00e3o parte do programa poder\u00e3o atuar em \u00e1reas como vendas, atendimento ao clientes, telemarketing entre outras \u00e1reas que ir\u00e3o aprender a desempenhar suas fun\u00e7\u00f5es distintas.<\/span><\/p><p><span style=\"font-size: 14pt;\">Ao final do programa, o jovem ter\u00e1 a capacidade de entrar no mercado de trabalho de vez, devido a oportunidade garantida pela empresa, que ir\u00e1 ensinar no dia a dia com o trabalho como o jovem pode se desenvolver no mercado de trabalho. Com isso, os jovens que fizerem parte do Jovem Aprendiz da Ponto Frio, deixar\u00e3o o programa com v\u00e1rias oportunidades no futuro, visto que estes ter\u00e3o experi\u00eancias para conseguir se adequar e entrar no mercado de trabalho em busca de novas oportunidades.<\/span><\/p><h2><span style=\"font-size: 14pt;\">Benef\u00edcios e garantias<\/span><\/h2><p><span style=\"font-size: 14pt;\">Ao trabalhar no Ponto Frio com o Jovem Aprendiz, podem conquistar diversos benef\u00edcios. Estes benef\u00edcios devem\u00a0 ser em rela\u00e7\u00e3o aos direitos trabalhistas garantidos por lei. Assim como tamb\u00e9m conquistar mais autonomia em sua profissionaliza\u00e7\u00e3o. Desta forma, de acordo com a lei da Aprendizagem, ao qual garante aos jovens que sejam tratados como outros funcion\u00e1rios. Sendo assim receber todos os benef\u00edcios bem como os funcion\u00e1rios da empresa que n\u00e3o fazem parte de programa algum.<\/span><\/p><h2><span style=\"font-size: 14pt;\">Sal\u00e1rio do menor aprendiz<\/span><\/h2><p><span style=\"font-size: 14pt;\">O jovem que participar\u00e1 do programa, ir\u00e1 receber todos os meses um sal\u00e1rio que pode chegar at\u00e9 a um sal\u00e1rio m\u00ednimo. Al\u00e9m disso, tamb\u00e9m ter direito a vale transporte e vale alimenta\u00e7\u00e3o, FGTS e o d\u00e9cimo terceiro sal\u00e1rio. Os jovens tamb\u00e9m ter\u00e3o garantidas f\u00e9rias remuneradas e outros benef\u00edcios que ficar\u00e3o de responsabilidade da empresa definir. O programa garante o jovem um contrato de aprendizagem, que pode durar at\u00e9 dois anos.<\/span><\/p><p><span style=\"font-size: 14pt;\">Ao final do programa, o jovem receber\u00e1 o diploma do curso t\u00e9cnico ao qual realizou ao longo do tempo que esteve na empresa em quest\u00e3o, bem como com validade em todo territ\u00f3rio nacional. Al\u00e9m disso,\u00a0 uma grande bagagem para iniciar sua carreira no mercado de trabalho. Os jovens participantes deste processo do Jovem Aprendiz, conquistaram tamb\u00e9m um conhecimento muito grande durante o per\u00edodo presente na empresa fornecidos pelos mais experientes, ao passo que \u00e9 de suma import\u00e2ncia para o futuro.<\/span><\/p><h2><span style=\"font-size: 14pt;\">Mudan\u00e7a de vida no primeiro emprego do jovem<\/span><\/h2><p><span style=\"font-size: 14pt;\">Todos os jovens que passam pelo programa relatam que ele mudou totalmente suas vidas, e ajudou com que no futuro, ap\u00f3s sa\u00edrem do programa, tivessem melhores oportunidades de trabalho. Caso voc\u00ea esteja em busca de entrar para o Jovem Aprendiz, fique atento ao que falamos a respeito do programa, ele tamb\u00e9m poder\u00e1 mudar a sua vida assim como mudou a de muitos jovens que j\u00e1 fizeram parte dele. Muitos jovens que passaram pelo Jovem Aprendiz entraram para o mercado de trabalho e garantiram melhores empregos e um futuro melhor em suas vidas.<\/span><\/p><p><span style=\"font-size: 14pt;\">Para fazer parte do programa, \u00e9 preciso que os jovens interessados busquem saber se est\u00e3o preenchendo de fato os requisitos para isso. \u00c9 preciso atender a todos requisitos\u00a0 solicitados pela empresa para aprova\u00e7\u00e3o no programa de fato. Estes requisitos constam tamb\u00e9m na lei de Aprendizagem, e ajudam as empresas conseguirem selecionar de fato em sua grande maioria os jovens mais necessitados e poder usufruir muito do programa pela falta de oportunidade.<\/span><\/p><p><span style=\"font-size: 14pt;\">\u00c9 preciso ter entre 14 e 24 anos de idade para fazer parte do programa, e ter ensino fundamental ou m\u00e9dio. Os jovens podem estar formados na escola tamb\u00e9m, mas precisam nunca ter tido suas carteiras de trabalho assinadas para fazer parte do programa. Outro fator essencial \u00e9 que os jovens devem morar em uma cidade que tenha a loja do Ponto Frio. O programa prioriza os jovens que fazem parte de fam\u00edlias de baixa renda em sua sele\u00e7\u00e3o.<\/span><\/p><p>*Fonte de Pesquisa: http:\/\/www.portaldasvagas.club\/dicas-valiosas-para-garantir-sua-vaga-no-jovem-aprendia-da-ponto-frio\/<\/p>\t\t\t\t\t\t\t\t<\/div>\n\t\t\t\t\t<\/div>\n\t\t<\/div>\n\t\t\t\t\t<\/div>\n\t\t<\/section>\n\t\t\t\t<\/div>","protected":false},"excerpt":{"rendered":"<p>As grandes empresas brasileiras participam do programa Jovem Aprendiz, permitindo que os jovens se candidatem e tenham a oportunidade de garantir seu primeiro emprego e ingressar no mercado de trabalho. O programa visa qualificar os jovens profissionalmente, possibilitando sua integra\u00e7\u00e3o no mercado de trabalho. Oportunidade \u00fanica. No entanto, muitas pessoas n\u00e3o tem conhecimento a respeito &#8230; <a title=\"Dicas valiosas para garantir sua vaga no Jovem Aprendiz do Ponto Frio\" class=\"read-more\" href=\"https:\/\/www.noticiasfire.com.br\/en\/dicas-valiosas-para-garantir-sua-vaga-no-jovem-aprendiz-do-ponto-frio\/\" aria-label=\"Read more about Dicas valiosas para garantir sua vaga no Jovem Aprendiz do Ponto Frio\">Read more<\/a><\/p>","protected":false},"author":3,"featured_media":30023,"comment_status":"open","ping_status":"open","sticky":false,"template":"","format":"standard","meta":{"footnotes":""},"categories":[44],"tags":[],"class_list":["post-143","post","type-post","status-publish","format-standard","has-post-thumbnail","hentry","category-noticias"],"yoast_head":"<!-- This site is optimized with the Yoast SEO plugin v27.4 - https:\/\/yoast.com\/product\/yoast-seo-wordpress\/ -->\n<title>Dicas valiosas para garantir sua vaga no Jovem Aprendiz do Ponto Frio -<\/title>\n<meta name=\"description\" content=\"O programa tem o objetivo de fazer com que os jovens se tornem qualificados profissionalmente para entrar no mercado de trabalho.\" \/>\n<meta name=\"robots\" content=\"index, follow, max-snippet:-1, max-image-preview:large, max-video-preview:-1\" \/>\n<link rel=\"canonical\" href=\"https:\/\/www.noticiasfire.com.br\/en\/dicas-valiosas-para-garantir-sua-vaga-no-jovem-aprendiz-do-ponto-frio\/\" \/>\n<meta property=\"og:locale\" content=\"en_US\" \/>\n<meta property=\"og:type\" content=\"article\" \/>\n<meta property=\"og:title\" content=\"Dicas valiosas para garantir sua vaga no Jovem Aprendiz do Ponto Frio -\" \/>\n<meta property=\"og:description\" content=\"O programa tem o objetivo de fazer com que os jovens se tornem qualificados profissionalmente para entrar no mercado de trabalho.\" \/>\n<meta property=\"og:url\" content=\"https:\/\/www.noticiasfire.com.br\/en\/dicas-valiosas-para-garantir-sua-vaga-no-jovem-aprendiz-do-ponto-frio\/\" \/>\n<meta property=\"article:published_time\" content=\"2023-05-20T12:05:00+00:00\" \/>\n<meta property=\"og:image\" content=\"https:\/\/www.noticiasfire.com.br\/wp-content\/uploads\/2021\/09\/pexels-startup-stock-photos-7096-scaled-1-1024x683-1-2.webp\" \/>\n\t<meta property=\"og:image:width\" content=\"1024\" \/>\n\t<meta property=\"og:image:height\" content=\"683\" \/>\n\t<meta property=\"og:image:type\" content=\"image\/webp\" \/>\n<meta name=\"author\" content=\"Ivan\" \/>\n<meta name=\"twitter:card\" content=\"summary_large_image\" \/>\n<meta name=\"twitter:label1\" content=\"Written by\" \/>\n\t<meta name=\"twitter:data1\" content=\"Ivan\" \/>\n\t<meta name=\"twitter:label2\" content=\"Est. reading time\" \/>\n\t<meta name=\"twitter:data2\" content=\"6 minutes\" \/>\n<script type=\"application\/ld+json\" class=\"yoast-schema-graph\">{\"@context\":\"https:\\\/\\\/schema.org\",\"@graph\":[{\"@type\":\"Article\",\"@id\":\"https:\\\/\\\/www.noticiasfire.com.br\\\/dicas-valiosas-para-garantir-sua-vaga-no-jovem-aprendiz-do-ponto-frio\\\/#article\",\"isPartOf\":{\"@id\":\"https:\\\/\\\/www.noticiasfire.com.br\\\/dicas-valiosas-para-garantir-sua-vaga-no-jovem-aprendiz-do-ponto-frio\\\/\"},\"author\":{\"name\":\"Ivan\",\"@id\":\"https:\\\/\\\/www.noticiasfire.com.br\\\/#\\\/schema\\\/person\\\/6c064cf8d33f8b38900e936c385f48fd\"},\"headline\":\"Dicas valiosas para garantir sua vaga no Jovem Aprendiz do Ponto Frio\",\"datePublished\":\"2023-05-20T12:05:00+00:00\",\"mainEntityOfPage\":{\"@id\":\"https:\\\/\\\/www.noticiasfire.com.br\\\/dicas-valiosas-para-garantir-sua-vaga-no-jovem-aprendiz-do-ponto-frio\\\/\"},\"wordCount\":1083,\"commentCount\":0,\"publisher\":{\"@id\":\"https:\\\/\\\/www.noticiasfire.com.br\\\/#organization\"},\"image\":{\"@id\":\"https:\\\/\\\/www.noticiasfire.com.br\\\/dicas-valiosas-para-garantir-sua-vaga-no-jovem-aprendiz-do-ponto-frio\\\/#primaryimage\"},\"thumbnailUrl\":\"https:\\\/\\\/www.noticiasfire.com.br\\\/wp-content\\\/uploads\\\/2021\\\/09\\\/pexels-startup-stock-photos-7096-scaled-1-1024x683-1-2.webp\",\"articleSection\":[\"NOT\u00cdCIAS\"],\"inLanguage\":\"en-US\",\"potentialAction\":[{\"@type\":\"CommentAction\",\"name\":\"Comment\",\"target\":[\"https:\\\/\\\/www.noticiasfire.com.br\\\/dicas-valiosas-para-garantir-sua-vaga-no-jovem-aprendiz-do-ponto-frio\\\/#respond\"]}]},{\"@type\":\"WebPage\",\"@id\":\"https:\\\/\\\/www.noticiasfire.com.br\\\/dicas-valiosas-para-garantir-sua-vaga-no-jovem-aprendiz-do-ponto-frio\\\/\",\"url\":\"https:\\\/\\\/www.noticiasfire.com.br\\\/dicas-valiosas-para-garantir-sua-vaga-no-jovem-aprendiz-do-ponto-frio\\\/\",\"name\":\"Dicas valiosas para garantir sua vaga no Jovem Aprendiz do Ponto Frio -\",\"isPartOf\":{\"@id\":\"https:\\\/\\\/www.noticiasfire.com.br\\\/#website\"},\"primaryImageOfPage\":{\"@id\":\"https:\\\/\\\/www.noticiasfire.com.br\\\/dicas-valiosas-para-garantir-sua-vaga-no-jovem-aprendiz-do-ponto-frio\\\/#primaryimage\"},\"image\":{\"@id\":\"https:\\\/\\\/www.noticiasfire.com.br\\\/dicas-valiosas-para-garantir-sua-vaga-no-jovem-aprendiz-do-ponto-frio\\\/#primaryimage\"},\"thumbnailUrl\":\"https:\\\/\\\/www.noticiasfire.com.br\\\/wp-content\\\/uploads\\\/2021\\\/09\\\/pexels-startup-stock-photos-7096-scaled-1-1024x683-1-2.webp\",\"datePublished\":\"2023-05-20T12:05:00+00:00\",\"description\":\"O programa tem o objetivo de fazer com que os jovens se tornem qualificados profissionalmente para entrar no mercado de trabalho.\",\"breadcrumb\":{\"@id\":\"https:\\\/\\\/www.noticiasfire.com.br\\\/dicas-valiosas-para-garantir-sua-vaga-no-jovem-aprendiz-do-ponto-frio\\\/#breadcrumb\"},\"inLanguage\":\"en-US\",\"potentialAction\":[{\"@type\":\"ReadAction\",\"target\":[\"https:\\\/\\\/www.noticiasfire.com.br\\\/dicas-valiosas-para-garantir-sua-vaga-no-jovem-aprendiz-do-ponto-frio\\\/\"]}]},{\"@type\":\"ImageObject\",\"inLanguage\":\"en-US\",\"@id\":\"https:\\\/\\\/www.noticiasfire.com.br\\\/dicas-valiosas-para-garantir-sua-vaga-no-jovem-aprendiz-do-ponto-frio\\\/#primaryimage\",\"url\":\"https:\\\/\\\/www.noticiasfire.com.br\\\/wp-content\\\/uploads\\\/2021\\\/09\\\/pexels-startup-stock-photos-7096-scaled-1-1024x683-1-2.webp\",\"contentUrl\":\"https:\\\/\\\/www.noticiasfire.com.br\\\/wp-content\\\/uploads\\\/2021\\\/09\\\/pexels-startup-stock-photos-7096-scaled-1-1024x683-1-2.webp\",\"width\":1024,\"height\":683,\"caption\":\"Jovem Aprendiz do Ponto Frio\"},{\"@type\":\"BreadcrumbList\",\"@id\":\"https:\\\/\\\/www.noticiasfire.com.br\\\/dicas-valiosas-para-garantir-sua-vaga-no-jovem-aprendiz-do-ponto-frio\\\/#breadcrumb\",\"itemListElement\":[{\"@type\":\"ListItem\",\"position\":1,\"name\":\"In\u00edcio\",\"item\":\"https:\\\/\\\/www.noticiasfire.com.br\\\/\"},{\"@type\":\"ListItem\",\"position\":2,\"name\":\"Dicas valiosas para garantir sua vaga no Jovem Aprendiz do Ponto Frio\"}]},{\"@type\":\"WebSite\",\"@id\":\"https:\\\/\\\/www.noticiasfire.com.br\\\/#website\",\"url\":\"https:\\\/\\\/www.noticiasfire.com.br\\\/\",\"name\":\"NoticiasFire\",\"description\":\"\",\"publisher\":{\"@id\":\"https:\\\/\\\/www.noticiasfire.com.br\\\/#organization\"},\"potentialAction\":[{\"@type\":\"SearchAction\",\"target\":{\"@type\":\"EntryPoint\",\"urlTemplate\":\"https:\\\/\\\/www.noticiasfire.com.br\\\/?s={search_term_string}\"},\"query-input\":{\"@type\":\"PropertyValueSpecification\",\"valueRequired\":true,\"valueName\":\"search_term_string\"}}],\"inLanguage\":\"en-US\"},{\"@type\":\"Organization\",\"@id\":\"https:\\\/\\\/www.noticiasfire.com.br\\\/#organization\",\"name\":\"NoticiasFire\",\"url\":\"https:\\\/\\\/www.noticiasfire.com.br\\\/\",\"logo\":{\"@type\":\"ImageObject\",\"inLanguage\":\"en-US\",\"@id\":\"https:\\\/\\\/www.noticiasfire.com.br\\\/#\\\/schema\\\/logo\\\/image\\\/\",\"url\":\"https:\\\/\\\/www.noticiasfire.com.br\\\/wp-content\\\/uploads\\\/2025\\\/08\\\/cropped-Captura_de_Tela_2025-08-13_as_20.34.29__1_-removebg-preview.png\",\"contentUrl\":\"https:\\\/\\\/www.noticiasfire.com.br\\\/wp-content\\\/uploads\\\/2025\\\/08\\\/cropped-Captura_de_Tela_2025-08-13_as_20.34.29__1_-removebg-preview.png\",\"width\":748,\"height\":286,\"caption\":\"NoticiasFire\"},\"image\":{\"@id\":\"https:\\\/\\\/www.noticiasfire.com.br\\\/#\\\/schema\\\/logo\\\/image\\\/\"}},{\"@type\":\"Person\",\"@id\":\"https:\\\/\\\/www.noticiasfire.com.br\\\/#\\\/schema\\\/person\\\/6c064cf8d33f8b38900e936c385f48fd\",\"name\":\"Ivan\",\"image\":{\"@type\":\"ImageObject\",\"inLanguage\":\"en-US\",\"@id\":\"https:\\\/\\\/secure.gravatar.com\\\/avatar\\\/18077698a88c2ad528c924a301adab662f075719c95fb1dec6f0b51902ebf647?s=96&d=mm&r=g\",\"url\":\"https:\\\/\\\/secure.gravatar.com\\\/avatar\\\/18077698a88c2ad528c924a301adab662f075719c95fb1dec6f0b51902ebf647?s=96&d=mm&r=g\",\"contentUrl\":\"https:\\\/\\\/secure.gravatar.com\\\/avatar\\\/18077698a88c2ad528c924a301adab662f075719c95fb1dec6f0b51902ebf647?s=96&d=mm&r=g\",\"caption\":\"Ivan\"},\"url\":\"https:\\\/\\\/www.noticiasfire.com.br\\\/en\\\/author\\\/ivan\\\/\"}]}<\/script>\n<!-- \/ Yoast SEO plugin. -->","yoast_head_json":{"title":"Dicas valiosas para garantir sua vaga no Jovem Aprendiz do Ponto Frio -","description":"O programa tem o objetivo de fazer com que os jovens se tornem qualificados profissionalmente para entrar no mercado de trabalho.","robots":{"index":"index","follow":"follow","max-snippet":"max-snippet:-1","max-image-preview":"max-image-preview:large","max-video-preview":"max-video-preview:-1"},"canonical":"https:\/\/www.noticiasfire.com.br\/en\/dicas-valiosas-para-garantir-sua-vaga-no-jovem-aprendiz-do-ponto-frio\/","og_locale":"en_US","og_type":"article","og_title":"Dicas valiosas para garantir sua vaga no Jovem Aprendiz do Ponto Frio -","og_description":"O programa tem o objetivo de fazer com que os jovens se tornem qualificados profissionalmente para entrar no mercado de trabalho.","og_url":"https:\/\/www.noticiasfire.com.br\/en\/dicas-valiosas-para-garantir-sua-vaga-no-jovem-aprendiz-do-ponto-frio\/","article_published_time":"2023-05-20T12:05:00+00:00","og_image":[{"width":1024,"height":683,"url":"https:\/\/www.noticiasfire.com.br\/wp-content\/uploads\/2021\/09\/pexels-startup-stock-photos-7096-scaled-1-1024x683-1-2.webp","type":"image\/webp"}],"author":"Ivan","twitter_card":"summary_large_image","twitter_misc":{"Written by":"Ivan","Est. reading time":"6 minutes"},"schema":{"@context":"https:\/\/schema.org","@graph":[{"@type":"Article","@id":"https:\/\/www.noticiasfire.com.br\/dicas-valiosas-para-garantir-sua-vaga-no-jovem-aprendiz-do-ponto-frio\/#article","isPartOf":{"@id":"https:\/\/www.noticiasfire.com.br\/dicas-valiosas-para-garantir-sua-vaga-no-jovem-aprendiz-do-ponto-frio\/"},"author":{"name":"Ivan","@id":"https:\/\/www.noticiasfire.com.br\/#\/schema\/person\/6c064cf8d33f8b38900e936c385f48fd"},"headline":"Dicas valiosas para garantir sua vaga no Jovem Aprendiz do Ponto Frio","datePublished":"2023-05-20T12:05:00+00:00","mainEntityOfPage":{"@id":"https:\/\/www.noticiasfire.com.br\/dicas-valiosas-para-garantir-sua-vaga-no-jovem-aprendiz-do-ponto-frio\/"},"wordCount":1083,"commentCount":0,"publisher":{"@id":"https:\/\/www.noticiasfire.com.br\/#organization"},"image":{"@id":"https:\/\/www.noticiasfire.com.br\/dicas-valiosas-para-garantir-sua-vaga-no-jovem-aprendiz-do-ponto-frio\/#primaryimage"},"thumbnailUrl":"https:\/\/www.noticiasfire.com.br\/wp-content\/uploads\/2021\/09\/pexels-startup-stock-photos-7096-scaled-1-1024x683-1-2.webp","articleSection":["NOT\u00cdCIAS"],"inLanguage":"en-US","potentialAction":[{"@type":"CommentAction","name":"Comment","target":["https:\/\/www.noticiasfire.com.br\/dicas-valiosas-para-garantir-sua-vaga-no-jovem-aprendiz-do-ponto-frio\/#respond"]}]},{"@type":"WebPage","@id":"https:\/\/www.noticiasfire.com.br\/dicas-valiosas-para-garantir-sua-vaga-no-jovem-aprendiz-do-ponto-frio\/","url":"https:\/\/www.noticiasfire.com.br\/dicas-valiosas-para-garantir-sua-vaga-no-jovem-aprendiz-do-ponto-frio\/","name":"Dicas valiosas para garantir sua vaga no Jovem Aprendiz do Ponto Frio -","isPartOf":{"@id":"https:\/\/www.noticiasfire.com.br\/#website"},"primaryImageOfPage":{"@id":"https:\/\/www.noticiasfire.com.br\/dicas-valiosas-para-garantir-sua-vaga-no-jovem-aprendiz-do-ponto-frio\/#primaryimage"},"image":{"@id":"https:\/\/www.noticiasfire.com.br\/dicas-valiosas-para-garantir-sua-vaga-no-jovem-aprendiz-do-ponto-frio\/#primaryimage"},"thumbnailUrl":"https:\/\/www.noticiasfire.com.br\/wp-content\/uploads\/2021\/09\/pexels-startup-stock-photos-7096-scaled-1-1024x683-1-2.webp","datePublished":"2023-05-20T12:05:00+00:00","description":"O programa tem o objetivo de fazer com que os jovens se tornem qualificados profissionalmente para entrar no mercado de trabalho.","breadcrumb":{"@id":"https:\/\/www.noticiasfire.com.br\/dicas-valiosas-para-garantir-sua-vaga-no-jovem-aprendiz-do-ponto-frio\/#breadcrumb"},"inLanguage":"en-US","potentialAction":[{"@type":"ReadAction","target":["https:\/\/www.noticiasfire.com.br\/dicas-valiosas-para-garantir-sua-vaga-no-jovem-aprendiz-do-ponto-frio\/"]}]},{"@type":"ImageObject","inLanguage":"en-US","@id":"https:\/\/www.noticiasfire.com.br\/dicas-valiosas-para-garantir-sua-vaga-no-jovem-aprendiz-do-ponto-frio\/#primaryimage","url":"https:\/\/www.noticiasfire.com.br\/wp-content\/uploads\/2021\/09\/pexels-startup-stock-photos-7096-scaled-1-1024x683-1-2.webp","contentUrl":"https:\/\/www.noticiasfire.com.br\/wp-content\/uploads\/2021\/09\/pexels-startup-stock-photos-7096-scaled-1-1024x683-1-2.webp","width":1024,"height":683,"caption":"Jovem Aprendiz do Ponto Frio"},{"@type":"BreadcrumbList","@id":"https:\/\/www.noticiasfire.com.br\/dicas-valiosas-para-garantir-sua-vaga-no-jovem-aprendiz-do-ponto-frio\/#breadcrumb","itemListElement":[{"@type":"ListItem","position":1,"name":"In\u00edcio","item":"https:\/\/www.noticiasfire.com.br\/"},{"@type":"ListItem","position":2,"name":"Dicas valiosas para garantir sua vaga no Jovem Aprendiz do Ponto Frio"}]},{"@type":"WebSite","@id":"https:\/\/www.noticiasfire.com.br\/#website","url":"https:\/\/www.noticiasfire.com.br\/","name":"NewsFire","description":"","publisher":{"@id":"https:\/\/www.noticiasfire.com.br\/#organization"},"potentialAction":[{"@type":"SearchAction","target":{"@type":"EntryPoint","urlTemplate":"https:\/\/www.noticiasfire.com.br\/?s={search_term_string}"},"query-input":{"@type":"PropertyValueSpecification","valueRequired":true,"valueName":"search_term_string"}}],"inLanguage":"en-US"},{"@type":"Organization","@id":"https:\/\/www.noticiasfire.com.br\/#organization","name":"NewsFire","url":"https:\/\/www.noticiasfire.com.br\/","logo":{"@type":"ImageObject","inLanguage":"en-US","@id":"https:\/\/www.noticiasfire.com.br\/#\/schema\/logo\/image\/","url":"https:\/\/www.noticiasfire.com.br\/wp-content\/uploads\/2025\/08\/cropped-Captura_de_Tela_2025-08-13_as_20.34.29__1_-removebg-preview.png","contentUrl":"https:\/\/www.noticiasfire.com.br\/wp-content\/uploads\/2025\/08\/cropped-Captura_de_Tela_2025-08-13_as_20.34.29__1_-removebg-preview.png","width":748,"height":286,"caption":"NoticiasFire"},"image":{"@id":"https:\/\/www.noticiasfire.com.br\/#\/schema\/logo\/image\/"}},{"@type":"Person","@id":"https:\/\/www.noticiasfire.com.br\/#\/schema\/person\/6c064cf8d33f8b38900e936c385f48fd","name":"Ivan","image":{"@type":"ImageObject","inLanguage":"en-US","@id":"https:\/\/secure.gravatar.com\/avatar\/18077698a88c2ad528c924a301adab662f075719c95fb1dec6f0b51902ebf647?s=96&d=mm&r=g","url":"https:\/\/secure.gravatar.com\/avatar\/18077698a88c2ad528c924a301adab662f075719c95fb1dec6f0b51902ebf647?s=96&d=mm&r=g","contentUrl":"https:\/\/secure.gravatar.com\/avatar\/18077698a88c2ad528c924a301adab662f075719c95fb1dec6f0b51902ebf647?s=96&d=mm&r=g","caption":"Ivan"},"url":"https:\/\/www.noticiasfire.com.br\/en\/author\/ivan\/"}]}},"_links":{"self":[{"href":"https:\/\/www.noticiasfire.com.br\/en\/wp-json\/wp\/v2\/posts\/143","targetHints":{"allow":["GET"]}}],"collection":[{"href":"https:\/\/www.noticiasfire.com.br\/en\/wp-json\/wp\/v2\/posts"}],"about":[{"href":"https:\/\/www.noticiasfire.com.br\/en\/wp-json\/wp\/v2\/types\/post"}],"author":[{"embeddable":true,"href":"https:\/\/www.noticiasfire.com.br\/en\/wp-json\/wp\/v2\/users\/3"}],"replies":[{"embeddable":true,"href":"https:\/\/www.noticiasfire.com.br\/en\/wp-json\/wp\/v2\/comments?post=143"}],"version-history":[{"count":0,"href":"https:\/\/www.noticiasfire.com.br\/en\/wp-json\/wp\/v2\/posts\/143\/revisions"}],"wp:featuredmedia":[{"embeddable":true,"href":"https:\/\/www.noticiasfire.com.br\/en\/wp-json\/wp\/v2\/media\/30023"}],"wp:attachment":[{"href":"https:\/\/www.noticiasfire.com.br\/en\/wp-json\/wp\/v2\/media?parent=143"}],"wp:term":[{"taxonomy":"category","embeddable":true,"href":"https:\/\/www.noticiasfire.com.br\/en\/wp-json\/wp\/v2\/categories?post=143"},{"taxonomy":"post_tag","embeddable":true,"href":"https:\/\/www.noticiasfire.com.br\/en\/wp-json\/wp\/v2\/tags?post=143"}],"curies":[{"name":"wp","href":"https:\/\/api.w.org\/{rel}","templated":true}]}}