{"id":15207,"date":"2023-05-20T09:25:19","date_gmt":"2023-05-20T12:25:19","guid":{"rendered":"https:\/\/www.noticiasfire.com.br\/?p=15207"},"modified":"2023-05-20T09:25:19","modified_gmt":"2023-05-20T12:25:19","slug":"tarifa-social-de-energia-eletrica-solicitar","status":"publish","type":"post","link":"https:\/\/www.noticiasfire.com.br\/en\/tarifa-social-de-energia-eletrica-solicitar\/","title":{"rendered":"Social Electricity Tariff: Apply"},"content":{"rendered":"<div data-elementor-type=\"wp-post\" data-elementor-id=\"15207\" class=\"elementor elementor-15207\" data-elementor-post-type=\"post\">\n\t\t\t\t\t\t<section class=\"elementor-section elementor-top-section elementor-element elementor-element-b3271b2 elementor-section-boxed elementor-section-height-default elementor-section-height-default\" data-id=\"b3271b2\" data-element_type=\"section\" data-e-type=\"section\">\n\t\t\t\t\t\t<div class=\"elementor-container elementor-column-gap-default\">\n\t\t\t\t\t<div class=\"elementor-column elementor-col-100 elementor-top-column elementor-element elementor-element-9e96ddf\" data-id=\"9e96ddf\" data-element_type=\"column\" data-e-type=\"column\">\n\t\t\t<div class=\"elementor-widget-wrap elementor-element-populated\">\n\t\t\t\t\t\t<div class=\"elementor-element elementor-element-db43573 elementor-widget elementor-widget-text-editor\" data-id=\"db43573\" data-element_type=\"widget\" data-e-type=\"widget\" data-widget_type=\"text-editor.default\">\n\t\t\t\t\t\t\t\t\t<p>A Tarifa Social de Energia El\u00e9trica \u00e9 um benef\u00edcio oferecido pelo Governo Federal que tem como objetivo ajudar fam\u00edlias de baixa renda a terem acesso \u00e0 energia el\u00e9trica com pre\u00e7os mais acess\u00edveis.<\/p><p>Para ser eleg\u00edvel ao benef\u00edcio, \u00e9 preciso estar registrado no Cadastro \u00danico (Cad\u00danico) do governo e atender aos crit\u00e9rios de renda estabelecidos. Neste artigo, vamos explicar o processo de solicita\u00e7\u00e3o da Tarifa Social de Energia El\u00e9trica e os crit\u00e9rios necess\u00e1rios para ter acesso a esse benef\u00edcio.<\/p><h2>O que \u00e9 a Tarifa Social de Energia El\u00e9trica?<\/h2><p>A Tarifa Social de Energia El\u00e9trica \u00e9 uma pol\u00edtica p\u00fablica criada pelo Governo Federal que visa reduzir o valor da conta de luz para fam\u00edlias de baixa renda. Essa tarifa \u00e9 oferecida pela maioria das distribuidoras de energia el\u00e9trica do pa\u00eds e pode representar uma economia de at\u00e9 65% na conta de luz.<\/p>\t\t\t\t\t\t\t\t<\/div>\n\t\t\t\t\t<\/div>\n\t\t<\/div>\n\t\t\t\t\t<\/div>\n\t\t<\/section>\n\t\t\t\t<section class=\"elementor-section elementor-top-section elementor-element elementor-element-b696200 elementor-section-boxed elementor-section-height-default elementor-section-height-default\" data-id=\"b696200\" data-element_type=\"section\" data-e-type=\"section\">\n\t\t\t\t\t\t<div class=\"elementor-container elementor-column-gap-default\">\n\t\t\t\t\t<div class=\"elementor-column elementor-col-100 elementor-top-column elementor-element elementor-element-c719c98\" data-id=\"c719c98\" data-element_type=\"column\" data-e-type=\"column\">\n\t\t\t<div class=\"elementor-widget-wrap elementor-element-populated\">\n\t\t\t\t\t\t<div class=\"elementor-element elementor-element-c049fcf elementor-widget elementor-widget-image\" data-id=\"c049fcf\" data-element_type=\"widget\" data-e-type=\"widget\" data-widget_type=\"image.default\">\n\t\t\t\t\t\t\t\t\t\t\t\t<figure class=\"wp-caption\">\n\t\t\t\t\t\t\t\t\t\t<img fetchpriority=\"high\" decoding=\"async\" width=\"640\" height=\"359\" src=\"https:\/\/www.noticiasfire.com.br\/wp-content\/uploads\/2023\/03\/energy-efficiency-154006_640-1.png\" class=\"attachment-large size-large wp-image-15209\" alt=\"Tarifa Social de Energia El\u00e9trica: Solicitar\" srcset=\"https:\/\/www.noticiasfire.com.br\/wp-content\/uploads\/2023\/03\/energy-efficiency-154006_640-1.png 640w, https:\/\/www.noticiasfire.com.br\/wp-content\/uploads\/2023\/03\/energy-efficiency-154006_640-1-300x168.png 300w\" sizes=\"(max-width: 640px) 100vw, 640px\" \/>\t\t\t\t\t\t\t\t\t\t\t<figcaption class=\"widget-image-caption wp-caption-text\">Tarifa Social de Energia El\u00e9trica (imagem Google)<\/figcaption>\n\t\t\t\t\t\t\t\t\t\t<\/figure>\n\t\t\t\t\t\t\t\t\t<\/div>\n\t\t\t\t\t<\/div>\n\t\t<\/div>\n\t\t\t\t\t<\/div>\n\t\t<\/section>\n\t\t\t\t<section class=\"elementor-section elementor-top-section elementor-element elementor-element-cb9cb67 elementor-section-boxed elementor-section-height-default elementor-section-height-default\" data-id=\"cb9cb67\" data-element_type=\"section\" data-e-type=\"section\">\n\t\t\t\t\t\t<div class=\"elementor-container elementor-column-gap-default\">\n\t\t\t\t\t<div class=\"elementor-column elementor-col-100 elementor-top-column elementor-element elementor-element-e0596b0\" data-id=\"e0596b0\" data-element_type=\"column\" data-e-type=\"column\">\n\t\t\t<div class=\"elementor-widget-wrap elementor-element-populated\">\n\t\t\t\t\t\t<div class=\"elementor-element elementor-element-9b6f9f7 elementor-widget elementor-widget-text-editor\" data-id=\"9b6f9f7\" data-element_type=\"widget\" data-e-type=\"widget\" data-widget_type=\"text-editor.default\">\n\t\t\t\t\t\t\t\t\t<h2>Quem tem direito \u00e0 Tarifa Social de Energia El\u00e9trica?<\/h2><p>Para ter direito \u00e0 Tarifa Social de Energia El\u00e9trica, \u00e9 necess\u00e1rio estar inscrito no Cadastro \u00danico (Cad\u00danico) do governo e atender aos crit\u00e9rios de renda estabelecidos. Os crit\u00e9rios para ter acesso ao benef\u00edcio s\u00e3o:<\/p><p>Ter uma renda familiar de at\u00e9 meio sal\u00e1rio m\u00ednimo por pessoa;<\/p><p>Estar inscrito no Cad\u00danico;<\/p><p>Ser benefici\u00e1rio do programa Bolsa Fam\u00edlia;<\/p><p>Ter jovens na fam\u00edlia entre 16 e 21 anos de idade que estejam matriculados em escola p\u00fablica;<\/p><p>Receber o Benef\u00edcio de Presta\u00e7\u00e3o Continuada (BPC) da Assist\u00eancia Social;<\/p><p>Ser ind\u00edgena ou quilombola<strong><em>.<\/em><\/strong><\/p><h3>Como solicitar a Tarifa Social de Energia El\u00e9trica?<\/h3><p>Para solicitar a Tarifa Social de Energia El\u00e9trica, o respons\u00e1vel pela unidade consumidora deve comparecer \u00e0 ag\u00eancia de atendimento da distribuidora de energia el\u00e9trica de sua regi\u00e3o e apresentar os seguintes documentos:<\/p><p>N\u00famero de Identifica\u00e7\u00e3o Social (NIS), que pode ser obtido no CRAS ou na prefeitura do munic\u00edpio;<\/p><p>Documento de identifica\u00e7\u00e3o pessoal, como RG ou CPF;<\/p><p>Conta de luz atualizada<b><i>.<\/i><\/b><\/p><p>\u00c9 importante lembrar que a Tarifa Social de Energia El\u00e9trica s\u00f3 ser\u00e1 concedida se o respons\u00e1vel pela unidade consumidora estiver com todas as contas de luz em dia. Caso haja d\u00e9bitos em aberto, \u00e9 necess\u00e1rio quitar as d\u00edvidas antes de solicitar o benef\u00edcio.<\/p><h3>Quais s\u00e3o os descontos oferecidos pela Tarifa Social de Energia El\u00e9trica?<\/h3><p>Os descontos oferecidos pela Tarifa Social de Energia El\u00e9trica variam de acordo com o consumo de cada fam\u00edlia. As fam\u00edlias que consomem at\u00e9 30 kWh\/m\u00eas t\u00eam direito a um desconto de 65% na conta de luz. J\u00e1 as fam\u00edlias que consomem entre 31 kWh\/m\u00eas e 100 kWh\/m\u00eas t\u00eam direito a um desconto de 40%. Por fim, as fam\u00edlias que consomem entre 101 kWh\/m\u00eas e 220 kWh\/m\u00eas t\u00eam direito a um desconto de 10%. \u00c9 importante ressaltar que as fam\u00edlias que consomem mais de 220 kWh\/m\u00eas n\u00e3o t\u00eam direito \u00e0 Tarifa Social de Energia El\u00e9trica.<\/p><p>Al\u00e9m disso, as fam\u00edlias que se enquadram nos crit\u00e9rios de renda estabelecidos pelo governo federal tamb\u00e9m podem solicitar a isen\u00e7\u00e3o do pagamento da taxa de ilumina\u00e7\u00e3o p\u00fablica, que \u00e9 cobrada junto com a conta de luz.<\/p><h3>Como funciona a renova\u00e7\u00e3o da Tarifa Social de Energia El\u00e9trica?<\/h3><p>A Tarifa Social de Energia El\u00e9trica tem validade de 12 meses e pode ser renovada automaticamente caso a fam\u00edlia continue atendendo aos crit\u00e9rios de renda estabelecidos. No entanto, \u00e9 importante ficar atento aos prazos de renova\u00e7\u00e3o, que podem variar de acordo com a distribuidora de energia el\u00e9trica de cada regi\u00e3o.<\/p><p>Caso a fam\u00edlia deixe de atender aos crit\u00e9rios de renda estabelecidos, a Tarifa Social de Energia El\u00e9trica ser\u00e1 automaticamente cancelada e a conta de luz voltar\u00e1 a ser cobrada com base nas tarifas convencionais.<\/p>\t\t\t\t\t\t\t\t<\/div>\n\t\t\t\t<div class=\"elementor-element elementor-element-7cd3cf1 elementor-widget-divider--view-line elementor-widget elementor-widget-divider\" data-id=\"7cd3cf1\" data-element_type=\"widget\" data-e-type=\"widget\" data-widget_type=\"divider.default\">\n\t\t\t\t\t\t\t<div class=\"elementor-divider\">\n\t\t\t<span class=\"elementor-divider-separator\">\n\t\t\t\t\t\t<\/span>\n\t\t<\/div>\n\t\t\t\t\t\t<\/div>\n\t\t\t\t\t<\/div>\n\t\t<\/div>\n\t\t\t\t\t<\/div>\n\t\t<\/section>\n\t\t\t\t<section class=\"elementor-section elementor-top-section elementor-element elementor-element-e2c3ae8 elementor-section-boxed elementor-section-height-default elementor-section-height-default\" data-id=\"e2c3ae8\" data-element_type=\"section\" data-e-type=\"section\">\n\t\t\t\t\t\t<div class=\"elementor-container elementor-column-gap-default\">\n\t\t\t\t\t<div class=\"elementor-column elementor-col-33 elementor-top-column elementor-element elementor-element-e04a34b\" data-id=\"e04a34b\" data-element_type=\"column\" data-e-type=\"column\">\n\t\t\t<div class=\"elementor-widget-wrap elementor-element-populated\">\n\t\t\t\t\t\t<div class=\"elementor-element elementor-element-cb39806 elementor-widget elementor-widget-image\" data-id=\"cb39806\" data-element_type=\"widget\" data-e-type=\"widget\" data-widget_type=\"image.default\">\n\t\t\t\t\t\t\t\t\t\t\t\t\t\t\t<img decoding=\"async\" width=\"639\" height=\"360\" src=\"https:\/\/www.noticiasfire.com.br\/wp-content\/uploads\/2023\/02\/pexels-kindel-media-7578939-1.jpg\" class=\"attachment-large size-large wp-image-14250\" alt=\"Programa de Aluguel Social (imagem Google)\" srcset=\"https:\/\/www.noticiasfire.com.br\/wp-content\/uploads\/2023\/02\/pexels-kindel-media-7578939-1.jpg 639w, https:\/\/www.noticiasfire.com.br\/wp-content\/uploads\/2023\/02\/pexels-kindel-media-7578939-1-300x169.jpg 300w\" sizes=\"(max-width: 639px) 100vw, 639px\" \/>\t\t\t\t\t\t\t\t\t\t\t\t\t\t\t<\/div>\n\t\t\t\t\t<\/div>\n\t\t<\/div>\n\t\t\t\t<div class=\"elementor-column elementor-col-66 elementor-top-column elementor-element elementor-element-105d3b7\" data-id=\"105d3b7\" data-element_type=\"column\" data-e-type=\"column\">\n\t\t\t<div class=\"elementor-widget-wrap elementor-element-populated\">\n\t\t\t\t\t\t<div class=\"elementor-element elementor-element-6cbcc72 elementor-widget elementor-widget-heading\" data-id=\"6cbcc72\" data-element_type=\"widget\" data-e-type=\"widget\" data-widget_type=\"heading.default\">\n\t\t\t\t\t<h2 class=\"elementor-heading-title elementor-size-default\">Programa Aluguel Social do Governo Federal.<\/h2>\t\t\t\t<\/div>\n\t\t\t\t<div class=\"elementor-element elementor-element-c6ce181 elementor-widget elementor-widget-text-editor\" data-id=\"c6ce181\" data-element_type=\"widget\" data-e-type=\"widget\" data-widget_type=\"text-editor.default\">\n\t\t\t\t\t\t\t\t\t<p>O\u00a0<strong>Social Rent<\/strong> \u00e9 um programa desenvolvido pelo Governo Federal para ajudar financeiramente fam\u00edlias com dificuldades financeiras.<\/p>\t\t\t\t\t\t\t\t<\/div>\n\t\t\t\t<div class=\"elementor-element elementor-element-52cc18f elementor-align-justify elementor-widget elementor-widget-button\" data-id=\"52cc18f\" data-element_type=\"widget\" data-e-type=\"widget\" data-widget_type=\"button.default\">\n\t\t\t\t\t\t\t\t\t\t<a class=\"elementor-button elementor-button-link elementor-size-sm\" href=\"https:\/\/www.noticiasfire.com.br\/en\/informacoes-sobre-o-programa-de-aluguel-social-do-governo-federal\/\">\n\t\t\t\t\t\t<span class=\"elementor-button-content-wrapper\">\n\t\t\t\t\t\t\t\t\t<span class=\"elementor-button-text\">CONHE\u00c7A O PROGRAMA<\/span>\n\t\t\t\t\t<\/span>\n\t\t\t\t\t<\/a>\n\t\t\t\t\t\t\t\t<\/div>\n\t\t\t\t\t<\/div>\n\t\t<\/div>\n\t\t\t\t\t<\/div>\n\t\t<\/section>\n\t\t\t\t<section class=\"elementor-section elementor-top-section elementor-element elementor-element-295c49e elementor-section-boxed elementor-section-height-default elementor-section-height-default\" data-id=\"295c49e\" data-element_type=\"section\" data-e-type=\"section\">\n\t\t\t\t\t\t<div class=\"elementor-container elementor-column-gap-default\">\n\t\t\t\t\t<div class=\"elementor-column elementor-col-100 elementor-top-column elementor-element elementor-element-8e15051\" data-id=\"8e15051\" data-element_type=\"column\" data-e-type=\"column\">\n\t\t\t<div class=\"elementor-widget-wrap elementor-element-populated\">\n\t\t\t\t\t\t<div class=\"elementor-element elementor-element-115d3c6 elementor-widget-divider--view-line elementor-widget elementor-widget-divider\" data-id=\"115d3c6\" data-element_type=\"widget\" data-e-type=\"widget\" data-widget_type=\"divider.default\">\n\t\t\t\t\t\t\t<div class=\"elementor-divider\">\n\t\t\t<span class=\"elementor-divider-separator\">\n\t\t\t\t\t\t<\/span>\n\t\t<\/div>\n\t\t\t\t\t\t<\/div>\n\t\t\t\t<div class=\"elementor-element elementor-element-1c2f3e9 elementor-widget elementor-widget-text-editor\" data-id=\"1c2f3e9\" data-element_type=\"widget\" data-e-type=\"widget\" data-widget_type=\"text-editor.default\">\n\t\t\t\t\t\t\t\t\t<h3>Conclusion<\/h3><p>A Tarifa Social de Energia El\u00e9trica \u00e9 um importante benef\u00edcio oferecido pelo Governo Federal para ajudar fam\u00edlias de baixa renda a terem acesso \u00e0 energia el\u00e9trica com pre\u00e7os mais acess\u00edveis. Para solicitar o benef\u00edcio, \u00e9 necess\u00e1rio estar inscrito no Cadastro \u00danico (Cad\u00danico) do governo e atender aos crit\u00e9rios de renda estabelecidos. Al\u00e9m disso, \u00e9 importante ficar atento aos prazos de renova\u00e7\u00e3o da Tarifa Social de Energia El\u00e9trica para continuar usufruindo desse benef\u00edcio.<\/p><p>N\u00e3o deixe de conferir outras not\u00edcias relacionadas a benef\u00edcios sociais e programas governamentais aqui em nosso site. Temos uma s\u00e9rie de artigos e informa\u00e7\u00f5es relevantes para voc\u00ea ficar por dentro das iniciativas que podem ajudar a melhorar a qualidade de vida das fam\u00edlias brasileiras. Acesse nosso <a href=\"https:\/\/www.noticiasfire.com.br\/en\/\">website<\/a> agora mesmo e fique informado!<\/p>\t\t\t\t\t\t\t\t<\/div>\n\t\t\t\t\t<\/div>\n\t\t<\/div>\n\t\t\t\t\t<\/div>\n\t\t<\/section>\n\t\t\t\t<\/div>","protected":false},"excerpt":{"rendered":"<p>A Tarifa Social de Energia El\u00e9trica \u00e9 um benef\u00edcio oferecido pelo Governo Federal que tem como objetivo ajudar fam\u00edlias de baixa renda a terem acesso \u00e0 energia el\u00e9trica com pre\u00e7os mais acess\u00edveis. Para ser eleg\u00edvel ao benef\u00edcio, \u00e9 preciso estar registrado no Cadastro \u00danico (Cad\u00danico) do governo e atender aos crit\u00e9rios de renda estabelecidos. Neste &#8230; <a title=\"Social Electricity Tariff: Apply\" class=\"read-more\" href=\"https:\/\/www.noticiasfire.com.br\/en\/tarifa-social-de-energia-eletrica-solicitar\/\" aria-label=\"Read more about Tarifa Social de Energia El\u00e9trica: Solicitar\">Read more<\/a><\/p>","protected":false},"author":3,"featured_media":15209,"comment_status":"open","ping_status":"open","sticky":false,"template":"","format":"standard","meta":{"footnotes":""},"categories":[44],"tags":[],"class_list":["post-15207","post","type-post","status-publish","format-standard","has-post-thumbnail","hentry","category-noticias"],"yoast_head":"<!-- This site is optimized with the Yoast SEO plugin v27.4 - https:\/\/yoast.com\/product\/yoast-seo-wordpress\/ -->\n<title>Tarifa Social de Energia El\u00e9trica: Solicitar -<\/title>\n<meta name=\"description\" content=\"A Tarifa Social de Energia El\u00e9trica \u00e9 um benef\u00edcio oferecido pelo Governo Federal que tem como objetivo ajudar fam\u00edlias de baixa renda.\" \/>\n<meta name=\"robots\" content=\"index, follow, max-snippet:-1, max-image-preview:large, max-video-preview:-1\" \/>\n<link rel=\"canonical\" href=\"https:\/\/www.noticiasfire.com.br\/en\/tarifa-social-de-energia-eletrica-solicitar\/\" \/>\n<meta property=\"og:locale\" content=\"en_US\" \/>\n<meta property=\"og:type\" content=\"article\" \/>\n<meta property=\"og:title\" content=\"Tarifa Social de Energia El\u00e9trica: Solicitar -\" \/>\n<meta property=\"og:description\" content=\"A Tarifa Social de Energia El\u00e9trica \u00e9 um benef\u00edcio oferecido pelo Governo Federal que tem como objetivo ajudar fam\u00edlias de baixa renda.\" \/>\n<meta property=\"og:url\" content=\"https:\/\/www.noticiasfire.com.br\/en\/tarifa-social-de-energia-eletrica-solicitar\/\" \/>\n<meta property=\"article:published_time\" content=\"2023-05-20T12:25:19+00:00\" \/>\n<meta property=\"og:image\" content=\"https:\/\/www.noticiasfire.com.br\/wp-content\/uploads\/2023\/03\/energy-efficiency-154006_640-1.png\" \/>\n\t<meta property=\"og:image:width\" content=\"640\" \/>\n\t<meta property=\"og:image:height\" content=\"359\" \/>\n\t<meta property=\"og:image:type\" content=\"image\/png\" \/>\n<meta name=\"author\" content=\"Ivan\" \/>\n<meta name=\"twitter:card\" content=\"summary_large_image\" \/>\n<meta name=\"twitter:label1\" content=\"Written by\" \/>\n\t<meta name=\"twitter:data1\" content=\"Ivan\" \/>\n\t<meta name=\"twitter:label2\" content=\"Est. reading time\" \/>\n\t<meta name=\"twitter:data2\" content=\"5 minutes\" \/>\n<script type=\"application\/ld+json\" class=\"yoast-schema-graph\">{\"@context\":\"https:\\\/\\\/schema.org\",\"@graph\":[{\"@type\":\"Article\",\"@id\":\"https:\\\/\\\/www.noticiasfire.com.br\\\/tarifa-social-de-energia-eletrica-solicitar\\\/#article\",\"isPartOf\":{\"@id\":\"https:\\\/\\\/www.noticiasfire.com.br\\\/tarifa-social-de-energia-eletrica-solicitar\\\/\"},\"author\":{\"name\":\"Ivan\",\"@id\":\"https:\\\/\\\/www.noticiasfire.com.br\\\/#\\\/schema\\\/person\\\/6c064cf8d33f8b38900e936c385f48fd\"},\"headline\":\"Tarifa Social de Energia El\u00e9trica: Solicitar\",\"datePublished\":\"2023-05-20T12:25:19+00:00\",\"mainEntityOfPage\":{\"@id\":\"https:\\\/\\\/www.noticiasfire.com.br\\\/tarifa-social-de-energia-eletrica-solicitar\\\/\"},\"wordCount\":837,\"commentCount\":0,\"publisher\":{\"@id\":\"https:\\\/\\\/www.noticiasfire.com.br\\\/#organization\"},\"image\":{\"@id\":\"https:\\\/\\\/www.noticiasfire.com.br\\\/tarifa-social-de-energia-eletrica-solicitar\\\/#primaryimage\"},\"thumbnailUrl\":\"https:\\\/\\\/www.noticiasfire.com.br\\\/wp-content\\\/uploads\\\/2023\\\/03\\\/energy-efficiency-154006_640-1.png\",\"articleSection\":[\"NOT\u00cdCIAS\"],\"inLanguage\":\"en-US\",\"potentialAction\":[{\"@type\":\"CommentAction\",\"name\":\"Comment\",\"target\":[\"https:\\\/\\\/www.noticiasfire.com.br\\\/tarifa-social-de-energia-eletrica-solicitar\\\/#respond\"]}]},{\"@type\":\"WebPage\",\"@id\":\"https:\\\/\\\/www.noticiasfire.com.br\\\/tarifa-social-de-energia-eletrica-solicitar\\\/\",\"url\":\"https:\\\/\\\/www.noticiasfire.com.br\\\/tarifa-social-de-energia-eletrica-solicitar\\\/\",\"name\":\"Tarifa Social de Energia El\u00e9trica: Solicitar -\",\"isPartOf\":{\"@id\":\"https:\\\/\\\/www.noticiasfire.com.br\\\/#website\"},\"primaryImageOfPage\":{\"@id\":\"https:\\\/\\\/www.noticiasfire.com.br\\\/tarifa-social-de-energia-eletrica-solicitar\\\/#primaryimage\"},\"image\":{\"@id\":\"https:\\\/\\\/www.noticiasfire.com.br\\\/tarifa-social-de-energia-eletrica-solicitar\\\/#primaryimage\"},\"thumbnailUrl\":\"https:\\\/\\\/www.noticiasfire.com.br\\\/wp-content\\\/uploads\\\/2023\\\/03\\\/energy-efficiency-154006_640-1.png\",\"datePublished\":\"2023-05-20T12:25:19+00:00\",\"description\":\"A Tarifa Social de Energia El\u00e9trica \u00e9 um benef\u00edcio oferecido pelo Governo Federal que tem como objetivo ajudar fam\u00edlias de baixa renda.\",\"breadcrumb\":{\"@id\":\"https:\\\/\\\/www.noticiasfire.com.br\\\/tarifa-social-de-energia-eletrica-solicitar\\\/#breadcrumb\"},\"inLanguage\":\"en-US\",\"potentialAction\":[{\"@type\":\"ReadAction\",\"target\":[\"https:\\\/\\\/www.noticiasfire.com.br\\\/tarifa-social-de-energia-eletrica-solicitar\\\/\"]}]},{\"@type\":\"ImageObject\",\"inLanguage\":\"en-US\",\"@id\":\"https:\\\/\\\/www.noticiasfire.com.br\\\/tarifa-social-de-energia-eletrica-solicitar\\\/#primaryimage\",\"url\":\"https:\\\/\\\/www.noticiasfire.com.br\\\/wp-content\\\/uploads\\\/2023\\\/03\\\/energy-efficiency-154006_640-1.png\",\"contentUrl\":\"https:\\\/\\\/www.noticiasfire.com.br\\\/wp-content\\\/uploads\\\/2023\\\/03\\\/energy-efficiency-154006_640-1.png\",\"width\":640,\"height\":359,\"caption\":\"Tarifa Social de Energia El\u00e9trica (imagem Google)\"},{\"@type\":\"BreadcrumbList\",\"@id\":\"https:\\\/\\\/www.noticiasfire.com.br\\\/tarifa-social-de-energia-eletrica-solicitar\\\/#breadcrumb\",\"itemListElement\":[{\"@type\":\"ListItem\",\"position\":1,\"name\":\"In\u00edcio\",\"item\":\"https:\\\/\\\/www.noticiasfire.com.br\\\/\"},{\"@type\":\"ListItem\",\"position\":2,\"name\":\"Tarifa Social de Energia El\u00e9trica: Solicitar\"}]},{\"@type\":\"WebSite\",\"@id\":\"https:\\\/\\\/www.noticiasfire.com.br\\\/#website\",\"url\":\"https:\\\/\\\/www.noticiasfire.com.br\\\/\",\"name\":\"NoticiasFire\",\"description\":\"\",\"publisher\":{\"@id\":\"https:\\\/\\\/www.noticiasfire.com.br\\\/#organization\"},\"potentialAction\":[{\"@type\":\"SearchAction\",\"target\":{\"@type\":\"EntryPoint\",\"urlTemplate\":\"https:\\\/\\\/www.noticiasfire.com.br\\\/?s={search_term_string}\"},\"query-input\":{\"@type\":\"PropertyValueSpecification\",\"valueRequired\":true,\"valueName\":\"search_term_string\"}}],\"inLanguage\":\"en-US\"},{\"@type\":\"Organization\",\"@id\":\"https:\\\/\\\/www.noticiasfire.com.br\\\/#organization\",\"name\":\"NoticiasFire\",\"url\":\"https:\\\/\\\/www.noticiasfire.com.br\\\/\",\"logo\":{\"@type\":\"ImageObject\",\"inLanguage\":\"en-US\",\"@id\":\"https:\\\/\\\/www.noticiasfire.com.br\\\/#\\\/schema\\\/logo\\\/image\\\/\",\"url\":\"https:\\\/\\\/www.noticiasfire.com.br\\\/wp-content\\\/uploads\\\/2025\\\/08\\\/cropped-Captura_de_Tela_2025-08-13_as_20.34.29__1_-removebg-preview.png\",\"contentUrl\":\"https:\\\/\\\/www.noticiasfire.com.br\\\/wp-content\\\/uploads\\\/2025\\\/08\\\/cropped-Captura_de_Tela_2025-08-13_as_20.34.29__1_-removebg-preview.png\",\"width\":748,\"height\":286,\"caption\":\"NoticiasFire\"},\"image\":{\"@id\":\"https:\\\/\\\/www.noticiasfire.com.br\\\/#\\\/schema\\\/logo\\\/image\\\/\"}},{\"@type\":\"Person\",\"@id\":\"https:\\\/\\\/www.noticiasfire.com.br\\\/#\\\/schema\\\/person\\\/6c064cf8d33f8b38900e936c385f48fd\",\"name\":\"Ivan\",\"image\":{\"@type\":\"ImageObject\",\"inLanguage\":\"en-US\",\"@id\":\"https:\\\/\\\/secure.gravatar.com\\\/avatar\\\/18077698a88c2ad528c924a301adab662f075719c95fb1dec6f0b51902ebf647?s=96&d=mm&r=g\",\"url\":\"https:\\\/\\\/secure.gravatar.com\\\/avatar\\\/18077698a88c2ad528c924a301adab662f075719c95fb1dec6f0b51902ebf647?s=96&d=mm&r=g\",\"contentUrl\":\"https:\\\/\\\/secure.gravatar.com\\\/avatar\\\/18077698a88c2ad528c924a301adab662f075719c95fb1dec6f0b51902ebf647?s=96&d=mm&r=g\",\"caption\":\"Ivan\"},\"url\":\"https:\\\/\\\/www.noticiasfire.com.br\\\/en\\\/author\\\/ivan\\\/\"}]}<\/script>\n<!-- \/ Yoast SEO plugin. -->","yoast_head_json":{"title":"Tarifa Social de Energia El\u00e9trica: Solicitar -","description":"A Tarifa Social de Energia El\u00e9trica \u00e9 um benef\u00edcio oferecido pelo Governo Federal que tem como objetivo ajudar fam\u00edlias de baixa renda.","robots":{"index":"index","follow":"follow","max-snippet":"max-snippet:-1","max-image-preview":"max-image-preview:large","max-video-preview":"max-video-preview:-1"},"canonical":"https:\/\/www.noticiasfire.com.br\/en\/tarifa-social-de-energia-eletrica-solicitar\/","og_locale":"en_US","og_type":"article","og_title":"Tarifa Social de Energia El\u00e9trica: Solicitar -","og_description":"A Tarifa Social de Energia El\u00e9trica \u00e9 um benef\u00edcio oferecido pelo Governo Federal que tem como objetivo ajudar fam\u00edlias de baixa renda.","og_url":"https:\/\/www.noticiasfire.com.br\/en\/tarifa-social-de-energia-eletrica-solicitar\/","article_published_time":"2023-05-20T12:25:19+00:00","og_image":[{"width":640,"height":359,"url":"https:\/\/www.noticiasfire.com.br\/wp-content\/uploads\/2023\/03\/energy-efficiency-154006_640-1.png","type":"image\/png"}],"author":"Ivan","twitter_card":"summary_large_image","twitter_misc":{"Written by":"Ivan","Est. reading time":"5 minutes"},"schema":{"@context":"https:\/\/schema.org","@graph":[{"@type":"Article","@id":"https:\/\/www.noticiasfire.com.br\/tarifa-social-de-energia-eletrica-solicitar\/#article","isPartOf":{"@id":"https:\/\/www.noticiasfire.com.br\/tarifa-social-de-energia-eletrica-solicitar\/"},"author":{"name":"Ivan","@id":"https:\/\/www.noticiasfire.com.br\/#\/schema\/person\/6c064cf8d33f8b38900e936c385f48fd"},"headline":"Tarifa Social de Energia El\u00e9trica: Solicitar","datePublished":"2023-05-20T12:25:19+00:00","mainEntityOfPage":{"@id":"https:\/\/www.noticiasfire.com.br\/tarifa-social-de-energia-eletrica-solicitar\/"},"wordCount":837,"commentCount":0,"publisher":{"@id":"https:\/\/www.noticiasfire.com.br\/#organization"},"image":{"@id":"https:\/\/www.noticiasfire.com.br\/tarifa-social-de-energia-eletrica-solicitar\/#primaryimage"},"thumbnailUrl":"https:\/\/www.noticiasfire.com.br\/wp-content\/uploads\/2023\/03\/energy-efficiency-154006_640-1.png","articleSection":["NOT\u00cdCIAS"],"inLanguage":"en-US","potentialAction":[{"@type":"CommentAction","name":"Comment","target":["https:\/\/www.noticiasfire.com.br\/tarifa-social-de-energia-eletrica-solicitar\/#respond"]}]},{"@type":"WebPage","@id":"https:\/\/www.noticiasfire.com.br\/tarifa-social-de-energia-eletrica-solicitar\/","url":"https:\/\/www.noticiasfire.com.br\/tarifa-social-de-energia-eletrica-solicitar\/","name":"Tarifa Social de Energia El\u00e9trica: Solicitar -","isPartOf":{"@id":"https:\/\/www.noticiasfire.com.br\/#website"},"primaryImageOfPage":{"@id":"https:\/\/www.noticiasfire.com.br\/tarifa-social-de-energia-eletrica-solicitar\/#primaryimage"},"image":{"@id":"https:\/\/www.noticiasfire.com.br\/tarifa-social-de-energia-eletrica-solicitar\/#primaryimage"},"thumbnailUrl":"https:\/\/www.noticiasfire.com.br\/wp-content\/uploads\/2023\/03\/energy-efficiency-154006_640-1.png","datePublished":"2023-05-20T12:25:19+00:00","description":"A Tarifa Social de Energia El\u00e9trica \u00e9 um benef\u00edcio oferecido pelo Governo Federal que tem como objetivo ajudar fam\u00edlias de baixa renda.","breadcrumb":{"@id":"https:\/\/www.noticiasfire.com.br\/tarifa-social-de-energia-eletrica-solicitar\/#breadcrumb"},"inLanguage":"en-US","potentialAction":[{"@type":"ReadAction","target":["https:\/\/www.noticiasfire.com.br\/tarifa-social-de-energia-eletrica-solicitar\/"]}]},{"@type":"ImageObject","inLanguage":"en-US","@id":"https:\/\/www.noticiasfire.com.br\/tarifa-social-de-energia-eletrica-solicitar\/#primaryimage","url":"https:\/\/www.noticiasfire.com.br\/wp-content\/uploads\/2023\/03\/energy-efficiency-154006_640-1.png","contentUrl":"https:\/\/www.noticiasfire.com.br\/wp-content\/uploads\/2023\/03\/energy-efficiency-154006_640-1.png","width":640,"height":359,"caption":"Tarifa Social de Energia El\u00e9trica (imagem Google)"},{"@type":"BreadcrumbList","@id":"https:\/\/www.noticiasfire.com.br\/tarifa-social-de-energia-eletrica-solicitar\/#breadcrumb","itemListElement":[{"@type":"ListItem","position":1,"name":"In\u00edcio","item":"https:\/\/www.noticiasfire.com.br\/"},{"@type":"ListItem","position":2,"name":"Tarifa Social de Energia El\u00e9trica: Solicitar"}]},{"@type":"WebSite","@id":"https:\/\/www.noticiasfire.com.br\/#website","url":"https:\/\/www.noticiasfire.com.br\/","name":"NewsFire","description":"","publisher":{"@id":"https:\/\/www.noticiasfire.com.br\/#organization"},"potentialAction":[{"@type":"SearchAction","target":{"@type":"EntryPoint","urlTemplate":"https:\/\/www.noticiasfire.com.br\/?s={search_term_string}"},"query-input":{"@type":"PropertyValueSpecification","valueRequired":true,"valueName":"search_term_string"}}],"inLanguage":"en-US"},{"@type":"Organization","@id":"https:\/\/www.noticiasfire.com.br\/#organization","name":"NewsFire","url":"https:\/\/www.noticiasfire.com.br\/","logo":{"@type":"ImageObject","inLanguage":"en-US","@id":"https:\/\/www.noticiasfire.com.br\/#\/schema\/logo\/image\/","url":"https:\/\/www.noticiasfire.com.br\/wp-content\/uploads\/2025\/08\/cropped-Captura_de_Tela_2025-08-13_as_20.34.29__1_-removebg-preview.png","contentUrl":"https:\/\/www.noticiasfire.com.br\/wp-content\/uploads\/2025\/08\/cropped-Captura_de_Tela_2025-08-13_as_20.34.29__1_-removebg-preview.png","width":748,"height":286,"caption":"NoticiasFire"},"image":{"@id":"https:\/\/www.noticiasfire.com.br\/#\/schema\/logo\/image\/"}},{"@type":"Person","@id":"https:\/\/www.noticiasfire.com.br\/#\/schema\/person\/6c064cf8d33f8b38900e936c385f48fd","name":"Ivan","image":{"@type":"ImageObject","inLanguage":"en-US","@id":"https:\/\/secure.gravatar.com\/avatar\/18077698a88c2ad528c924a301adab662f075719c95fb1dec6f0b51902ebf647?s=96&d=mm&r=g","url":"https:\/\/secure.gravatar.com\/avatar\/18077698a88c2ad528c924a301adab662f075719c95fb1dec6f0b51902ebf647?s=96&d=mm&r=g","contentUrl":"https:\/\/secure.gravatar.com\/avatar\/18077698a88c2ad528c924a301adab662f075719c95fb1dec6f0b51902ebf647?s=96&d=mm&r=g","caption":"Ivan"},"url":"https:\/\/www.noticiasfire.com.br\/en\/author\/ivan\/"}]}},"_links":{"self":[{"href":"https:\/\/www.noticiasfire.com.br\/en\/wp-json\/wp\/v2\/posts\/15207","targetHints":{"allow":["GET"]}}],"collection":[{"href":"https:\/\/www.noticiasfire.com.br\/en\/wp-json\/wp\/v2\/posts"}],"about":[{"href":"https:\/\/www.noticiasfire.com.br\/en\/wp-json\/wp\/v2\/types\/post"}],"author":[{"embeddable":true,"href":"https:\/\/www.noticiasfire.com.br\/en\/wp-json\/wp\/v2\/users\/3"}],"replies":[{"embeddable":true,"href":"https:\/\/www.noticiasfire.com.br\/en\/wp-json\/wp\/v2\/comments?post=15207"}],"version-history":[{"count":0,"href":"https:\/\/www.noticiasfire.com.br\/en\/wp-json\/wp\/v2\/posts\/15207\/revisions"}],"wp:featuredmedia":[{"embeddable":true,"href":"https:\/\/www.noticiasfire.com.br\/en\/wp-json\/wp\/v2\/media\/15209"}],"wp:attachment":[{"href":"https:\/\/www.noticiasfire.com.br\/en\/wp-json\/wp\/v2\/media?parent=15207"}],"wp:term":[{"taxonomy":"category","embeddable":true,"href":"https:\/\/www.noticiasfire.com.br\/en\/wp-json\/wp\/v2\/categories?post=15207"},{"taxonomy":"post_tag","embeddable":true,"href":"https:\/\/www.noticiasfire.com.br\/en\/wp-json\/wp\/v2\/tags?post=15207"}],"curies":[{"name":"wp","href":"https:\/\/api.w.org\/{rel}","templated":true}]}}