{"id":15243,"date":"2023-03-06T10:29:33","date_gmt":"2023-03-06T13:29:33","guid":{"rendered":"https:\/\/www.noticiasfire.com.br\/?p=15243"},"modified":"2023-03-06T10:29:33","modified_gmt":"2023-03-06T13:29:33","slug":"o-que-esperar-do-programa-minha-casa-minha-vida-2023","status":"publish","type":"post","link":"https:\/\/www.noticiasfire.com.br\/en\/o-que-esperar-do-programa-minha-casa-minha-vida-2023\/","title":{"rendered":"O que esperar do Programa Minha Casa Minha Vida 2024?"},"content":{"rendered":"<div data-elementor-type=\"wp-post\" data-elementor-id=\"15243\" class=\"elementor elementor-15243\" data-elementor-post-type=\"post\">\n\t\t\t\t\t\t<section class=\"elementor-section elementor-top-section elementor-element elementor-element-b3271b2 elementor-section-boxed elementor-section-height-default elementor-section-height-default\" data-id=\"b3271b2\" data-element_type=\"section\" data-e-type=\"section\">\n\t\t\t\t\t\t<div class=\"elementor-container elementor-column-gap-default\">\n\t\t\t\t\t<div class=\"elementor-column elementor-col-100 elementor-top-column elementor-element elementor-element-9e96ddf\" data-id=\"9e96ddf\" data-element_type=\"column\" data-e-type=\"column\">\n\t\t\t<div class=\"elementor-widget-wrap elementor-element-populated\">\n\t\t\t\t\t\t<div class=\"elementor-element elementor-element-db43573 elementor-widget elementor-widget-text-editor\" data-id=\"db43573\" data-element_type=\"widget\" data-e-type=\"widget\" data-widget_type=\"text-editor.default\">\n\t\t\t\t\t\t\t\t\t<p>O<b> My House My Life Program<\/b>, criado em 2009, \u00e9 respons\u00e1vel por conceder subs\u00eddios para a aquisi\u00e7\u00e3o da casa pr\u00f3pria \u00e0s fam\u00edlias brasileiras de baixa renda. Em 2024, o programa continuar\u00e1 em vigor, auxiliando milhares de fam\u00edlias a realizarem o <b>dream of home ownership.<\/b><\/p>\n<h2><strong>Novas regras para o programa<\/strong><\/h2>\n<p>O <b>My House My Life Program<\/b> passar\u00e1 por algumas mudan\u00e7as em 2024. Uma das principais altera\u00e7\u00f5es \u00e9 o aumento do valor dos im\u00f3veis financiados. O limite ser\u00e1 de R$ 500 mil para as regi\u00f5es metropolitanas e de R$ 400 mil para as demais cidades.<\/p>\n<h2><strong>Mais oportunidades para a popula\u00e7\u00e3o<\/strong><\/h2>\n<p>Al\u00e9m disso, o programa ser\u00e1 expandido para contemplar outros grupos populacionais, como trabalhadores informais e agricultores familiares. Com isso, o <b>My House My Life<\/b> busca oferecer mais oportunidades para que todas as pessoas possam realizar o sonho da casa pr\u00f3pria.<\/p>\t\t\t\t\t\t\t\t<\/div>\n\t\t\t\t\t<\/div>\n\t\t<\/div>\n\t\t\t\t\t<\/div>\n\t\t<\/section>\n\t\t\t\t<section class=\"elementor-section elementor-top-section elementor-element elementor-element-b696200 elementor-section-boxed elementor-section-height-default elementor-section-height-default\" data-id=\"b696200\" data-element_type=\"section\" data-e-type=\"section\">\n\t\t\t\t\t\t<div class=\"elementor-container elementor-column-gap-default\">\n\t\t\t\t\t<div class=\"elementor-column elementor-col-100 elementor-top-column elementor-element elementor-element-c719c98\" data-id=\"c719c98\" data-element_type=\"column\" data-e-type=\"column\">\n\t\t\t<div class=\"elementor-widget-wrap elementor-element-populated\">\n\t\t\t\t\t\t<div class=\"elementor-element elementor-element-c049fcf elementor-widget elementor-widget-image\" data-id=\"c049fcf\" data-element_type=\"widget\" data-e-type=\"widget\" data-widget_type=\"image.default\">\n\t\t\t\t\t\t\t\t\t\t\t\t<figure class=\"wp-caption\">\n\t\t\t\t\t\t\t\t\t\t<img fetchpriority=\"high\" decoding=\"async\" width=\"700\" height=\"400\" src=\"https:\/\/www.noticiasfire.com.br\/wp-content\/uploads\/2023\/03\/Programa-Minha-Casa-Minha-Vida.jpg-1.webp\" class=\"attachment-large size-large wp-image-15245\" alt=\"Programa Minha Casa Minha Vida\" srcset=\"https:\/\/www.noticiasfire.com.br\/wp-content\/uploads\/2023\/03\/Programa-Minha-Casa-Minha-Vida.jpg-1.webp 700w, https:\/\/www.noticiasfire.com.br\/wp-content\/uploads\/2023\/03\/Programa-Minha-Casa-Minha-Vida.jpg-1-300x171.webp 300w\" sizes=\"(max-width: 700px) 100vw, 700px\" \/>\t\t\t\t\t\t\t\t\t\t\t<figcaption class=\"widget-image-caption wp-caption-text\">Minha Casa Minha Vida Program (Google image)<\/figcaption>\n\t\t\t\t\t\t\t\t\t\t<\/figure>\n\t\t\t\t\t\t\t\t\t<\/div>\n\t\t\t\t\t<\/div>\n\t\t<\/div>\n\t\t\t\t\t<\/div>\n\t\t<\/section>\n\t\t\t\t<section class=\"elementor-section elementor-top-section elementor-element elementor-element-fd83d12 elementor-section-boxed elementor-section-height-default elementor-section-height-default\" data-id=\"fd83d12\" data-element_type=\"section\" data-e-type=\"section\">\n\t\t\t\t\t\t<div class=\"elementor-container elementor-column-gap-default\">\n\t\t\t\t\t<div class=\"elementor-column elementor-col-100 elementor-top-column elementor-element elementor-element-c9c19a0\" data-id=\"c9c19a0\" data-element_type=\"column\" data-e-type=\"column\">\n\t\t\t<div class=\"elementor-widget-wrap elementor-element-populated\">\n\t\t\t\t\t\t<div class=\"elementor-element elementor-element-812195d elementor-widget elementor-widget-text-editor\" data-id=\"812195d\" data-element_type=\"widget\" data-e-type=\"widget\" data-widget_type=\"text-editor.default\">\n\t\t\t\t\t\t\t\t\t<h2><strong>Investimentos em infraestrutura<\/strong><\/h2><p>Outra novidade do programa \u00e9 o investimento em infraestrutura. Ser\u00e3o destinados recursos para a constru\u00e7\u00e3o de escolas, postos de sa\u00fade e creches nas proximidades das novas unidades habitacionais. Assim, as fam\u00edlias ter\u00e3o mais qualidade de vida e acesso a servi\u00e7os b\u00e1sicos.<\/p>\t\t\t\t\t\t\t\t<\/div>\n\t\t\t\t\t<\/div>\n\t\t<\/div>\n\t\t\t\t\t<\/div>\n\t\t<\/section>\n\t\t\t\t<section class=\"elementor-section elementor-top-section elementor-element elementor-element-18d4e3f elementor-section-boxed elementor-section-height-default elementor-section-height-default\" data-id=\"18d4e3f\" data-element_type=\"section\" data-e-type=\"section\">\n\t\t\t\t\t\t<div class=\"elementor-container elementor-column-gap-default\">\n\t\t\t\t\t<div class=\"elementor-column elementor-col-100 elementor-top-column elementor-element elementor-element-faaf4cc\" data-id=\"faaf4cc\" data-element_type=\"column\" data-e-type=\"column\">\n\t\t\t<div class=\"elementor-widget-wrap elementor-element-populated\">\n\t\t\t\t\t\t<div class=\"elementor-element elementor-element-f3a26b7 elementor-align-justify elementor-widget elementor-widget-button\" data-id=\"f3a26b7\" data-element_type=\"widget\" data-e-type=\"widget\" data-widget_type=\"button.default\">\n\t\t\t\t\t\t\t\t\t\t<a class=\"elementor-button elementor-button-link elementor-size-sm\" href=\"https:\/\/www.noticiasfire.com.br\/en\/como-participar-do-programa-minha-casa-minha-vida-2023\/?utm_source=facebook&#038;utm_campaign=15264_facebook_casa_url02\">\n\t\t\t\t\t\t<span class=\"elementor-button-content-wrapper\">\n\t\t\t\t\t\t\t\t\t<span class=\"elementor-button-text\">SAIBA COMO SE INSCREVER NO MINHA CASA MINHA VIDA<\/span>\n\t\t\t\t\t<\/span>\n\t\t\t\t\t<\/a>\n\t\t\t\t\t\t\t\t<\/div>\n\t\t\t\t\t<\/div>\n\t\t<\/div>\n\t\t\t\t\t<\/div>\n\t\t<\/section>\n\t\t\t\t<section class=\"elementor-section elementor-top-section elementor-element elementor-element-cb9cb67 elementor-section-boxed elementor-section-height-default elementor-section-height-default\" data-id=\"cb9cb67\" data-element_type=\"section\" data-e-type=\"section\">\n\t\t\t\t\t\t<div class=\"elementor-container elementor-column-gap-default\">\n\t\t\t\t\t<div class=\"elementor-column elementor-col-100 elementor-top-column elementor-element elementor-element-e0596b0\" data-id=\"e0596b0\" data-element_type=\"column\" data-e-type=\"column\">\n\t\t\t<div class=\"elementor-widget-wrap elementor-element-populated\">\n\t\t\t\t\t\t<div class=\"elementor-element elementor-element-9b6f9f7 elementor-widget elementor-widget-text-editor\" data-id=\"9b6f9f7\" data-element_type=\"widget\" data-e-type=\"widget\" data-widget_type=\"text-editor.default\">\n\t\t\t\t\t\t\t\t\t<h2><strong>Facilidade de acesso ao programa<\/strong><\/h2><p>To participate in the <b>Program<\/b> <b>Minha Casa Minha Vida,<\/b> \u00e9 necess\u00e1rio se enquadrar nas faixas de renda exigidas e ter cadastro atualizado no Cadastro \u00danico para Programas Sociais do Governo Federal. As inscri\u00e7\u00f5es s\u00e3o realizadas nas prefeituras das cidades e as fam\u00edlias s\u00e3o selecionadas por meio de sorteio.<\/p><h2><strong>Financiamento acess\u00edvel<\/strong><\/h2><p>O Programa Minha Casa Minha Vida oferece condi\u00e7\u00f5es de financiamento acess\u00edveis, com juros mais baixos do que os praticados no mercado. Al\u00e9m disso, o programa permite o uso do Fundo de Garantia do Tempo de Servi\u00e7o (FGTS) como forma de pagamento do financiamento.<\/p><h2><strong>Compromisso com a qualidade<\/strong><\/h2><p>O programa tamb\u00e9m tem um compromisso com a qualidade das unidades habitacionais. Todas as casas e apartamentos financiados pelo <b>My House My Life<\/b> passam por rigorosas avalia\u00e7\u00f5es t\u00e9cnicas para garantir a seguran\u00e7a e o conforto dos moradores.<\/p><h2><strong>Impacto na economia<\/strong><\/h2><p>O Programa Minha Casa Minha Vida tem um impacto significativo na economia do pa\u00eds, gerando empregos e movimentando a cadeia produtiva da constru\u00e7\u00e3o civil. Em 2024, espera-se que o programa continue a contribuir para a gera\u00e7\u00e3o de renda e para o crescimento econ\u00f4mico.<\/p>\t\t\t\t\t\t\t\t<\/div>\n\t\t\t\t<div class=\"elementor-element elementor-element-7cd3cf1 elementor-widget-divider--view-line elementor-widget elementor-widget-divider\" data-id=\"7cd3cf1\" data-element_type=\"widget\" data-e-type=\"widget\" data-widget_type=\"divider.default\">\n\t\t\t\t\t\t\t<div class=\"elementor-divider\">\n\t\t\t<span class=\"elementor-divider-separator\">\n\t\t\t\t\t\t<\/span>\n\t\t<\/div>\n\t\t\t\t\t\t<\/div>\n\t\t\t\t\t<\/div>\n\t\t<\/div>\n\t\t\t\t\t<\/div>\n\t\t<\/section>\n\t\t\t\t<section class=\"elementor-section elementor-top-section elementor-element elementor-element-e2c3ae8 elementor-section-boxed elementor-section-height-default elementor-section-height-default\" data-id=\"e2c3ae8\" data-element_type=\"section\" data-e-type=\"section\">\n\t\t\t\t\t\t<div class=\"elementor-container elementor-column-gap-default\">\n\t\t\t\t\t<div class=\"elementor-column elementor-col-33 elementor-top-column elementor-element elementor-element-e04a34b\" data-id=\"e04a34b\" data-element_type=\"column\" data-e-type=\"column\">\n\t\t\t<div class=\"elementor-widget-wrap elementor-element-populated\">\n\t\t\t\t\t\t<div class=\"elementor-element elementor-element-cb39806 elementor-widget elementor-widget-image\" data-id=\"cb39806\" data-element_type=\"widget\" data-e-type=\"widget\" data-widget_type=\"image.default\">\n\t\t\t\t\t\t\t\t\t\t\t\t\t\t\t<img decoding=\"async\" width=\"639\" height=\"360\" src=\"https:\/\/www.noticiasfire.com.br\/wp-content\/uploads\/2023\/02\/pexels-kindel-media-7578939-1.jpg\" class=\"attachment-large size-large wp-image-14250\" alt=\"Programa de Aluguel Social (imagem Google)\" srcset=\"https:\/\/www.noticiasfire.com.br\/wp-content\/uploads\/2023\/02\/pexels-kindel-media-7578939-1.jpg 639w, https:\/\/www.noticiasfire.com.br\/wp-content\/uploads\/2023\/02\/pexels-kindel-media-7578939-1-300x169.jpg 300w\" sizes=\"(max-width: 639px) 100vw, 639px\" \/>\t\t\t\t\t\t\t\t\t\t\t\t\t\t\t<\/div>\n\t\t\t\t\t<\/div>\n\t\t<\/div>\n\t\t\t\t<div class=\"elementor-column elementor-col-66 elementor-top-column elementor-element elementor-element-105d3b7\" data-id=\"105d3b7\" data-element_type=\"column\" data-e-type=\"column\">\n\t\t\t<div class=\"elementor-widget-wrap elementor-element-populated\">\n\t\t\t\t\t\t<div class=\"elementor-element elementor-element-6cbcc72 elementor-widget elementor-widget-heading\" data-id=\"6cbcc72\" data-element_type=\"widget\" data-e-type=\"widget\" data-widget_type=\"heading.default\">\n\t\t\t\t\t<h2 class=\"elementor-heading-title elementor-size-default\">Programa Aluguel Social do Governo Federal.<\/h2>\t\t\t\t<\/div>\n\t\t\t\t<div class=\"elementor-element elementor-element-c6ce181 elementor-widget elementor-widget-text-editor\" data-id=\"c6ce181\" data-element_type=\"widget\" data-e-type=\"widget\" data-widget_type=\"text-editor.default\">\n\t\t\t\t\t\t\t\t\t<p>O\u00a0<strong>Social Rent<\/strong> \u00e9 um programa desenvolvido pelo Governo Federal para ajudar financeiramente fam\u00edlias com dificuldades financeiras.<\/p>\t\t\t\t\t\t\t\t<\/div>\n\t\t\t\t<div class=\"elementor-element elementor-element-52cc18f elementor-align-justify elementor-widget elementor-widget-button\" data-id=\"52cc18f\" data-element_type=\"widget\" data-e-type=\"widget\" data-widget_type=\"button.default\">\n\t\t\t\t\t\t\t\t\t\t<a class=\"elementor-button elementor-button-link elementor-size-sm\" href=\"https:\/\/www.noticiasfire.com.br\/en\/informacoes-sobre-o-programa-de-aluguel-social-do-governo-federal\/\">\n\t\t\t\t\t\t<span class=\"elementor-button-content-wrapper\">\n\t\t\t\t\t\t\t\t\t<span class=\"elementor-button-text\">CONHE\u00c7A O PROGRAMA<\/span>\n\t\t\t\t\t<\/span>\n\t\t\t\t\t<\/a>\n\t\t\t\t\t\t\t\t<\/div>\n\t\t\t\t\t<\/div>\n\t\t<\/div>\n\t\t\t\t\t<\/div>\n\t\t<\/section>\n\t\t\t\t<section class=\"elementor-section elementor-top-section elementor-element elementor-element-295c49e elementor-section-boxed elementor-section-height-default elementor-section-height-default\" data-id=\"295c49e\" data-element_type=\"section\" data-e-type=\"section\">\n\t\t\t\t\t\t<div class=\"elementor-container elementor-column-gap-default\">\n\t\t\t\t\t<div class=\"elementor-column elementor-col-100 elementor-top-column elementor-element elementor-element-8e15051\" data-id=\"8e15051\" data-element_type=\"column\" data-e-type=\"column\">\n\t\t\t<div class=\"elementor-widget-wrap elementor-element-populated\">\n\t\t\t\t\t\t<div class=\"elementor-element elementor-element-115d3c6 elementor-widget-divider--view-line elementor-widget elementor-widget-divider\" data-id=\"115d3c6\" data-element_type=\"widget\" data-e-type=\"widget\" data-widget_type=\"divider.default\">\n\t\t\t\t\t\t\t<div class=\"elementor-divider\">\n\t\t\t<span class=\"elementor-divider-separator\">\n\t\t\t\t\t\t<\/span>\n\t\t<\/div>\n\t\t\t\t\t\t<\/div>\n\t\t\t\t<div class=\"elementor-element elementor-element-1c2f3e9 elementor-widget elementor-widget-text-editor\" data-id=\"1c2f3e9\" data-element_type=\"widget\" data-e-type=\"widget\" data-widget_type=\"text-editor.default\">\n\t\t\t\t\t\t\t\t\t<h2><strong>Program<\/strong> <strong>pol\u00edtica habitacional do governo brasileiro<\/strong><\/h2><p>O <b>My House My Life Program<\/b> \u00e9 um importante instrumento de pol\u00edtica habitacional do governo brasileiro, que busca garantir o direito \u00e0 moradia digna para todas as fam\u00edlias do pa\u00eds. Com as mudan\u00e7as previstas para 2024, espera-se que o programa possa alcan\u00e7ar ainda mais pessoas e contribuir para a constru\u00e7\u00e3o de uma sociedade mais justa e igualit\u00e1ria.<\/p>\t\t\t\t\t\t\t\t<\/div>\n\t\t\t\t\t<\/div>\n\t\t<\/div>\n\t\t\t\t\t<\/div>\n\t\t<\/section>\n\t\t\t\t<section class=\"elementor-section elementor-top-section elementor-element elementor-element-6f28f3a elementor-section-boxed elementor-section-height-default elementor-section-height-default\" data-id=\"6f28f3a\" data-element_type=\"section\" data-e-type=\"section\">\n\t\t\t\t\t\t<div class=\"elementor-container elementor-column-gap-default\">\n\t\t\t\t\t<div class=\"elementor-column elementor-col-100 elementor-top-column elementor-element elementor-element-e82f8a3\" data-id=\"e82f8a3\" data-element_type=\"column\" data-e-type=\"column\">\n\t\t\t<div class=\"elementor-widget-wrap elementor-element-populated\">\n\t\t\t\t\t\t<div class=\"elementor-element elementor-element-8410b3e elementor-align-justify elementor-widget elementor-widget-button\" data-id=\"8410b3e\" data-element_type=\"widget\" data-e-type=\"widget\" data-widget_type=\"button.default\">\n\t\t\t\t\t\t\t\t\t\t<a class=\"elementor-button elementor-button-link elementor-size-sm\" href=\"https:\/\/www.noticiasfire.com.br\/en\/como-participar-do-programa-minha-casa-minha-vida-2023\/?utm_source=facebook&#038;utm_campaign=15264_facebook_casa_url02\">\n\t\t\t\t\t\t<span class=\"elementor-button-content-wrapper\">\n\t\t\t\t\t\t\t\t\t<span class=\"elementor-button-text\">SAIBA COMO SE INSCREVER NO MINHA CASA MINHA VIDA<\/span>\n\t\t\t\t\t<\/span>\n\t\t\t\t\t<\/a>\n\t\t\t\t\t\t\t\t<\/div>\n\t\t\t\t\t<\/div>\n\t\t<\/div>\n\t\t\t\t\t<\/div>\n\t\t<\/section>\n\t\t\t\t<\/div>","protected":false},"excerpt":{"rendered":"<p>O Programa Minha Casa Minha Vida, criado em 2009, \u00e9 respons\u00e1vel por conceder subs\u00eddios para a aquisi\u00e7\u00e3o da casa pr\u00f3pria \u00e0s fam\u00edlias brasileiras de baixa renda. Em 2024, o programa continuar\u00e1 em vigor, auxiliando milhares de fam\u00edlias a realizarem o sonho da casa pr\u00f3pria. Novas regras para o programa O Programa Minha Casa Minha Vida &#8230; <a title=\"O que esperar do Programa Minha Casa Minha Vida 2024?\" class=\"read-more\" href=\"https:\/\/www.noticiasfire.com.br\/en\/o-que-esperar-do-programa-minha-casa-minha-vida-2023\/\" aria-label=\"Read more about O que esperar do Programa Minha Casa Minha Vida 2024?\">Read more<\/a><\/p>","protected":false},"author":3,"featured_media":29995,"comment_status":"open","ping_status":"open","sticky":false,"template":"","format":"standard","meta":{"footnotes":""},"categories":[44],"tags":[],"class_list":["post-15243","post","type-post","status-publish","format-standard","has-post-thumbnail","hentry","category-noticias"],"yoast_head":"<!-- This site is optimized with the Yoast SEO plugin v27.4 - https:\/\/yoast.com\/product\/yoast-seo-wordpress\/ -->\n<title>O que esperar do Programa Minha Casa Minha Vida 2024? -<\/title>\n<meta name=\"description\" content=\"O Programa Minha Casa Minha Vida, criado em 2009, \u00e9 respons\u00e1vel por conceder subs\u00eddios para a aquisi\u00e7\u00e3o da casa pr\u00f3pria \u00e0s fam\u00edlias.\" \/>\n<meta name=\"robots\" content=\"index, follow, max-snippet:-1, max-image-preview:large, max-video-preview:-1\" \/>\n<link rel=\"canonical\" href=\"https:\/\/www.noticiasfire.com.br\/en\/o-que-esperar-do-programa-minha-casa-minha-vida-2023\/\" \/>\n<meta property=\"og:locale\" content=\"en_US\" \/>\n<meta property=\"og:type\" content=\"article\" \/>\n<meta property=\"og:title\" content=\"O que esperar do Programa Minha Casa Minha Vida 2024? -\" \/>\n<meta property=\"og:description\" content=\"O Programa Minha Casa Minha Vida, criado em 2009, \u00e9 respons\u00e1vel por conceder subs\u00eddios para a aquisi\u00e7\u00e3o da casa pr\u00f3pria \u00e0s fam\u00edlias.\" \/>\n<meta property=\"og:url\" content=\"https:\/\/www.noticiasfire.com.br\/en\/o-que-esperar-do-programa-minha-casa-minha-vida-2023\/\" \/>\n<meta property=\"article:published_time\" content=\"2023-03-06T13:29:33+00:00\" \/>\n<meta property=\"og:image\" content=\"https:\/\/www.noticiasfire.com.br\/wp-content\/uploads\/2023\/03\/Programa-Minha-Casa-Minha-Vida.jpg-2.webp\" \/>\n\t<meta property=\"og:image:width\" content=\"700\" \/>\n\t<meta property=\"og:image:height\" content=\"400\" \/>\n\t<meta property=\"og:image:type\" content=\"image\/webp\" \/>\n<meta name=\"author\" content=\"Ivan\" \/>\n<meta name=\"twitter:card\" content=\"summary_large_image\" \/>\n<meta name=\"twitter:label1\" content=\"Written by\" \/>\n\t<meta name=\"twitter:data1\" content=\"Ivan\" \/>\n\t<meta name=\"twitter:label2\" content=\"Est. reading time\" \/>\n\t<meta name=\"twitter:data2\" content=\"3 minutes\" \/>\n<script type=\"application\/ld+json\" class=\"yoast-schema-graph\">{\"@context\":\"https:\\\/\\\/schema.org\",\"@graph\":[{\"@type\":\"Article\",\"@id\":\"https:\\\/\\\/www.noticiasfire.com.br\\\/o-que-esperar-do-programa-minha-casa-minha-vida-2023\\\/#article\",\"isPartOf\":{\"@id\":\"https:\\\/\\\/www.noticiasfire.com.br\\\/o-que-esperar-do-programa-minha-casa-minha-vida-2023\\\/\"},\"author\":{\"name\":\"Ivan\",\"@id\":\"https:\\\/\\\/www.noticiasfire.com.br\\\/#\\\/schema\\\/person\\\/6c064cf8d33f8b38900e936c385f48fd\"},\"headline\":\"O que esperar do Programa Minha Casa Minha Vida 2024?\",\"datePublished\":\"2023-03-06T13:29:33+00:00\",\"mainEntityOfPage\":{\"@id\":\"https:\\\/\\\/www.noticiasfire.com.br\\\/o-que-esperar-do-programa-minha-casa-minha-vida-2023\\\/\"},\"wordCount\":524,\"commentCount\":0,\"publisher\":{\"@id\":\"https:\\\/\\\/www.noticiasfire.com.br\\\/#organization\"},\"image\":{\"@id\":\"https:\\\/\\\/www.noticiasfire.com.br\\\/o-que-esperar-do-programa-minha-casa-minha-vida-2023\\\/#primaryimage\"},\"thumbnailUrl\":\"https:\\\/\\\/www.noticiasfire.com.br\\\/wp-content\\\/uploads\\\/2023\\\/03\\\/Programa-Minha-Casa-Minha-Vida.jpg-2.webp\",\"articleSection\":[\"NOT\u00cdCIAS\"],\"inLanguage\":\"en-US\",\"potentialAction\":[{\"@type\":\"CommentAction\",\"name\":\"Comment\",\"target\":[\"https:\\\/\\\/www.noticiasfire.com.br\\\/o-que-esperar-do-programa-minha-casa-minha-vida-2023\\\/#respond\"]}]},{\"@type\":\"WebPage\",\"@id\":\"https:\\\/\\\/www.noticiasfire.com.br\\\/o-que-esperar-do-programa-minha-casa-minha-vida-2023\\\/\",\"url\":\"https:\\\/\\\/www.noticiasfire.com.br\\\/o-que-esperar-do-programa-minha-casa-minha-vida-2023\\\/\",\"name\":\"O que esperar do Programa Minha Casa Minha Vida 2024? -\",\"isPartOf\":{\"@id\":\"https:\\\/\\\/www.noticiasfire.com.br\\\/#website\"},\"primaryImageOfPage\":{\"@id\":\"https:\\\/\\\/www.noticiasfire.com.br\\\/o-que-esperar-do-programa-minha-casa-minha-vida-2023\\\/#primaryimage\"},\"image\":{\"@id\":\"https:\\\/\\\/www.noticiasfire.com.br\\\/o-que-esperar-do-programa-minha-casa-minha-vida-2023\\\/#primaryimage\"},\"thumbnailUrl\":\"https:\\\/\\\/www.noticiasfire.com.br\\\/wp-content\\\/uploads\\\/2023\\\/03\\\/Programa-Minha-Casa-Minha-Vida.jpg-2.webp\",\"datePublished\":\"2023-03-06T13:29:33+00:00\",\"description\":\"O Programa Minha Casa Minha Vida, criado em 2009, \u00e9 respons\u00e1vel por conceder subs\u00eddios para a aquisi\u00e7\u00e3o da casa pr\u00f3pria \u00e0s fam\u00edlias.\",\"breadcrumb\":{\"@id\":\"https:\\\/\\\/www.noticiasfire.com.br\\\/o-que-esperar-do-programa-minha-casa-minha-vida-2023\\\/#breadcrumb\"},\"inLanguage\":\"en-US\",\"potentialAction\":[{\"@type\":\"ReadAction\",\"target\":[\"https:\\\/\\\/www.noticiasfire.com.br\\\/o-que-esperar-do-programa-minha-casa-minha-vida-2023\\\/\"]}]},{\"@type\":\"ImageObject\",\"inLanguage\":\"en-US\",\"@id\":\"https:\\\/\\\/www.noticiasfire.com.br\\\/o-que-esperar-do-programa-minha-casa-minha-vida-2023\\\/#primaryimage\",\"url\":\"https:\\\/\\\/www.noticiasfire.com.br\\\/wp-content\\\/uploads\\\/2023\\\/03\\\/Programa-Minha-Casa-Minha-Vida.jpg-2.webp\",\"contentUrl\":\"https:\\\/\\\/www.noticiasfire.com.br\\\/wp-content\\\/uploads\\\/2023\\\/03\\\/Programa-Minha-Casa-Minha-Vida.jpg-2.webp\",\"width\":700,\"height\":400,\"caption\":\"Programa Minha Casa Minha Vida (imagem Google)\"},{\"@type\":\"BreadcrumbList\",\"@id\":\"https:\\\/\\\/www.noticiasfire.com.br\\\/o-que-esperar-do-programa-minha-casa-minha-vida-2023\\\/#breadcrumb\",\"itemListElement\":[{\"@type\":\"ListItem\",\"position\":1,\"name\":\"In\u00edcio\",\"item\":\"https:\\\/\\\/www.noticiasfire.com.br\\\/\"},{\"@type\":\"ListItem\",\"position\":2,\"name\":\"O que esperar do Programa Minha Casa Minha Vida 2024?\"}]},{\"@type\":\"WebSite\",\"@id\":\"https:\\\/\\\/www.noticiasfire.com.br\\\/#website\",\"url\":\"https:\\\/\\\/www.noticiasfire.com.br\\\/\",\"name\":\"NoticiasFire\",\"description\":\"\",\"publisher\":{\"@id\":\"https:\\\/\\\/www.noticiasfire.com.br\\\/#organization\"},\"potentialAction\":[{\"@type\":\"SearchAction\",\"target\":{\"@type\":\"EntryPoint\",\"urlTemplate\":\"https:\\\/\\\/www.noticiasfire.com.br\\\/?s={search_term_string}\"},\"query-input\":{\"@type\":\"PropertyValueSpecification\",\"valueRequired\":true,\"valueName\":\"search_term_string\"}}],\"inLanguage\":\"en-US\"},{\"@type\":\"Organization\",\"@id\":\"https:\\\/\\\/www.noticiasfire.com.br\\\/#organization\",\"name\":\"NoticiasFire\",\"url\":\"https:\\\/\\\/www.noticiasfire.com.br\\\/\",\"logo\":{\"@type\":\"ImageObject\",\"inLanguage\":\"en-US\",\"@id\":\"https:\\\/\\\/www.noticiasfire.com.br\\\/#\\\/schema\\\/logo\\\/image\\\/\",\"url\":\"https:\\\/\\\/www.noticiasfire.com.br\\\/wp-content\\\/uploads\\\/2025\\\/08\\\/cropped-Captura_de_Tela_2025-08-13_as_20.34.29__1_-removebg-preview.png\",\"contentUrl\":\"https:\\\/\\\/www.noticiasfire.com.br\\\/wp-content\\\/uploads\\\/2025\\\/08\\\/cropped-Captura_de_Tela_2025-08-13_as_20.34.29__1_-removebg-preview.png\",\"width\":748,\"height\":286,\"caption\":\"NoticiasFire\"},\"image\":{\"@id\":\"https:\\\/\\\/www.noticiasfire.com.br\\\/#\\\/schema\\\/logo\\\/image\\\/\"}},{\"@type\":\"Person\",\"@id\":\"https:\\\/\\\/www.noticiasfire.com.br\\\/#\\\/schema\\\/person\\\/6c064cf8d33f8b38900e936c385f48fd\",\"name\":\"Ivan\",\"image\":{\"@type\":\"ImageObject\",\"inLanguage\":\"en-US\",\"@id\":\"https:\\\/\\\/secure.gravatar.com\\\/avatar\\\/18077698a88c2ad528c924a301adab662f075719c95fb1dec6f0b51902ebf647?s=96&d=mm&r=g\",\"url\":\"https:\\\/\\\/secure.gravatar.com\\\/avatar\\\/18077698a88c2ad528c924a301adab662f075719c95fb1dec6f0b51902ebf647?s=96&d=mm&r=g\",\"contentUrl\":\"https:\\\/\\\/secure.gravatar.com\\\/avatar\\\/18077698a88c2ad528c924a301adab662f075719c95fb1dec6f0b51902ebf647?s=96&d=mm&r=g\",\"caption\":\"Ivan\"},\"url\":\"https:\\\/\\\/www.noticiasfire.com.br\\\/en\\\/author\\\/ivan\\\/\"}]}<\/script>\n<!-- \/ Yoast SEO plugin. -->","yoast_head_json":{"title":"O que esperar do Programa Minha Casa Minha Vida 2024? -","description":"O Programa Minha Casa Minha Vida, criado em 2009, \u00e9 respons\u00e1vel por conceder subs\u00eddios para a aquisi\u00e7\u00e3o da casa pr\u00f3pria \u00e0s fam\u00edlias.","robots":{"index":"index","follow":"follow","max-snippet":"max-snippet:-1","max-image-preview":"max-image-preview:large","max-video-preview":"max-video-preview:-1"},"canonical":"https:\/\/www.noticiasfire.com.br\/en\/o-que-esperar-do-programa-minha-casa-minha-vida-2023\/","og_locale":"en_US","og_type":"article","og_title":"O que esperar do Programa Minha Casa Minha Vida 2024? -","og_description":"O Programa Minha Casa Minha Vida, criado em 2009, \u00e9 respons\u00e1vel por conceder subs\u00eddios para a aquisi\u00e7\u00e3o da casa pr\u00f3pria \u00e0s fam\u00edlias.","og_url":"https:\/\/www.noticiasfire.com.br\/en\/o-que-esperar-do-programa-minha-casa-minha-vida-2023\/","article_published_time":"2023-03-06T13:29:33+00:00","og_image":[{"width":700,"height":400,"url":"https:\/\/www.noticiasfire.com.br\/wp-content\/uploads\/2023\/03\/Programa-Minha-Casa-Minha-Vida.jpg-2.webp","type":"image\/webp"}],"author":"Ivan","twitter_card":"summary_large_image","twitter_misc":{"Written by":"Ivan","Est. reading time":"3 minutes"},"schema":{"@context":"https:\/\/schema.org","@graph":[{"@type":"Article","@id":"https:\/\/www.noticiasfire.com.br\/o-que-esperar-do-programa-minha-casa-minha-vida-2023\/#article","isPartOf":{"@id":"https:\/\/www.noticiasfire.com.br\/o-que-esperar-do-programa-minha-casa-minha-vida-2023\/"},"author":{"name":"Ivan","@id":"https:\/\/www.noticiasfire.com.br\/#\/schema\/person\/6c064cf8d33f8b38900e936c385f48fd"},"headline":"O que esperar do Programa Minha Casa Minha Vida 2024?","datePublished":"2023-03-06T13:29:33+00:00","mainEntityOfPage":{"@id":"https:\/\/www.noticiasfire.com.br\/o-que-esperar-do-programa-minha-casa-minha-vida-2023\/"},"wordCount":524,"commentCount":0,"publisher":{"@id":"https:\/\/www.noticiasfire.com.br\/#organization"},"image":{"@id":"https:\/\/www.noticiasfire.com.br\/o-que-esperar-do-programa-minha-casa-minha-vida-2023\/#primaryimage"},"thumbnailUrl":"https:\/\/www.noticiasfire.com.br\/wp-content\/uploads\/2023\/03\/Programa-Minha-Casa-Minha-Vida.jpg-2.webp","articleSection":["NOT\u00cdCIAS"],"inLanguage":"en-US","potentialAction":[{"@type":"CommentAction","name":"Comment","target":["https:\/\/www.noticiasfire.com.br\/o-que-esperar-do-programa-minha-casa-minha-vida-2023\/#respond"]}]},{"@type":"WebPage","@id":"https:\/\/www.noticiasfire.com.br\/o-que-esperar-do-programa-minha-casa-minha-vida-2023\/","url":"https:\/\/www.noticiasfire.com.br\/o-que-esperar-do-programa-minha-casa-minha-vida-2023\/","name":"O que esperar do Programa Minha Casa Minha Vida 2024? -","isPartOf":{"@id":"https:\/\/www.noticiasfire.com.br\/#website"},"primaryImageOfPage":{"@id":"https:\/\/www.noticiasfire.com.br\/o-que-esperar-do-programa-minha-casa-minha-vida-2023\/#primaryimage"},"image":{"@id":"https:\/\/www.noticiasfire.com.br\/o-que-esperar-do-programa-minha-casa-minha-vida-2023\/#primaryimage"},"thumbnailUrl":"https:\/\/www.noticiasfire.com.br\/wp-content\/uploads\/2023\/03\/Programa-Minha-Casa-Minha-Vida.jpg-2.webp","datePublished":"2023-03-06T13:29:33+00:00","description":"O Programa Minha Casa Minha Vida, criado em 2009, \u00e9 respons\u00e1vel por conceder subs\u00eddios para a aquisi\u00e7\u00e3o da casa pr\u00f3pria \u00e0s fam\u00edlias.","breadcrumb":{"@id":"https:\/\/www.noticiasfire.com.br\/o-que-esperar-do-programa-minha-casa-minha-vida-2023\/#breadcrumb"},"inLanguage":"en-US","potentialAction":[{"@type":"ReadAction","target":["https:\/\/www.noticiasfire.com.br\/o-que-esperar-do-programa-minha-casa-minha-vida-2023\/"]}]},{"@type":"ImageObject","inLanguage":"en-US","@id":"https:\/\/www.noticiasfire.com.br\/o-que-esperar-do-programa-minha-casa-minha-vida-2023\/#primaryimage","url":"https:\/\/www.noticiasfire.com.br\/wp-content\/uploads\/2023\/03\/Programa-Minha-Casa-Minha-Vida.jpg-2.webp","contentUrl":"https:\/\/www.noticiasfire.com.br\/wp-content\/uploads\/2023\/03\/Programa-Minha-Casa-Minha-Vida.jpg-2.webp","width":700,"height":400,"caption":"Programa Minha Casa Minha Vida (imagem Google)"},{"@type":"BreadcrumbList","@id":"https:\/\/www.noticiasfire.com.br\/o-que-esperar-do-programa-minha-casa-minha-vida-2023\/#breadcrumb","itemListElement":[{"@type":"ListItem","position":1,"name":"In\u00edcio","item":"https:\/\/www.noticiasfire.com.br\/"},{"@type":"ListItem","position":2,"name":"O que esperar do Programa Minha Casa Minha Vida 2024?"}]},{"@type":"WebSite","@id":"https:\/\/www.noticiasfire.com.br\/#website","url":"https:\/\/www.noticiasfire.com.br\/","name":"NewsFire","description":"","publisher":{"@id":"https:\/\/www.noticiasfire.com.br\/#organization"},"potentialAction":[{"@type":"SearchAction","target":{"@type":"EntryPoint","urlTemplate":"https:\/\/www.noticiasfire.com.br\/?s={search_term_string}"},"query-input":{"@type":"PropertyValueSpecification","valueRequired":true,"valueName":"search_term_string"}}],"inLanguage":"en-US"},{"@type":"Organization","@id":"https:\/\/www.noticiasfire.com.br\/#organization","name":"NewsFire","url":"https:\/\/www.noticiasfire.com.br\/","logo":{"@type":"ImageObject","inLanguage":"en-US","@id":"https:\/\/www.noticiasfire.com.br\/#\/schema\/logo\/image\/","url":"https:\/\/www.noticiasfire.com.br\/wp-content\/uploads\/2025\/08\/cropped-Captura_de_Tela_2025-08-13_as_20.34.29__1_-removebg-preview.png","contentUrl":"https:\/\/www.noticiasfire.com.br\/wp-content\/uploads\/2025\/08\/cropped-Captura_de_Tela_2025-08-13_as_20.34.29__1_-removebg-preview.png","width":748,"height":286,"caption":"NoticiasFire"},"image":{"@id":"https:\/\/www.noticiasfire.com.br\/#\/schema\/logo\/image\/"}},{"@type":"Person","@id":"https:\/\/www.noticiasfire.com.br\/#\/schema\/person\/6c064cf8d33f8b38900e936c385f48fd","name":"Ivan","image":{"@type":"ImageObject","inLanguage":"en-US","@id":"https:\/\/secure.gravatar.com\/avatar\/18077698a88c2ad528c924a301adab662f075719c95fb1dec6f0b51902ebf647?s=96&d=mm&r=g","url":"https:\/\/secure.gravatar.com\/avatar\/18077698a88c2ad528c924a301adab662f075719c95fb1dec6f0b51902ebf647?s=96&d=mm&r=g","contentUrl":"https:\/\/secure.gravatar.com\/avatar\/18077698a88c2ad528c924a301adab662f075719c95fb1dec6f0b51902ebf647?s=96&d=mm&r=g","caption":"Ivan"},"url":"https:\/\/www.noticiasfire.com.br\/en\/author\/ivan\/"}]}},"_links":{"self":[{"href":"https:\/\/www.noticiasfire.com.br\/en\/wp-json\/wp\/v2\/posts\/15243","targetHints":{"allow":["GET"]}}],"collection":[{"href":"https:\/\/www.noticiasfire.com.br\/en\/wp-json\/wp\/v2\/posts"}],"about":[{"href":"https:\/\/www.noticiasfire.com.br\/en\/wp-json\/wp\/v2\/types\/post"}],"author":[{"embeddable":true,"href":"https:\/\/www.noticiasfire.com.br\/en\/wp-json\/wp\/v2\/users\/3"}],"replies":[{"embeddable":true,"href":"https:\/\/www.noticiasfire.com.br\/en\/wp-json\/wp\/v2\/comments?post=15243"}],"version-history":[{"count":0,"href":"https:\/\/www.noticiasfire.com.br\/en\/wp-json\/wp\/v2\/posts\/15243\/revisions"}],"wp:featuredmedia":[{"embeddable":true,"href":"https:\/\/www.noticiasfire.com.br\/en\/wp-json\/wp\/v2\/media\/29995"}],"wp:attachment":[{"href":"https:\/\/www.noticiasfire.com.br\/en\/wp-json\/wp\/v2\/media?parent=15243"}],"wp:term":[{"taxonomy":"category","embeddable":true,"href":"https:\/\/www.noticiasfire.com.br\/en\/wp-json\/wp\/v2\/categories?post=15243"},{"taxonomy":"post_tag","embeddable":true,"href":"https:\/\/www.noticiasfire.com.br\/en\/wp-json\/wp\/v2\/tags?post=15243"}],"curies":[{"name":"wp","href":"https:\/\/api.w.org\/{rel}","templated":true}]}}