{"id":15264,"date":"2023-03-06T10:42:46","date_gmt":"2023-03-06T13:42:46","guid":{"rendered":"https:\/\/www.noticiasfire.com.br\/?p=15264"},"modified":"2023-03-06T10:42:46","modified_gmt":"2023-03-06T13:42:46","slug":"como-participar-do-programa-minha-casa-minha-vida-2023","status":"publish","type":"post","link":"https:\/\/www.noticiasfire.com.br\/en\/como-participar-do-programa-minha-casa-minha-vida-2023\/","title":{"rendered":"Como participar do Programa Minha Casa Minha Vida?"},"content":{"rendered":"<div data-elementor-type=\"wp-post\" data-elementor-id=\"15264\" class=\"elementor elementor-15264\" data-elementor-post-type=\"post\">\n\t\t\t\t\t\t<section class=\"elementor-section elementor-top-section elementor-element elementor-element-b3271b2 elementor-section-boxed elementor-section-height-default elementor-section-height-default\" data-id=\"b3271b2\" data-element_type=\"section\" data-e-type=\"section\">\n\t\t\t\t\t\t<div class=\"elementor-container elementor-column-gap-default\">\n\t\t\t\t\t<div class=\"elementor-column elementor-col-100 elementor-top-column elementor-element elementor-element-9e96ddf\" data-id=\"9e96ddf\" data-element_type=\"column\" data-e-type=\"column\">\n\t\t\t<div class=\"elementor-widget-wrap elementor-element-populated\">\n\t\t\t\t\t\t<div class=\"elementor-element elementor-element-db43573 elementor-widget elementor-widget-text-editor\" data-id=\"db43573\" data-element_type=\"widget\" data-e-type=\"widget\" data-widget_type=\"text-editor.default\">\n\t\t\t\t\t\t\t\t\t<p>Conhe\u00e7a os requisitos para participa\u00e7\u00e3o no <strong>programa habitacional Minha Casa Minha Vida.<\/strong><\/p><p>To participate in the <strong>My House My Life Program<\/strong>, \u00e9 necess\u00e1rio atender a alguns requisitos, como ter uma renda familiar dentro das faixas exigidas pelo programa e possuir cadastro atualizado no Cadastro \u00danico para Programas Sociais do Governo Federal.<\/p><h2>Faixas de renda<\/h2><p>O <strong>programa Minha Casa Minha Vida<\/strong> atende a diferentes faixas de renda, desde fam\u00edlias com renda mensal de at\u00e9 R$ 2.000,00 at\u00e9 aquelas com renda mensal de at\u00e9 R$ 7.000,00. As fam\u00edlias com renda mensal de at\u00e9 R$ 1.800,00 s\u00e3o atendidas pela faixa 1 do programa.<\/p><h2>Inscri\u00e7\u00e3o nas prefeituras<\/h2><p>As inscri\u00e7\u00f5es para o <strong>My House My Life Program<\/strong> s\u00e3o realizadas nas prefeituras das cidades onde as unidades habitacionais ser\u00e3o constru\u00eddas. As fam\u00edlias interessadas devem apresentar os documentos exigidos e aguardar o sorteio para a sele\u00e7\u00e3o dos benefici\u00e1rios.<\/p>\t\t\t\t\t\t\t\t<\/div>\n\t\t\t\t\t<\/div>\n\t\t<\/div>\n\t\t\t\t\t<\/div>\n\t\t<\/section>\n\t\t\t\t<section class=\"elementor-section elementor-top-section elementor-element elementor-element-b696200 elementor-section-boxed elementor-section-height-default elementor-section-height-default\" data-id=\"b696200\" data-element_type=\"section\" data-e-type=\"section\">\n\t\t\t\t\t\t<div class=\"elementor-container elementor-column-gap-default\">\n\t\t\t\t\t<div class=\"elementor-column elementor-col-100 elementor-top-column elementor-element elementor-element-c719c98\" data-id=\"c719c98\" data-element_type=\"column\" data-e-type=\"column\">\n\t\t\t<div class=\"elementor-widget-wrap elementor-element-populated\">\n\t\t\t\t\t\t<div class=\"elementor-element elementor-element-c049fcf elementor-widget elementor-widget-image\" data-id=\"c049fcf\" data-element_type=\"widget\" data-e-type=\"widget\" data-widget_type=\"image.default\">\n\t\t\t\t\t\t\t\t\t\t\t\t<figure class=\"wp-caption\">\n\t\t\t\t\t\t\t\t\t\t<img fetchpriority=\"high\" decoding=\"async\" width=\"700\" height=\"400\" src=\"https:\/\/www.noticiasfire.com.br\/wp-content\/uploads\/2023\/03\/Programa-Minha-Casa-Minha-Vida.jpg-1.webp\" class=\"attachment-large size-large wp-image-15245\" alt=\"Programa Minha Casa Minha Vida\" srcset=\"https:\/\/www.noticiasfire.com.br\/wp-content\/uploads\/2023\/03\/Programa-Minha-Casa-Minha-Vida.jpg-1.webp 700w, https:\/\/www.noticiasfire.com.br\/wp-content\/uploads\/2023\/03\/Programa-Minha-Casa-Minha-Vida.jpg-1-300x171.webp 300w\" sizes=\"(max-width: 700px) 100vw, 700px\" \/>\t\t\t\t\t\t\t\t\t\t\t<figcaption class=\"widget-image-caption wp-caption-text\">Minha Casa Minha Vida Program (Google image)<\/figcaption>\n\t\t\t\t\t\t\t\t\t\t<\/figure>\n\t\t\t\t\t\t\t\t\t<\/div>\n\t\t\t\t\t<\/div>\n\t\t<\/div>\n\t\t\t\t\t<\/div>\n\t\t<\/section>\n\t\t\t\t<section class=\"elementor-section elementor-top-section elementor-element elementor-element-cb9cb67 elementor-section-boxed elementor-section-height-default elementor-section-height-default\" data-id=\"cb9cb67\" data-element_type=\"section\" data-e-type=\"section\">\n\t\t\t\t\t\t<div class=\"elementor-container elementor-column-gap-default\">\n\t\t\t\t\t<div class=\"elementor-column elementor-col-100 elementor-top-column elementor-element elementor-element-e0596b0\" data-id=\"e0596b0\" data-element_type=\"column\" data-e-type=\"column\">\n\t\t\t<div class=\"elementor-widget-wrap elementor-element-populated\">\n\t\t\t\t\t\t<div class=\"elementor-element elementor-element-9b6f9f7 elementor-widget elementor-widget-text-editor\" data-id=\"9b6f9f7\" data-element_type=\"widget\" data-e-type=\"widget\" data-widget_type=\"text-editor.default\">\n\t\t\t\t\t\t\t\t\t<h2>Documentos necess\u00e1rios<\/h2><p>Entre os documentos exigidos para participar do programa, est\u00e3o: RG e CPF, comprovante de renda e de resid\u00eancia, al\u00e9m de informa\u00e7\u00f5es atualizadas sobre a composi\u00e7\u00e3o familiar. Os documentos devem ser apresentados no momento da inscri\u00e7\u00e3o nas prefeituras.<\/p><h2>Sorteio dos benefici\u00e1rios<\/h2><p>A sele\u00e7\u00e3o dos benefici\u00e1rios do Programa Minha Casa Minha Vida \u00e9 realizada por meio de sorteio, de acordo com os crit\u00e9rios estabelecidos pelo programa. Ap\u00f3s o sorteio, as fam\u00edlias selecionadas passam por uma an\u00e1lise documental para verificar se atendem aos requisitos exigidos.<\/p><h2>Compromisso do benefici\u00e1rio<\/h2><p>Os benefici\u00e1rios do programa assumem o compromisso de pagar as presta\u00e7\u00f5es do financiamento em dia e de cuidar da manuten\u00e7\u00e3o da unidade habitacional. Al\u00e9m disso, \u00e9 importante lembrar que o im\u00f3vel financiado pelo <b>My House My Life<\/b> n\u00e3o pode ser vendido ou alugado antes da quita\u00e7\u00e3o do financiamento.<\/p><h2>Conhe\u00e7a alguns programas sociais do governo federal pelo Brasil<\/h2><h3><span style=\"text-decoration: underline;\">Bolsa Fam\u00edlia<\/span><\/h3><p>O Bolsa Fam\u00edlia \u00e9 um programa de transfer\u00eancia de renda do governo federal, que beneficia fam\u00edlias em situa\u00e7\u00e3o de pobreza e extrema pobreza. O programa tem como objetivo garantir o acesso das fam\u00edlias a direitos b\u00e1sicos, como alimenta\u00e7\u00e3o, educa\u00e7\u00e3o e sa\u00fade.<\/p><h3><span style=\"text-decoration: underline;\">Pronatec<\/span><\/h3><p>O Programa Nacional de Acesso ao Ensino T\u00e9cnico e Emprego (Pronatec) tem como objetivo ampliar a oferta de cursos t\u00e9cnicos e profissionalizantes para jovens e adultos em todo o pa\u00eds. O programa busca qualificar a m\u00e3o de obra e aumentar as chances de inser\u00e7\u00e3o no mercado de trabalho.<\/p><h3><span style=\"text-decoration: underline;\">Fies<\/span><\/h3><p>O Fundo de Financiamento Estudantil (Fies) \u00e9 um programa do governo federal que oferece financiamento para estudantes que desejam cursar o ensino superior em institui\u00e7\u00f5es privadas. O programa tem como objetivo democratizar o acesso ao ensino superior e incentivar a forma\u00e7\u00e3o de profissionais qualificados.<\/p><h3><span style=\"text-decoration: underline;\">Bolsa Verde<\/span><\/h3><p>O Programa Bolsa Verde tem como objetivo incentivar a conserva\u00e7\u00e3o ambiental e promover a inclus\u00e3o social de fam\u00edlias em situa\u00e7\u00e3o de extrema pobreza que vivem em \u00e1reas de preserva\u00e7\u00e3o ambiental. O programa oferece uma bolsa mensal para as fam\u00edlias que participam de a\u00e7\u00f5es de conserva\u00e7\u00e3o ambiental.<\/p>\t\t\t\t\t\t\t\t<\/div>\n\t\t\t\t<div class=\"elementor-element elementor-element-7cd3cf1 elementor-widget-divider--view-line elementor-widget elementor-widget-divider\" data-id=\"7cd3cf1\" data-element_type=\"widget\" data-e-type=\"widget\" data-widget_type=\"divider.default\">\n\t\t\t\t\t\t\t<div class=\"elementor-divider\">\n\t\t\t<span class=\"elementor-divider-separator\">\n\t\t\t\t\t\t<\/span>\n\t\t<\/div>\n\t\t\t\t\t\t<\/div>\n\t\t\t\t\t<\/div>\n\t\t<\/div>\n\t\t\t\t\t<\/div>\n\t\t<\/section>\n\t\t\t\t<section class=\"elementor-section elementor-top-section elementor-element elementor-element-e2c3ae8 elementor-section-boxed elementor-section-height-default elementor-section-height-default\" data-id=\"e2c3ae8\" data-element_type=\"section\" data-e-type=\"section\">\n\t\t\t\t\t\t<div class=\"elementor-container elementor-column-gap-default\">\n\t\t\t\t\t<div class=\"elementor-column elementor-col-33 elementor-top-column elementor-element elementor-element-e04a34b\" data-id=\"e04a34b\" data-element_type=\"column\" data-e-type=\"column\">\n\t\t\t<div class=\"elementor-widget-wrap elementor-element-populated\">\n\t\t\t\t\t\t<div class=\"elementor-element elementor-element-cb39806 elementor-widget elementor-widget-image\" data-id=\"cb39806\" data-element_type=\"widget\" data-e-type=\"widget\" data-widget_type=\"image.default\">\n\t\t\t\t\t\t\t\t\t\t\t\t\t\t\t<img decoding=\"async\" width=\"639\" height=\"360\" src=\"https:\/\/www.noticiasfire.com.br\/wp-content\/uploads\/2023\/02\/pexels-kindel-media-7578939-1.jpg\" class=\"attachment-large size-large wp-image-14250\" alt=\"Programa de Aluguel Social (imagem Google)\" srcset=\"https:\/\/www.noticiasfire.com.br\/wp-content\/uploads\/2023\/02\/pexels-kindel-media-7578939-1.jpg 639w, https:\/\/www.noticiasfire.com.br\/wp-content\/uploads\/2023\/02\/pexels-kindel-media-7578939-1-300x169.jpg 300w\" sizes=\"(max-width: 639px) 100vw, 639px\" \/>\t\t\t\t\t\t\t\t\t\t\t\t\t\t\t<\/div>\n\t\t\t\t\t<\/div>\n\t\t<\/div>\n\t\t\t\t<div class=\"elementor-column elementor-col-66 elementor-top-column elementor-element elementor-element-105d3b7\" data-id=\"105d3b7\" data-element_type=\"column\" data-e-type=\"column\">\n\t\t\t<div class=\"elementor-widget-wrap elementor-element-populated\">\n\t\t\t\t\t\t<div class=\"elementor-element elementor-element-6cbcc72 elementor-widget elementor-widget-heading\" data-id=\"6cbcc72\" data-element_type=\"widget\" data-e-type=\"widget\" data-widget_type=\"heading.default\">\n\t\t\t\t\t<h2 class=\"elementor-heading-title elementor-size-default\">Programa Aluguel Social do Governo Federal.<\/h2>\t\t\t\t<\/div>\n\t\t\t\t<div class=\"elementor-element elementor-element-c6ce181 elementor-widget elementor-widget-text-editor\" data-id=\"c6ce181\" data-element_type=\"widget\" data-e-type=\"widget\" data-widget_type=\"text-editor.default\">\n\t\t\t\t\t\t\t\t\t<p>O\u00a0<strong>Social Rent<\/strong> \u00e9 um programa desenvolvido pelo Governo Federal para ajudar financeiramente fam\u00edlias com dificuldades financeiras.<\/p>\t\t\t\t\t\t\t\t<\/div>\n\t\t\t\t<div class=\"elementor-element elementor-element-52cc18f elementor-align-justify elementor-widget elementor-widget-button\" data-id=\"52cc18f\" data-element_type=\"widget\" data-e-type=\"widget\" data-widget_type=\"button.default\">\n\t\t\t\t\t\t\t\t\t\t<a class=\"elementor-button elementor-button-link elementor-size-sm\" href=\"https:\/\/www.noticiasfire.com.br\/en\/informacoes-sobre-o-programa-de-aluguel-social-do-governo-federal\/\">\n\t\t\t\t\t\t<span class=\"elementor-button-content-wrapper\">\n\t\t\t\t\t\t\t\t\t<span class=\"elementor-button-text\">CONHE\u00c7A O PROGRAMA<\/span>\n\t\t\t\t\t<\/span>\n\t\t\t\t\t<\/a>\n\t\t\t\t\t\t\t\t<\/div>\n\t\t\t\t\t<\/div>\n\t\t<\/div>\n\t\t\t\t\t<\/div>\n\t\t<\/section>\n\t\t\t\t<section class=\"elementor-section elementor-top-section elementor-element elementor-element-295c49e elementor-section-boxed elementor-section-height-default elementor-section-height-default\" data-id=\"295c49e\" data-element_type=\"section\" data-e-type=\"section\">\n\t\t\t\t\t\t<div class=\"elementor-container elementor-column-gap-default\">\n\t\t\t\t\t<div class=\"elementor-column elementor-col-100 elementor-top-column elementor-element elementor-element-8e15051\" data-id=\"8e15051\" data-element_type=\"column\" data-e-type=\"column\">\n\t\t\t<div class=\"elementor-widget-wrap elementor-element-populated\">\n\t\t\t\t\t\t<div class=\"elementor-element elementor-element-115d3c6 elementor-widget-divider--view-line elementor-widget elementor-widget-divider\" data-id=\"115d3c6\" data-element_type=\"widget\" data-e-type=\"widget\" data-widget_type=\"divider.default\">\n\t\t\t\t\t\t\t<div class=\"elementor-divider\">\n\t\t\t<span class=\"elementor-divider-separator\">\n\t\t\t\t\t\t<\/span>\n\t\t<\/div>\n\t\t\t\t\t\t<\/div>\n\t\t\t\t<div class=\"elementor-element elementor-element-1c2f3e9 elementor-widget elementor-widget-text-editor\" data-id=\"1c2f3e9\" data-element_type=\"widget\" data-e-type=\"widget\" data-widget_type=\"text-editor.default\">\n\t\t\t\t\t\t\t\t\t<h2>Conclusion<\/h2>\n<p>O <b>My House My Life Program<\/b> \u00e9 uma importante iniciativa do governo brasileiro para garantir o direito \u00e0 moradia digna para todas as fam\u00edlias do pa\u00eds. Se voc\u00ea se enquadra nos requisitos exigidos pelo programa, n\u00e3o perca a oportunidade de se inscrever nas prefeituras das cidades onde as unidades habitacionais ser\u00e3o constru\u00eddas e participar do sorteio para a aquisi\u00e7\u00e3o da casa pr\u00f3pria.<\/p>\t\t\t\t\t\t\t\t<\/div>\n\t\t\t\t\t<\/div>\n\t\t<\/div>\n\t\t\t\t\t<\/div>\n\t\t<\/section>\n\t\t\t\t<\/div>","protected":false},"excerpt":{"rendered":"<p>Conhe\u00e7a os requisitos para participa\u00e7\u00e3o no programa habitacional Minha Casa Minha Vida. Para participar do Programa Minha Casa Minha Vida, \u00e9 necess\u00e1rio atender a alguns requisitos, como ter uma renda familiar dentro das faixas exigidas pelo programa e possuir cadastro atualizado no Cadastro \u00danico para Programas Sociais do Governo Federal. Faixas de renda O programa &#8230; <a title=\"Como participar do Programa Minha Casa Minha Vida?\" class=\"read-more\" href=\"https:\/\/www.noticiasfire.com.br\/en\/como-participar-do-programa-minha-casa-minha-vida-2023\/\" aria-label=\"Read more about Como participar do Programa Minha Casa Minha Vida?\">Read more<\/a><\/p>","protected":false},"author":3,"featured_media":0,"comment_status":"open","ping_status":"open","sticky":false,"template":"","format":"standard","meta":{"footnotes":""},"categories":[44],"tags":[],"class_list":["post-15264","post","type-post","status-publish","format-standard","hentry","category-noticias"],"yoast_head":"<!-- This site is optimized with the Yoast SEO plugin v27.4 - https:\/\/yoast.com\/product\/yoast-seo-wordpress\/ -->\n<title>Como participar do Programa Minha Casa Minha Vida? -<\/title>\n<meta name=\"description\" content=\"Para participar do Programa Minha Casa Minha Vida 2023, \u00e9 necess\u00e1rio atender a alguns requisitos, como ter uma renda familiar dentro das...\" \/>\n<meta name=\"robots\" content=\"index, follow, max-snippet:-1, max-image-preview:large, max-video-preview:-1\" \/>\n<link rel=\"canonical\" href=\"https:\/\/www.noticiasfire.com.br\/en\/como-participar-do-programa-minha-casa-minha-vida-2023\/\" \/>\n<meta property=\"og:locale\" content=\"en_US\" \/>\n<meta property=\"og:type\" content=\"article\" \/>\n<meta property=\"og:title\" content=\"Como participar do Programa Minha Casa Minha Vida? -\" \/>\n<meta property=\"og:description\" content=\"Para participar do Programa Minha Casa Minha Vida 2023, \u00e9 necess\u00e1rio atender a alguns requisitos, como ter uma renda familiar dentro das...\" \/>\n<meta property=\"og:url\" content=\"https:\/\/www.noticiasfire.com.br\/en\/como-participar-do-programa-minha-casa-minha-vida-2023\/\" \/>\n<meta property=\"article:published_time\" content=\"2023-03-06T13:42:46+00:00\" \/>\n<meta property=\"og:image\" content=\"https:\/\/www.noticiasfire.com.br\/wp-content\/uploads\/2023\/03\/Programa-Minha-Casa-Minha-Vida.jpg-2-1-1.webp\" \/>\n<meta name=\"author\" content=\"Ivan\" \/>\n<meta name=\"twitter:card\" content=\"summary_large_image\" \/>\n<meta name=\"twitter:label1\" content=\"Written by\" \/>\n\t<meta name=\"twitter:data1\" content=\"Ivan\" \/>\n\t<meta name=\"twitter:label2\" content=\"Est. reading time\" \/>\n\t<meta name=\"twitter:data2\" content=\"4 minutes\" \/>\n<script type=\"application\/ld+json\" class=\"yoast-schema-graph\">{\"@context\":\"https:\\\/\\\/schema.org\",\"@graph\":[{\"@type\":\"Article\",\"@id\":\"https:\\\/\\\/www.noticiasfire.com.br\\\/como-participar-do-programa-minha-casa-minha-vida-2023\\\/#article\",\"isPartOf\":{\"@id\":\"https:\\\/\\\/www.noticiasfire.com.br\\\/como-participar-do-programa-minha-casa-minha-vida-2023\\\/\"},\"author\":{\"name\":\"Ivan\",\"@id\":\"https:\\\/\\\/www.noticiasfire.com.br\\\/#\\\/schema\\\/person\\\/6c064cf8d33f8b38900e936c385f48fd\"},\"headline\":\"Como participar do Programa Minha Casa Minha Vida?\",\"datePublished\":\"2023-03-06T13:42:46+00:00\",\"mainEntityOfPage\":{\"@id\":\"https:\\\/\\\/www.noticiasfire.com.br\\\/como-participar-do-programa-minha-casa-minha-vida-2023\\\/\"},\"wordCount\":633,\"commentCount\":0,\"publisher\":{\"@id\":\"https:\\\/\\\/www.noticiasfire.com.br\\\/#organization\"},\"image\":{\"@id\":\"https:\\\/\\\/www.noticiasfire.com.br\\\/como-participar-do-programa-minha-casa-minha-vida-2023\\\/#primaryimage\"},\"thumbnailUrl\":\"https:\\\/\\\/www.noticiasfire.com.br\\\/wp-content\\\/uploads\\\/2023\\\/03\\\/Programa-Minha-Casa-Minha-Vida.jpg-2-1-1.webp\",\"articleSection\":[\"NOT\u00cdCIAS\"],\"inLanguage\":\"en-US\",\"potentialAction\":[{\"@type\":\"CommentAction\",\"name\":\"Comment\",\"target\":[\"https:\\\/\\\/www.noticiasfire.com.br\\\/como-participar-do-programa-minha-casa-minha-vida-2023\\\/#respond\"]}]},{\"@type\":\"WebPage\",\"@id\":\"https:\\\/\\\/www.noticiasfire.com.br\\\/como-participar-do-programa-minha-casa-minha-vida-2023\\\/\",\"url\":\"https:\\\/\\\/www.noticiasfire.com.br\\\/como-participar-do-programa-minha-casa-minha-vida-2023\\\/\",\"name\":\"Como participar do Programa Minha Casa Minha Vida? -\",\"isPartOf\":{\"@id\":\"https:\\\/\\\/www.noticiasfire.com.br\\\/#website\"},\"primaryImageOfPage\":{\"@id\":\"https:\\\/\\\/www.noticiasfire.com.br\\\/como-participar-do-programa-minha-casa-minha-vida-2023\\\/#primaryimage\"},\"image\":{\"@id\":\"https:\\\/\\\/www.noticiasfire.com.br\\\/como-participar-do-programa-minha-casa-minha-vida-2023\\\/#primaryimage\"},\"thumbnailUrl\":\"https:\\\/\\\/www.noticiasfire.com.br\\\/wp-content\\\/uploads\\\/2023\\\/03\\\/Programa-Minha-Casa-Minha-Vida.jpg-2-1-1.webp\",\"datePublished\":\"2023-03-06T13:42:46+00:00\",\"description\":\"Para participar do Programa Minha Casa Minha Vida 2023, \u00e9 necess\u00e1rio atender a alguns requisitos, como ter uma renda familiar dentro das...\",\"breadcrumb\":{\"@id\":\"https:\\\/\\\/www.noticiasfire.com.br\\\/como-participar-do-programa-minha-casa-minha-vida-2023\\\/#breadcrumb\"},\"inLanguage\":\"en-US\",\"potentialAction\":[{\"@type\":\"ReadAction\",\"target\":[\"https:\\\/\\\/www.noticiasfire.com.br\\\/como-participar-do-programa-minha-casa-minha-vida-2023\\\/\"]}]},{\"@type\":\"ImageObject\",\"inLanguage\":\"en-US\",\"@id\":\"https:\\\/\\\/www.noticiasfire.com.br\\\/como-participar-do-programa-minha-casa-minha-vida-2023\\\/#primaryimage\",\"url\":\"https:\\\/\\\/www.noticiasfire.com.br\\\/wp-content\\\/uploads\\\/2023\\\/03\\\/Programa-Minha-Casa-Minha-Vida.jpg-2-1-1.webp\",\"contentUrl\":\"https:\\\/\\\/www.noticiasfire.com.br\\\/wp-content\\\/uploads\\\/2023\\\/03\\\/Programa-Minha-Casa-Minha-Vida.jpg-2-1-1.webp\"},{\"@type\":\"BreadcrumbList\",\"@id\":\"https:\\\/\\\/www.noticiasfire.com.br\\\/como-participar-do-programa-minha-casa-minha-vida-2023\\\/#breadcrumb\",\"itemListElement\":[{\"@type\":\"ListItem\",\"position\":1,\"name\":\"In\u00edcio\",\"item\":\"https:\\\/\\\/www.noticiasfire.com.br\\\/\"},{\"@type\":\"ListItem\",\"position\":2,\"name\":\"Como participar do Programa Minha Casa Minha Vida?\"}]},{\"@type\":\"WebSite\",\"@id\":\"https:\\\/\\\/www.noticiasfire.com.br\\\/#website\",\"url\":\"https:\\\/\\\/www.noticiasfire.com.br\\\/\",\"name\":\"NoticiasFire\",\"description\":\"\",\"publisher\":{\"@id\":\"https:\\\/\\\/www.noticiasfire.com.br\\\/#organization\"},\"potentialAction\":[{\"@type\":\"SearchAction\",\"target\":{\"@type\":\"EntryPoint\",\"urlTemplate\":\"https:\\\/\\\/www.noticiasfire.com.br\\\/?s={search_term_string}\"},\"query-input\":{\"@type\":\"PropertyValueSpecification\",\"valueRequired\":true,\"valueName\":\"search_term_string\"}}],\"inLanguage\":\"en-US\"},{\"@type\":\"Organization\",\"@id\":\"https:\\\/\\\/www.noticiasfire.com.br\\\/#organization\",\"name\":\"NoticiasFire\",\"url\":\"https:\\\/\\\/www.noticiasfire.com.br\\\/\",\"logo\":{\"@type\":\"ImageObject\",\"inLanguage\":\"en-US\",\"@id\":\"https:\\\/\\\/www.noticiasfire.com.br\\\/#\\\/schema\\\/logo\\\/image\\\/\",\"url\":\"https:\\\/\\\/www.noticiasfire.com.br\\\/wp-content\\\/uploads\\\/2025\\\/08\\\/cropped-Captura_de_Tela_2025-08-13_as_20.34.29__1_-removebg-preview.png\",\"contentUrl\":\"https:\\\/\\\/www.noticiasfire.com.br\\\/wp-content\\\/uploads\\\/2025\\\/08\\\/cropped-Captura_de_Tela_2025-08-13_as_20.34.29__1_-removebg-preview.png\",\"width\":748,\"height\":286,\"caption\":\"NoticiasFire\"},\"image\":{\"@id\":\"https:\\\/\\\/www.noticiasfire.com.br\\\/#\\\/schema\\\/logo\\\/image\\\/\"}},{\"@type\":\"Person\",\"@id\":\"https:\\\/\\\/www.noticiasfire.com.br\\\/#\\\/schema\\\/person\\\/6c064cf8d33f8b38900e936c385f48fd\",\"name\":\"Ivan\",\"image\":{\"@type\":\"ImageObject\",\"inLanguage\":\"en-US\",\"@id\":\"https:\\\/\\\/secure.gravatar.com\\\/avatar\\\/18077698a88c2ad528c924a301adab662f075719c95fb1dec6f0b51902ebf647?s=96&d=mm&r=g\",\"url\":\"https:\\\/\\\/secure.gravatar.com\\\/avatar\\\/18077698a88c2ad528c924a301adab662f075719c95fb1dec6f0b51902ebf647?s=96&d=mm&r=g\",\"contentUrl\":\"https:\\\/\\\/secure.gravatar.com\\\/avatar\\\/18077698a88c2ad528c924a301adab662f075719c95fb1dec6f0b51902ebf647?s=96&d=mm&r=g\",\"caption\":\"Ivan\"},\"url\":\"https:\\\/\\\/www.noticiasfire.com.br\\\/en\\\/author\\\/ivan\\\/\"}]}<\/script>\n<!-- \/ Yoast SEO plugin. -->","yoast_head_json":{"title":"Como participar do Programa Minha Casa Minha Vida? -","description":"Para participar do Programa Minha Casa Minha Vida 2023, \u00e9 necess\u00e1rio atender a alguns requisitos, como ter uma renda familiar dentro das...","robots":{"index":"index","follow":"follow","max-snippet":"max-snippet:-1","max-image-preview":"max-image-preview:large","max-video-preview":"max-video-preview:-1"},"canonical":"https:\/\/www.noticiasfire.com.br\/en\/como-participar-do-programa-minha-casa-minha-vida-2023\/","og_locale":"en_US","og_type":"article","og_title":"Como participar do Programa Minha Casa Minha Vida? -","og_description":"Para participar do Programa Minha Casa Minha Vida 2023, \u00e9 necess\u00e1rio atender a alguns requisitos, como ter uma renda familiar dentro das...","og_url":"https:\/\/www.noticiasfire.com.br\/en\/como-participar-do-programa-minha-casa-minha-vida-2023\/","article_published_time":"2023-03-06T13:42:46+00:00","og_image":[{"url":"https:\/\/www.noticiasfire.com.br\/wp-content\/uploads\/2023\/03\/Programa-Minha-Casa-Minha-Vida.jpg-2-1-1.webp","type":"","width":"","height":""}],"author":"Ivan","twitter_card":"summary_large_image","twitter_misc":{"Written by":"Ivan","Est. reading time":"4 minutes"},"schema":{"@context":"https:\/\/schema.org","@graph":[{"@type":"Article","@id":"https:\/\/www.noticiasfire.com.br\/como-participar-do-programa-minha-casa-minha-vida-2023\/#article","isPartOf":{"@id":"https:\/\/www.noticiasfire.com.br\/como-participar-do-programa-minha-casa-minha-vida-2023\/"},"author":{"name":"Ivan","@id":"https:\/\/www.noticiasfire.com.br\/#\/schema\/person\/6c064cf8d33f8b38900e936c385f48fd"},"headline":"Como participar do Programa Minha Casa Minha Vida?","datePublished":"2023-03-06T13:42:46+00:00","mainEntityOfPage":{"@id":"https:\/\/www.noticiasfire.com.br\/como-participar-do-programa-minha-casa-minha-vida-2023\/"},"wordCount":633,"commentCount":0,"publisher":{"@id":"https:\/\/www.noticiasfire.com.br\/#organization"},"image":{"@id":"https:\/\/www.noticiasfire.com.br\/como-participar-do-programa-minha-casa-minha-vida-2023\/#primaryimage"},"thumbnailUrl":"https:\/\/www.noticiasfire.com.br\/wp-content\/uploads\/2023\/03\/Programa-Minha-Casa-Minha-Vida.jpg-2-1-1.webp","articleSection":["NOT\u00cdCIAS"],"inLanguage":"en-US","potentialAction":[{"@type":"CommentAction","name":"Comment","target":["https:\/\/www.noticiasfire.com.br\/como-participar-do-programa-minha-casa-minha-vida-2023\/#respond"]}]},{"@type":"WebPage","@id":"https:\/\/www.noticiasfire.com.br\/como-participar-do-programa-minha-casa-minha-vida-2023\/","url":"https:\/\/www.noticiasfire.com.br\/como-participar-do-programa-minha-casa-minha-vida-2023\/","name":"Como participar do Programa Minha Casa Minha Vida? -","isPartOf":{"@id":"https:\/\/www.noticiasfire.com.br\/#website"},"primaryImageOfPage":{"@id":"https:\/\/www.noticiasfire.com.br\/como-participar-do-programa-minha-casa-minha-vida-2023\/#primaryimage"},"image":{"@id":"https:\/\/www.noticiasfire.com.br\/como-participar-do-programa-minha-casa-minha-vida-2023\/#primaryimage"},"thumbnailUrl":"https:\/\/www.noticiasfire.com.br\/wp-content\/uploads\/2023\/03\/Programa-Minha-Casa-Minha-Vida.jpg-2-1-1.webp","datePublished":"2023-03-06T13:42:46+00:00","description":"Para participar do Programa Minha Casa Minha Vida 2023, \u00e9 necess\u00e1rio atender a alguns requisitos, como ter uma renda familiar dentro das...","breadcrumb":{"@id":"https:\/\/www.noticiasfire.com.br\/como-participar-do-programa-minha-casa-minha-vida-2023\/#breadcrumb"},"inLanguage":"en-US","potentialAction":[{"@type":"ReadAction","target":["https:\/\/www.noticiasfire.com.br\/como-participar-do-programa-minha-casa-minha-vida-2023\/"]}]},{"@type":"ImageObject","inLanguage":"en-US","@id":"https:\/\/www.noticiasfire.com.br\/como-participar-do-programa-minha-casa-minha-vida-2023\/#primaryimage","url":"https:\/\/www.noticiasfire.com.br\/wp-content\/uploads\/2023\/03\/Programa-Minha-Casa-Minha-Vida.jpg-2-1-1.webp","contentUrl":"https:\/\/www.noticiasfire.com.br\/wp-content\/uploads\/2023\/03\/Programa-Minha-Casa-Minha-Vida.jpg-2-1-1.webp"},{"@type":"BreadcrumbList","@id":"https:\/\/www.noticiasfire.com.br\/como-participar-do-programa-minha-casa-minha-vida-2023\/#breadcrumb","itemListElement":[{"@type":"ListItem","position":1,"name":"In\u00edcio","item":"https:\/\/www.noticiasfire.com.br\/"},{"@type":"ListItem","position":2,"name":"Como participar do Programa Minha Casa Minha Vida?"}]},{"@type":"WebSite","@id":"https:\/\/www.noticiasfire.com.br\/#website","url":"https:\/\/www.noticiasfire.com.br\/","name":"NewsFire","description":"","publisher":{"@id":"https:\/\/www.noticiasfire.com.br\/#organization"},"potentialAction":[{"@type":"SearchAction","target":{"@type":"EntryPoint","urlTemplate":"https:\/\/www.noticiasfire.com.br\/?s={search_term_string}"},"query-input":{"@type":"PropertyValueSpecification","valueRequired":true,"valueName":"search_term_string"}}],"inLanguage":"en-US"},{"@type":"Organization","@id":"https:\/\/www.noticiasfire.com.br\/#organization","name":"NewsFire","url":"https:\/\/www.noticiasfire.com.br\/","logo":{"@type":"ImageObject","inLanguage":"en-US","@id":"https:\/\/www.noticiasfire.com.br\/#\/schema\/logo\/image\/","url":"https:\/\/www.noticiasfire.com.br\/wp-content\/uploads\/2025\/08\/cropped-Captura_de_Tela_2025-08-13_as_20.34.29__1_-removebg-preview.png","contentUrl":"https:\/\/www.noticiasfire.com.br\/wp-content\/uploads\/2025\/08\/cropped-Captura_de_Tela_2025-08-13_as_20.34.29__1_-removebg-preview.png","width":748,"height":286,"caption":"NoticiasFire"},"image":{"@id":"https:\/\/www.noticiasfire.com.br\/#\/schema\/logo\/image\/"}},{"@type":"Person","@id":"https:\/\/www.noticiasfire.com.br\/#\/schema\/person\/6c064cf8d33f8b38900e936c385f48fd","name":"Ivan","image":{"@type":"ImageObject","inLanguage":"en-US","@id":"https:\/\/secure.gravatar.com\/avatar\/18077698a88c2ad528c924a301adab662f075719c95fb1dec6f0b51902ebf647?s=96&d=mm&r=g","url":"https:\/\/secure.gravatar.com\/avatar\/18077698a88c2ad528c924a301adab662f075719c95fb1dec6f0b51902ebf647?s=96&d=mm&r=g","contentUrl":"https:\/\/secure.gravatar.com\/avatar\/18077698a88c2ad528c924a301adab662f075719c95fb1dec6f0b51902ebf647?s=96&d=mm&r=g","caption":"Ivan"},"url":"https:\/\/www.noticiasfire.com.br\/en\/author\/ivan\/"}]}},"_links":{"self":[{"href":"https:\/\/www.noticiasfire.com.br\/en\/wp-json\/wp\/v2\/posts\/15264","targetHints":{"allow":["GET"]}}],"collection":[{"href":"https:\/\/www.noticiasfire.com.br\/en\/wp-json\/wp\/v2\/posts"}],"about":[{"href":"https:\/\/www.noticiasfire.com.br\/en\/wp-json\/wp\/v2\/types\/post"}],"author":[{"embeddable":true,"href":"https:\/\/www.noticiasfire.com.br\/en\/wp-json\/wp\/v2\/users\/3"}],"replies":[{"embeddable":true,"href":"https:\/\/www.noticiasfire.com.br\/en\/wp-json\/wp\/v2\/comments?post=15264"}],"version-history":[{"count":0,"href":"https:\/\/www.noticiasfire.com.br\/en\/wp-json\/wp\/v2\/posts\/15264\/revisions"}],"wp:attachment":[{"href":"https:\/\/www.noticiasfire.com.br\/en\/wp-json\/wp\/v2\/media?parent=15264"}],"wp:term":[{"taxonomy":"category","embeddable":true,"href":"https:\/\/www.noticiasfire.com.br\/en\/wp-json\/wp\/v2\/categories?post=15264"},{"taxonomy":"post_tag","embeddable":true,"href":"https:\/\/www.noticiasfire.com.br\/en\/wp-json\/wp\/v2\/tags?post=15264"}],"curies":[{"name":"wp","href":"https:\/\/api.w.org\/{rel}","templated":true}]}}