{"id":21041,"date":"2023-11-09T09:11:50","date_gmt":"2023-11-09T12:11:50","guid":{"rendered":"https:\/\/www.noticiasfire.com.br\/?p=21041"},"modified":"2023-11-09T09:11:50","modified_gmt":"2023-11-09T12:11:50","slug":"descubra-se-voce-pode-solicitar-o-auxilio-brasil-2023","status":"publish","type":"post","link":"https:\/\/www.noticiasfire.com.br\/en\/descubra-se-voce-pode-solicitar-o-auxilio-brasil-2023\/","title":{"rendered":"Descubra se voc\u00ea pode solicitar o Aux\u00edlio Brasil 2023!\u00a0"},"content":{"rendered":"<div data-elementor-type=\"wp-post\" data-elementor-id=\"21041\" class=\"elementor elementor-21041\" data-elementor-post-type=\"post\">\n\t\t\t\t\t\t<section class=\"elementor-section elementor-top-section elementor-element elementor-element-3cf3d73 elementor-section-boxed elementor-section-height-default elementor-section-height-default\" data-id=\"3cf3d73\" data-element_type=\"section\" data-e-type=\"section\">\n\t\t\t\t\t\t<div class=\"elementor-container elementor-column-gap-default\">\n\t\t\t\t\t<div class=\"elementor-column elementor-col-100 elementor-top-column elementor-element elementor-element-46ff1c25\" data-id=\"46ff1c25\" data-element_type=\"column\" data-e-type=\"column\">\n\t\t\t<div class=\"elementor-widget-wrap elementor-element-populated\">\n\t\t\t\t\t\t<div class=\"elementor-element elementor-element-4441c29 elementor-widget elementor-widget-text-editor\" data-id=\"4441c29\" data-element_type=\"widget\" data-e-type=\"widget\" data-widget_type=\"text-editor.default\">\n\t\t\t\t\t\t\t\t\t\n<p>Embora tenha sido divulgado que o <strong>Aux\u00edlio Brasil 2023<\/strong> foi encerrado, a boa not\u00edcia \u00e9 que ele ainda est\u00e1 dispon\u00edvel! O atual governo (2023) decidiu reintegr\u00e1-lo sob o nome de Bolsa Fam\u00edlia.\u00a0<\/p>\n\n<p>Este programa proporciona um <strong>benef\u00edcio de R$ 600<\/strong> para pessoas com baixa renda.\u00a0<\/p>\n\n<p>Quer saber se voc\u00ea tem direito a receber esse aux\u00edlio? Ent\u00e3o, continue lendo este artigo!\u00a0<\/p>\n\n<h2 class=\"wp-block-heading\">Single Registry\u00a0<\/h2>\n\n<p>O Cadastro \u00danico para Programas Sociais do Governo Federal, tamb\u00e9m conhecido como<strong> Cad\u00danico<\/strong>, \u00e9 fundamental para solicitar o <strong>aux\u00edlio de R$ 600<\/strong>.<\/p>\n\n<p>Se voc\u00ea ainda n\u00e3o est\u00e1 cadastrado, \u00e9 importante faz\u00ea-lo o mais r\u00e1pido poss\u00edvel. Por meio desse cadastro, o governo verifica se voc\u00ea atende aos requisitos para receber o aux\u00edlio.\u00a0<\/p>\n\n<h2 class=\"wp-block-heading\">Documentos necess\u00e1rios para o Aux\u00edlio Brasil 2023\u00a0<\/h2>\n\n<p>Para se candidatar ao <strong>aux\u00edlio de R$ 600<\/strong>, \u00e9 preciso ter em m\u00e3os alguns documentos essenciais para o <strong>Brazil Aid<\/strong>:\u00a0<\/p>\n\n<p><strong>RG;\u00a0<\/strong><\/p>\n\n<p><strong>CPF;\u00a0<\/strong><\/p>\n\n<p><strong>Comprovante de resid\u00eancia;\u00a0<\/strong><\/p>\n\n<p><strong>Proof of income.\u00a0<\/strong><\/p>\n\n<p>Certifique-se de reunir todos esses documentos antes de iniciar o processo de candidatura.\u00a0<\/p>\n\n<h2 class=\"wp-block-heading\">Pobreza e Extrema Pobreza\u00a0<\/h2>\n\n<p>O benef\u00edcio foi concebido para auxiliar as pessoas mais vulner\u00e1veis, aquelas que enfrentam dificuldades financeiras. Se voc\u00ea est\u00e1 passando por essa situa\u00e7\u00e3o, n\u00e3o hesite em se candidatar ao aux\u00edlio. Lembre-se de que ele foi criado precisamente para ajudar pessoas como voc\u00ea.\u00a0<\/p>\n\n<h2 class=\"wp-block-heading\">Candidatura ao Aux\u00edlio\u00a0<\/h2>\n\n<p>O aux\u00edlio de R$ 600 pode fazer toda a diferen\u00e7a em sua vida. Se est\u00e1 enfrentando dificuldades financeiras, n\u00e3o hesite em se candidatar ao aux\u00edlio. Ele pode ser crucial para melhorar suas condi\u00e7\u00f5es de vida.\u00a0<\/p>\n\n<h2 class=\"wp-block-heading\">Acompanhamento da Candidatura\u00a0<\/h2>\n\n<p>Ap\u00f3s enviar sua candidatura, \u00e9 essencial acompanhar o status dela. Isso pode ser feito por meio do aplicativo do Cad\u00danico ou pelo site do Minist\u00e9rio da Cidadania. Acompanhar o cadastro \u00e9 fundamental para garantir que n\u00e3o ocorram erros ou problemas durante o processo.\u00a0<\/p>\n\n<h2 class=\"wp-block-heading\">Baixar o App\u00a0<\/h2>\n\n<p>Para se candidatar ao <strong>aux\u00edlio de R$ 600<\/strong>, \u00e9 necess\u00e1rio saber como baixar o <strong>aplicativo Aux\u00edlio Brasil<\/strong>. Busque por &#8220;<strong>Aux\u00edlio Brasil GovBR<\/strong>&#8221; na App Store ou na Play Store.<\/p>\n\n<p>Ap\u00f3s o download, preencha as informa\u00e7\u00f5es necess\u00e1rias e envie sua candidatura. Aproveite o momento e realize isso agora mesmo. Lembre-se de que quanto antes voc\u00ea se candidatar, maiores ser\u00e3o suas chances de receber o benef\u00edcio.\u00a0<\/p>\n\n<h2 class=\"wp-block-heading\">N\u00e3o Desanime\u00a0<\/h2>\n\n<p>Caso sua solicita\u00e7\u00e3o ao <strong>Aux\u00edlio Brasil 2023<\/strong> seja rejeitada, n\u00e3o desanime. \u00c9 poss\u00edvel contestar a decis\u00e3o e tentar novamente. Recorde-se de que o aux\u00edlio de R$ 600 foi criado para auxiliar pessoas em dificuldades financeiras, por isso \u00e9 crucial persistir e tentar novamente se a candidatura for recusada.\u00a0<\/p>\n\t\t\t\t\t\t\t\t<\/div>\n\t\t\t\t\t<\/div>\n\t\t<\/div>\n\t\t\t\t\t<\/div>\n\t\t<\/section>\n\t\t\t\t<section class=\"elementor-section elementor-top-section elementor-element elementor-element-9248584 elementor-section-boxed elementor-section-height-default elementor-section-height-default\" data-id=\"9248584\" data-element_type=\"section\" data-e-type=\"section\">\n\t\t\t\t\t\t<div class=\"elementor-container elementor-column-gap-default\">\n\t\t\t\t\t<div class=\"elementor-column elementor-col-100 elementor-top-column elementor-element elementor-element-cf26df4\" data-id=\"cf26df4\" data-element_type=\"column\" data-e-type=\"column\">\n\t\t\t<div class=\"elementor-widget-wrap elementor-element-populated\">\n\t\t\t\t\t\t<div class=\"elementor-element elementor-element-c1af7e8 elementor-align-center elementor-widget elementor-widget-button\" data-id=\"c1af7e8\" data-element_type=\"widget\" data-e-type=\"widget\" data-widget_type=\"button.default\">\n\t\t\t\t\t\t\t\t\t\t<a class=\"elementor-button elementor-button-link elementor-size-sm\" href=\"https:\/\/www.noticiasfire.com.br\/en\/auxilio-brasil-2023-bloqueado-compreenda-os-motivos-e-as-possiveis-solucoes\/?utm_source=facebook&#038;utm_medium=01&#038;utm_campaign=21046_facebook_auxiliobrasil_url02\">\n\t\t\t\t\t\t<span class=\"elementor-button-content-wrapper\">\n\t\t\t\t\t\t\t\t\t<span class=\"elementor-button-text\">AUX\u00cdLIO BRASIL BLOQUEADO? SAIBA COMO DESBLOQUEAR AGORA!<\/span>\n\t\t\t\t\t<\/span>\n\t\t\t\t\t<\/a>\n\t\t\t\t\t\t\t\t<\/div>\n\t\t\t\t\t<\/div>\n\t\t<\/div>\n\t\t\t\t\t<\/div>\n\t\t<\/section>\n\t\t\t\t<\/div>","protected":false},"excerpt":{"rendered":"<p>Embora tenha sido divulgado que o Aux\u00edlio Brasil 2023 foi encerrado, a boa not\u00edcia \u00e9 que ele ainda est\u00e1 dispon\u00edvel! O atual governo (2023) decidiu reintegr\u00e1-lo sob o nome de Bolsa Fam\u00edlia.\u00a0 Este programa proporciona um benef\u00edcio de R$ 600 para pessoas com baixa renda.\u00a0 Quer saber se voc\u00ea tem direito a receber esse aux\u00edlio? &#8230; <a title=\"Descubra se voc\u00ea pode solicitar o Aux\u00edlio Brasil 2023!\u00a0\" class=\"read-more\" href=\"https:\/\/www.noticiasfire.com.br\/en\/descubra-se-voce-pode-solicitar-o-auxilio-brasil-2023\/\" aria-label=\"Read more about Descubra se voc\u00ea pode solicitar o Aux\u00edlio Brasil 2023!\u00a0\">Read more<\/a><\/p>","protected":false},"author":3,"featured_media":30072,"comment_status":"open","ping_status":"open","sticky":false,"template":"","format":"standard","meta":{"footnotes":""},"categories":[44],"tags":[],"class_list":["post-21041","post","type-post","status-publish","format-standard","has-post-thumbnail","hentry","category-noticias"],"yoast_head":"<!-- This site is optimized with the Yoast SEO plugin v27.4 - https:\/\/yoast.com\/product\/yoast-seo-wordpress\/ -->\n<title>Descubra se voc\u00ea pode solicitar o Aux\u00edlio Brasil 2023!\u00a0 -<\/title>\n<meta name=\"robots\" content=\"index, follow, max-snippet:-1, max-image-preview:large, max-video-preview:-1\" \/>\n<link rel=\"canonical\" href=\"https:\/\/www.noticiasfire.com.br\/en\/descubra-se-voce-pode-solicitar-o-auxilio-brasil-2023\/\" \/>\n<meta property=\"og:locale\" content=\"en_US\" \/>\n<meta property=\"og:type\" content=\"article\" \/>\n<meta property=\"og:title\" content=\"Descubra se voc\u00ea pode solicitar o Aux\u00edlio Brasil 2023!\u00a0 -\" \/>\n<meta property=\"og:description\" content=\"Embora tenha sido divulgado que o Aux\u00edlio Brasil 2023 foi encerrado, a boa not\u00edcia \u00e9 que ele ainda est\u00e1 dispon\u00edvel! O atual governo (2023) decidiu reintegr\u00e1-lo sob o nome de Bolsa Fam\u00edlia.\u00a0 Este programa proporciona um benef\u00edcio de R$ 600 para pessoas com baixa renda.\u00a0 Quer saber se voc\u00ea tem direito a receber esse aux\u00edlio? ... Read more\" \/>\n<meta property=\"og:url\" content=\"https:\/\/www.noticiasfire.com.br\/en\/descubra-se-voce-pode-solicitar-o-auxilio-brasil-2023\/\" \/>\n<meta property=\"article:published_time\" content=\"2023-11-09T12:11:50+00:00\" \/>\n<meta property=\"og:image\" content=\"https:\/\/www.noticiasfire.com.br\/wp-content\/uploads\/2023\/11\/auxilio-brasil-bolsa-familia-696x464-1-2.jpg\" \/>\n\t<meta property=\"og:image:width\" content=\"696\" \/>\n\t<meta property=\"og:image:height\" content=\"464\" \/>\n\t<meta property=\"og:image:type\" content=\"image\/jpeg\" \/>\n<meta name=\"author\" content=\"Ivan\" \/>\n<meta name=\"twitter:card\" content=\"summary_large_image\" \/>\n<meta name=\"twitter:label1\" content=\"Written by\" \/>\n\t<meta name=\"twitter:data1\" content=\"Ivan\" \/>\n\t<meta name=\"twitter:label2\" content=\"Est. reading time\" \/>\n\t<meta name=\"twitter:data2\" content=\"3 minutes\" \/>\n<script type=\"application\/ld+json\" class=\"yoast-schema-graph\">{\"@context\":\"https:\\\/\\\/schema.org\",\"@graph\":[{\"@type\":\"Article\",\"@id\":\"https:\\\/\\\/www.noticiasfire.com.br\\\/descubra-se-voce-pode-solicitar-o-auxilio-brasil-2023\\\/#article\",\"isPartOf\":{\"@id\":\"https:\\\/\\\/www.noticiasfire.com.br\\\/descubra-se-voce-pode-solicitar-o-auxilio-brasil-2023\\\/\"},\"author\":{\"name\":\"Ivan\",\"@id\":\"https:\\\/\\\/www.noticiasfire.com.br\\\/#\\\/schema\\\/person\\\/6c064cf8d33f8b38900e936c385f48fd\"},\"headline\":\"Descubra se voc\u00ea pode solicitar o Aux\u00edlio Brasil 2023!\u00a0\",\"datePublished\":\"2023-11-09T12:11:50+00:00\",\"mainEntityOfPage\":{\"@id\":\"https:\\\/\\\/www.noticiasfire.com.br\\\/descubra-se-voce-pode-solicitar-o-auxilio-brasil-2023\\\/\"},\"wordCount\":458,\"commentCount\":0,\"publisher\":{\"@id\":\"https:\\\/\\\/www.noticiasfire.com.br\\\/#organization\"},\"image\":{\"@id\":\"https:\\\/\\\/www.noticiasfire.com.br\\\/descubra-se-voce-pode-solicitar-o-auxilio-brasil-2023\\\/#primaryimage\"},\"thumbnailUrl\":\"https:\\\/\\\/www.noticiasfire.com.br\\\/wp-content\\\/uploads\\\/2023\\\/11\\\/auxilio-brasil-bolsa-familia-696x464-1-2.jpg\",\"articleSection\":[\"NOT\u00cdCIAS\"],\"inLanguage\":\"en-US\",\"potentialAction\":[{\"@type\":\"CommentAction\",\"name\":\"Comment\",\"target\":[\"https:\\\/\\\/www.noticiasfire.com.br\\\/descubra-se-voce-pode-solicitar-o-auxilio-brasil-2023\\\/#respond\"]}]},{\"@type\":\"WebPage\",\"@id\":\"https:\\\/\\\/www.noticiasfire.com.br\\\/descubra-se-voce-pode-solicitar-o-auxilio-brasil-2023\\\/\",\"url\":\"https:\\\/\\\/www.noticiasfire.com.br\\\/descubra-se-voce-pode-solicitar-o-auxilio-brasil-2023\\\/\",\"name\":\"Descubra se voc\u00ea pode solicitar o Aux\u00edlio Brasil 2023!\u00a0 -\",\"isPartOf\":{\"@id\":\"https:\\\/\\\/www.noticiasfire.com.br\\\/#website\"},\"primaryImageOfPage\":{\"@id\":\"https:\\\/\\\/www.noticiasfire.com.br\\\/descubra-se-voce-pode-solicitar-o-auxilio-brasil-2023\\\/#primaryimage\"},\"image\":{\"@id\":\"https:\\\/\\\/www.noticiasfire.com.br\\\/descubra-se-voce-pode-solicitar-o-auxilio-brasil-2023\\\/#primaryimage\"},\"thumbnailUrl\":\"https:\\\/\\\/www.noticiasfire.com.br\\\/wp-content\\\/uploads\\\/2023\\\/11\\\/auxilio-brasil-bolsa-familia-696x464-1-2.jpg\",\"datePublished\":\"2023-11-09T12:11:50+00:00\",\"breadcrumb\":{\"@id\":\"https:\\\/\\\/www.noticiasfire.com.br\\\/descubra-se-voce-pode-solicitar-o-auxilio-brasil-2023\\\/#breadcrumb\"},\"inLanguage\":\"en-US\",\"potentialAction\":[{\"@type\":\"ReadAction\",\"target\":[\"https:\\\/\\\/www.noticiasfire.com.br\\\/descubra-se-voce-pode-solicitar-o-auxilio-brasil-2023\\\/\"]}]},{\"@type\":\"ImageObject\",\"inLanguage\":\"en-US\",\"@id\":\"https:\\\/\\\/www.noticiasfire.com.br\\\/descubra-se-voce-pode-solicitar-o-auxilio-brasil-2023\\\/#primaryimage\",\"url\":\"https:\\\/\\\/www.noticiasfire.com.br\\\/wp-content\\\/uploads\\\/2023\\\/11\\\/auxilio-brasil-bolsa-familia-696x464-1-2.jpg\",\"contentUrl\":\"https:\\\/\\\/www.noticiasfire.com.br\\\/wp-content\\\/uploads\\\/2023\\\/11\\\/auxilio-brasil-bolsa-familia-696x464-1-2.jpg\",\"width\":696,\"height\":464,\"caption\":\"Aux\u00edlio Brasil 2023 (imagem Google)\"},{\"@type\":\"BreadcrumbList\",\"@id\":\"https:\\\/\\\/www.noticiasfire.com.br\\\/descubra-se-voce-pode-solicitar-o-auxilio-brasil-2023\\\/#breadcrumb\",\"itemListElement\":[{\"@type\":\"ListItem\",\"position\":1,\"name\":\"In\u00edcio\",\"item\":\"https:\\\/\\\/www.noticiasfire.com.br\\\/\"},{\"@type\":\"ListItem\",\"position\":2,\"name\":\"Descubra se voc\u00ea pode solicitar o Aux\u00edlio Brasil 2023!\u00a0\"}]},{\"@type\":\"WebSite\",\"@id\":\"https:\\\/\\\/www.noticiasfire.com.br\\\/#website\",\"url\":\"https:\\\/\\\/www.noticiasfire.com.br\\\/\",\"name\":\"NoticiasFire\",\"description\":\"\",\"publisher\":{\"@id\":\"https:\\\/\\\/www.noticiasfire.com.br\\\/#organization\"},\"potentialAction\":[{\"@type\":\"SearchAction\",\"target\":{\"@type\":\"EntryPoint\",\"urlTemplate\":\"https:\\\/\\\/www.noticiasfire.com.br\\\/?s={search_term_string}\"},\"query-input\":{\"@type\":\"PropertyValueSpecification\",\"valueRequired\":true,\"valueName\":\"search_term_string\"}}],\"inLanguage\":\"en-US\"},{\"@type\":\"Organization\",\"@id\":\"https:\\\/\\\/www.noticiasfire.com.br\\\/#organization\",\"name\":\"NoticiasFire\",\"url\":\"https:\\\/\\\/www.noticiasfire.com.br\\\/\",\"logo\":{\"@type\":\"ImageObject\",\"inLanguage\":\"en-US\",\"@id\":\"https:\\\/\\\/www.noticiasfire.com.br\\\/#\\\/schema\\\/logo\\\/image\\\/\",\"url\":\"https:\\\/\\\/www.noticiasfire.com.br\\\/wp-content\\\/uploads\\\/2025\\\/08\\\/cropped-Captura_de_Tela_2025-08-13_as_20.34.29__1_-removebg-preview.png\",\"contentUrl\":\"https:\\\/\\\/www.noticiasfire.com.br\\\/wp-content\\\/uploads\\\/2025\\\/08\\\/cropped-Captura_de_Tela_2025-08-13_as_20.34.29__1_-removebg-preview.png\",\"width\":748,\"height\":286,\"caption\":\"NoticiasFire\"},\"image\":{\"@id\":\"https:\\\/\\\/www.noticiasfire.com.br\\\/#\\\/schema\\\/logo\\\/image\\\/\"}},{\"@type\":\"Person\",\"@id\":\"https:\\\/\\\/www.noticiasfire.com.br\\\/#\\\/schema\\\/person\\\/6c064cf8d33f8b38900e936c385f48fd\",\"name\":\"Ivan\",\"image\":{\"@type\":\"ImageObject\",\"inLanguage\":\"en-US\",\"@id\":\"https:\\\/\\\/secure.gravatar.com\\\/avatar\\\/18077698a88c2ad528c924a301adab662f075719c95fb1dec6f0b51902ebf647?s=96&d=mm&r=g\",\"url\":\"https:\\\/\\\/secure.gravatar.com\\\/avatar\\\/18077698a88c2ad528c924a301adab662f075719c95fb1dec6f0b51902ebf647?s=96&d=mm&r=g\",\"contentUrl\":\"https:\\\/\\\/secure.gravatar.com\\\/avatar\\\/18077698a88c2ad528c924a301adab662f075719c95fb1dec6f0b51902ebf647?s=96&d=mm&r=g\",\"caption\":\"Ivan\"},\"url\":\"https:\\\/\\\/www.noticiasfire.com.br\\\/en\\\/author\\\/ivan\\\/\"}]}<\/script>\n<!-- \/ Yoast SEO plugin. -->","yoast_head_json":{"title":"Descubra se voc\u00ea pode solicitar o Aux\u00edlio Brasil 2023!\u00a0 -","robots":{"index":"index","follow":"follow","max-snippet":"max-snippet:-1","max-image-preview":"max-image-preview:large","max-video-preview":"max-video-preview:-1"},"canonical":"https:\/\/www.noticiasfire.com.br\/en\/descubra-se-voce-pode-solicitar-o-auxilio-brasil-2023\/","og_locale":"en_US","og_type":"article","og_title":"Descubra se voc\u00ea pode solicitar o Aux\u00edlio Brasil 2023!\u00a0 -","og_description":"Embora tenha sido divulgado que o Aux\u00edlio Brasil 2023 foi encerrado, a boa not\u00edcia \u00e9 que ele ainda est\u00e1 dispon\u00edvel! O atual governo (2023) decidiu reintegr\u00e1-lo sob o nome de Bolsa Fam\u00edlia.\u00a0 Este programa proporciona um benef\u00edcio de R$ 600 para pessoas com baixa renda.\u00a0 Quer saber se voc\u00ea tem direito a receber esse aux\u00edlio? ... Read more","og_url":"https:\/\/www.noticiasfire.com.br\/en\/descubra-se-voce-pode-solicitar-o-auxilio-brasil-2023\/","article_published_time":"2023-11-09T12:11:50+00:00","og_image":[{"width":696,"height":464,"url":"https:\/\/www.noticiasfire.com.br\/wp-content\/uploads\/2023\/11\/auxilio-brasil-bolsa-familia-696x464-1-2.jpg","type":"image\/jpeg"}],"author":"Ivan","twitter_card":"summary_large_image","twitter_misc":{"Written by":"Ivan","Est. reading time":"3 minutes"},"schema":{"@context":"https:\/\/schema.org","@graph":[{"@type":"Article","@id":"https:\/\/www.noticiasfire.com.br\/descubra-se-voce-pode-solicitar-o-auxilio-brasil-2023\/#article","isPartOf":{"@id":"https:\/\/www.noticiasfire.com.br\/descubra-se-voce-pode-solicitar-o-auxilio-brasil-2023\/"},"author":{"name":"Ivan","@id":"https:\/\/www.noticiasfire.com.br\/#\/schema\/person\/6c064cf8d33f8b38900e936c385f48fd"},"headline":"Descubra se voc\u00ea pode solicitar o Aux\u00edlio Brasil 2023!\u00a0","datePublished":"2023-11-09T12:11:50+00:00","mainEntityOfPage":{"@id":"https:\/\/www.noticiasfire.com.br\/descubra-se-voce-pode-solicitar-o-auxilio-brasil-2023\/"},"wordCount":458,"commentCount":0,"publisher":{"@id":"https:\/\/www.noticiasfire.com.br\/#organization"},"image":{"@id":"https:\/\/www.noticiasfire.com.br\/descubra-se-voce-pode-solicitar-o-auxilio-brasil-2023\/#primaryimage"},"thumbnailUrl":"https:\/\/www.noticiasfire.com.br\/wp-content\/uploads\/2023\/11\/auxilio-brasil-bolsa-familia-696x464-1-2.jpg","articleSection":["NOT\u00cdCIAS"],"inLanguage":"en-US","potentialAction":[{"@type":"CommentAction","name":"Comment","target":["https:\/\/www.noticiasfire.com.br\/descubra-se-voce-pode-solicitar-o-auxilio-brasil-2023\/#respond"]}]},{"@type":"WebPage","@id":"https:\/\/www.noticiasfire.com.br\/descubra-se-voce-pode-solicitar-o-auxilio-brasil-2023\/","url":"https:\/\/www.noticiasfire.com.br\/descubra-se-voce-pode-solicitar-o-auxilio-brasil-2023\/","name":"Descubra se voc\u00ea pode solicitar o Aux\u00edlio Brasil 2023!\u00a0 -","isPartOf":{"@id":"https:\/\/www.noticiasfire.com.br\/#website"},"primaryImageOfPage":{"@id":"https:\/\/www.noticiasfire.com.br\/descubra-se-voce-pode-solicitar-o-auxilio-brasil-2023\/#primaryimage"},"image":{"@id":"https:\/\/www.noticiasfire.com.br\/descubra-se-voce-pode-solicitar-o-auxilio-brasil-2023\/#primaryimage"},"thumbnailUrl":"https:\/\/www.noticiasfire.com.br\/wp-content\/uploads\/2023\/11\/auxilio-brasil-bolsa-familia-696x464-1-2.jpg","datePublished":"2023-11-09T12:11:50+00:00","breadcrumb":{"@id":"https:\/\/www.noticiasfire.com.br\/descubra-se-voce-pode-solicitar-o-auxilio-brasil-2023\/#breadcrumb"},"inLanguage":"en-US","potentialAction":[{"@type":"ReadAction","target":["https:\/\/www.noticiasfire.com.br\/descubra-se-voce-pode-solicitar-o-auxilio-brasil-2023\/"]}]},{"@type":"ImageObject","inLanguage":"en-US","@id":"https:\/\/www.noticiasfire.com.br\/descubra-se-voce-pode-solicitar-o-auxilio-brasil-2023\/#primaryimage","url":"https:\/\/www.noticiasfire.com.br\/wp-content\/uploads\/2023\/11\/auxilio-brasil-bolsa-familia-696x464-1-2.jpg","contentUrl":"https:\/\/www.noticiasfire.com.br\/wp-content\/uploads\/2023\/11\/auxilio-brasil-bolsa-familia-696x464-1-2.jpg","width":696,"height":464,"caption":"Aux\u00edlio Brasil 2023 (imagem Google)"},{"@type":"BreadcrumbList","@id":"https:\/\/www.noticiasfire.com.br\/descubra-se-voce-pode-solicitar-o-auxilio-brasil-2023\/#breadcrumb","itemListElement":[{"@type":"ListItem","position":1,"name":"In\u00edcio","item":"https:\/\/www.noticiasfire.com.br\/"},{"@type":"ListItem","position":2,"name":"Descubra se voc\u00ea pode solicitar o Aux\u00edlio Brasil 2023!\u00a0"}]},{"@type":"WebSite","@id":"https:\/\/www.noticiasfire.com.br\/#website","url":"https:\/\/www.noticiasfire.com.br\/","name":"NewsFire","description":"","publisher":{"@id":"https:\/\/www.noticiasfire.com.br\/#organization"},"potentialAction":[{"@type":"SearchAction","target":{"@type":"EntryPoint","urlTemplate":"https:\/\/www.noticiasfire.com.br\/?s={search_term_string}"},"query-input":{"@type":"PropertyValueSpecification","valueRequired":true,"valueName":"search_term_string"}}],"inLanguage":"en-US"},{"@type":"Organization","@id":"https:\/\/www.noticiasfire.com.br\/#organization","name":"NewsFire","url":"https:\/\/www.noticiasfire.com.br\/","logo":{"@type":"ImageObject","inLanguage":"en-US","@id":"https:\/\/www.noticiasfire.com.br\/#\/schema\/logo\/image\/","url":"https:\/\/www.noticiasfire.com.br\/wp-content\/uploads\/2025\/08\/cropped-Captura_de_Tela_2025-08-13_as_20.34.29__1_-removebg-preview.png","contentUrl":"https:\/\/www.noticiasfire.com.br\/wp-content\/uploads\/2025\/08\/cropped-Captura_de_Tela_2025-08-13_as_20.34.29__1_-removebg-preview.png","width":748,"height":286,"caption":"NoticiasFire"},"image":{"@id":"https:\/\/www.noticiasfire.com.br\/#\/schema\/logo\/image\/"}},{"@type":"Person","@id":"https:\/\/www.noticiasfire.com.br\/#\/schema\/person\/6c064cf8d33f8b38900e936c385f48fd","name":"Ivan","image":{"@type":"ImageObject","inLanguage":"en-US","@id":"https:\/\/secure.gravatar.com\/avatar\/18077698a88c2ad528c924a301adab662f075719c95fb1dec6f0b51902ebf647?s=96&d=mm&r=g","url":"https:\/\/secure.gravatar.com\/avatar\/18077698a88c2ad528c924a301adab662f075719c95fb1dec6f0b51902ebf647?s=96&d=mm&r=g","contentUrl":"https:\/\/secure.gravatar.com\/avatar\/18077698a88c2ad528c924a301adab662f075719c95fb1dec6f0b51902ebf647?s=96&d=mm&r=g","caption":"Ivan"},"url":"https:\/\/www.noticiasfire.com.br\/en\/author\/ivan\/"}]}},"_links":{"self":[{"href":"https:\/\/www.noticiasfire.com.br\/en\/wp-json\/wp\/v2\/posts\/21041","targetHints":{"allow":["GET"]}}],"collection":[{"href":"https:\/\/www.noticiasfire.com.br\/en\/wp-json\/wp\/v2\/posts"}],"about":[{"href":"https:\/\/www.noticiasfire.com.br\/en\/wp-json\/wp\/v2\/types\/post"}],"author":[{"embeddable":true,"href":"https:\/\/www.noticiasfire.com.br\/en\/wp-json\/wp\/v2\/users\/3"}],"replies":[{"embeddable":true,"href":"https:\/\/www.noticiasfire.com.br\/en\/wp-json\/wp\/v2\/comments?post=21041"}],"version-history":[{"count":0,"href":"https:\/\/www.noticiasfire.com.br\/en\/wp-json\/wp\/v2\/posts\/21041\/revisions"}],"wp:featuredmedia":[{"embeddable":true,"href":"https:\/\/www.noticiasfire.com.br\/en\/wp-json\/wp\/v2\/media\/30072"}],"wp:attachment":[{"href":"https:\/\/www.noticiasfire.com.br\/en\/wp-json\/wp\/v2\/media?parent=21041"}],"wp:term":[{"taxonomy":"category","embeddable":true,"href":"https:\/\/www.noticiasfire.com.br\/en\/wp-json\/wp\/v2\/categories?post=21041"},{"taxonomy":"post_tag","embeddable":true,"href":"https:\/\/www.noticiasfire.com.br\/en\/wp-json\/wp\/v2\/tags?post=21041"}],"curies":[{"name":"wp","href":"https:\/\/api.w.org\/{rel}","templated":true}]}}