{"id":21046,"date":"2023-11-09T09:34:45","date_gmt":"2023-11-09T12:34:45","guid":{"rendered":"https:\/\/www.noticiasfire.com.br\/?p=21046"},"modified":"2023-11-09T09:34:45","modified_gmt":"2023-11-09T12:34:45","slug":"auxilio-brasil-2023-bloqueado-compreenda-os-motivos-e-as-possiveis-solucoes","status":"publish","type":"post","link":"https:\/\/www.noticiasfire.com.br\/en\/auxilio-brasil-2023-bloqueado-compreenda-os-motivos-e-as-possiveis-solucoes\/","title":{"rendered":"Aux\u00edlio Brasil 2023 bloqueado? Compreenda os motivos e as poss\u00edveis solu\u00e7\u00f5es.\u00a0"},"content":{"rendered":"<div data-elementor-type=\"wp-post\" data-elementor-id=\"21046\" class=\"elementor elementor-21046\" data-elementor-post-type=\"post\">\n\t\t\t\t\t\t<section class=\"elementor-section elementor-top-section elementor-element elementor-element-1dae054 elementor-section-boxed elementor-section-height-default elementor-section-height-default\" data-id=\"1dae054\" data-element_type=\"section\" data-e-type=\"section\">\n\t\t\t\t\t\t<div class=\"elementor-container elementor-column-gap-default\">\n\t\t\t\t\t<div class=\"elementor-column elementor-col-100 elementor-top-column elementor-element elementor-element-72ccb034\" data-id=\"72ccb034\" data-element_type=\"column\" data-e-type=\"column\">\n\t\t\t<div class=\"elementor-widget-wrap elementor-element-populated\">\n\t\t\t\t\t\t<div class=\"elementor-element elementor-element-2a5fb5d1 elementor-widget elementor-widget-text-editor\" data-id=\"2a5fb5d1\" data-element_type=\"widget\" data-e-type=\"widget\" data-widget_type=\"text-editor.default\">\n\t\t\t\t\t\t\t\t\t\n<p>Desde o seu lan\u00e7amento, o <strong>Aux\u00edlio Brasil 2023<\/strong> tem sido um programa social crucial no Brasil, proporcionando suporte financeiro a fam\u00edlias em situa\u00e7\u00e3o de vulnerabilidade.\u00a0<\/p>\n\n\n\n<p>No entanto, \u00e9 comum que algumas pessoas tenham seus benef\u00edcios temporariamente bloqueados, e at\u00e9 mesmo de forma definitiva.&nbsp;<\/p>\n\n\n\n<p>Acompanhe conosco e compreenda o que fazer quando seu Aux\u00edlio Brasil estiver bloqueado.&nbsp;<\/p>\n\n\n\n<h2 class=\"wp-block-heading\">O que \u00e9 o Aux\u00edlio Brasil?\u00a0<\/h2>\n\n\n\n<p>O <strong>Aux\u00edlio Brasil 2023<\/strong> \u00e9 um programa social destinado a assegurar uma renda m\u00ednima para fam\u00edlias em situa\u00e7\u00e3o de extrema pobreza e pobreza no Brasil.\u00a0<\/p>\n\n\n\n<p>Substituindo o antigo Bolsa Fam\u00edlia, o Aux\u00edlio Brasil concede benef\u00edcios financeiros mensais conforme o perfil de cada fam\u00edlia, considerando o n\u00famero de membros e a renda per capita.&nbsp;<\/p>\n\n\n\n<h2 class=\"wp-block-heading\">Motivos para o bloqueio do Aux\u00edlio Brasil\u00a0<\/h2>\n\n\n\n<p>Sim, diversos motivos podem levar ao bloqueio do <strong>Aux\u00edlio Brasil 2023<\/strong>.\u00a0<\/p>\n\n\n\n<p>\u00c9 importante destacar que o bloqueio n\u00e3o ocorre de maneira aleat\u00f3ria, mas sim em situa\u00e7\u00f5es espec\u00edficas que podem comprometer a elegibilidade do benefici\u00e1rio. Abaixo, elencamos alguns dos motivos mais comuns:&nbsp;<\/p>\n\n\n\n<h2 class=\"wp-block-heading\">Atualiza\u00e7\u00e3o cadastral n\u00e3o realizada\u00a0<\/h2>\n\n\n\n<p>Um dos principais motivos para o bloqueio do <strong>Brazil Aid<\/strong> \u00e9 a aus\u00eancia de atualiza\u00e7\u00e3o cadastral.\u00a0<\/p>\n\n\n\n<p>\u00c9 crucial que os benefici\u00e1rios mantenham seus dados atualizados no Cadastro \u00danico (Cad\u00danico), plataforma que centraliza as informa\u00e7\u00f5es das fam\u00edlias em programas sociais. Se a atualiza\u00e7\u00e3o n\u00e3o for realizada nos prazos estipulados, o benef\u00edcio pode ser bloqueado.&nbsp;<\/p>\n\n\n\n<h2 class=\"wp-block-heading\">Renda familiar acima do limite estabelecido\u00a0<\/h2>\n\n\n\n<p><strong>O Aux\u00edlio Brasil 2023<\/strong> destina-se a fam\u00edlias em situa\u00e7\u00e3o de vulnerabilidade, com renda per capita at\u00e9 um determinado valor. Caso a renda familiar exceda esse limite, \u00e9 poss\u00edvel que o benef\u00edcio seja bloqueado.\u00a0<\/p>\n\n\n\n<p>\u00c9 crucial que as fam\u00edlias informem corretamente sua renda no momento do cadastro e atualizem essas informa\u00e7\u00f5es sempre que houver mudan\u00e7as.&nbsp;<\/p>\n\n\n\n<h2 class=\"wp-block-heading\">Descumprimento de condicionalidades\u00a0<\/h2>\n\n\n\n<p>O <strong>Brazil Aid<\/strong> tamb\u00e9m est\u00e1 sujeito a condicionalidades, requisitos estabelecidos para que as fam\u00edlias continuem recebendo o benef\u00edcio.\u00a0<\/p>\n\n\n\n<p>Essas condicionalidades podem incluir a frequ\u00eancia escolar das crian\u00e7as, o acompanhamento de sa\u00fade e a participa\u00e7\u00e3o em programas de assist\u00eancia social. Se as condi\u00e7\u00f5es n\u00e3o forem atendidas, o benef\u00edcio pode ser cancelado ou bloqueado.&nbsp;<\/p>\n\n\n\n<h2 class=\"wp-block-heading\">Solu\u00e7\u00f5es para desbloquear o Aux\u00edlio Brasil\u00a0<\/h2>\n\n\n\n<p>Se o <strong>Aux\u00edlio Brasil 2023 <\/strong>foi bloqueado, h\u00e1 algumas medidas que podem ser adotadas para regularizar. <strong>Veja a seguir<\/strong>:\u00a0<\/p>\n\n\n\n<h2 class=\"wp-block-heading\">Atualize seu cadastro no Cad\u00danico\u00a0<\/h2>\n\n\n\n<p>Se o bloqueio se deu devido \u00e0 aus\u00eancia de atualiza\u00e7\u00e3o cadastral, a recomenda\u00e7\u00e3o \u00e9 proceder com a atualiza\u00e7\u00e3o o mais prontamente poss\u00edvel. &nbsp;<\/p>\n\n\n\n<p>Entre em contato com o Centro de Refer\u00eancia de Assist\u00eancia Social (<strong>CRAS<\/strong>) de seu munic\u00edpio ou acesse o site oficial do <strong>Cad\u00danico <\/strong>para efetuar a atualiza\u00e7\u00e3o.\u00a0<\/p>\n\n\n\n<p>Certifique-se de ter em m\u00e3os os documentos necess\u00e1rios e agende um hor\u00e1rio para comparecer pessoalmente, ou utilize os recursos digitais disponibilizados pelo \u00f3rg\u00e3o respons\u00e1vel.&nbsp;<\/p>\n\n\n\n<h2 class=\"wp-block-heading\">Verifique sua renda familiar\u00a0<\/h2>\n\n\n\n<p>Se o bloqueio ocorreu devido \u00e0 renda familiar ultrapassar o limite estabelecido, \u00e9 importante revisar a situa\u00e7\u00e3o financeira da fam\u00edlia. Garanta que as informa\u00e7\u00f5es fornecidas estejam atualizadas e precisas.&nbsp;<\/p>\n\n\n\n<p>Se houver qualquer altera\u00e7\u00e3o na renda, informe imediatamente para evitar erros. Lembre-se de que a transpar\u00eancia \u00e9 fundamental para garantir a manuten\u00e7\u00e3o do benef\u00edcio.&nbsp;<\/p>\n\n\n\n<h2 class=\"wp-block-heading\">Cumpra as condicionalidades exigidas\u00a0<\/h2>\n\n\n\n<p>Se o bloqueio do <strong>Aux\u00edlio Brasil 2023 <\/strong>aconteceu por descumprimento das condicionalidades, \u00e9 necess\u00e1rio tomar as provid\u00eancias necess\u00e1rias para regularizar a situa\u00e7\u00e3o.\u00a0<\/p>\n\n\n\n<p>Confira quais condicionalidades se aplicam \u00e0 sua fam\u00edlia e esforce-se para atender aos requisitos estabelecidos. Isso pode incluir a frequ\u00eancia escolar das crian\u00e7as, o comparecimento \u00e0s consultas m\u00e9dicas e o envolvimento em programas sociais.&nbsp;<\/p>\n\n\n\n<p>Busque os \u00f3rg\u00e3os respons\u00e1veis para obter orienta\u00e7\u00f5es sobre como regularizar a situa\u00e7\u00e3o.&nbsp;<\/p>\n\n\n\n<h2 class=\"wp-block-heading\">Entre em contato com os \u00f3rg\u00e3os respons\u00e1veis\u00a0<\/h2>\n\n\n\n<p>Se, mesmo ap\u00f3s investigar as poss\u00edveis raz\u00f5es para o bloqueio do <strong>Brazil Aid<\/strong>, voc\u00ea n\u00e3o conseguir identificar a causa, \u00e9 aconselh\u00e1vel entrar em contato com os \u00f3rg\u00e3os respons\u00e1veis pelo programa.\u00a0<\/p>\n\n\n\n<p>Busque o Minist\u00e9rio da Cidadania, a Caixa Econ\u00f4mica Federal ou o \u00f3rg\u00e3o encarregado da gest\u00e3o do Aux\u00edlio Brasil 2023 em sua regi\u00e3o. Detalhe a situa\u00e7\u00e3o e solicite informa\u00e7\u00f5es sobre o motivo do bloqueio, bem como as medidas necess\u00e1rias para regulariza\u00e7\u00e3o.&nbsp;<\/p>\n\n\n\n<p>O <strong>Brazil Aid<\/strong> \u00e9 um programa essencial de apoio social no Brasil, embora seja comum ocorrerem bloqueios tempor\u00e1rios ou definitivos nos benef\u00edcios.\u00a0<\/p>\n\n\n\n<p>\u00c9 crucial compreender as raz\u00f5es pelas quais isso pode ocorrer e buscar as solu\u00e7\u00f5es adequadas para regularizar a situa\u00e7\u00e3o.&nbsp;<\/p>\n\n\n\n<p>Mantenha seus dados atualizados, verifique sua <strong>renda familiar<\/strong>, cumpra as condicionalidades exigidas e, caso necess\u00e1rio, entre em contato com os \u00f3rg\u00e3os respons\u00e1veis para obter orienta\u00e7\u00f5es espec\u00edficas.\u00a0<\/p>\n\n\n\n<p>Assim, voc\u00ea estar\u00e1 mais preparado para lidar com poss\u00edveis bloqueios e garantir o acesso cont\u00ednuo e regular ao Aux\u00edlio Brasil.&nbsp;<\/p>\n\t\t\t\t\t\t\t\t<\/div>\n\t\t\t\t\t<\/div>\n\t\t<\/div>\n\t\t\t\t\t<\/div>\n\t\t<\/section>\n\t\t\t\t<\/div>","protected":false},"excerpt":{"rendered":"<p>Desde o seu lan\u00e7amento, o Aux\u00edlio Brasil 2023 tem sido um programa social crucial no Brasil, proporcionando suporte financeiro a fam\u00edlias em situa\u00e7\u00e3o de vulnerabilidade.\u00a0 No entanto, \u00e9 comum que algumas pessoas tenham seus benef\u00edcios temporariamente bloqueados, e at\u00e9 mesmo de forma definitiva.&nbsp; Acompanhe conosco e compreenda o que fazer quando seu Aux\u00edlio Brasil estiver &#8230; <a title=\"Aux\u00edlio Brasil 2023 bloqueado? Compreenda os motivos e as poss\u00edveis solu\u00e7\u00f5es.\u00a0\" class=\"read-more\" href=\"https:\/\/www.noticiasfire.com.br\/en\/auxilio-brasil-2023-bloqueado-compreenda-os-motivos-e-as-possiveis-solucoes\/\" aria-label=\"Read more about Aux\u00edlio Brasil 2023 bloqueado? Compreenda os motivos e as poss\u00edveis solu\u00e7\u00f5es.\u00a0\">Read more<\/a><\/p>","protected":false},"author":3,"featured_media":30066,"comment_status":"open","ping_status":"open","sticky":false,"template":"","format":"standard","meta":{"footnotes":""},"categories":[44],"tags":[],"class_list":["post-21046","post","type-post","status-publish","format-standard","has-post-thumbnail","hentry","category-noticias"],"yoast_head":"<!-- This site is optimized with the Yoast SEO plugin v27.4 - https:\/\/yoast.com\/product\/yoast-seo-wordpress\/ -->\n<title>Aux\u00edlio Brasil 2023 bloqueado? Compreenda os motivos e as poss\u00edveis solu\u00e7\u00f5es.\u00a0 -<\/title>\n<meta name=\"robots\" content=\"index, follow, max-snippet:-1, max-image-preview:large, max-video-preview:-1\" \/>\n<link rel=\"canonical\" href=\"https:\/\/www.noticiasfire.com.br\/en\/auxilio-brasil-2023-bloqueado-compreenda-os-motivos-e-as-possiveis-solucoes\/\" \/>\n<meta property=\"og:locale\" content=\"en_US\" \/>\n<meta property=\"og:type\" content=\"article\" \/>\n<meta property=\"og:title\" content=\"Aux\u00edlio Brasil 2023 bloqueado? Compreenda os motivos e as poss\u00edveis solu\u00e7\u00f5es.\u00a0 -\" \/>\n<meta property=\"og:description\" content=\"Desde o seu lan\u00e7amento, o Aux\u00edlio Brasil 2023 tem sido um programa social crucial no Brasil, proporcionando suporte financeiro a fam\u00edlias em situa\u00e7\u00e3o de vulnerabilidade.\u00a0 No entanto, \u00e9 comum que algumas pessoas tenham seus benef\u00edcios temporariamente bloqueados, e at\u00e9 mesmo de forma definitiva.&nbsp; Acompanhe conosco e compreenda o que fazer quando seu Aux\u00edlio Brasil estiver ... Read more\" \/>\n<meta property=\"og:url\" content=\"https:\/\/www.noticiasfire.com.br\/en\/auxilio-brasil-2023-bloqueado-compreenda-os-motivos-e-as-possiveis-solucoes\/\" \/>\n<meta property=\"article:published_time\" content=\"2023-11-09T12:34:45+00:00\" \/>\n<meta property=\"og:image\" content=\"https:\/\/www.noticiasfire.com.br\/wp-content\/uploads\/2022\/06\/Auxilio-Brasil-Logo-2.webp\" \/>\n\t<meta property=\"og:image:width\" content=\"511\" \/>\n\t<meta property=\"og:image:height\" content=\"305\" \/>\n\t<meta property=\"og:image:type\" content=\"image\/webp\" \/>\n<meta name=\"author\" content=\"Ivan\" \/>\n<meta name=\"twitter:card\" content=\"summary_large_image\" \/>\n<meta name=\"twitter:label1\" content=\"Written by\" \/>\n\t<meta name=\"twitter:data1\" content=\"Ivan\" \/>\n\t<meta name=\"twitter:label2\" content=\"Est. reading time\" \/>\n\t<meta name=\"twitter:data2\" content=\"5 minutes\" \/>\n<script type=\"application\/ld+json\" class=\"yoast-schema-graph\">{\"@context\":\"https:\\\/\\\/schema.org\",\"@graph\":[{\"@type\":\"Article\",\"@id\":\"https:\\\/\\\/www.noticiasfire.com.br\\\/auxilio-brasil-2023-bloqueado-compreenda-os-motivos-e-as-possiveis-solucoes\\\/#article\",\"isPartOf\":{\"@id\":\"https:\\\/\\\/www.noticiasfire.com.br\\\/auxilio-brasil-2023-bloqueado-compreenda-os-motivos-e-as-possiveis-solucoes\\\/\"},\"author\":{\"name\":\"Ivan\",\"@id\":\"https:\\\/\\\/www.noticiasfire.com.br\\\/#\\\/schema\\\/person\\\/6c064cf8d33f8b38900e936c385f48fd\"},\"headline\":\"Aux\u00edlio Brasil 2023 bloqueado? Compreenda os motivos e as poss\u00edveis solu\u00e7\u00f5es.\u00a0\",\"datePublished\":\"2023-11-09T12:34:45+00:00\",\"mainEntityOfPage\":{\"@id\":\"https:\\\/\\\/www.noticiasfire.com.br\\\/auxilio-brasil-2023-bloqueado-compreenda-os-motivos-e-as-possiveis-solucoes\\\/\"},\"wordCount\":862,\"commentCount\":0,\"publisher\":{\"@id\":\"https:\\\/\\\/www.noticiasfire.com.br\\\/#organization\"},\"image\":{\"@id\":\"https:\\\/\\\/www.noticiasfire.com.br\\\/auxilio-brasil-2023-bloqueado-compreenda-os-motivos-e-as-possiveis-solucoes\\\/#primaryimage\"},\"thumbnailUrl\":\"https:\\\/\\\/www.noticiasfire.com.br\\\/wp-content\\\/uploads\\\/2022\\\/06\\\/Auxilio-Brasil-Logo-2.webp\",\"articleSection\":[\"NOT\u00cdCIAS\"],\"inLanguage\":\"en-US\",\"potentialAction\":[{\"@type\":\"CommentAction\",\"name\":\"Comment\",\"target\":[\"https:\\\/\\\/www.noticiasfire.com.br\\\/auxilio-brasil-2023-bloqueado-compreenda-os-motivos-e-as-possiveis-solucoes\\\/#respond\"]}]},{\"@type\":\"WebPage\",\"@id\":\"https:\\\/\\\/www.noticiasfire.com.br\\\/auxilio-brasil-2023-bloqueado-compreenda-os-motivos-e-as-possiveis-solucoes\\\/\",\"url\":\"https:\\\/\\\/www.noticiasfire.com.br\\\/auxilio-brasil-2023-bloqueado-compreenda-os-motivos-e-as-possiveis-solucoes\\\/\",\"name\":\"Aux\u00edlio Brasil 2023 bloqueado? Compreenda os motivos e as poss\u00edveis solu\u00e7\u00f5es.\u00a0 -\",\"isPartOf\":{\"@id\":\"https:\\\/\\\/www.noticiasfire.com.br\\\/#website\"},\"primaryImageOfPage\":{\"@id\":\"https:\\\/\\\/www.noticiasfire.com.br\\\/auxilio-brasil-2023-bloqueado-compreenda-os-motivos-e-as-possiveis-solucoes\\\/#primaryimage\"},\"image\":{\"@id\":\"https:\\\/\\\/www.noticiasfire.com.br\\\/auxilio-brasil-2023-bloqueado-compreenda-os-motivos-e-as-possiveis-solucoes\\\/#primaryimage\"},\"thumbnailUrl\":\"https:\\\/\\\/www.noticiasfire.com.br\\\/wp-content\\\/uploads\\\/2022\\\/06\\\/Auxilio-Brasil-Logo-2.webp\",\"datePublished\":\"2023-11-09T12:34:45+00:00\",\"breadcrumb\":{\"@id\":\"https:\\\/\\\/www.noticiasfire.com.br\\\/auxilio-brasil-2023-bloqueado-compreenda-os-motivos-e-as-possiveis-solucoes\\\/#breadcrumb\"},\"inLanguage\":\"en-US\",\"potentialAction\":[{\"@type\":\"ReadAction\",\"target\":[\"https:\\\/\\\/www.noticiasfire.com.br\\\/auxilio-brasil-2023-bloqueado-compreenda-os-motivos-e-as-possiveis-solucoes\\\/\"]}]},{\"@type\":\"ImageObject\",\"inLanguage\":\"en-US\",\"@id\":\"https:\\\/\\\/www.noticiasfire.com.br\\\/auxilio-brasil-2023-bloqueado-compreenda-os-motivos-e-as-possiveis-solucoes\\\/#primaryimage\",\"url\":\"https:\\\/\\\/www.noticiasfire.com.br\\\/wp-content\\\/uploads\\\/2022\\\/06\\\/Auxilio-Brasil-Logo-2.webp\",\"contentUrl\":\"https:\\\/\\\/www.noticiasfire.com.br\\\/wp-content\\\/uploads\\\/2022\\\/06\\\/Auxilio-Brasil-Logo-2.webp\",\"width\":511,\"height\":305,\"caption\":\"Auxilio Brasil\"},{\"@type\":\"BreadcrumbList\",\"@id\":\"https:\\\/\\\/www.noticiasfire.com.br\\\/auxilio-brasil-2023-bloqueado-compreenda-os-motivos-e-as-possiveis-solucoes\\\/#breadcrumb\",\"itemListElement\":[{\"@type\":\"ListItem\",\"position\":1,\"name\":\"In\u00edcio\",\"item\":\"https:\\\/\\\/www.noticiasfire.com.br\\\/\"},{\"@type\":\"ListItem\",\"position\":2,\"name\":\"Aux\u00edlio Brasil 2023 bloqueado? Compreenda os motivos e as poss\u00edveis solu\u00e7\u00f5es.\u00a0\"}]},{\"@type\":\"WebSite\",\"@id\":\"https:\\\/\\\/www.noticiasfire.com.br\\\/#website\",\"url\":\"https:\\\/\\\/www.noticiasfire.com.br\\\/\",\"name\":\"NoticiasFire\",\"description\":\"\",\"publisher\":{\"@id\":\"https:\\\/\\\/www.noticiasfire.com.br\\\/#organization\"},\"potentialAction\":[{\"@type\":\"SearchAction\",\"target\":{\"@type\":\"EntryPoint\",\"urlTemplate\":\"https:\\\/\\\/www.noticiasfire.com.br\\\/?s={search_term_string}\"},\"query-input\":{\"@type\":\"PropertyValueSpecification\",\"valueRequired\":true,\"valueName\":\"search_term_string\"}}],\"inLanguage\":\"en-US\"},{\"@type\":\"Organization\",\"@id\":\"https:\\\/\\\/www.noticiasfire.com.br\\\/#organization\",\"name\":\"NoticiasFire\",\"url\":\"https:\\\/\\\/www.noticiasfire.com.br\\\/\",\"logo\":{\"@type\":\"ImageObject\",\"inLanguage\":\"en-US\",\"@id\":\"https:\\\/\\\/www.noticiasfire.com.br\\\/#\\\/schema\\\/logo\\\/image\\\/\",\"url\":\"https:\\\/\\\/www.noticiasfire.com.br\\\/wp-content\\\/uploads\\\/2025\\\/08\\\/cropped-Captura_de_Tela_2025-08-13_as_20.34.29__1_-removebg-preview.png\",\"contentUrl\":\"https:\\\/\\\/www.noticiasfire.com.br\\\/wp-content\\\/uploads\\\/2025\\\/08\\\/cropped-Captura_de_Tela_2025-08-13_as_20.34.29__1_-removebg-preview.png\",\"width\":748,\"height\":286,\"caption\":\"NoticiasFire\"},\"image\":{\"@id\":\"https:\\\/\\\/www.noticiasfire.com.br\\\/#\\\/schema\\\/logo\\\/image\\\/\"}},{\"@type\":\"Person\",\"@id\":\"https:\\\/\\\/www.noticiasfire.com.br\\\/#\\\/schema\\\/person\\\/6c064cf8d33f8b38900e936c385f48fd\",\"name\":\"Ivan\",\"image\":{\"@type\":\"ImageObject\",\"inLanguage\":\"en-US\",\"@id\":\"https:\\\/\\\/secure.gravatar.com\\\/avatar\\\/18077698a88c2ad528c924a301adab662f075719c95fb1dec6f0b51902ebf647?s=96&d=mm&r=g\",\"url\":\"https:\\\/\\\/secure.gravatar.com\\\/avatar\\\/18077698a88c2ad528c924a301adab662f075719c95fb1dec6f0b51902ebf647?s=96&d=mm&r=g\",\"contentUrl\":\"https:\\\/\\\/secure.gravatar.com\\\/avatar\\\/18077698a88c2ad528c924a301adab662f075719c95fb1dec6f0b51902ebf647?s=96&d=mm&r=g\",\"caption\":\"Ivan\"},\"url\":\"https:\\\/\\\/www.noticiasfire.com.br\\\/en\\\/author\\\/ivan\\\/\"}]}<\/script>\n<!-- \/ Yoast SEO plugin. -->","yoast_head_json":{"title":"Aux\u00edlio Brasil 2023 bloqueado? Compreenda os motivos e as poss\u00edveis solu\u00e7\u00f5es.\u00a0 -","robots":{"index":"index","follow":"follow","max-snippet":"max-snippet:-1","max-image-preview":"max-image-preview:large","max-video-preview":"max-video-preview:-1"},"canonical":"https:\/\/www.noticiasfire.com.br\/en\/auxilio-brasil-2023-bloqueado-compreenda-os-motivos-e-as-possiveis-solucoes\/","og_locale":"en_US","og_type":"article","og_title":"Aux\u00edlio Brasil 2023 bloqueado? Compreenda os motivos e as poss\u00edveis solu\u00e7\u00f5es.\u00a0 -","og_description":"Desde o seu lan\u00e7amento, o Aux\u00edlio Brasil 2023 tem sido um programa social crucial no Brasil, proporcionando suporte financeiro a fam\u00edlias em situa\u00e7\u00e3o de vulnerabilidade.\u00a0 No entanto, \u00e9 comum que algumas pessoas tenham seus benef\u00edcios temporariamente bloqueados, e at\u00e9 mesmo de forma definitiva.&nbsp; Acompanhe conosco e compreenda o que fazer quando seu Aux\u00edlio Brasil estiver ... Read more","og_url":"https:\/\/www.noticiasfire.com.br\/en\/auxilio-brasil-2023-bloqueado-compreenda-os-motivos-e-as-possiveis-solucoes\/","article_published_time":"2023-11-09T12:34:45+00:00","og_image":[{"width":511,"height":305,"url":"https:\/\/www.noticiasfire.com.br\/wp-content\/uploads\/2022\/06\/Auxilio-Brasil-Logo-2.webp","type":"image\/webp"}],"author":"Ivan","twitter_card":"summary_large_image","twitter_misc":{"Written by":"Ivan","Est. reading time":"5 minutes"},"schema":{"@context":"https:\/\/schema.org","@graph":[{"@type":"Article","@id":"https:\/\/www.noticiasfire.com.br\/auxilio-brasil-2023-bloqueado-compreenda-os-motivos-e-as-possiveis-solucoes\/#article","isPartOf":{"@id":"https:\/\/www.noticiasfire.com.br\/auxilio-brasil-2023-bloqueado-compreenda-os-motivos-e-as-possiveis-solucoes\/"},"author":{"name":"Ivan","@id":"https:\/\/www.noticiasfire.com.br\/#\/schema\/person\/6c064cf8d33f8b38900e936c385f48fd"},"headline":"Aux\u00edlio Brasil 2023 bloqueado? Compreenda os motivos e as poss\u00edveis solu\u00e7\u00f5es.\u00a0","datePublished":"2023-11-09T12:34:45+00:00","mainEntityOfPage":{"@id":"https:\/\/www.noticiasfire.com.br\/auxilio-brasil-2023-bloqueado-compreenda-os-motivos-e-as-possiveis-solucoes\/"},"wordCount":862,"commentCount":0,"publisher":{"@id":"https:\/\/www.noticiasfire.com.br\/#organization"},"image":{"@id":"https:\/\/www.noticiasfire.com.br\/auxilio-brasil-2023-bloqueado-compreenda-os-motivos-e-as-possiveis-solucoes\/#primaryimage"},"thumbnailUrl":"https:\/\/www.noticiasfire.com.br\/wp-content\/uploads\/2022\/06\/Auxilio-Brasil-Logo-2.webp","articleSection":["NOT\u00cdCIAS"],"inLanguage":"en-US","potentialAction":[{"@type":"CommentAction","name":"Comment","target":["https:\/\/www.noticiasfire.com.br\/auxilio-brasil-2023-bloqueado-compreenda-os-motivos-e-as-possiveis-solucoes\/#respond"]}]},{"@type":"WebPage","@id":"https:\/\/www.noticiasfire.com.br\/auxilio-brasil-2023-bloqueado-compreenda-os-motivos-e-as-possiveis-solucoes\/","url":"https:\/\/www.noticiasfire.com.br\/auxilio-brasil-2023-bloqueado-compreenda-os-motivos-e-as-possiveis-solucoes\/","name":"Aux\u00edlio Brasil 2023 bloqueado? Compreenda os motivos e as poss\u00edveis solu\u00e7\u00f5es.\u00a0 -","isPartOf":{"@id":"https:\/\/www.noticiasfire.com.br\/#website"},"primaryImageOfPage":{"@id":"https:\/\/www.noticiasfire.com.br\/auxilio-brasil-2023-bloqueado-compreenda-os-motivos-e-as-possiveis-solucoes\/#primaryimage"},"image":{"@id":"https:\/\/www.noticiasfire.com.br\/auxilio-brasil-2023-bloqueado-compreenda-os-motivos-e-as-possiveis-solucoes\/#primaryimage"},"thumbnailUrl":"https:\/\/www.noticiasfire.com.br\/wp-content\/uploads\/2022\/06\/Auxilio-Brasil-Logo-2.webp","datePublished":"2023-11-09T12:34:45+00:00","breadcrumb":{"@id":"https:\/\/www.noticiasfire.com.br\/auxilio-brasil-2023-bloqueado-compreenda-os-motivos-e-as-possiveis-solucoes\/#breadcrumb"},"inLanguage":"en-US","potentialAction":[{"@type":"ReadAction","target":["https:\/\/www.noticiasfire.com.br\/auxilio-brasil-2023-bloqueado-compreenda-os-motivos-e-as-possiveis-solucoes\/"]}]},{"@type":"ImageObject","inLanguage":"en-US","@id":"https:\/\/www.noticiasfire.com.br\/auxilio-brasil-2023-bloqueado-compreenda-os-motivos-e-as-possiveis-solucoes\/#primaryimage","url":"https:\/\/www.noticiasfire.com.br\/wp-content\/uploads\/2022\/06\/Auxilio-Brasil-Logo-2.webp","contentUrl":"https:\/\/www.noticiasfire.com.br\/wp-content\/uploads\/2022\/06\/Auxilio-Brasil-Logo-2.webp","width":511,"height":305,"caption":"Auxilio Brasil"},{"@type":"BreadcrumbList","@id":"https:\/\/www.noticiasfire.com.br\/auxilio-brasil-2023-bloqueado-compreenda-os-motivos-e-as-possiveis-solucoes\/#breadcrumb","itemListElement":[{"@type":"ListItem","position":1,"name":"In\u00edcio","item":"https:\/\/www.noticiasfire.com.br\/"},{"@type":"ListItem","position":2,"name":"Aux\u00edlio Brasil 2023 bloqueado? Compreenda os motivos e as poss\u00edveis solu\u00e7\u00f5es.\u00a0"}]},{"@type":"WebSite","@id":"https:\/\/www.noticiasfire.com.br\/#website","url":"https:\/\/www.noticiasfire.com.br\/","name":"NewsFire","description":"","publisher":{"@id":"https:\/\/www.noticiasfire.com.br\/#organization"},"potentialAction":[{"@type":"SearchAction","target":{"@type":"EntryPoint","urlTemplate":"https:\/\/www.noticiasfire.com.br\/?s={search_term_string}"},"query-input":{"@type":"PropertyValueSpecification","valueRequired":true,"valueName":"search_term_string"}}],"inLanguage":"en-US"},{"@type":"Organization","@id":"https:\/\/www.noticiasfire.com.br\/#organization","name":"NewsFire","url":"https:\/\/www.noticiasfire.com.br\/","logo":{"@type":"ImageObject","inLanguage":"en-US","@id":"https:\/\/www.noticiasfire.com.br\/#\/schema\/logo\/image\/","url":"https:\/\/www.noticiasfire.com.br\/wp-content\/uploads\/2025\/08\/cropped-Captura_de_Tela_2025-08-13_as_20.34.29__1_-removebg-preview.png","contentUrl":"https:\/\/www.noticiasfire.com.br\/wp-content\/uploads\/2025\/08\/cropped-Captura_de_Tela_2025-08-13_as_20.34.29__1_-removebg-preview.png","width":748,"height":286,"caption":"NoticiasFire"},"image":{"@id":"https:\/\/www.noticiasfire.com.br\/#\/schema\/logo\/image\/"}},{"@type":"Person","@id":"https:\/\/www.noticiasfire.com.br\/#\/schema\/person\/6c064cf8d33f8b38900e936c385f48fd","name":"Ivan","image":{"@type":"ImageObject","inLanguage":"en-US","@id":"https:\/\/secure.gravatar.com\/avatar\/18077698a88c2ad528c924a301adab662f075719c95fb1dec6f0b51902ebf647?s=96&d=mm&r=g","url":"https:\/\/secure.gravatar.com\/avatar\/18077698a88c2ad528c924a301adab662f075719c95fb1dec6f0b51902ebf647?s=96&d=mm&r=g","contentUrl":"https:\/\/secure.gravatar.com\/avatar\/18077698a88c2ad528c924a301adab662f075719c95fb1dec6f0b51902ebf647?s=96&d=mm&r=g","caption":"Ivan"},"url":"https:\/\/www.noticiasfire.com.br\/en\/author\/ivan\/"}]}},"_links":{"self":[{"href":"https:\/\/www.noticiasfire.com.br\/en\/wp-json\/wp\/v2\/posts\/21046","targetHints":{"allow":["GET"]}}],"collection":[{"href":"https:\/\/www.noticiasfire.com.br\/en\/wp-json\/wp\/v2\/posts"}],"about":[{"href":"https:\/\/www.noticiasfire.com.br\/en\/wp-json\/wp\/v2\/types\/post"}],"author":[{"embeddable":true,"href":"https:\/\/www.noticiasfire.com.br\/en\/wp-json\/wp\/v2\/users\/3"}],"replies":[{"embeddable":true,"href":"https:\/\/www.noticiasfire.com.br\/en\/wp-json\/wp\/v2\/comments?post=21046"}],"version-history":[{"count":0,"href":"https:\/\/www.noticiasfire.com.br\/en\/wp-json\/wp\/v2\/posts\/21046\/revisions"}],"wp:featuredmedia":[{"embeddable":true,"href":"https:\/\/www.noticiasfire.com.br\/en\/wp-json\/wp\/v2\/media\/30066"}],"wp:attachment":[{"href":"https:\/\/www.noticiasfire.com.br\/en\/wp-json\/wp\/v2\/media?parent=21046"}],"wp:term":[{"taxonomy":"category","embeddable":true,"href":"https:\/\/www.noticiasfire.com.br\/en\/wp-json\/wp\/v2\/categories?post=21046"},{"taxonomy":"post_tag","embeddable":true,"href":"https:\/\/www.noticiasfire.com.br\/en\/wp-json\/wp\/v2\/tags?post=21046"}],"curies":[{"name":"wp","href":"https:\/\/api.w.org\/{rel}","templated":true}]}}