{"id":21841,"date":"2023-12-17T13:45:12","date_gmt":"2023-12-17T16:45:12","guid":{"rendered":"https:\/\/www.noticiasfire.com.br\/?p=21841"},"modified":"2023-12-17T13:45:12","modified_gmt":"2023-12-17T16:45:12","slug":"cadastro-unico-digital-simplificando-o-acesso-aos-programas-de-assistencia","status":"publish","type":"post","link":"https:\/\/www.noticiasfire.com.br\/en\/cadastro-unico-digital-simplificando-o-acesso-aos-programas-de-assistencia\/","title":{"rendered":"Cadastro \u00danico Digital: Simplificando o Acesso aos Programas de Assist\u00eancia\u00a0"},"content":{"rendered":"<p style=\"font-size:19px\">A inclus\u00e3o nos <strong>programas<\/strong> de assist\u00eancia social \u00e9 uma parte vital do compromisso do governo brasileiro na luta contra a pobreza e na promo\u00e7\u00e3o da igualdade.&nbsp;<\/p>\n\n\n\n<p style=\"font-size:19px\">Nesse cen\u00e1rio, o <strong>Single Registry<\/strong>also known as<strong> Cad\u00danico,<\/strong> desempenha uma fun\u00e7\u00e3o crucial.&nbsp;<\/p>\n\n\n\n<div class=\"wp-block-media-text is-stacked-on-mobile has-midnight-gradient-background has-background\"><figure class=\"wp-block-media-text__media\"><img decoding=\"async\" src=\"https:\/\/www.noticiasfire.com.br\/wp-content\/uploads\/2023\/12\/i787464-1-1.webp\" alt=\"cadastro unico\" class=\"wp-image-21842 size-full\"\/><\/figure><div class=\"wp-block-media-text__content\">\n<h1 class=\"wp-block-heading has-text-align-center has-black-color has-text-color has-link-color wp-elements-34e136a4c903ddd337b6cf126855ae23\"><strong>Single Registry<\/strong><\/h1>\n\n\n\n<h3 class=\"wp-block-heading has-text-align-center has-vivid-green-cyan-color has-text-color has-link-color wp-elements-9ba1f171e5bc711e1502f540e737bb5a\"><strong>Como Fazer.<\/strong><\/h3>\n\n\n\n<div class=\"wp-block-buttons is-layout-flex wp-block-buttons-is-layout-flex\">\n<div class=\"wp-block-button has-custom-width wp-block-button__width-100\" style=\"margin-bottom:28px\"><a class=\"wp-block-button__link wp-element-button\" href=\"https:\/\/www.noticiasfire.com.br\/en\/passo-a-passo-como-realizar-o-cadastro-unico-e-garantir-beneficios-sociais\/?utm_source=activecampaign&amp;utm_campaign=21850\" style=\"border-radius:10px\">HOW TO REGISTER<\/a><\/div>\n<\/div>\n<\/div><\/div>\n\n\n\n<p style=\"font-size:19px\">Conhe\u00e7a agora o que \u00e9 o <strong>Single Registry<\/strong>, sua trajet\u00f3ria e desenvolvimento ao longo do tempo, assim como os benef\u00edcios sociais a ele vinculados.&nbsp;<\/p>\n\n\n\n<h2 class=\"wp-block-heading\"><strong>O que \u00e9 o Cadastro \u00danico (Cad\u00danico)<\/strong>&nbsp;<\/h2>\n\n\n\n<p style=\"font-size:19px\">O Cadastro \u00danico \u00e9 um sistema de informa\u00e7\u00f5es que re\u00fane dados de <strong>families<\/strong> de baixa renda em todo o Brasil.&nbsp;<\/p>\n\n\n\n<p style=\"font-size:19px\">Esses dados abrangem informa\u00e7\u00f5es sobre a composi\u00e7\u00e3o familiar, renda, n\u00edvel de escolaridade e condi\u00e7\u00f5es de moradia.&nbsp;<\/p>\n\n\n\n<p style=\"font-size:19px\">O principal objetivo do Cadastro \u00danico \u00e9 identificar e mapear fam\u00edlias em situa\u00e7\u00e3o de vulnerabilidade socioecon\u00f4mica, possibilitando que elas acessem uma variedade de programas sociais.&nbsp;<\/p>\n\n\n\n<p style=\"font-size:19px\">Atrav\u00e9s do <strong>Cad\u00danico<\/strong>, o governo pode identificar quem realmente necessita de assist\u00eancia e direcionar recursos de forma mais eficiente, assegurando que as fam\u00edlias mais necessitadas recebam o apoio necess\u00e1rio.&nbsp;<\/p>\n\n\n\n<p style=\"font-size:19px\">Al\u00e9m disso, o Cadastro \u00danico tamb\u00e9m \u00e9 utilizado para a concess\u00e3o de benef\u00edcios espec\u00edficos, como o Bolsa Fam\u00edlia e o Benef\u00edcio de Presta\u00e7\u00e3o Continuada (BPC).&nbsp;<\/p>\n\n\n\n<h2 class=\"wp-block-heading\"><strong>Hist\u00f3ria e Evolu\u00e7\u00e3o<\/strong>&nbsp;<\/h2>\n\n\n\n<p style=\"font-size:19px\">O Cadastro \u00danico n\u00e3o surgiu da noite para o dia; sua hist\u00f3ria remonta a iniciativas anteriores de combate \u00e0 pobreza.&nbsp;<\/p>\n\n\n\n<p style=\"font-size:19px\">No entanto, o sistema atual foi oficialmente institu\u00eddo em 2001, com a promulga\u00e7\u00e3o do Decreto n\u00ba 3.877.&nbsp;<\/p>\n\n\n\n<p style=\"font-size:19px\">Desde ent\u00e3o, o Cadastro \u00danico passou por diversas evolu\u00e7\u00f5es e melhorias para se tornar uma ferramenta mais eficaz.&nbsp;<\/p>\n\n\n\n<p style=\"font-size:19px\">Uma das principais inova\u00e7\u00f5es foi a introdu\u00e7\u00e3o do Cad\u00danico Digital, que proporcionou agilidade e acessibilidade ao processo de cadastramento e atualiza\u00e7\u00e3o de informa\u00e7\u00f5es.&nbsp;<\/p>\n\n\n\n<p style=\"font-size:19px\">Com a informatiza\u00e7\u00e3o do sistema, tornou-se mais simples para as fam\u00edlias em situa\u00e7\u00e3o de vulnerabilidade realizarem inscri\u00e7\u00f5es e manterem seus dados atualizados.&nbsp;<\/p>\n\n\n\n<h2 class=\"wp-block-heading\"><strong>Benef\u00edcios Sociais Vinculados ao Cadastro \u00danico<\/strong>&nbsp;<\/h2>\n\n\n\n<p style=\"font-size:19px\">O Cadastro \u00danico est\u00e1 diretamente vinculado a diversos programas sociais importantes no Brasil.&nbsp;<\/p>\n\n\n\n<p style=\"font-size:19px\">Dentre os principais benef\u00edcios sociais que t\u00eam como requisito o Cadastro \u00danico, destacam-se:&nbsp;<\/p>\n\n\n\n<p style=\"font-size:19px\"><strong>Bolsa Fam\u00edlia:<\/strong> Este \u00e9 um dos programas mais reconhecidos e abrangentes do Cadastro \u00danico, oferecendo assist\u00eancia financeira a fam\u00edlias de baixa renda, com valores vari\u00e1veis de acordo com a composi\u00e7\u00e3o familiar e a renda per capita.&nbsp;<\/p>\n\n\n\n<p style=\"font-size:19px\"><strong>Benef\u00edcio de Presta\u00e7\u00e3o Continuada (BPC):<\/strong> Destinado a idosos e pessoas com defici\u00eancia em situa\u00e7\u00e3o de vulnerabilidade, o acesso a este benef\u00edcio requer cadastro no Cad\u00danico e a observ\u00e2ncia dos crit\u00e9rios estabelecidos.&nbsp;<\/p>\n\n\n\n<p style=\"font-size:19px\"><strong>Tarifa Social de Energia El\u00e9trica:<\/strong> O Cadastro \u00danico tamb\u00e9m \u00e9 utilizado para identificar fam\u00edlias que t\u00eam direito \u00e0 Tarifa Social de Energia El\u00e9trica, garantindo descontos na conta de luz.&nbsp;<\/p>\n\n\n\n<h2 class=\"wp-block-heading\"><strong>Informa\u00e7\u00f5es Adicionais e Solicita\u00e7\u00e3o<\/strong>&nbsp;<\/h2>\n\n\n\n<p style=\"font-size:19px\">Gra\u00e7as \u00e0 sua crescente digitaliza\u00e7\u00e3o, o acesso aos programas de aux\u00edlio tornou-se mais simplificado e eficaz, assegurando que aqueles que mais necessitam recebam o suporte indispens\u00e1vel.&nbsp;<\/p>\n\n\n\n<p style=\"font-size:19px\">O Cadastro \u00danico representa, assim, uma ferramenta de valor inestim\u00e1vel no enfrentamento \u00e0 pobreza e na promo\u00e7\u00e3o da igualdade social em nosso pa\u00eds.&nbsp;<\/p>\n\n\n\n<div class=\"wp-block-buttons is-content-justification-center is-layout-flex wp-container-core-buttons-is-layout-16018d1d wp-block-buttons-is-layout-flex\">\n<div class=\"wp-block-button has-custom-width wp-block-button__width-100 has-custom-font-size has-regular-font-size\"><a class=\"wp-block-button__link has-white-color has-vivid-cyan-blue-background-color has-text-color has-background has-link-color has-text-align-center wp-element-button\" href=\"https:\/\/www.noticiasfire.com.br\/en\/passo-a-passo-como-realizar-o-cadastro-unico-e-garantir-beneficios-sociais\/?utm_source=activecampaign&amp;utm_campaign=21850\" style=\"border-radius:10px\">VEJA COMO SE CADASTRAR<\/a><\/div>\n<\/div>","protected":false},"excerpt":{"rendered":"<p>A inclus\u00e3o nos programas de assist\u00eancia social \u00e9 uma parte vital do compromisso do governo brasileiro na luta contra a pobreza e na promo\u00e7\u00e3o da igualdade.&nbsp; Nesse cen\u00e1rio, o Cadastro \u00danico, tamb\u00e9m conhecido como Cad\u00danico, desempenha uma fun\u00e7\u00e3o crucial.&nbsp; Conhe\u00e7a agora o que \u00e9 o Cadastro \u00danico, sua trajet\u00f3ria e desenvolvimento ao longo do tempo, &#8230; <a title=\"Cadastro \u00danico Digital: Simplificando o Acesso aos Programas de Assist\u00eancia\u00a0\" class=\"read-more\" href=\"https:\/\/www.noticiasfire.com.br\/en\/cadastro-unico-digital-simplificando-o-acesso-aos-programas-de-assistencia\/\" aria-label=\"Read more about Cadastro \u00danico Digital: Simplificando o Acesso aos Programas de Assist\u00eancia\u00a0\">Read more<\/a><\/p>","protected":false},"author":3,"featured_media":21842,"comment_status":"open","ping_status":"open","sticky":false,"template":"","format":"standard","meta":{"footnotes":""},"categories":[44],"tags":[],"class_list":["post-21841","post","type-post","status-publish","format-standard","has-post-thumbnail","hentry","category-noticias"],"yoast_head":"<!-- This site is optimized with the Yoast SEO plugin v27.5 - https:\/\/yoast.com\/product\/yoast-seo-wordpress\/ -->\n<title>Cadastro \u00danico Digital: Simplificando o Acesso aos Programas de Assist\u00eancia\u00a0 -<\/title>\n<meta name=\"robots\" content=\"index, follow, max-snippet:-1, max-image-preview:large, max-video-preview:-1\" \/>\n<link rel=\"canonical\" href=\"https:\/\/www.noticiasfire.com.br\/en\/cadastro-unico-digital-simplificando-o-acesso-aos-programas-de-assistencia\/\" \/>\n<meta property=\"og:locale\" content=\"en_US\" \/>\n<meta property=\"og:type\" content=\"article\" \/>\n<meta property=\"og:title\" content=\"Cadastro \u00danico Digital: Simplificando o Acesso aos Programas de Assist\u00eancia\u00a0 -\" \/>\n<meta property=\"og:description\" content=\"A inclus\u00e3o nos programas de assist\u00eancia social \u00e9 uma parte vital do compromisso do governo brasileiro na luta contra a pobreza e na promo\u00e7\u00e3o da igualdade.&nbsp; Nesse cen\u00e1rio, o Cadastro \u00danico, tamb\u00e9m conhecido como Cad\u00danico, desempenha uma fun\u00e7\u00e3o crucial.&nbsp; Conhe\u00e7a agora o que \u00e9 o Cadastro \u00danico, sua trajet\u00f3ria e desenvolvimento ao longo do tempo, ... Read more\" \/>\n<meta property=\"og:url\" content=\"https:\/\/www.noticiasfire.com.br\/en\/cadastro-unico-digital-simplificando-o-acesso-aos-programas-de-assistencia\/\" \/>\n<meta property=\"article:published_time\" content=\"2023-12-17T16:45:12+00:00\" \/>\n<meta property=\"og:image\" content=\"https:\/\/www.noticiasfire.com.br\/wp-content\/uploads\/2023\/12\/i787464-1.webp\" \/>\n\t<meta property=\"og:image:width\" content=\"640\" \/>\n\t<meta property=\"og:image:height\" content=\"360\" \/>\n\t<meta property=\"og:image:type\" content=\"image\/webp\" \/>\n<meta name=\"author\" content=\"Ivan\" \/>\n<meta name=\"twitter:card\" content=\"summary_large_image\" \/>\n<meta name=\"twitter:label1\" content=\"Written by\" \/>\n\t<meta name=\"twitter:data1\" content=\"Ivan\" \/>\n\t<meta name=\"twitter:label2\" content=\"Est. reading time\" \/>\n\t<meta name=\"twitter:data2\" content=\"4 minutes\" \/>\n<script type=\"application\/ld+json\" class=\"yoast-schema-graph\">{\"@context\":\"https:\\\/\\\/schema.org\",\"@graph\":[{\"@type\":\"Article\",\"@id\":\"https:\\\/\\\/www.noticiasfire.com.br\\\/cadastro-unico-digital-simplificando-o-acesso-aos-programas-de-assistencia\\\/#article\",\"isPartOf\":{\"@id\":\"https:\\\/\\\/www.noticiasfire.com.br\\\/cadastro-unico-digital-simplificando-o-acesso-aos-programas-de-assistencia\\\/\"},\"author\":{\"name\":\"Ivan\",\"@id\":\"https:\\\/\\\/www.noticiasfire.com.br\\\/#\\\/schema\\\/person\\\/6c064cf8d33f8b38900e936c385f48fd\"},\"headline\":\"Cadastro \u00danico Digital: Simplificando o Acesso aos Programas de Assist\u00eancia\u00a0\",\"datePublished\":\"2023-12-17T16:45:12+00:00\",\"mainEntityOfPage\":{\"@id\":\"https:\\\/\\\/www.noticiasfire.com.br\\\/cadastro-unico-digital-simplificando-o-acesso-aos-programas-de-assistencia\\\/\"},\"wordCount\":582,\"commentCount\":0,\"publisher\":{\"@id\":\"https:\\\/\\\/www.noticiasfire.com.br\\\/#organization\"},\"image\":{\"@id\":\"https:\\\/\\\/www.noticiasfire.com.br\\\/cadastro-unico-digital-simplificando-o-acesso-aos-programas-de-assistencia\\\/#primaryimage\"},\"thumbnailUrl\":\"https:\\\/\\\/www.noticiasfire.com.br\\\/wp-content\\\/uploads\\\/2023\\\/12\\\/i787464-1.webp\",\"articleSection\":[\"NOT\u00cdCIAS\"],\"inLanguage\":\"en-US\",\"potentialAction\":[{\"@type\":\"CommentAction\",\"name\":\"Comment\",\"target\":[\"https:\\\/\\\/www.noticiasfire.com.br\\\/cadastro-unico-digital-simplificando-o-acesso-aos-programas-de-assistencia\\\/#respond\"]}]},{\"@type\":\"WebPage\",\"@id\":\"https:\\\/\\\/www.noticiasfire.com.br\\\/cadastro-unico-digital-simplificando-o-acesso-aos-programas-de-assistencia\\\/\",\"url\":\"https:\\\/\\\/www.noticiasfire.com.br\\\/cadastro-unico-digital-simplificando-o-acesso-aos-programas-de-assistencia\\\/\",\"name\":\"Cadastro \u00danico Digital: Simplificando o Acesso aos Programas de Assist\u00eancia\u00a0 -\",\"isPartOf\":{\"@id\":\"https:\\\/\\\/www.noticiasfire.com.br\\\/#website\"},\"primaryImageOfPage\":{\"@id\":\"https:\\\/\\\/www.noticiasfire.com.br\\\/cadastro-unico-digital-simplificando-o-acesso-aos-programas-de-assistencia\\\/#primaryimage\"},\"image\":{\"@id\":\"https:\\\/\\\/www.noticiasfire.com.br\\\/cadastro-unico-digital-simplificando-o-acesso-aos-programas-de-assistencia\\\/#primaryimage\"},\"thumbnailUrl\":\"https:\\\/\\\/www.noticiasfire.com.br\\\/wp-content\\\/uploads\\\/2023\\\/12\\\/i787464-1.webp\",\"datePublished\":\"2023-12-17T16:45:12+00:00\",\"breadcrumb\":{\"@id\":\"https:\\\/\\\/www.noticiasfire.com.br\\\/cadastro-unico-digital-simplificando-o-acesso-aos-programas-de-assistencia\\\/#breadcrumb\"},\"inLanguage\":\"en-US\",\"potentialAction\":[{\"@type\":\"ReadAction\",\"target\":[\"https:\\\/\\\/www.noticiasfire.com.br\\\/cadastro-unico-digital-simplificando-o-acesso-aos-programas-de-assistencia\\\/\"]}]},{\"@type\":\"ImageObject\",\"inLanguage\":\"en-US\",\"@id\":\"https:\\\/\\\/www.noticiasfire.com.br\\\/cadastro-unico-digital-simplificando-o-acesso-aos-programas-de-assistencia\\\/#primaryimage\",\"url\":\"https:\\\/\\\/www.noticiasfire.com.br\\\/wp-content\\\/uploads\\\/2023\\\/12\\\/i787464-1.webp\",\"contentUrl\":\"https:\\\/\\\/www.noticiasfire.com.br\\\/wp-content\\\/uploads\\\/2023\\\/12\\\/i787464-1.webp\",\"width\":640,\"height\":360,\"caption\":\"cadastro unico (imagem Google)\"},{\"@type\":\"BreadcrumbList\",\"@id\":\"https:\\\/\\\/www.noticiasfire.com.br\\\/cadastro-unico-digital-simplificando-o-acesso-aos-programas-de-assistencia\\\/#breadcrumb\",\"itemListElement\":[{\"@type\":\"ListItem\",\"position\":1,\"name\":\"In\u00edcio\",\"item\":\"https:\\\/\\\/www.noticiasfire.com.br\\\/\"},{\"@type\":\"ListItem\",\"position\":2,\"name\":\"Cadastro \u00danico Digital: Simplificando o Acesso aos Programas de Assist\u00eancia\u00a0\"}]},{\"@type\":\"WebSite\",\"@id\":\"https:\\\/\\\/www.noticiasfire.com.br\\\/#website\",\"url\":\"https:\\\/\\\/www.noticiasfire.com.br\\\/\",\"name\":\"NoticiasFire\",\"description\":\"\",\"publisher\":{\"@id\":\"https:\\\/\\\/www.noticiasfire.com.br\\\/#organization\"},\"potentialAction\":[{\"@type\":\"SearchAction\",\"target\":{\"@type\":\"EntryPoint\",\"urlTemplate\":\"https:\\\/\\\/www.noticiasfire.com.br\\\/?s={search_term_string}\"},\"query-input\":{\"@type\":\"PropertyValueSpecification\",\"valueRequired\":true,\"valueName\":\"search_term_string\"}}],\"inLanguage\":\"en-US\"},{\"@type\":\"Organization\",\"@id\":\"https:\\\/\\\/www.noticiasfire.com.br\\\/#organization\",\"name\":\"NoticiasFire\",\"url\":\"https:\\\/\\\/www.noticiasfire.com.br\\\/\",\"logo\":{\"@type\":\"ImageObject\",\"inLanguage\":\"en-US\",\"@id\":\"https:\\\/\\\/www.noticiasfire.com.br\\\/#\\\/schema\\\/logo\\\/image\\\/\",\"url\":\"https:\\\/\\\/www.noticiasfire.com.br\\\/wp-content\\\/uploads\\\/2025\\\/08\\\/cropped-Captura_de_Tela_2025-08-13_as_20.34.29__1_-removebg-preview.png\",\"contentUrl\":\"https:\\\/\\\/www.noticiasfire.com.br\\\/wp-content\\\/uploads\\\/2025\\\/08\\\/cropped-Captura_de_Tela_2025-08-13_as_20.34.29__1_-removebg-preview.png\",\"width\":748,\"height\":286,\"caption\":\"NoticiasFire\"},\"image\":{\"@id\":\"https:\\\/\\\/www.noticiasfire.com.br\\\/#\\\/schema\\\/logo\\\/image\\\/\"}},{\"@type\":\"Person\",\"@id\":\"https:\\\/\\\/www.noticiasfire.com.br\\\/#\\\/schema\\\/person\\\/6c064cf8d33f8b38900e936c385f48fd\",\"name\":\"Ivan\",\"image\":{\"@type\":\"ImageObject\",\"inLanguage\":\"en-US\",\"@id\":\"https:\\\/\\\/secure.gravatar.com\\\/avatar\\\/18077698a88c2ad528c924a301adab662f075719c95fb1dec6f0b51902ebf647?s=96&d=mm&r=g\",\"url\":\"https:\\\/\\\/secure.gravatar.com\\\/avatar\\\/18077698a88c2ad528c924a301adab662f075719c95fb1dec6f0b51902ebf647?s=96&d=mm&r=g\",\"contentUrl\":\"https:\\\/\\\/secure.gravatar.com\\\/avatar\\\/18077698a88c2ad528c924a301adab662f075719c95fb1dec6f0b51902ebf647?s=96&d=mm&r=g\",\"caption\":\"Ivan\"},\"url\":\"https:\\\/\\\/www.noticiasfire.com.br\\\/en\\\/author\\\/ivan\\\/\"}]}<\/script>\n<!-- \/ Yoast SEO plugin. -->","yoast_head_json":{"title":"Cadastro \u00danico Digital: Simplificando o Acesso aos Programas de Assist\u00eancia\u00a0 -","robots":{"index":"index","follow":"follow","max-snippet":"max-snippet:-1","max-image-preview":"max-image-preview:large","max-video-preview":"max-video-preview:-1"},"canonical":"https:\/\/www.noticiasfire.com.br\/en\/cadastro-unico-digital-simplificando-o-acesso-aos-programas-de-assistencia\/","og_locale":"en_US","og_type":"article","og_title":"Cadastro \u00danico Digital: Simplificando o Acesso aos Programas de Assist\u00eancia\u00a0 -","og_description":"A inclus\u00e3o nos programas de assist\u00eancia social \u00e9 uma parte vital do compromisso do governo brasileiro na luta contra a pobreza e na promo\u00e7\u00e3o da igualdade.&nbsp; Nesse cen\u00e1rio, o Cadastro \u00danico, tamb\u00e9m conhecido como Cad\u00danico, desempenha uma fun\u00e7\u00e3o crucial.&nbsp; Conhe\u00e7a agora o que \u00e9 o Cadastro \u00danico, sua trajet\u00f3ria e desenvolvimento ao longo do tempo, ... Read more","og_url":"https:\/\/www.noticiasfire.com.br\/en\/cadastro-unico-digital-simplificando-o-acesso-aos-programas-de-assistencia\/","article_published_time":"2023-12-17T16:45:12+00:00","og_image":[{"width":640,"height":360,"url":"https:\/\/www.noticiasfire.com.br\/wp-content\/uploads\/2023\/12\/i787464-1.webp","type":"image\/webp"}],"author":"Ivan","twitter_card":"summary_large_image","twitter_misc":{"Written by":"Ivan","Est. reading time":"4 minutes"},"schema":{"@context":"https:\/\/schema.org","@graph":[{"@type":"Article","@id":"https:\/\/www.noticiasfire.com.br\/cadastro-unico-digital-simplificando-o-acesso-aos-programas-de-assistencia\/#article","isPartOf":{"@id":"https:\/\/www.noticiasfire.com.br\/cadastro-unico-digital-simplificando-o-acesso-aos-programas-de-assistencia\/"},"author":{"name":"Ivan","@id":"https:\/\/www.noticiasfire.com.br\/#\/schema\/person\/6c064cf8d33f8b38900e936c385f48fd"},"headline":"Cadastro \u00danico Digital: Simplificando o Acesso aos Programas de Assist\u00eancia\u00a0","datePublished":"2023-12-17T16:45:12+00:00","mainEntityOfPage":{"@id":"https:\/\/www.noticiasfire.com.br\/cadastro-unico-digital-simplificando-o-acesso-aos-programas-de-assistencia\/"},"wordCount":582,"commentCount":0,"publisher":{"@id":"https:\/\/www.noticiasfire.com.br\/#organization"},"image":{"@id":"https:\/\/www.noticiasfire.com.br\/cadastro-unico-digital-simplificando-o-acesso-aos-programas-de-assistencia\/#primaryimage"},"thumbnailUrl":"https:\/\/www.noticiasfire.com.br\/wp-content\/uploads\/2023\/12\/i787464-1.webp","articleSection":["NOT\u00cdCIAS"],"inLanguage":"en-US","potentialAction":[{"@type":"CommentAction","name":"Comment","target":["https:\/\/www.noticiasfire.com.br\/cadastro-unico-digital-simplificando-o-acesso-aos-programas-de-assistencia\/#respond"]}]},{"@type":"WebPage","@id":"https:\/\/www.noticiasfire.com.br\/cadastro-unico-digital-simplificando-o-acesso-aos-programas-de-assistencia\/","url":"https:\/\/www.noticiasfire.com.br\/cadastro-unico-digital-simplificando-o-acesso-aos-programas-de-assistencia\/","name":"Cadastro \u00danico Digital: Simplificando o Acesso aos Programas de Assist\u00eancia\u00a0 -","isPartOf":{"@id":"https:\/\/www.noticiasfire.com.br\/#website"},"primaryImageOfPage":{"@id":"https:\/\/www.noticiasfire.com.br\/cadastro-unico-digital-simplificando-o-acesso-aos-programas-de-assistencia\/#primaryimage"},"image":{"@id":"https:\/\/www.noticiasfire.com.br\/cadastro-unico-digital-simplificando-o-acesso-aos-programas-de-assistencia\/#primaryimage"},"thumbnailUrl":"https:\/\/www.noticiasfire.com.br\/wp-content\/uploads\/2023\/12\/i787464-1.webp","datePublished":"2023-12-17T16:45:12+00:00","breadcrumb":{"@id":"https:\/\/www.noticiasfire.com.br\/cadastro-unico-digital-simplificando-o-acesso-aos-programas-de-assistencia\/#breadcrumb"},"inLanguage":"en-US","potentialAction":[{"@type":"ReadAction","target":["https:\/\/www.noticiasfire.com.br\/cadastro-unico-digital-simplificando-o-acesso-aos-programas-de-assistencia\/"]}]},{"@type":"ImageObject","inLanguage":"en-US","@id":"https:\/\/www.noticiasfire.com.br\/cadastro-unico-digital-simplificando-o-acesso-aos-programas-de-assistencia\/#primaryimage","url":"https:\/\/www.noticiasfire.com.br\/wp-content\/uploads\/2023\/12\/i787464-1.webp","contentUrl":"https:\/\/www.noticiasfire.com.br\/wp-content\/uploads\/2023\/12\/i787464-1.webp","width":640,"height":360,"caption":"cadastro unico (imagem Google)"},{"@type":"BreadcrumbList","@id":"https:\/\/www.noticiasfire.com.br\/cadastro-unico-digital-simplificando-o-acesso-aos-programas-de-assistencia\/#breadcrumb","itemListElement":[{"@type":"ListItem","position":1,"name":"In\u00edcio","item":"https:\/\/www.noticiasfire.com.br\/"},{"@type":"ListItem","position":2,"name":"Cadastro \u00danico Digital: Simplificando o Acesso aos Programas de Assist\u00eancia\u00a0"}]},{"@type":"WebSite","@id":"https:\/\/www.noticiasfire.com.br\/#website","url":"https:\/\/www.noticiasfire.com.br\/","name":"NewsFire","description":"","publisher":{"@id":"https:\/\/www.noticiasfire.com.br\/#organization"},"potentialAction":[{"@type":"SearchAction","target":{"@type":"EntryPoint","urlTemplate":"https:\/\/www.noticiasfire.com.br\/?s={search_term_string}"},"query-input":{"@type":"PropertyValueSpecification","valueRequired":true,"valueName":"search_term_string"}}],"inLanguage":"en-US"},{"@type":"Organization","@id":"https:\/\/www.noticiasfire.com.br\/#organization","name":"NewsFire","url":"https:\/\/www.noticiasfire.com.br\/","logo":{"@type":"ImageObject","inLanguage":"en-US","@id":"https:\/\/www.noticiasfire.com.br\/#\/schema\/logo\/image\/","url":"https:\/\/www.noticiasfire.com.br\/wp-content\/uploads\/2025\/08\/cropped-Captura_de_Tela_2025-08-13_as_20.34.29__1_-removebg-preview.png","contentUrl":"https:\/\/www.noticiasfire.com.br\/wp-content\/uploads\/2025\/08\/cropped-Captura_de_Tela_2025-08-13_as_20.34.29__1_-removebg-preview.png","width":748,"height":286,"caption":"NoticiasFire"},"image":{"@id":"https:\/\/www.noticiasfire.com.br\/#\/schema\/logo\/image\/"}},{"@type":"Person","@id":"https:\/\/www.noticiasfire.com.br\/#\/schema\/person\/6c064cf8d33f8b38900e936c385f48fd","name":"Ivan","image":{"@type":"ImageObject","inLanguage":"en-US","@id":"https:\/\/secure.gravatar.com\/avatar\/18077698a88c2ad528c924a301adab662f075719c95fb1dec6f0b51902ebf647?s=96&d=mm&r=g","url":"https:\/\/secure.gravatar.com\/avatar\/18077698a88c2ad528c924a301adab662f075719c95fb1dec6f0b51902ebf647?s=96&d=mm&r=g","contentUrl":"https:\/\/secure.gravatar.com\/avatar\/18077698a88c2ad528c924a301adab662f075719c95fb1dec6f0b51902ebf647?s=96&d=mm&r=g","caption":"Ivan"},"url":"https:\/\/www.noticiasfire.com.br\/en\/author\/ivan\/"}]}},"_links":{"self":[{"href":"https:\/\/www.noticiasfire.com.br\/en\/wp-json\/wp\/v2\/posts\/21841","targetHints":{"allow":["GET"]}}],"collection":[{"href":"https:\/\/www.noticiasfire.com.br\/en\/wp-json\/wp\/v2\/posts"}],"about":[{"href":"https:\/\/www.noticiasfire.com.br\/en\/wp-json\/wp\/v2\/types\/post"}],"author":[{"embeddable":true,"href":"https:\/\/www.noticiasfire.com.br\/en\/wp-json\/wp\/v2\/users\/3"}],"replies":[{"embeddable":true,"href":"https:\/\/www.noticiasfire.com.br\/en\/wp-json\/wp\/v2\/comments?post=21841"}],"version-history":[{"count":0,"href":"https:\/\/www.noticiasfire.com.br\/en\/wp-json\/wp\/v2\/posts\/21841\/revisions"}],"wp:featuredmedia":[{"embeddable":true,"href":"https:\/\/www.noticiasfire.com.br\/en\/wp-json\/wp\/v2\/media\/21842"}],"wp:attachment":[{"href":"https:\/\/www.noticiasfire.com.br\/en\/wp-json\/wp\/v2\/media?parent=21841"}],"wp:term":[{"taxonomy":"category","embeddable":true,"href":"https:\/\/www.noticiasfire.com.br\/en\/wp-json\/wp\/v2\/categories?post=21841"},{"taxonomy":"post_tag","embeddable":true,"href":"https:\/\/www.noticiasfire.com.br\/en\/wp-json\/wp\/v2\/tags?post=21841"}],"curies":[{"name":"wp","href":"https:\/\/api.w.org\/{rel}","templated":true}]}}