{"id":21858,"date":"2023-12-17T14:46:02","date_gmt":"2023-12-17T17:46:02","guid":{"rendered":"https:\/\/www.noticiasfire.com.br\/?p=21858"},"modified":"2023-12-17T14:46:02","modified_gmt":"2023-12-17T17:46:02","slug":"abono-salarial-informacoes-essenciais-para-os-trabalhadores","status":"publish","type":"post","link":"https:\/\/www.noticiasfire.com.br\/en\/abono-salarial-informacoes-essenciais-para-os-trabalhadores\/","title":{"rendered":"Abono Salarial: Informa\u00e7\u00f5es Essenciais para os Trabalhadores!\u00a0"},"content":{"rendered":"<p style=\"font-size:19px\">O abono salarial \u00e9 um benef\u00edcio oferecido aos trabalhadores no Brasil com o intuito de complementar a renda mensal. Embora seja um direito garantido por lei, muitas pessoas n\u00e3o compreendem totalmente os detalhes desse benef\u00edcio.&nbsp;<\/p>\n\n\n\n<p style=\"font-size:19px\">Neste contexto, vamos explorar o que \u00e9 o abono salarial, quem tem direito a ele e como funciona, incluindo os requisitos e prazos para receber esse aux\u00edlio financeiro importante.&nbsp;<\/p>\n\n\n\n<div class=\"wp-block-media-text is-stacked-on-mobile has-luminous-dusk-gradient-background has-background\"><figure class=\"wp-block-media-text__media\"><img decoding=\"async\" src=\"https:\/\/www.noticiasfire.com.br\/wp-content\/uploads\/2023\/12\/download-1-1-1.jpeg\" alt=\"abono salarial\" class=\"wp-image-21859 size-full\"\/><\/figure><div class=\"wp-block-media-text__content\">\n<h1 class=\"wp-block-heading has-text-align-center has-black-color has-text-color has-link-color wp-elements-6218cc6a35f84dc0b8916ae2a54d970d\">Abono Salarial<\/h1>\n\n\n\n<div class=\"wp-block-buttons is-content-justification-center is-layout-flex wp-container-core-buttons-is-layout-16018d1d wp-block-buttons-is-layout-flex\">\n<div class=\"wp-block-button has-custom-width wp-block-button__width-100\" style=\"margin-bottom:28px\"><a class=\"wp-block-button__link has-white-color has-vivid-cyan-blue-background-color has-text-color has-background has-link-color has-text-align-center wp-element-button\" href=\"https:\/\/www.noticiasfire.com.br\/en\/abono-salarial-estrategias-necessarias-para-obter-seus-direitos\/?utm_source=activecampaign&amp;utm_medium=01&amp;utm_campaign=21863_activecampaign_beneficio\" style=\"border-radius:10px\">COMO GARANTIR O SEU<\/a><\/div>\n<\/div>\n<\/div><\/div>\n\n\n\n<h2 class=\"wp-block-heading\"><strong>O Que \u00e9 o Abono Salarial?<\/strong>&nbsp;<\/h2>\n\n\n\n<p style=\"font-size:19px\">O abono salarial, conhecido como PIS (Programa de Integra\u00e7\u00e3o Social) ou PASEP (Programa de Forma\u00e7\u00e3o do Patrim\u00f4nio do Servidor P\u00fablico), \u00e9 um programa do governo brasileiro destinado a fornecer suporte financeiro adicional aos trabalhadores que preencham os crit\u00e9rios estabelecidos. Seu prop\u00f3sito \u00e9 fortalecer a renda dos trabalhadores, estimulando, assim, o consumo e o desenvolvimento econ\u00f4mico.&nbsp;<\/p>\n\n\n\n<h2 class=\"wp-block-heading\"><strong>Quem Tem Direito ao Abono Salarial?<\/strong>&nbsp;<\/h2>\n\n\n\n<p style=\"font-size:19px\">Para ter direito ao abono salarial, o trabalhador deve atender a crit\u00e9rios espec\u00edficos. Geralmente, os principais requisitos incluem:&nbsp;<\/p>\n\n\n\n<ul class=\"wp-block-list\">\n<li style=\"font-size:18px\">Estar cadastrado no PIS\/PASEP por um per\u00edodo m\u00ednimo.&nbsp;<\/li>\n\n\n\n<li style=\"font-size:18px\">Haver laborado por, no m\u00ednimo, 30 dias consecutivos ou n\u00e3o ao longo do ano-base. &nbsp;<\/li>\n\n\n\n<li style=\"font-size:18px\">Ter percebido uma remunera\u00e7\u00e3o m\u00e9dia mensal de at\u00e9 dois sal\u00e1rios-m\u00ednimos.&nbsp;<\/li>\n\n\n\n<li style=\"font-size:18px\">Manter os dados atualizados no RAIS (Rela\u00e7\u00e3o Anual de Informa\u00e7\u00f5es Sociais).&nbsp;<\/li>\n<\/ul>\n\n\n\n<p style=\"font-size:19px\">Al\u00e9m desses requisitos, existem crit\u00e9rios espec\u00edficos que variam a cada ano, tornando essencial verificar as regras vigentes no per\u00edodo de refer\u00eancia.&nbsp;<\/p>\n\n\n\n<h2 class=\"wp-block-heading\"><strong>Como Funciona o Abono Salarial?<\/strong>&nbsp;<\/h2>\n\n\n\n<p style=\"font-size:19px\">O abono salarial \u00e9 pago anualmente, seguindo um calend\u00e1rio estabelecido pelo governo. Os trabalhadores que atendem aos crit\u00e9rios recebem um valor proporcional ao tempo trabalhado e \u00e0 remunera\u00e7\u00e3o m\u00e9dia. Esse valor varia de acordo com o n\u00famero de meses trabalhados durante o ano-base.&nbsp;<\/p>\n\n\n\n<h2 class=\"wp-block-heading\"><strong>Requisitos e Prazos para Receber o Abono<\/strong>&nbsp;<\/h2>\n\n\n\n<p style=\"font-size:19px\">Para receber o abono salarial, \u00e9 crucial ficar atento aos prazos. Geralmente, o calend\u00e1rio \u00e9 divulgado pelas entidades respons\u00e1veis, como a Caixa Econ\u00f4mica Federal para o PIS e o Banco do Brasil para o PASEP. Os pagamentos costumam ser realizados a partir do segundo semestre do ano.&nbsp;<\/p>\n\n\n\n<p style=\"font-size:19px\">Esteja atento a essas datas e certifique-se de que voc\u00ea atende a todos os requisitos necess\u00e1rios para receber o abono salarial, pois perder o prazo pode significar deixar de receber um recurso essencial para sua renda.&nbsp;<\/p>\n\n\n\n<div class=\"wp-block-buttons is-layout-flex wp-block-buttons-is-layout-flex\">\n<div class=\"wp-block-button has-custom-width wp-block-button__width-100\"><a class=\"wp-block-button__link has-white-color has-vivid-cyan-blue-background-color has-text-color has-background has-link-color wp-element-button\" href=\"https:\/\/www.noticiasfire.com.br\/en\/abono-salarial-estrategias-necessarias-para-obter-seus-direitos\/?utm_source=activecampaign&amp;utm_medium=01&amp;utm_campaign=21863_activecampaign_beneficio\">COMO GARANTIR O SEU<\/a><\/div>\n<\/div>","protected":false},"excerpt":{"rendered":"<p>O abono salarial \u00e9 um benef\u00edcio oferecido aos trabalhadores no Brasil com o intuito de complementar a renda mensal. Embora seja um direito garantido por lei, muitas pessoas n\u00e3o compreendem totalmente os detalhes desse benef\u00edcio.&nbsp; Neste contexto, vamos explorar o que \u00e9 o abono salarial, quem tem direito a ele e como funciona, incluindo os &#8230; <a title=\"Abono Salarial: Informa\u00e7\u00f5es Essenciais para os Trabalhadores!\u00a0\" class=\"read-more\" href=\"https:\/\/www.noticiasfire.com.br\/en\/abono-salarial-informacoes-essenciais-para-os-trabalhadores\/\" aria-label=\"Read more about Abono Salarial: Informa\u00e7\u00f5es Essenciais para os Trabalhadores!\u00a0\">Read more<\/a><\/p>","protected":false},"author":3,"featured_media":21859,"comment_status":"open","ping_status":"open","sticky":false,"template":"","format":"standard","meta":{"footnotes":""},"categories":[44],"tags":[],"class_list":["post-21858","post","type-post","status-publish","format-standard","has-post-thumbnail","hentry","category-noticias"],"yoast_head":"<!-- This site is optimized with the Yoast SEO plugin v27.4 - https:\/\/yoast.com\/product\/yoast-seo-wordpress\/ -->\n<title>Abono Salarial: Informa\u00e7\u00f5es Essenciais para os Trabalhadores!\u00a0 -<\/title>\n<meta name=\"robots\" content=\"index, follow, max-snippet:-1, max-image-preview:large, max-video-preview:-1\" \/>\n<link rel=\"canonical\" href=\"https:\/\/www.noticiasfire.com.br\/en\/abono-salarial-informacoes-essenciais-para-os-trabalhadores\/\" \/>\n<meta property=\"og:locale\" content=\"en_US\" \/>\n<meta property=\"og:type\" content=\"article\" \/>\n<meta property=\"og:title\" content=\"Abono Salarial: Informa\u00e7\u00f5es Essenciais para os Trabalhadores!\u00a0 -\" \/>\n<meta property=\"og:description\" content=\"O abono salarial \u00e9 um benef\u00edcio oferecido aos trabalhadores no Brasil com o intuito de complementar a renda mensal. Embora seja um direito garantido por lei, muitas pessoas n\u00e3o compreendem totalmente os detalhes desse benef\u00edcio.&nbsp; Neste contexto, vamos explorar o que \u00e9 o abono salarial, quem tem direito a ele e como funciona, incluindo os ... Read more\" \/>\n<meta property=\"og:url\" content=\"https:\/\/www.noticiasfire.com.br\/en\/abono-salarial-informacoes-essenciais-para-os-trabalhadores\/\" \/>\n<meta property=\"article:published_time\" content=\"2023-12-17T17:46:02+00:00\" \/>\n<meta property=\"og:image\" content=\"https:\/\/www.noticiasfire.com.br\/wp-content\/uploads\/2023\/12\/download-1-1.jpeg\" \/>\n\t<meta property=\"og:image:width\" content=\"284\" \/>\n\t<meta property=\"og:image:height\" content=\"177\" \/>\n\t<meta property=\"og:image:type\" content=\"image\/jpeg\" \/>\n<meta name=\"author\" content=\"Ivan\" \/>\n<meta name=\"twitter:card\" content=\"summary_large_image\" \/>\n<meta name=\"twitter:label1\" content=\"Written by\" \/>\n\t<meta name=\"twitter:data1\" content=\"Ivan\" \/>\n\t<meta name=\"twitter:label2\" content=\"Est. reading time\" \/>\n\t<meta name=\"twitter:data2\" content=\"3 minutes\" \/>\n<script type=\"application\/ld+json\" class=\"yoast-schema-graph\">{\"@context\":\"https:\\\/\\\/schema.org\",\"@graph\":[{\"@type\":\"Article\",\"@id\":\"https:\\\/\\\/www.noticiasfire.com.br\\\/abono-salarial-informacoes-essenciais-para-os-trabalhadores\\\/#article\",\"isPartOf\":{\"@id\":\"https:\\\/\\\/www.noticiasfire.com.br\\\/abono-salarial-informacoes-essenciais-para-os-trabalhadores\\\/\"},\"author\":{\"name\":\"Ivan\",\"@id\":\"https:\\\/\\\/www.noticiasfire.com.br\\\/#\\\/schema\\\/person\\\/6c064cf8d33f8b38900e936c385f48fd\"},\"headline\":\"Abono Salarial: Informa\u00e7\u00f5es Essenciais para os Trabalhadores!\u00a0\",\"datePublished\":\"2023-12-17T17:46:02+00:00\",\"mainEntityOfPage\":{\"@id\":\"https:\\\/\\\/www.noticiasfire.com.br\\\/abono-salarial-informacoes-essenciais-para-os-trabalhadores\\\/\"},\"wordCount\":413,\"commentCount\":0,\"publisher\":{\"@id\":\"https:\\\/\\\/www.noticiasfire.com.br\\\/#organization\"},\"image\":{\"@id\":\"https:\\\/\\\/www.noticiasfire.com.br\\\/abono-salarial-informacoes-essenciais-para-os-trabalhadores\\\/#primaryimage\"},\"thumbnailUrl\":\"https:\\\/\\\/www.noticiasfire.com.br\\\/wp-content\\\/uploads\\\/2023\\\/12\\\/download-1-1.jpeg\",\"articleSection\":[\"NOT\u00cdCIAS\"],\"inLanguage\":\"en-US\",\"potentialAction\":[{\"@type\":\"CommentAction\",\"name\":\"Comment\",\"target\":[\"https:\\\/\\\/www.noticiasfire.com.br\\\/abono-salarial-informacoes-essenciais-para-os-trabalhadores\\\/#respond\"]}]},{\"@type\":\"WebPage\",\"@id\":\"https:\\\/\\\/www.noticiasfire.com.br\\\/abono-salarial-informacoes-essenciais-para-os-trabalhadores\\\/\",\"url\":\"https:\\\/\\\/www.noticiasfire.com.br\\\/abono-salarial-informacoes-essenciais-para-os-trabalhadores\\\/\",\"name\":\"Abono Salarial: Informa\u00e7\u00f5es Essenciais para os Trabalhadores!\u00a0 -\",\"isPartOf\":{\"@id\":\"https:\\\/\\\/www.noticiasfire.com.br\\\/#website\"},\"primaryImageOfPage\":{\"@id\":\"https:\\\/\\\/www.noticiasfire.com.br\\\/abono-salarial-informacoes-essenciais-para-os-trabalhadores\\\/#primaryimage\"},\"image\":{\"@id\":\"https:\\\/\\\/www.noticiasfire.com.br\\\/abono-salarial-informacoes-essenciais-para-os-trabalhadores\\\/#primaryimage\"},\"thumbnailUrl\":\"https:\\\/\\\/www.noticiasfire.com.br\\\/wp-content\\\/uploads\\\/2023\\\/12\\\/download-1-1.jpeg\",\"datePublished\":\"2023-12-17T17:46:02+00:00\",\"breadcrumb\":{\"@id\":\"https:\\\/\\\/www.noticiasfire.com.br\\\/abono-salarial-informacoes-essenciais-para-os-trabalhadores\\\/#breadcrumb\"},\"inLanguage\":\"en-US\",\"potentialAction\":[{\"@type\":\"ReadAction\",\"target\":[\"https:\\\/\\\/www.noticiasfire.com.br\\\/abono-salarial-informacoes-essenciais-para-os-trabalhadores\\\/\"]}]},{\"@type\":\"ImageObject\",\"inLanguage\":\"en-US\",\"@id\":\"https:\\\/\\\/www.noticiasfire.com.br\\\/abono-salarial-informacoes-essenciais-para-os-trabalhadores\\\/#primaryimage\",\"url\":\"https:\\\/\\\/www.noticiasfire.com.br\\\/wp-content\\\/uploads\\\/2023\\\/12\\\/download-1-1.jpeg\",\"contentUrl\":\"https:\\\/\\\/www.noticiasfire.com.br\\\/wp-content\\\/uploads\\\/2023\\\/12\\\/download-1-1.jpeg\",\"width\":284,\"height\":177,\"caption\":\"abono salarial (imagem Google)\"},{\"@type\":\"BreadcrumbList\",\"@id\":\"https:\\\/\\\/www.noticiasfire.com.br\\\/abono-salarial-informacoes-essenciais-para-os-trabalhadores\\\/#breadcrumb\",\"itemListElement\":[{\"@type\":\"ListItem\",\"position\":1,\"name\":\"In\u00edcio\",\"item\":\"https:\\\/\\\/www.noticiasfire.com.br\\\/\"},{\"@type\":\"ListItem\",\"position\":2,\"name\":\"Abono Salarial: Informa\u00e7\u00f5es Essenciais para os Trabalhadores!\u00a0\"}]},{\"@type\":\"WebSite\",\"@id\":\"https:\\\/\\\/www.noticiasfire.com.br\\\/#website\",\"url\":\"https:\\\/\\\/www.noticiasfire.com.br\\\/\",\"name\":\"NoticiasFire\",\"description\":\"\",\"publisher\":{\"@id\":\"https:\\\/\\\/www.noticiasfire.com.br\\\/#organization\"},\"potentialAction\":[{\"@type\":\"SearchAction\",\"target\":{\"@type\":\"EntryPoint\",\"urlTemplate\":\"https:\\\/\\\/www.noticiasfire.com.br\\\/?s={search_term_string}\"},\"query-input\":{\"@type\":\"PropertyValueSpecification\",\"valueRequired\":true,\"valueName\":\"search_term_string\"}}],\"inLanguage\":\"en-US\"},{\"@type\":\"Organization\",\"@id\":\"https:\\\/\\\/www.noticiasfire.com.br\\\/#organization\",\"name\":\"NoticiasFire\",\"url\":\"https:\\\/\\\/www.noticiasfire.com.br\\\/\",\"logo\":{\"@type\":\"ImageObject\",\"inLanguage\":\"en-US\",\"@id\":\"https:\\\/\\\/www.noticiasfire.com.br\\\/#\\\/schema\\\/logo\\\/image\\\/\",\"url\":\"https:\\\/\\\/www.noticiasfire.com.br\\\/wp-content\\\/uploads\\\/2025\\\/08\\\/cropped-Captura_de_Tela_2025-08-13_as_20.34.29__1_-removebg-preview.png\",\"contentUrl\":\"https:\\\/\\\/www.noticiasfire.com.br\\\/wp-content\\\/uploads\\\/2025\\\/08\\\/cropped-Captura_de_Tela_2025-08-13_as_20.34.29__1_-removebg-preview.png\",\"width\":748,\"height\":286,\"caption\":\"NoticiasFire\"},\"image\":{\"@id\":\"https:\\\/\\\/www.noticiasfire.com.br\\\/#\\\/schema\\\/logo\\\/image\\\/\"}},{\"@type\":\"Person\",\"@id\":\"https:\\\/\\\/www.noticiasfire.com.br\\\/#\\\/schema\\\/person\\\/6c064cf8d33f8b38900e936c385f48fd\",\"name\":\"Ivan\",\"image\":{\"@type\":\"ImageObject\",\"inLanguage\":\"en-US\",\"@id\":\"https:\\\/\\\/secure.gravatar.com\\\/avatar\\\/18077698a88c2ad528c924a301adab662f075719c95fb1dec6f0b51902ebf647?s=96&d=mm&r=g\",\"url\":\"https:\\\/\\\/secure.gravatar.com\\\/avatar\\\/18077698a88c2ad528c924a301adab662f075719c95fb1dec6f0b51902ebf647?s=96&d=mm&r=g\",\"contentUrl\":\"https:\\\/\\\/secure.gravatar.com\\\/avatar\\\/18077698a88c2ad528c924a301adab662f075719c95fb1dec6f0b51902ebf647?s=96&d=mm&r=g\",\"caption\":\"Ivan\"},\"url\":\"https:\\\/\\\/www.noticiasfire.com.br\\\/en\\\/author\\\/ivan\\\/\"}]}<\/script>\n<!-- \/ Yoast SEO plugin. -->","yoast_head_json":{"title":"Abono Salarial: Informa\u00e7\u00f5es Essenciais para os Trabalhadores!\u00a0 -","robots":{"index":"index","follow":"follow","max-snippet":"max-snippet:-1","max-image-preview":"max-image-preview:large","max-video-preview":"max-video-preview:-1"},"canonical":"https:\/\/www.noticiasfire.com.br\/en\/abono-salarial-informacoes-essenciais-para-os-trabalhadores\/","og_locale":"en_US","og_type":"article","og_title":"Abono Salarial: Informa\u00e7\u00f5es Essenciais para os Trabalhadores!\u00a0 -","og_description":"O abono salarial \u00e9 um benef\u00edcio oferecido aos trabalhadores no Brasil com o intuito de complementar a renda mensal. Embora seja um direito garantido por lei, muitas pessoas n\u00e3o compreendem totalmente os detalhes desse benef\u00edcio.&nbsp; Neste contexto, vamos explorar o que \u00e9 o abono salarial, quem tem direito a ele e como funciona, incluindo os ... Read more","og_url":"https:\/\/www.noticiasfire.com.br\/en\/abono-salarial-informacoes-essenciais-para-os-trabalhadores\/","article_published_time":"2023-12-17T17:46:02+00:00","og_image":[{"width":284,"height":177,"url":"https:\/\/www.noticiasfire.com.br\/wp-content\/uploads\/2023\/12\/download-1-1.jpeg","type":"image\/jpeg"}],"author":"Ivan","twitter_card":"summary_large_image","twitter_misc":{"Written by":"Ivan","Est. reading time":"3 minutes"},"schema":{"@context":"https:\/\/schema.org","@graph":[{"@type":"Article","@id":"https:\/\/www.noticiasfire.com.br\/abono-salarial-informacoes-essenciais-para-os-trabalhadores\/#article","isPartOf":{"@id":"https:\/\/www.noticiasfire.com.br\/abono-salarial-informacoes-essenciais-para-os-trabalhadores\/"},"author":{"name":"Ivan","@id":"https:\/\/www.noticiasfire.com.br\/#\/schema\/person\/6c064cf8d33f8b38900e936c385f48fd"},"headline":"Abono Salarial: Informa\u00e7\u00f5es Essenciais para os Trabalhadores!\u00a0","datePublished":"2023-12-17T17:46:02+00:00","mainEntityOfPage":{"@id":"https:\/\/www.noticiasfire.com.br\/abono-salarial-informacoes-essenciais-para-os-trabalhadores\/"},"wordCount":413,"commentCount":0,"publisher":{"@id":"https:\/\/www.noticiasfire.com.br\/#organization"},"image":{"@id":"https:\/\/www.noticiasfire.com.br\/abono-salarial-informacoes-essenciais-para-os-trabalhadores\/#primaryimage"},"thumbnailUrl":"https:\/\/www.noticiasfire.com.br\/wp-content\/uploads\/2023\/12\/download-1-1.jpeg","articleSection":["NOT\u00cdCIAS"],"inLanguage":"en-US","potentialAction":[{"@type":"CommentAction","name":"Comment","target":["https:\/\/www.noticiasfire.com.br\/abono-salarial-informacoes-essenciais-para-os-trabalhadores\/#respond"]}]},{"@type":"WebPage","@id":"https:\/\/www.noticiasfire.com.br\/abono-salarial-informacoes-essenciais-para-os-trabalhadores\/","url":"https:\/\/www.noticiasfire.com.br\/abono-salarial-informacoes-essenciais-para-os-trabalhadores\/","name":"Abono Salarial: Informa\u00e7\u00f5es Essenciais para os Trabalhadores!\u00a0 -","isPartOf":{"@id":"https:\/\/www.noticiasfire.com.br\/#website"},"primaryImageOfPage":{"@id":"https:\/\/www.noticiasfire.com.br\/abono-salarial-informacoes-essenciais-para-os-trabalhadores\/#primaryimage"},"image":{"@id":"https:\/\/www.noticiasfire.com.br\/abono-salarial-informacoes-essenciais-para-os-trabalhadores\/#primaryimage"},"thumbnailUrl":"https:\/\/www.noticiasfire.com.br\/wp-content\/uploads\/2023\/12\/download-1-1.jpeg","datePublished":"2023-12-17T17:46:02+00:00","breadcrumb":{"@id":"https:\/\/www.noticiasfire.com.br\/abono-salarial-informacoes-essenciais-para-os-trabalhadores\/#breadcrumb"},"inLanguage":"en-US","potentialAction":[{"@type":"ReadAction","target":["https:\/\/www.noticiasfire.com.br\/abono-salarial-informacoes-essenciais-para-os-trabalhadores\/"]}]},{"@type":"ImageObject","inLanguage":"en-US","@id":"https:\/\/www.noticiasfire.com.br\/abono-salarial-informacoes-essenciais-para-os-trabalhadores\/#primaryimage","url":"https:\/\/www.noticiasfire.com.br\/wp-content\/uploads\/2023\/12\/download-1-1.jpeg","contentUrl":"https:\/\/www.noticiasfire.com.br\/wp-content\/uploads\/2023\/12\/download-1-1.jpeg","width":284,"height":177,"caption":"abono salarial (imagem Google)"},{"@type":"BreadcrumbList","@id":"https:\/\/www.noticiasfire.com.br\/abono-salarial-informacoes-essenciais-para-os-trabalhadores\/#breadcrumb","itemListElement":[{"@type":"ListItem","position":1,"name":"In\u00edcio","item":"https:\/\/www.noticiasfire.com.br\/"},{"@type":"ListItem","position":2,"name":"Abono Salarial: Informa\u00e7\u00f5es Essenciais para os Trabalhadores!\u00a0"}]},{"@type":"WebSite","@id":"https:\/\/www.noticiasfire.com.br\/#website","url":"https:\/\/www.noticiasfire.com.br\/","name":"NewsFire","description":"","publisher":{"@id":"https:\/\/www.noticiasfire.com.br\/#organization"},"potentialAction":[{"@type":"SearchAction","target":{"@type":"EntryPoint","urlTemplate":"https:\/\/www.noticiasfire.com.br\/?s={search_term_string}"},"query-input":{"@type":"PropertyValueSpecification","valueRequired":true,"valueName":"search_term_string"}}],"inLanguage":"en-US"},{"@type":"Organization","@id":"https:\/\/www.noticiasfire.com.br\/#organization","name":"NewsFire","url":"https:\/\/www.noticiasfire.com.br\/","logo":{"@type":"ImageObject","inLanguage":"en-US","@id":"https:\/\/www.noticiasfire.com.br\/#\/schema\/logo\/image\/","url":"https:\/\/www.noticiasfire.com.br\/wp-content\/uploads\/2025\/08\/cropped-Captura_de_Tela_2025-08-13_as_20.34.29__1_-removebg-preview.png","contentUrl":"https:\/\/www.noticiasfire.com.br\/wp-content\/uploads\/2025\/08\/cropped-Captura_de_Tela_2025-08-13_as_20.34.29__1_-removebg-preview.png","width":748,"height":286,"caption":"NoticiasFire"},"image":{"@id":"https:\/\/www.noticiasfire.com.br\/#\/schema\/logo\/image\/"}},{"@type":"Person","@id":"https:\/\/www.noticiasfire.com.br\/#\/schema\/person\/6c064cf8d33f8b38900e936c385f48fd","name":"Ivan","image":{"@type":"ImageObject","inLanguage":"en-US","@id":"https:\/\/secure.gravatar.com\/avatar\/18077698a88c2ad528c924a301adab662f075719c95fb1dec6f0b51902ebf647?s=96&d=mm&r=g","url":"https:\/\/secure.gravatar.com\/avatar\/18077698a88c2ad528c924a301adab662f075719c95fb1dec6f0b51902ebf647?s=96&d=mm&r=g","contentUrl":"https:\/\/secure.gravatar.com\/avatar\/18077698a88c2ad528c924a301adab662f075719c95fb1dec6f0b51902ebf647?s=96&d=mm&r=g","caption":"Ivan"},"url":"https:\/\/www.noticiasfire.com.br\/en\/author\/ivan\/"}]}},"_links":{"self":[{"href":"https:\/\/www.noticiasfire.com.br\/en\/wp-json\/wp\/v2\/posts\/21858","targetHints":{"allow":["GET"]}}],"collection":[{"href":"https:\/\/www.noticiasfire.com.br\/en\/wp-json\/wp\/v2\/posts"}],"about":[{"href":"https:\/\/www.noticiasfire.com.br\/en\/wp-json\/wp\/v2\/types\/post"}],"author":[{"embeddable":true,"href":"https:\/\/www.noticiasfire.com.br\/en\/wp-json\/wp\/v2\/users\/3"}],"replies":[{"embeddable":true,"href":"https:\/\/www.noticiasfire.com.br\/en\/wp-json\/wp\/v2\/comments?post=21858"}],"version-history":[{"count":0,"href":"https:\/\/www.noticiasfire.com.br\/en\/wp-json\/wp\/v2\/posts\/21858\/revisions"}],"wp:featuredmedia":[{"embeddable":true,"href":"https:\/\/www.noticiasfire.com.br\/en\/wp-json\/wp\/v2\/media\/21859"}],"wp:attachment":[{"href":"https:\/\/www.noticiasfire.com.br\/en\/wp-json\/wp\/v2\/media?parent=21858"}],"wp:term":[{"taxonomy":"category","embeddable":true,"href":"https:\/\/www.noticiasfire.com.br\/en\/wp-json\/wp\/v2\/categories?post=21858"},{"taxonomy":"post_tag","embeddable":true,"href":"https:\/\/www.noticiasfire.com.br\/en\/wp-json\/wp\/v2\/tags?post=21858"}],"curies":[{"name":"wp","href":"https:\/\/api.w.org\/{rel}","templated":true}]}}