{"id":21891,"date":"2023-12-18T15:40:25","date_gmt":"2023-12-18T18:40:25","guid":{"rendered":"https:\/\/www.noticiasfire.com.br\/?p=21891"},"modified":"2023-12-18T15:40:25","modified_gmt":"2023-12-18T18:40:25","slug":"atualizacao-na-curva-de-descontos-do-programa-casa-verde-e-amarela","status":"publish","type":"post","link":"https:\/\/www.noticiasfire.com.br\/en\/atualizacao-na-curva-de-descontos-do-programa-casa-verde-e-amarela\/","title":{"rendered":"Atualiza\u00e7\u00e3o na curva de descontos do programa Casa Verde e Amarela"},"content":{"rendered":"<p style=\"font-size:19px\">Conhe\u00e7a os impactos dessa medida, que visa facilitar ainda mais a aquisi\u00e7\u00e3o da casa pr\u00f3pria para os benefici\u00e1rios do programa.&nbsp;<\/p>\n\n\n\n<p style=\"font-size:19px\">Aprovada pelo Conselho Curador do FGTS, a nova curva de descontos do Casa Verde e Amarela demandar\u00e1 um investimento anual de R$ 8,5 bilh\u00f5es para manter esse benef\u00edcio destinado \u00e0s fam\u00edlias de baixa renda.&nbsp;<\/p>\n\n\n\n<p style=\"font-size:19px\">O desconto adicional na curva do <strong>Casa Verde e Amarela <\/strong>destina-se \u00e0s fam\u00edlias com renda mensal de at\u00e9 R$ 1.650, com a resolu\u00e7\u00e3o incluindo a expans\u00e3o da faixa de renda para o Grupo 1.&nbsp;<\/p>\n\n\n\n<p style=\"font-size:19px\">Resultado de negocia\u00e7\u00f5es que envolveram o SindusCon-SP, entre outras entidades da constru\u00e7\u00e3o, al\u00e9m do Conselho Curador do FGTS e da Caixa Econ\u00f4mica Federal, a nova curva de <strong>subs\u00eddios <\/strong>of <strong>Casa Verde e Amarela<\/strong>, tamb\u00e9m conhecida como desconto adicional, foi estabelecida.&nbsp;<\/p>\n\n\n\n<h2 class=\"wp-block-heading\">Renda Min\u00edma <\/h2>\n\n\n\n<p style=\"font-size:19px\">A renda do Grupo 1 dos benefici\u00e1rios do programa agora \u00e9 considerada na faixa entre R$ 2.000,00 e R$ 2.400,00, com redu\u00e7\u00e3o da taxa de juros. A Instru\u00e7\u00e3o Normativa N\u00ba 42 do Minist\u00e9rio do Desenvolvimento Regional considera diversos fatores, como localiza\u00e7\u00e3o geogr\u00e1fica e despesas familiares, para a concess\u00e3o do subs\u00eddio.&nbsp;<\/p>\n\n\n\n<p style=\"font-size:19px\">Uma simula\u00e7\u00e3o feita pela Abrainc demonstra que, para uma fam\u00edlia com renda mensal de R$ 1,8 mil em Natal \u2013 RN, o desconto anterior de R$ 25.464,00 aumentaria para R$ 32.242,00 com a nova curva. Em outra simula\u00e7\u00e3o com uma fam\u00edlia de renda mensal de R$ 3 mil na mesma cidade, o desconto na entrada subiria de R$ 2.953,00 para R$ 5.500,00.&nbsp;<\/p>\n\n\n\n<p style=\"font-size:19px\">No Rio de Janeiro, para quem ganha at\u00e9 R$ 1,8 mil, o desconto agora \u00e9 de R$ 39.956,00 (antes era R$ 31.557,00). A Abrainc participou ativamente das discuss\u00f5es com a Secretaria Nacional de Habita\u00e7\u00e3o do MDR para implementar essa nova curva e ampliar o acesso ao Casa Verde e Amarela.&nbsp;<\/p>\n\n\n\n<h2 class=\"wp-block-heading\">Casa Verde e Amarela<\/h2>\n\n\n\n<p style=\"font-size:19px\">O Casa Verde e Amarela, programa habitacional do Minist\u00e9rio do Desenvolvimento Regional (MDR), foi criado com o intuito de facilitar o acesso \u00e0 moradia digna, especialmente para fam\u00edlias de baixa renda. O programa classifica as fam\u00edlias em tr\u00eas grupos de acordo com a faixa de renda:&nbsp;<\/p>\n\n\n\n<ul class=\"wp-block-list\">\n<li style=\"font-size:19px\">Grupo 1: Fam\u00edlias com renda de at\u00e9 R$ 2 mil por m\u00eas.&nbsp;<\/li>\n\n\n\n<li style=\"font-size:19px\">Grupo 2: Fam\u00edlias com renda de R$ 2 mil a R$ 4 mil por m\u00eas.&nbsp;<\/li>\n\n\n\n<li style=\"font-size:19px\">Grupo 3: Fam\u00edlias com renda de R$ 4 mil a R$ 7 mil por m\u00eas.&nbsp;<\/li>\n<\/ul>\n\n\n\n<h3 class=\"wp-block-heading\">A faixa de renda determina a taxa anual de juros para o financiamento habitacional. Por exemplo:&nbsp;<\/h3>\n\n\n\n<ul class=\"wp-block-list\">\n<li style=\"font-size:19px\">Grupo 1: Taxa de juros anual de 4,75%.&nbsp;<\/li>\n\n\n\n<li style=\"font-size:19px\">Grupo 2: Taxa de juros anual de 5,25%.&nbsp;<\/li>\n\n\n\n<li style=\"font-size:19px\">Grupo 3: Taxa de juros anual de 7,66%.&nbsp;<\/li>\n<\/ul>\n\n\n\n<figure class=\"wp-block-image size-large\"><img fetchpriority=\"high\" decoding=\"async\" width=\"1024\" height=\"683\" src=\"https:\/\/www.noticiasfire.com.br\/wp-content\/uploads\/2023\/12\/minha-casa-1-1024x683.webp\" alt=\"\" class=\"wp-image-21889\" srcset=\"https:\/\/www.noticiasfire.com.br\/wp-content\/uploads\/2023\/12\/minha-casa-1-1024x683.webp 1024w, https:\/\/www.noticiasfire.com.br\/wp-content\/uploads\/2023\/12\/minha-casa-1-300x200.webp 300w, https:\/\/www.noticiasfire.com.br\/wp-content\/uploads\/2023\/12\/minha-casa-1-768x512.webp 768w, https:\/\/www.noticiasfire.com.br\/wp-content\/uploads\/2023\/12\/minha-casa-1.webp 1200w\" sizes=\"(max-width: 1024px) 100vw, 1024px\" \/><\/figure>\n\n\n\n<h2 class=\"wp-block-heading\">FGTS e as taxas de juros<\/h2>\n\n\n\n<p style=\"font-size:19px\">Outros fatores, como ser cotista do FGTS, tamb\u00e9m podem influenciar a taxa de juros. O Casa Verde e Amarela tem como meta regularizar cerca de 2 milh\u00f5es de moradias e promover melhorias em 400 mil at\u00e9 2024. <\/p>\n\n\n\n<p style=\"font-size:19px\">Al\u00e9m do financiamento habitacional, o programa foca na regulariza\u00e7\u00e3o fundi\u00e1ria e melhoria de im\u00f3veis, abordando quest\u00f5es como falta de banheiros, problemas com revestimentos, instala\u00e7\u00f5es el\u00e9tricas e hidr\u00e1ulicas, entre outros.&nbsp;<\/p>\n\n\n\n<p style=\"font-size:19px\">O uso do FGTS \u00e9 uma estrat\u00e9gia do Casa Verde e Amarela para reduzir a taxa de juros a n\u00edveis historicamente baixos. Haver\u00e1 tamb\u00e9m altera\u00e7\u00f5es na remunera\u00e7\u00e3o do agente financeiro, garantindo que as fam\u00edlias possam financiar im\u00f3veis com taxas de juros mais reduzidas. <\/p>\n\n\n\n<p style=\"font-size:19px\">Nas regi\u00f5es Norte e Nordeste, fam\u00edlias com renda mensal de at\u00e9 R$ 2 mil ter\u00e3o uma redu\u00e7\u00e3o de 5 pontos percentuais nas taxas de juros, enquanto aquelas com renda de R$ 2 mil a R$ 2,6 mil ter\u00e3o uma redu\u00e7\u00e3o de 0,25 ponto percentual.&nbsp;<\/p>\n\n\n\n<p style=\"font-size:19px\">Nas regi\u00f5es mencionadas, as taxas de juros para os cotistas do FGTS podem ser de 4,25% ao ano, enquanto nas demais regi\u00f5es ficariam em 4,5% ao ano, tamb\u00e9m para os cotistas.&nbsp;<\/p>\n\n\n\n<p style=\"font-size:19px\">Apesar da import\u00e2ncia da aprova\u00e7\u00e3o da nova curva de desconto, Luiz Fran\u00e7a, presidente da Associa\u00e7\u00e3o, destaca a necessidade de avan\u00e7os adicionais no programa. Ele ressalta que o aumento na curva de desconto possibilitar\u00e1 que mais fam\u00edlias acessem o financiamento, mas s\u00e3o necess\u00e1rias novas a\u00e7\u00f5es para lidar com o aumento das despesas dom\u00e9sticas e a infla\u00e7\u00e3o que impactou o setor de constru\u00e7\u00e3o civil.&nbsp;<\/p>\n\n\n\n<p style=\"font-size:19px\">Quanto ao or\u00e7amento destinado a esse subs\u00eddio, est\u00e1 previsto um aporte de R$ 8,5 bilh\u00f5es por ano de 2022 a 2024. De acordo com as estimativas do MDR, esse montante contribuir\u00e1 para aumentar a quantidade de unidades contratadas em cerca de 16% em 2022, 23% em 2023 e 32% em 2024.&nbsp;<\/p>\n\n\n\n<p style=\"font-size:19px\">Para aderir ao programa, as fam\u00edlias precisam realizar uma simula\u00e7\u00e3o no site da Caixa Econ\u00f4mica Federal (CEF). Posteriormente, podem optar pela contrata\u00e7\u00e3o de forma individual, por meio de uma construtora ou de uma organiza\u00e7\u00e3o vinculada \u00e0 CEF.&nbsp;<\/p>\n\n\n\n<p style=\"font-size:19px\">Al\u00e9m disso, o programa Casa Verde e Amarela exige que o benefici\u00e1rio tenha pelo menos 18 anos, n\u00e3o possua im\u00f3vel em seu nome e n\u00e3o tenha contratado outro financiamento habitacional. Para utilizar o FGTS, \u00e9 necess\u00e1rio ter um per\u00edodo m\u00ednimo de recolhimento de 3 anos.&nbsp;<\/p>","protected":false},"excerpt":{"rendered":"<p>Conhe\u00e7a os impactos dessa medida, que visa facilitar ainda mais a aquisi\u00e7\u00e3o da casa pr\u00f3pria para os benefici\u00e1rios do programa.&nbsp; Aprovada pelo Conselho Curador do FGTS, a nova curva de descontos do Casa Verde e Amarela demandar\u00e1 um investimento anual de R$ 8,5 bilh\u00f5es para manter esse benef\u00edcio destinado \u00e0s fam\u00edlias de baixa renda.&nbsp; O &#8230; <a title=\"Atualiza\u00e7\u00e3o na curva de descontos do programa Casa Verde e Amarela\" class=\"read-more\" href=\"https:\/\/www.noticiasfire.com.br\/en\/atualizacao-na-curva-de-descontos-do-programa-casa-verde-e-amarela\/\" aria-label=\"Read more about Atualiza\u00e7\u00e3o na curva de descontos do programa Casa Verde e Amarela\">Read more<\/a><\/p>","protected":false},"author":3,"featured_media":21889,"comment_status":"open","ping_status":"open","sticky":false,"template":"","format":"standard","meta":{"footnotes":""},"categories":[44],"tags":[],"class_list":["post-21891","post","type-post","status-publish","format-standard","has-post-thumbnail","hentry","category-noticias"],"yoast_head":"<!-- This site is optimized with the Yoast SEO plugin v27.4 - https:\/\/yoast.com\/product\/yoast-seo-wordpress\/ -->\n<title>Atualiza\u00e7\u00e3o na curva de descontos do programa Casa Verde e Amarela -<\/title>\n<meta name=\"robots\" content=\"index, follow, max-snippet:-1, max-image-preview:large, max-video-preview:-1\" \/>\n<link rel=\"canonical\" href=\"https:\/\/www.noticiasfire.com.br\/en\/atualizacao-na-curva-de-descontos-do-programa-casa-verde-e-amarela\/\" \/>\n<meta property=\"og:locale\" content=\"en_US\" \/>\n<meta property=\"og:type\" content=\"article\" \/>\n<meta property=\"og:title\" content=\"Atualiza\u00e7\u00e3o na curva de descontos do programa Casa Verde e Amarela -\" \/>\n<meta property=\"og:description\" content=\"Conhe\u00e7a os impactos dessa medida, que visa facilitar ainda mais a aquisi\u00e7\u00e3o da casa pr\u00f3pria para os benefici\u00e1rios do programa.&nbsp; Aprovada pelo Conselho Curador do FGTS, a nova curva de descontos do Casa Verde e Amarela demandar\u00e1 um investimento anual de R$ 8,5 bilh\u00f5es para manter esse benef\u00edcio destinado \u00e0s fam\u00edlias de baixa renda.&nbsp; O ... Read more\" \/>\n<meta property=\"og:url\" content=\"https:\/\/www.noticiasfire.com.br\/en\/atualizacao-na-curva-de-descontos-do-programa-casa-verde-e-amarela\/\" \/>\n<meta property=\"article:published_time\" content=\"2023-12-18T18:40:25+00:00\" \/>\n<meta property=\"og:image\" content=\"https:\/\/www.noticiasfire.com.br\/wp-content\/uploads\/2023\/12\/minha-casa-1.webp\" \/>\n\t<meta property=\"og:image:width\" content=\"1200\" \/>\n\t<meta property=\"og:image:height\" content=\"800\" \/>\n\t<meta property=\"og:image:type\" content=\"image\/webp\" \/>\n<meta name=\"author\" content=\"Ivan\" \/>\n<meta name=\"twitter:card\" content=\"summary_large_image\" \/>\n<meta name=\"twitter:label1\" content=\"Written by\" \/>\n\t<meta name=\"twitter:data1\" content=\"Ivan\" \/>\n\t<meta name=\"twitter:label2\" content=\"Est. reading time\" \/>\n\t<meta name=\"twitter:data2\" content=\"5 minutes\" \/>\n<script type=\"application\/ld+json\" class=\"yoast-schema-graph\">{\"@context\":\"https:\\\/\\\/schema.org\",\"@graph\":[{\"@type\":\"Article\",\"@id\":\"https:\\\/\\\/www.noticiasfire.com.br\\\/atualizacao-na-curva-de-descontos-do-programa-casa-verde-e-amarela\\\/#article\",\"isPartOf\":{\"@id\":\"https:\\\/\\\/www.noticiasfire.com.br\\\/atualizacao-na-curva-de-descontos-do-programa-casa-verde-e-amarela\\\/\"},\"author\":{\"name\":\"Ivan\",\"@id\":\"https:\\\/\\\/www.noticiasfire.com.br\\\/#\\\/schema\\\/person\\\/6c064cf8d33f8b38900e936c385f48fd\"},\"headline\":\"Atualiza\u00e7\u00e3o na curva de descontos do programa Casa Verde e Amarela\",\"datePublished\":\"2023-12-18T18:40:25+00:00\",\"mainEntityOfPage\":{\"@id\":\"https:\\\/\\\/www.noticiasfire.com.br\\\/atualizacao-na-curva-de-descontos-do-programa-casa-verde-e-amarela\\\/\"},\"wordCount\":880,\"commentCount\":0,\"publisher\":{\"@id\":\"https:\\\/\\\/www.noticiasfire.com.br\\\/#organization\"},\"image\":{\"@id\":\"https:\\\/\\\/www.noticiasfire.com.br\\\/atualizacao-na-curva-de-descontos-do-programa-casa-verde-e-amarela\\\/#primaryimage\"},\"thumbnailUrl\":\"https:\\\/\\\/www.noticiasfire.com.br\\\/wp-content\\\/uploads\\\/2023\\\/12\\\/minha-casa-1.webp\",\"articleSection\":[\"NOT\u00cdCIAS\"],\"inLanguage\":\"en-US\",\"potentialAction\":[{\"@type\":\"CommentAction\",\"name\":\"Comment\",\"target\":[\"https:\\\/\\\/www.noticiasfire.com.br\\\/atualizacao-na-curva-de-descontos-do-programa-casa-verde-e-amarela\\\/#respond\"]}]},{\"@type\":\"WebPage\",\"@id\":\"https:\\\/\\\/www.noticiasfire.com.br\\\/atualizacao-na-curva-de-descontos-do-programa-casa-verde-e-amarela\\\/\",\"url\":\"https:\\\/\\\/www.noticiasfire.com.br\\\/atualizacao-na-curva-de-descontos-do-programa-casa-verde-e-amarela\\\/\",\"name\":\"Atualiza\u00e7\u00e3o na curva de descontos do programa Casa Verde e Amarela -\",\"isPartOf\":{\"@id\":\"https:\\\/\\\/www.noticiasfire.com.br\\\/#website\"},\"primaryImageOfPage\":{\"@id\":\"https:\\\/\\\/www.noticiasfire.com.br\\\/atualizacao-na-curva-de-descontos-do-programa-casa-verde-e-amarela\\\/#primaryimage\"},\"image\":{\"@id\":\"https:\\\/\\\/www.noticiasfire.com.br\\\/atualizacao-na-curva-de-descontos-do-programa-casa-verde-e-amarela\\\/#primaryimage\"},\"thumbnailUrl\":\"https:\\\/\\\/www.noticiasfire.com.br\\\/wp-content\\\/uploads\\\/2023\\\/12\\\/minha-casa-1.webp\",\"datePublished\":\"2023-12-18T18:40:25+00:00\",\"breadcrumb\":{\"@id\":\"https:\\\/\\\/www.noticiasfire.com.br\\\/atualizacao-na-curva-de-descontos-do-programa-casa-verde-e-amarela\\\/#breadcrumb\"},\"inLanguage\":\"en-US\",\"potentialAction\":[{\"@type\":\"ReadAction\",\"target\":[\"https:\\\/\\\/www.noticiasfire.com.br\\\/atualizacao-na-curva-de-descontos-do-programa-casa-verde-e-amarela\\\/\"]}]},{\"@type\":\"ImageObject\",\"inLanguage\":\"en-US\",\"@id\":\"https:\\\/\\\/www.noticiasfire.com.br\\\/atualizacao-na-curva-de-descontos-do-programa-casa-verde-e-amarela\\\/#primaryimage\",\"url\":\"https:\\\/\\\/www.noticiasfire.com.br\\\/wp-content\\\/uploads\\\/2023\\\/12\\\/minha-casa-1.webp\",\"contentUrl\":\"https:\\\/\\\/www.noticiasfire.com.br\\\/wp-content\\\/uploads\\\/2023\\\/12\\\/minha-casa-1.webp\",\"width\":1200,\"height\":800},{\"@type\":\"BreadcrumbList\",\"@id\":\"https:\\\/\\\/www.noticiasfire.com.br\\\/atualizacao-na-curva-de-descontos-do-programa-casa-verde-e-amarela\\\/#breadcrumb\",\"itemListElement\":[{\"@type\":\"ListItem\",\"position\":1,\"name\":\"In\u00edcio\",\"item\":\"https:\\\/\\\/www.noticiasfire.com.br\\\/\"},{\"@type\":\"ListItem\",\"position\":2,\"name\":\"Atualiza\u00e7\u00e3o na curva de descontos do programa Casa Verde e Amarela\"}]},{\"@type\":\"WebSite\",\"@id\":\"https:\\\/\\\/www.noticiasfire.com.br\\\/#website\",\"url\":\"https:\\\/\\\/www.noticiasfire.com.br\\\/\",\"name\":\"NoticiasFire\",\"description\":\"\",\"publisher\":{\"@id\":\"https:\\\/\\\/www.noticiasfire.com.br\\\/#organization\"},\"potentialAction\":[{\"@type\":\"SearchAction\",\"target\":{\"@type\":\"EntryPoint\",\"urlTemplate\":\"https:\\\/\\\/www.noticiasfire.com.br\\\/?s={search_term_string}\"},\"query-input\":{\"@type\":\"PropertyValueSpecification\",\"valueRequired\":true,\"valueName\":\"search_term_string\"}}],\"inLanguage\":\"en-US\"},{\"@type\":\"Organization\",\"@id\":\"https:\\\/\\\/www.noticiasfire.com.br\\\/#organization\",\"name\":\"NoticiasFire\",\"url\":\"https:\\\/\\\/www.noticiasfire.com.br\\\/\",\"logo\":{\"@type\":\"ImageObject\",\"inLanguage\":\"en-US\",\"@id\":\"https:\\\/\\\/www.noticiasfire.com.br\\\/#\\\/schema\\\/logo\\\/image\\\/\",\"url\":\"https:\\\/\\\/www.noticiasfire.com.br\\\/wp-content\\\/uploads\\\/2025\\\/08\\\/cropped-Captura_de_Tela_2025-08-13_as_20.34.29__1_-removebg-preview.png\",\"contentUrl\":\"https:\\\/\\\/www.noticiasfire.com.br\\\/wp-content\\\/uploads\\\/2025\\\/08\\\/cropped-Captura_de_Tela_2025-08-13_as_20.34.29__1_-removebg-preview.png\",\"width\":748,\"height\":286,\"caption\":\"NoticiasFire\"},\"image\":{\"@id\":\"https:\\\/\\\/www.noticiasfire.com.br\\\/#\\\/schema\\\/logo\\\/image\\\/\"}},{\"@type\":\"Person\",\"@id\":\"https:\\\/\\\/www.noticiasfire.com.br\\\/#\\\/schema\\\/person\\\/6c064cf8d33f8b38900e936c385f48fd\",\"name\":\"Ivan\",\"image\":{\"@type\":\"ImageObject\",\"inLanguage\":\"en-US\",\"@id\":\"https:\\\/\\\/secure.gravatar.com\\\/avatar\\\/18077698a88c2ad528c924a301adab662f075719c95fb1dec6f0b51902ebf647?s=96&d=mm&r=g\",\"url\":\"https:\\\/\\\/secure.gravatar.com\\\/avatar\\\/18077698a88c2ad528c924a301adab662f075719c95fb1dec6f0b51902ebf647?s=96&d=mm&r=g\",\"contentUrl\":\"https:\\\/\\\/secure.gravatar.com\\\/avatar\\\/18077698a88c2ad528c924a301adab662f075719c95fb1dec6f0b51902ebf647?s=96&d=mm&r=g\",\"caption\":\"Ivan\"},\"url\":\"https:\\\/\\\/www.noticiasfire.com.br\\\/en\\\/author\\\/ivan\\\/\"}]}<\/script>\n<!-- \/ Yoast SEO plugin. -->","yoast_head_json":{"title":"Atualiza\u00e7\u00e3o na curva de descontos do programa Casa Verde e Amarela -","robots":{"index":"index","follow":"follow","max-snippet":"max-snippet:-1","max-image-preview":"max-image-preview:large","max-video-preview":"max-video-preview:-1"},"canonical":"https:\/\/www.noticiasfire.com.br\/en\/atualizacao-na-curva-de-descontos-do-programa-casa-verde-e-amarela\/","og_locale":"en_US","og_type":"article","og_title":"Atualiza\u00e7\u00e3o na curva de descontos do programa Casa Verde e Amarela -","og_description":"Conhe\u00e7a os impactos dessa medida, que visa facilitar ainda mais a aquisi\u00e7\u00e3o da casa pr\u00f3pria para os benefici\u00e1rios do programa.&nbsp; Aprovada pelo Conselho Curador do FGTS, a nova curva de descontos do Casa Verde e Amarela demandar\u00e1 um investimento anual de R$ 8,5 bilh\u00f5es para manter esse benef\u00edcio destinado \u00e0s fam\u00edlias de baixa renda.&nbsp; O ... Read more","og_url":"https:\/\/www.noticiasfire.com.br\/en\/atualizacao-na-curva-de-descontos-do-programa-casa-verde-e-amarela\/","article_published_time":"2023-12-18T18:40:25+00:00","og_image":[{"width":1200,"height":800,"url":"https:\/\/www.noticiasfire.com.br\/wp-content\/uploads\/2023\/12\/minha-casa-1.webp","type":"image\/webp"}],"author":"Ivan","twitter_card":"summary_large_image","twitter_misc":{"Written by":"Ivan","Est. reading time":"5 minutes"},"schema":{"@context":"https:\/\/schema.org","@graph":[{"@type":"Article","@id":"https:\/\/www.noticiasfire.com.br\/atualizacao-na-curva-de-descontos-do-programa-casa-verde-e-amarela\/#article","isPartOf":{"@id":"https:\/\/www.noticiasfire.com.br\/atualizacao-na-curva-de-descontos-do-programa-casa-verde-e-amarela\/"},"author":{"name":"Ivan","@id":"https:\/\/www.noticiasfire.com.br\/#\/schema\/person\/6c064cf8d33f8b38900e936c385f48fd"},"headline":"Atualiza\u00e7\u00e3o na curva de descontos do programa Casa Verde e Amarela","datePublished":"2023-12-18T18:40:25+00:00","mainEntityOfPage":{"@id":"https:\/\/www.noticiasfire.com.br\/atualizacao-na-curva-de-descontos-do-programa-casa-verde-e-amarela\/"},"wordCount":880,"commentCount":0,"publisher":{"@id":"https:\/\/www.noticiasfire.com.br\/#organization"},"image":{"@id":"https:\/\/www.noticiasfire.com.br\/atualizacao-na-curva-de-descontos-do-programa-casa-verde-e-amarela\/#primaryimage"},"thumbnailUrl":"https:\/\/www.noticiasfire.com.br\/wp-content\/uploads\/2023\/12\/minha-casa-1.webp","articleSection":["NOT\u00cdCIAS"],"inLanguage":"en-US","potentialAction":[{"@type":"CommentAction","name":"Comment","target":["https:\/\/www.noticiasfire.com.br\/atualizacao-na-curva-de-descontos-do-programa-casa-verde-e-amarela\/#respond"]}]},{"@type":"WebPage","@id":"https:\/\/www.noticiasfire.com.br\/atualizacao-na-curva-de-descontos-do-programa-casa-verde-e-amarela\/","url":"https:\/\/www.noticiasfire.com.br\/atualizacao-na-curva-de-descontos-do-programa-casa-verde-e-amarela\/","name":"Atualiza\u00e7\u00e3o na curva de descontos do programa Casa Verde e Amarela -","isPartOf":{"@id":"https:\/\/www.noticiasfire.com.br\/#website"},"primaryImageOfPage":{"@id":"https:\/\/www.noticiasfire.com.br\/atualizacao-na-curva-de-descontos-do-programa-casa-verde-e-amarela\/#primaryimage"},"image":{"@id":"https:\/\/www.noticiasfire.com.br\/atualizacao-na-curva-de-descontos-do-programa-casa-verde-e-amarela\/#primaryimage"},"thumbnailUrl":"https:\/\/www.noticiasfire.com.br\/wp-content\/uploads\/2023\/12\/minha-casa-1.webp","datePublished":"2023-12-18T18:40:25+00:00","breadcrumb":{"@id":"https:\/\/www.noticiasfire.com.br\/atualizacao-na-curva-de-descontos-do-programa-casa-verde-e-amarela\/#breadcrumb"},"inLanguage":"en-US","potentialAction":[{"@type":"ReadAction","target":["https:\/\/www.noticiasfire.com.br\/atualizacao-na-curva-de-descontos-do-programa-casa-verde-e-amarela\/"]}]},{"@type":"ImageObject","inLanguage":"en-US","@id":"https:\/\/www.noticiasfire.com.br\/atualizacao-na-curva-de-descontos-do-programa-casa-verde-e-amarela\/#primaryimage","url":"https:\/\/www.noticiasfire.com.br\/wp-content\/uploads\/2023\/12\/minha-casa-1.webp","contentUrl":"https:\/\/www.noticiasfire.com.br\/wp-content\/uploads\/2023\/12\/minha-casa-1.webp","width":1200,"height":800},{"@type":"BreadcrumbList","@id":"https:\/\/www.noticiasfire.com.br\/atualizacao-na-curva-de-descontos-do-programa-casa-verde-e-amarela\/#breadcrumb","itemListElement":[{"@type":"ListItem","position":1,"name":"In\u00edcio","item":"https:\/\/www.noticiasfire.com.br\/"},{"@type":"ListItem","position":2,"name":"Atualiza\u00e7\u00e3o na curva de descontos do programa Casa Verde e Amarela"}]},{"@type":"WebSite","@id":"https:\/\/www.noticiasfire.com.br\/#website","url":"https:\/\/www.noticiasfire.com.br\/","name":"NewsFire","description":"","publisher":{"@id":"https:\/\/www.noticiasfire.com.br\/#organization"},"potentialAction":[{"@type":"SearchAction","target":{"@type":"EntryPoint","urlTemplate":"https:\/\/www.noticiasfire.com.br\/?s={search_term_string}"},"query-input":{"@type":"PropertyValueSpecification","valueRequired":true,"valueName":"search_term_string"}}],"inLanguage":"en-US"},{"@type":"Organization","@id":"https:\/\/www.noticiasfire.com.br\/#organization","name":"NewsFire","url":"https:\/\/www.noticiasfire.com.br\/","logo":{"@type":"ImageObject","inLanguage":"en-US","@id":"https:\/\/www.noticiasfire.com.br\/#\/schema\/logo\/image\/","url":"https:\/\/www.noticiasfire.com.br\/wp-content\/uploads\/2025\/08\/cropped-Captura_de_Tela_2025-08-13_as_20.34.29__1_-removebg-preview.png","contentUrl":"https:\/\/www.noticiasfire.com.br\/wp-content\/uploads\/2025\/08\/cropped-Captura_de_Tela_2025-08-13_as_20.34.29__1_-removebg-preview.png","width":748,"height":286,"caption":"NoticiasFire"},"image":{"@id":"https:\/\/www.noticiasfire.com.br\/#\/schema\/logo\/image\/"}},{"@type":"Person","@id":"https:\/\/www.noticiasfire.com.br\/#\/schema\/person\/6c064cf8d33f8b38900e936c385f48fd","name":"Ivan","image":{"@type":"ImageObject","inLanguage":"en-US","@id":"https:\/\/secure.gravatar.com\/avatar\/18077698a88c2ad528c924a301adab662f075719c95fb1dec6f0b51902ebf647?s=96&d=mm&r=g","url":"https:\/\/secure.gravatar.com\/avatar\/18077698a88c2ad528c924a301adab662f075719c95fb1dec6f0b51902ebf647?s=96&d=mm&r=g","contentUrl":"https:\/\/secure.gravatar.com\/avatar\/18077698a88c2ad528c924a301adab662f075719c95fb1dec6f0b51902ebf647?s=96&d=mm&r=g","caption":"Ivan"},"url":"https:\/\/www.noticiasfire.com.br\/en\/author\/ivan\/"}]}},"_links":{"self":[{"href":"https:\/\/www.noticiasfire.com.br\/en\/wp-json\/wp\/v2\/posts\/21891","targetHints":{"allow":["GET"]}}],"collection":[{"href":"https:\/\/www.noticiasfire.com.br\/en\/wp-json\/wp\/v2\/posts"}],"about":[{"href":"https:\/\/www.noticiasfire.com.br\/en\/wp-json\/wp\/v2\/types\/post"}],"author":[{"embeddable":true,"href":"https:\/\/www.noticiasfire.com.br\/en\/wp-json\/wp\/v2\/users\/3"}],"replies":[{"embeddable":true,"href":"https:\/\/www.noticiasfire.com.br\/en\/wp-json\/wp\/v2\/comments?post=21891"}],"version-history":[{"count":0,"href":"https:\/\/www.noticiasfire.com.br\/en\/wp-json\/wp\/v2\/posts\/21891\/revisions"}],"wp:featuredmedia":[{"embeddable":true,"href":"https:\/\/www.noticiasfire.com.br\/en\/wp-json\/wp\/v2\/media\/21889"}],"wp:attachment":[{"href":"https:\/\/www.noticiasfire.com.br\/en\/wp-json\/wp\/v2\/media?parent=21891"}],"wp:term":[{"taxonomy":"category","embeddable":true,"href":"https:\/\/www.noticiasfire.com.br\/en\/wp-json\/wp\/v2\/categories?post=21891"},{"taxonomy":"post_tag","embeddable":true,"href":"https:\/\/www.noticiasfire.com.br\/en\/wp-json\/wp\/v2\/tags?post=21891"}],"curies":[{"name":"wp","href":"https:\/\/api.w.org\/{rel}","templated":true}]}}