{"id":24168,"date":"2024-02-03T11:14:10","date_gmt":"2024-02-03T14:14:10","guid":{"rendered":"https:\/\/www.noticiasfire.com.br\/?p=24168"},"modified":"2024-02-03T11:14:10","modified_gmt":"2024-02-03T14:14:10","slug":"o-melhor-design-de-sobrancelhas-no-senac-ead-e-presencial","status":"publish","type":"post","link":"https:\/\/www.noticiasfire.com.br\/en\/o-melhor-design-de-sobrancelhas-no-senac-ead-e-presencial\/","title":{"rendered":"The Best Eyebrow Design at Senac EAD and In-Person\u00a0"},"content":{"rendered":"<div data-elementor-type=\"wp-post\" data-elementor-id=\"24168\" class=\"elementor elementor-24168\" data-elementor-post-type=\"post\">\n\t\t\t\t\t\t<section class=\"elementor-section elementor-top-section elementor-element elementor-element-726ab8ca elementor-section-boxed elementor-section-height-default elementor-section-height-default\" data-id=\"726ab8ca\" data-element_type=\"section\" data-e-type=\"section\">\n\t\t\t\t\t\t<div class=\"elementor-container elementor-column-gap-default\">\n\t\t\t\t\t<div class=\"elementor-column elementor-col-100 elementor-top-column elementor-element elementor-element-64d2fbf9\" data-id=\"64d2fbf9\" data-element_type=\"column\" data-e-type=\"column\">\n\t\t\t<div class=\"elementor-widget-wrap elementor-element-populated\">\n\t\t\t\t\t\t<div class=\"elementor-element elementor-element-57d2c89e elementor-widget elementor-widget-text-editor\" data-id=\"57d2c89e\" data-element_type=\"widget\" data-e-type=\"widget\" data-widget_type=\"text-editor.default\">\n\t\t\t\t\t\t\t\t\t\n<p>If you are looking for the best <strong>eyebrow design<\/strong>Senac is an outstanding choice for both distance learning and face-to-face training. With an established reputation and an approach focused on excellence, Senac offers comprehensive programs that prepare professionals to master the latest techniques and meet the demands of the aesthetics market.\u00a0<\/p>\n\n\n\n<h2 class=\"wp-block-heading\">Why Choose Senac for Eyebrow Design?\u00a0<\/h2>\n\n\n\n<h3 class=\"wp-block-heading\">Recognition and credibility\u00a0<\/h3>\n\n\n\n<p>Senac is recognized nationally and internationally as an educational institution of excellence. With decades of experience in the field of professional education, Senac offers programs that are a benchmark for quality and constant updating.&nbsp;<\/p>\n\n\n\n<h2 class=\"wp-block-heading\">Qualified teaching staff\u00a0<\/h2>\n\n\n\n<p>One of Senac's distinguishing features is its highly qualified teaching staff. The instructors are experienced professionals who not only master the techniques of <strong>eyebrow design<\/strong>But they are also committed to providing an enriching and stimulating learning experience.\u00a0<\/p>\n\n\n\n<h2 class=\"wp-block-heading\">Innovative Teaching Methodology\u00a0<\/h2>\n\n\n\n<p>In both the distance and face-to-face formats, Senac adopts an innovative teaching methodology that combines theory and practice in a balanced way. Students have the opportunity to apply the knowledge they have acquired in real-life situations, guaranteeing a complete education and preparing them for the challenges of the job market.&nbsp;<\/p>\n\n\n\n<h2 class=\"wp-block-heading\">Modern infrastructure and state-of-the-art equipment\u00a0<\/h2>\n\n\n\n<p>In the <strong>eyebrow design<\/strong> At Senac, students have access to a modern infrastructure and state-of-the-art equipment. This allows them to familiarize themselves with the most advanced tools and techniques in the sector, gaining confidence and the ability to offer high-quality services to clients.\u00a0<\/p>\n\n\n\n<h2 class=\"wp-block-heading\">Programs offered by Senac\u00a0<\/h2>\n\n\n\n<p>Senac offers a variety of <strong>eyebrow design<\/strong>These courses meet the needs of different student profiles. Among the most popular courses are:\u00a0<\/p>\n\n\n\n<h2 class=\"wp-block-heading\">Technical Course in Eyebrow Design\u00a0<\/h2>\n\n\n\n<p>Ideal for those wishing to specialize in the area, the technical course in <strong>eyebrow design<\/strong> offers comprehensive training, from basic fundamentals to advanced modeling and visage techniques.\u00a0<\/p>\n\n\n\n<h2 class=\"wp-block-heading\">Workshops and Thematic Workshops\u00a0<\/h2>\n\n\n\n<p>Senac also runs workshops and themed ateliers aimed at professionals looking to improve their skills in specific areas of the field. <strong>eyebrow design<\/strong>such as micropigmentation and hyper-realistic design.\u00a0<\/p>\n\n\n\n<h2 class=\"wp-block-heading\">Professional development courses\u00a0<\/h2>\n\n\n\n<p>For those who already work in the field and want to keep up to date with market trends and innovations, Senac offers professional development courses, which cover topics such as advanced facial correction and harmonization techniques.&nbsp;<\/p>\n\n\n\n<h2 class=\"wp-block-heading\">Conclusion\u00a0<\/h2>\n\n\n\n<p>When it comes to <strong>eyebrow design<\/strong>Senac stands out as a choice of excellence, offering comprehensive programs, qualified teaching staff, innovative methodology and state-of-the-art infrastructure. If you're looking for quality training that prepares you for the challenges of the beauty market, Senac is the right choice.\u00a0<\/p>\n\n\n\n<p><\/p>\n\t\t\t\t\t\t\t\t<\/div>\n\t\t\t\t\t<\/div>\n\t\t<\/div>\n\t\t\t\t\t<\/div>\n\t\t<\/section>\n\t\t\t\t<section class=\"elementor-section elementor-top-section elementor-element elementor-element-6b48075 elementor-section-boxed elementor-section-height-default elementor-section-height-default\" data-id=\"6b48075\" data-element_type=\"section\" data-e-type=\"section\">\n\t\t\t\t\t\t<div class=\"elementor-container elementor-column-gap-default\">\n\t\t\t\t\t<div class=\"elementor-column elementor-col-100 elementor-top-column elementor-element elementor-element-2885b0c\" data-id=\"2885b0c\" data-element_type=\"column\" data-e-type=\"column\">\n\t\t\t<div class=\"elementor-widget-wrap elementor-element-populated\">\n\t\t\t\t\t\t<div class=\"elementor-element elementor-element-1185634 elementor-align-center elementor-widget elementor-widget-button\" data-id=\"1185634\" data-element_type=\"widget\" data-e-type=\"widget\" data-widget_type=\"button.default\">\n\t\t\t\t\t\t\t\t\t\t<a class=\"elementor-button elementor-button-link elementor-size-sm\" href=\"https:\/\/www.sp.senac.br\/cursos-livres\/curso-de-design-de-sobrancelhas-presencial-ead\">\n\t\t\t\t\t\t<span class=\"elementor-button-content-wrapper\">\n\t\t\t\t\t\t\t\t\t<span class=\"elementor-button-text\">Go to Senac page<\/span>\n\t\t\t\t\t<\/span>\n\t\t\t\t\t<\/a>\n\t\t\t\t\t\t\t\t<\/div>\n\t\t\t\t\t<\/div>\n\t\t<\/div>\n\t\t\t\t\t<\/div>\n\t\t<\/section>\n\t\t\t\t<\/div>","protected":false},"excerpt":{"rendered":"<p>Se voc\u00ea est\u00e1 em busca do melhor design de sobrancelhas, tanto no formato EAD quanto presencial, o Senac \u00e9 uma escolha que se destaca. Com uma reputa\u00e7\u00e3o consolidada e uma abordagem focada na excel\u00eancia, o Senac oferece programas abrangentes que preparam os profissionais para dominar as t\u00e9cnicas mais recentes e atender \u00e0s demandas do mercado &#8230; <a title=\"The Best Eyebrow Design at Senac EAD and In-Person\u00a0\" class=\"read-more\" href=\"https:\/\/www.noticiasfire.com.br\/en\/o-melhor-design-de-sobrancelhas-no-senac-ead-e-presencial\/\" aria-label=\"Read more about O Melhor Design de Sobrancelhas no Senac EAD e Presencial\u00a0\">Read more<\/a><\/p>","protected":false},"author":3,"featured_media":30098,"comment_status":"open","ping_status":"open","sticky":false,"template":"","format":"standard","meta":{"footnotes":""},"categories":[44],"tags":[],"class_list":["post-24168","post","type-post","status-publish","format-standard","has-post-thumbnail","hentry","category-noticias"],"yoast_head":"<!-- This site is optimized with the Yoast SEO plugin v27.4 - https:\/\/yoast.com\/product\/yoast-seo-wordpress\/ -->\n<title>O Melhor Design de Sobrancelhas no Senac EAD e Presencial\u00a0 -<\/title>\n<meta name=\"robots\" content=\"index, follow, max-snippet:-1, max-image-preview:large, max-video-preview:-1\" \/>\n<link rel=\"canonical\" href=\"https:\/\/www.noticiasfire.com.br\/en\/o-melhor-design-de-sobrancelhas-no-senac-ead-e-presencial\/\" \/>\n<meta property=\"og:locale\" content=\"en_US\" \/>\n<meta property=\"og:type\" content=\"article\" \/>\n<meta property=\"og:title\" content=\"O Melhor Design de Sobrancelhas no Senac EAD e Presencial\u00a0 -\" \/>\n<meta property=\"og:description\" content=\"Se voc\u00ea est\u00e1 em busca do melhor design de sobrancelhas, tanto no formato EAD quanto presencial, o Senac \u00e9 uma escolha que se destaca. Com uma reputa\u00e7\u00e3o consolidada e uma abordagem focada na excel\u00eancia, o Senac oferece programas abrangentes que preparam os profissionais para dominar as t\u00e9cnicas mais recentes e atender \u00e0s demandas do mercado ... Read more\" \/>\n<meta property=\"og:url\" content=\"https:\/\/www.noticiasfire.com.br\/en\/o-melhor-design-de-sobrancelhas-no-senac-ead-e-presencial\/\" \/>\n<meta property=\"article:published_time\" content=\"2024-02-03T14:14:10+00:00\" \/>\n<meta property=\"og:image\" content=\"https:\/\/www.noticiasfire.com.br\/wp-content\/uploads\/2024\/02\/Design-sem-nome-5_Easy-Resize.com_-2.jpg\" \/>\n\t<meta property=\"og:image:width\" content=\"1280\" \/>\n\t<meta property=\"og:image:height\" content=\"854\" \/>\n\t<meta property=\"og:image:type\" content=\"image\/jpeg\" \/>\n<meta name=\"author\" content=\"Ivan\" \/>\n<meta name=\"twitter:card\" content=\"summary_large_image\" \/>\n<meta name=\"twitter:label1\" content=\"Written by\" \/>\n\t<meta name=\"twitter:data1\" content=\"Ivan\" \/>\n\t<meta name=\"twitter:label2\" content=\"Est. reading time\" \/>\n\t<meta name=\"twitter:data2\" content=\"3 minutes\" \/>\n<script type=\"application\/ld+json\" class=\"yoast-schema-graph\">{\"@context\":\"https:\\\/\\\/schema.org\",\"@graph\":[{\"@type\":\"Article\",\"@id\":\"https:\\\/\\\/www.noticiasfire.com.br\\\/o-melhor-design-de-sobrancelhas-no-senac-ead-e-presencial\\\/#article\",\"isPartOf\":{\"@id\":\"https:\\\/\\\/www.noticiasfire.com.br\\\/o-melhor-design-de-sobrancelhas-no-senac-ead-e-presencial\\\/\"},\"author\":{\"name\":\"Ivan\",\"@id\":\"https:\\\/\\\/www.noticiasfire.com.br\\\/#\\\/schema\\\/person\\\/6c064cf8d33f8b38900e936c385f48fd\"},\"headline\":\"O Melhor Design de Sobrancelhas no Senac EAD e Presencial\u00a0\",\"datePublished\":\"2024-02-03T14:14:10+00:00\",\"mainEntityOfPage\":{\"@id\":\"https:\\\/\\\/www.noticiasfire.com.br\\\/o-melhor-design-de-sobrancelhas-no-senac-ead-e-presencial\\\/\"},\"wordCount\":518,\"commentCount\":0,\"publisher\":{\"@id\":\"https:\\\/\\\/www.noticiasfire.com.br\\\/#organization\"},\"image\":{\"@id\":\"https:\\\/\\\/www.noticiasfire.com.br\\\/o-melhor-design-de-sobrancelhas-no-senac-ead-e-presencial\\\/#primaryimage\"},\"thumbnailUrl\":\"https:\\\/\\\/www.noticiasfire.com.br\\\/wp-content\\\/uploads\\\/2024\\\/02\\\/Design-sem-nome-5_Easy-Resize.com_-2.jpg\",\"articleSection\":[\"NOT\u00cdCIAS\"],\"inLanguage\":\"en-US\",\"potentialAction\":[{\"@type\":\"CommentAction\",\"name\":\"Comment\",\"target\":[\"https:\\\/\\\/www.noticiasfire.com.br\\\/o-melhor-design-de-sobrancelhas-no-senac-ead-e-presencial\\\/#respond\"]}]},{\"@type\":\"WebPage\",\"@id\":\"https:\\\/\\\/www.noticiasfire.com.br\\\/o-melhor-design-de-sobrancelhas-no-senac-ead-e-presencial\\\/\",\"url\":\"https:\\\/\\\/www.noticiasfire.com.br\\\/o-melhor-design-de-sobrancelhas-no-senac-ead-e-presencial\\\/\",\"name\":\"O Melhor Design de Sobrancelhas no Senac EAD e Presencial\u00a0 -\",\"isPartOf\":{\"@id\":\"https:\\\/\\\/www.noticiasfire.com.br\\\/#website\"},\"primaryImageOfPage\":{\"@id\":\"https:\\\/\\\/www.noticiasfire.com.br\\\/o-melhor-design-de-sobrancelhas-no-senac-ead-e-presencial\\\/#primaryimage\"},\"image\":{\"@id\":\"https:\\\/\\\/www.noticiasfire.com.br\\\/o-melhor-design-de-sobrancelhas-no-senac-ead-e-presencial\\\/#primaryimage\"},\"thumbnailUrl\":\"https:\\\/\\\/www.noticiasfire.com.br\\\/wp-content\\\/uploads\\\/2024\\\/02\\\/Design-sem-nome-5_Easy-Resize.com_-2.jpg\",\"datePublished\":\"2024-02-03T14:14:10+00:00\",\"breadcrumb\":{\"@id\":\"https:\\\/\\\/www.noticiasfire.com.br\\\/o-melhor-design-de-sobrancelhas-no-senac-ead-e-presencial\\\/#breadcrumb\"},\"inLanguage\":\"en-US\",\"potentialAction\":[{\"@type\":\"ReadAction\",\"target\":[\"https:\\\/\\\/www.noticiasfire.com.br\\\/o-melhor-design-de-sobrancelhas-no-senac-ead-e-presencial\\\/\"]}]},{\"@type\":\"ImageObject\",\"inLanguage\":\"en-US\",\"@id\":\"https:\\\/\\\/www.noticiasfire.com.br\\\/o-melhor-design-de-sobrancelhas-no-senac-ead-e-presencial\\\/#primaryimage\",\"url\":\"https:\\\/\\\/www.noticiasfire.com.br\\\/wp-content\\\/uploads\\\/2024\\\/02\\\/Design-sem-nome-5_Easy-Resize.com_-2.jpg\",\"contentUrl\":\"https:\\\/\\\/www.noticiasfire.com.br\\\/wp-content\\\/uploads\\\/2024\\\/02\\\/Design-sem-nome-5_Easy-Resize.com_-2.jpg\",\"width\":1280,\"height\":854,\"caption\":\"Design de Sobrancelhas no Senac (imagem Google)\"},{\"@type\":\"BreadcrumbList\",\"@id\":\"https:\\\/\\\/www.noticiasfire.com.br\\\/o-melhor-design-de-sobrancelhas-no-senac-ead-e-presencial\\\/#breadcrumb\",\"itemListElement\":[{\"@type\":\"ListItem\",\"position\":1,\"name\":\"In\u00edcio\",\"item\":\"https:\\\/\\\/www.noticiasfire.com.br\\\/\"},{\"@type\":\"ListItem\",\"position\":2,\"name\":\"O Melhor Design de Sobrancelhas no Senac EAD e Presencial\u00a0\"}]},{\"@type\":\"WebSite\",\"@id\":\"https:\\\/\\\/www.noticiasfire.com.br\\\/#website\",\"url\":\"https:\\\/\\\/www.noticiasfire.com.br\\\/\",\"name\":\"NoticiasFire\",\"description\":\"\",\"publisher\":{\"@id\":\"https:\\\/\\\/www.noticiasfire.com.br\\\/#organization\"},\"potentialAction\":[{\"@type\":\"SearchAction\",\"target\":{\"@type\":\"EntryPoint\",\"urlTemplate\":\"https:\\\/\\\/www.noticiasfire.com.br\\\/?s={search_term_string}\"},\"query-input\":{\"@type\":\"PropertyValueSpecification\",\"valueRequired\":true,\"valueName\":\"search_term_string\"}}],\"inLanguage\":\"en-US\"},{\"@type\":\"Organization\",\"@id\":\"https:\\\/\\\/www.noticiasfire.com.br\\\/#organization\",\"name\":\"NoticiasFire\",\"url\":\"https:\\\/\\\/www.noticiasfire.com.br\\\/\",\"logo\":{\"@type\":\"ImageObject\",\"inLanguage\":\"en-US\",\"@id\":\"https:\\\/\\\/www.noticiasfire.com.br\\\/#\\\/schema\\\/logo\\\/image\\\/\",\"url\":\"https:\\\/\\\/www.noticiasfire.com.br\\\/wp-content\\\/uploads\\\/2025\\\/08\\\/cropped-Captura_de_Tela_2025-08-13_as_20.34.29__1_-removebg-preview.png\",\"contentUrl\":\"https:\\\/\\\/www.noticiasfire.com.br\\\/wp-content\\\/uploads\\\/2025\\\/08\\\/cropped-Captura_de_Tela_2025-08-13_as_20.34.29__1_-removebg-preview.png\",\"width\":748,\"height\":286,\"caption\":\"NoticiasFire\"},\"image\":{\"@id\":\"https:\\\/\\\/www.noticiasfire.com.br\\\/#\\\/schema\\\/logo\\\/image\\\/\"}},{\"@type\":\"Person\",\"@id\":\"https:\\\/\\\/www.noticiasfire.com.br\\\/#\\\/schema\\\/person\\\/6c064cf8d33f8b38900e936c385f48fd\",\"name\":\"Ivan\",\"image\":{\"@type\":\"ImageObject\",\"inLanguage\":\"en-US\",\"@id\":\"https:\\\/\\\/secure.gravatar.com\\\/avatar\\\/18077698a88c2ad528c924a301adab662f075719c95fb1dec6f0b51902ebf647?s=96&d=mm&r=g\",\"url\":\"https:\\\/\\\/secure.gravatar.com\\\/avatar\\\/18077698a88c2ad528c924a301adab662f075719c95fb1dec6f0b51902ebf647?s=96&d=mm&r=g\",\"contentUrl\":\"https:\\\/\\\/secure.gravatar.com\\\/avatar\\\/18077698a88c2ad528c924a301adab662f075719c95fb1dec6f0b51902ebf647?s=96&d=mm&r=g\",\"caption\":\"Ivan\"},\"url\":\"https:\\\/\\\/www.noticiasfire.com.br\\\/en\\\/author\\\/ivan\\\/\"}]}<\/script>\n<!-- \/ Yoast SEO plugin. -->","yoast_head_json":{"title":"O Melhor Design de Sobrancelhas no Senac EAD e Presencial\u00a0 -","robots":{"index":"index","follow":"follow","max-snippet":"max-snippet:-1","max-image-preview":"max-image-preview:large","max-video-preview":"max-video-preview:-1"},"canonical":"https:\/\/www.noticiasfire.com.br\/en\/o-melhor-design-de-sobrancelhas-no-senac-ead-e-presencial\/","og_locale":"en_US","og_type":"article","og_title":"O Melhor Design de Sobrancelhas no Senac EAD e Presencial\u00a0 -","og_description":"Se voc\u00ea est\u00e1 em busca do melhor design de sobrancelhas, tanto no formato EAD quanto presencial, o Senac \u00e9 uma escolha que se destaca. Com uma reputa\u00e7\u00e3o consolidada e uma abordagem focada na excel\u00eancia, o Senac oferece programas abrangentes que preparam os profissionais para dominar as t\u00e9cnicas mais recentes e atender \u00e0s demandas do mercado ... Read more","og_url":"https:\/\/www.noticiasfire.com.br\/en\/o-melhor-design-de-sobrancelhas-no-senac-ead-e-presencial\/","article_published_time":"2024-02-03T14:14:10+00:00","og_image":[{"width":1280,"height":854,"url":"https:\/\/www.noticiasfire.com.br\/wp-content\/uploads\/2024\/02\/Design-sem-nome-5_Easy-Resize.com_-2.jpg","type":"image\/jpeg"}],"author":"Ivan","twitter_card":"summary_large_image","twitter_misc":{"Written by":"Ivan","Est. reading time":"3 minutes"},"schema":{"@context":"https:\/\/schema.org","@graph":[{"@type":"Article","@id":"https:\/\/www.noticiasfire.com.br\/o-melhor-design-de-sobrancelhas-no-senac-ead-e-presencial\/#article","isPartOf":{"@id":"https:\/\/www.noticiasfire.com.br\/o-melhor-design-de-sobrancelhas-no-senac-ead-e-presencial\/"},"author":{"name":"Ivan","@id":"https:\/\/www.noticiasfire.com.br\/#\/schema\/person\/6c064cf8d33f8b38900e936c385f48fd"},"headline":"O Melhor Design de Sobrancelhas no Senac EAD e Presencial\u00a0","datePublished":"2024-02-03T14:14:10+00:00","mainEntityOfPage":{"@id":"https:\/\/www.noticiasfire.com.br\/o-melhor-design-de-sobrancelhas-no-senac-ead-e-presencial\/"},"wordCount":518,"commentCount":0,"publisher":{"@id":"https:\/\/www.noticiasfire.com.br\/#organization"},"image":{"@id":"https:\/\/www.noticiasfire.com.br\/o-melhor-design-de-sobrancelhas-no-senac-ead-e-presencial\/#primaryimage"},"thumbnailUrl":"https:\/\/www.noticiasfire.com.br\/wp-content\/uploads\/2024\/02\/Design-sem-nome-5_Easy-Resize.com_-2.jpg","articleSection":["NOT\u00cdCIAS"],"inLanguage":"en-US","potentialAction":[{"@type":"CommentAction","name":"Comment","target":["https:\/\/www.noticiasfire.com.br\/o-melhor-design-de-sobrancelhas-no-senac-ead-e-presencial\/#respond"]}]},{"@type":"WebPage","@id":"https:\/\/www.noticiasfire.com.br\/o-melhor-design-de-sobrancelhas-no-senac-ead-e-presencial\/","url":"https:\/\/www.noticiasfire.com.br\/o-melhor-design-de-sobrancelhas-no-senac-ead-e-presencial\/","name":"O Melhor Design de Sobrancelhas no Senac EAD e Presencial\u00a0 -","isPartOf":{"@id":"https:\/\/www.noticiasfire.com.br\/#website"},"primaryImageOfPage":{"@id":"https:\/\/www.noticiasfire.com.br\/o-melhor-design-de-sobrancelhas-no-senac-ead-e-presencial\/#primaryimage"},"image":{"@id":"https:\/\/www.noticiasfire.com.br\/o-melhor-design-de-sobrancelhas-no-senac-ead-e-presencial\/#primaryimage"},"thumbnailUrl":"https:\/\/www.noticiasfire.com.br\/wp-content\/uploads\/2024\/02\/Design-sem-nome-5_Easy-Resize.com_-2.jpg","datePublished":"2024-02-03T14:14:10+00:00","breadcrumb":{"@id":"https:\/\/www.noticiasfire.com.br\/o-melhor-design-de-sobrancelhas-no-senac-ead-e-presencial\/#breadcrumb"},"inLanguage":"en-US","potentialAction":[{"@type":"ReadAction","target":["https:\/\/www.noticiasfire.com.br\/o-melhor-design-de-sobrancelhas-no-senac-ead-e-presencial\/"]}]},{"@type":"ImageObject","inLanguage":"en-US","@id":"https:\/\/www.noticiasfire.com.br\/o-melhor-design-de-sobrancelhas-no-senac-ead-e-presencial\/#primaryimage","url":"https:\/\/www.noticiasfire.com.br\/wp-content\/uploads\/2024\/02\/Design-sem-nome-5_Easy-Resize.com_-2.jpg","contentUrl":"https:\/\/www.noticiasfire.com.br\/wp-content\/uploads\/2024\/02\/Design-sem-nome-5_Easy-Resize.com_-2.jpg","width":1280,"height":854,"caption":"Design de Sobrancelhas no Senac (imagem Google)"},{"@type":"BreadcrumbList","@id":"https:\/\/www.noticiasfire.com.br\/o-melhor-design-de-sobrancelhas-no-senac-ead-e-presencial\/#breadcrumb","itemListElement":[{"@type":"ListItem","position":1,"name":"In\u00edcio","item":"https:\/\/www.noticiasfire.com.br\/"},{"@type":"ListItem","position":2,"name":"O Melhor Design de Sobrancelhas no Senac EAD e Presencial\u00a0"}]},{"@type":"WebSite","@id":"https:\/\/www.noticiasfire.com.br\/#website","url":"https:\/\/www.noticiasfire.com.br\/","name":"NewsFire","description":"","publisher":{"@id":"https:\/\/www.noticiasfire.com.br\/#organization"},"potentialAction":[{"@type":"SearchAction","target":{"@type":"EntryPoint","urlTemplate":"https:\/\/www.noticiasfire.com.br\/?s={search_term_string}"},"query-input":{"@type":"PropertyValueSpecification","valueRequired":true,"valueName":"search_term_string"}}],"inLanguage":"en-US"},{"@type":"Organization","@id":"https:\/\/www.noticiasfire.com.br\/#organization","name":"NewsFire","url":"https:\/\/www.noticiasfire.com.br\/","logo":{"@type":"ImageObject","inLanguage":"en-US","@id":"https:\/\/www.noticiasfire.com.br\/#\/schema\/logo\/image\/","url":"https:\/\/www.noticiasfire.com.br\/wp-content\/uploads\/2025\/08\/cropped-Captura_de_Tela_2025-08-13_as_20.34.29__1_-removebg-preview.png","contentUrl":"https:\/\/www.noticiasfire.com.br\/wp-content\/uploads\/2025\/08\/cropped-Captura_de_Tela_2025-08-13_as_20.34.29__1_-removebg-preview.png","width":748,"height":286,"caption":"NoticiasFire"},"image":{"@id":"https:\/\/www.noticiasfire.com.br\/#\/schema\/logo\/image\/"}},{"@type":"Person","@id":"https:\/\/www.noticiasfire.com.br\/#\/schema\/person\/6c064cf8d33f8b38900e936c385f48fd","name":"Ivan","image":{"@type":"ImageObject","inLanguage":"en-US","@id":"https:\/\/secure.gravatar.com\/avatar\/18077698a88c2ad528c924a301adab662f075719c95fb1dec6f0b51902ebf647?s=96&d=mm&r=g","url":"https:\/\/secure.gravatar.com\/avatar\/18077698a88c2ad528c924a301adab662f075719c95fb1dec6f0b51902ebf647?s=96&d=mm&r=g","contentUrl":"https:\/\/secure.gravatar.com\/avatar\/18077698a88c2ad528c924a301adab662f075719c95fb1dec6f0b51902ebf647?s=96&d=mm&r=g","caption":"Ivan"},"url":"https:\/\/www.noticiasfire.com.br\/en\/author\/ivan\/"}]}},"_links":{"self":[{"href":"https:\/\/www.noticiasfire.com.br\/en\/wp-json\/wp\/v2\/posts\/24168","targetHints":{"allow":["GET"]}}],"collection":[{"href":"https:\/\/www.noticiasfire.com.br\/en\/wp-json\/wp\/v2\/posts"}],"about":[{"href":"https:\/\/www.noticiasfire.com.br\/en\/wp-json\/wp\/v2\/types\/post"}],"author":[{"embeddable":true,"href":"https:\/\/www.noticiasfire.com.br\/en\/wp-json\/wp\/v2\/users\/3"}],"replies":[{"embeddable":true,"href":"https:\/\/www.noticiasfire.com.br\/en\/wp-json\/wp\/v2\/comments?post=24168"}],"version-history":[{"count":0,"href":"https:\/\/www.noticiasfire.com.br\/en\/wp-json\/wp\/v2\/posts\/24168\/revisions"}],"wp:featuredmedia":[{"embeddable":true,"href":"https:\/\/www.noticiasfire.com.br\/en\/wp-json\/wp\/v2\/media\/30098"}],"wp:attachment":[{"href":"https:\/\/www.noticiasfire.com.br\/en\/wp-json\/wp\/v2\/media?parent=24168"}],"wp:term":[{"taxonomy":"category","embeddable":true,"href":"https:\/\/www.noticiasfire.com.br\/en\/wp-json\/wp\/v2\/categories?post=24168"},{"taxonomy":"post_tag","embeddable":true,"href":"https:\/\/www.noticiasfire.com.br\/en\/wp-json\/wp\/v2\/tags?post=24168"}],"curies":[{"name":"wp","href":"https:\/\/api.w.org\/{rel}","templated":true}]}}