{"id":24486,"date":"2024-02-06T14:45:05","date_gmt":"2024-02-06T17:45:05","guid":{"rendered":"https:\/\/www.noticiasfire.com.br\/?p=24486"},"modified":"2024-02-06T14:45:05","modified_gmt":"2024-02-06T17:45:05","slug":"programa-minha-casa-minha-vida-todos-os-detalhes-de-como-participar","status":"publish","type":"post","link":"https:\/\/www.noticiasfire.com.br\/en\/programa-minha-casa-minha-vida-todos-os-detalhes-de-como-participar\/","title":{"rendered":"Minha Casa Minha Vida Program: all the details on how to participate\u00a0"},"content":{"rendered":"<div data-elementor-type=\"wp-post\" data-elementor-id=\"24486\" class=\"elementor elementor-24486\" data-elementor-post-type=\"post\">\n\t\t\t\t\t\t<section class=\"elementor-section elementor-top-section elementor-element elementor-element-54c4dad elementor-section-boxed elementor-section-height-default elementor-section-height-default\" data-id=\"54c4dad\" data-element_type=\"section\" data-e-type=\"section\">\n\t\t\t\t\t\t<div class=\"elementor-container elementor-column-gap-default\">\n\t\t\t\t\t<div class=\"elementor-column elementor-col-100 elementor-top-column elementor-element elementor-element-7c9474c\" data-id=\"7c9474c\" data-element_type=\"column\" data-e-type=\"column\">\n\t\t\t<div class=\"elementor-widget-wrap elementor-element-populated\">\n\t\t\t\t\t\t<div class=\"elementor-element elementor-element-7de3318 elementor-widget elementor-widget-text-editor\" data-id=\"7de3318\" data-element_type=\"widget\" data-e-type=\"widget\" data-widget_type=\"text-editor.default\">\n\t\t\t\t\t\t\t\t\t<p>O <strong>P<\/strong><b>rograma Minha Casa Minha Vida<\/b> foi criado pelo Governo Federal em 2009 com o intuito principal de proporcionar acesso \u00e0 moradia de qualidade, especialmente para fam\u00edlias de baixa renda.\u00a0<\/p>\n<p>Para o ano de 2023, espera-se a entrega de 15 mil casas, juntamente com a retomada da constru\u00e7\u00e3o de 37 mil unidades que estavam paralisadas.\u00a0<\/p>\n<p>Se voc\u00ea est\u00e1 interessado em participar do MCMV e realizar o sonho da casa pr\u00f3pria, continue lendo para descobrir mais detalhes sobre o programa e como se inscrever.\u00a0<\/p>\t\t\t\t\t\t\t\t<\/div>\n\t\t\t\t\t<\/div>\n\t\t<\/div>\n\t\t\t\t\t<\/div>\n\t\t<\/section>\n\t\t\t\t<section class=\"elementor-section elementor-top-section elementor-element elementor-element-2b5600f elementor-section-boxed elementor-section-height-default elementor-section-height-default\" data-id=\"2b5600f\" data-element_type=\"section\" data-e-type=\"section\">\n\t\t\t\t\t\t<div class=\"elementor-container elementor-column-gap-default\">\n\t\t\t\t\t<div class=\"elementor-column elementor-col-100 elementor-top-column elementor-element elementor-element-e25aeb5\" data-id=\"e25aeb5\" data-element_type=\"column\" data-e-type=\"column\">\n\t\t\t<div class=\"elementor-widget-wrap elementor-element-populated\">\n\t\t\t\t\t\t<div class=\"elementor-element elementor-element-66822d5 elementor-align-center elementor-widget elementor-widget-button\" data-id=\"66822d5\" data-element_type=\"widget\" data-e-type=\"widget\" data-widget_type=\"button.default\">\n\t\t\t\t\t\t\t\t\t\t<a class=\"elementor-button elementor-button-link elementor-size-sm\" href=\"https:\/\/www.noticiasfire.com.br\/en\/como-se-inscrever-no-programa-minha-casa-minha-vida\/?utm_source=facebook&#038;utm_campaign=24500_casa02_url02\">\n\t\t\t\t\t\t<span class=\"elementor-button-content-wrapper\">\n\t\t\t\t\t\t\t\t\t<span class=\"elementor-button-text\">HOW TO APPLY<\/span>\n\t\t\t\t\t<\/span>\n\t\t\t\t\t<\/a>\n\t\t\t\t\t\t\t\t<\/div>\n\t\t\t\t\t<\/div>\n\t\t<\/div>\n\t\t\t\t\t<\/div>\n\t\t<\/section>\n\t\t\t\t<section class=\"elementor-section elementor-top-section elementor-element elementor-element-1c3557a elementor-section-boxed elementor-section-height-default elementor-section-height-default\" data-id=\"1c3557a\" data-element_type=\"section\" data-e-type=\"section\">\n\t\t\t\t\t\t<div class=\"elementor-container elementor-column-gap-default\">\n\t\t\t\t\t<div class=\"elementor-column elementor-col-100 elementor-top-column elementor-element elementor-element-532001f\" data-id=\"532001f\" data-element_type=\"column\" data-e-type=\"column\">\n\t\t\t<div class=\"elementor-widget-wrap elementor-element-populated\">\n\t\t\t\t\t\t<div class=\"elementor-element elementor-element-a865d8e elementor-widget elementor-widget-text-editor\" data-id=\"a865d8e\" data-element_type=\"widget\" data-e-type=\"widget\" data-widget_type=\"text-editor.default\">\n\t\t\t\t\t\t\t\t\t<p>O Minha Casa Minha Vida oferece condi\u00e7\u00f5es facilitadas de financiamento para a compra de im\u00f3veis, tanto na \u00e1rea urbana quanto na rural, com juros mais acess\u00edveis, atendendo fam\u00edlias com renda m\u00e1xima de at\u00e9 R$ 8 mil e dividindo-se em faixas de renda espec\u00edficas.\u00a0<\/p>\n<p>Em 2023, o programa passou por atualiza\u00e7\u00f5es que ampliaram o acesso n\u00e3o apenas a im\u00f3veis novos, mas tamb\u00e9m a usados, al\u00e9m de priorizar o atendimento a fam\u00edlias em situa\u00e7\u00e3o de rua e vulnerabilidade, com repasses para loca\u00e7\u00e3o social.\u00a0<\/p>\n<p>Outras prioridades incluem fam\u00edlias chefiadas por mulheres, fam\u00edlias com dependentes (crian\u00e7as, adolescentes e idosos), fam\u00edlias em situa\u00e7\u00e3o de risco ou deslocamento involunt\u00e1rio devido a obras p\u00fablicas federais. A meta \u00e9 entregar 2 milh\u00f5es de unidades at\u00e9 2026, reduzindo o d\u00e9ficit habitacional e impulsionando a economia com a gera\u00e7\u00e3o de empregos.\u00a0<\/p>\n<p>O processo para participar do Minha Casa Minha Vida varia de acordo com a faixa de renda, podendo exigir contato com a prefeitura local ou uma ag\u00eancia da Caixa Econ\u00f4mica Federal, al\u00e9m da apresenta\u00e7\u00e3o da documenta\u00e7\u00e3o necess\u00e1ria.\u00a0<\/p>\n<p>Voc\u00ea pode encontrar um guia completo sobre o processo de inscri\u00e7\u00e3o, documentos necess\u00e1rios e pr\u00e9-requisitos em nosso portal. Clique no bot\u00e3o abaixo para conferir.\u00a0<\/p>\n<h2>Faixas de renda &#8211; \u00e1rea urbana:\u00a0<\/h2>\n<p>Faixa 1: renda bruta mensal familiar de at\u00e9 R$ 2.640;\u00a0<\/p>\n<p>Faixa 2: renda bruta mensal familiar de R$ 2.640,01 at\u00e9 R$ 4.400;\u00a0<\/p>\n<p>Faixa 3: renda bruta mensal familiar de R$ 4.400,01 at\u00e9 R$ 8.000.\u00a0<\/p>\n<p>Faixas de renda &#8211; \u00e1rea rural:\u00a0<\/p>\n<p>Faixa 1: renda bruta anual familiar de at\u00e9 R$ 31.680;\u00a0<\/p>\n<p>Faixa 2: renda bruta anual familiar de R$ 31.680,01 at\u00e9 R$ 52.800;\u00a0<\/p>\n<p>Faixa 3: renda bruta anual familiar de R$ 52.800,01 at\u00e9 R$ 96 mil.\u00a0<\/p>\n<h2>Requisitos e condi\u00e7\u00f5es:\u00a0<\/h2>\n<p>H\u00e1 requisitos importantes para a participa\u00e7\u00e3o, incluindo:\u00a0<\/p>\n<p>N\u00e3o possuir um im\u00f3vel em seu nome;\u00a0<\/p>\n<p>O im\u00f3vel deve estar localizado no mesmo munic\u00edpio em que a pessoa trabalha ou reside;\u00a0<\/p>\n<p>Realizar o cadastro para participa\u00e7\u00e3o e se enquadrar em uma das faixas de renda;\u00a0<\/p>\n<p>Manter a documenta\u00e7\u00e3o em dia.\u00a0<\/p>\t\t\t\t\t\t\t\t<\/div>\n\t\t\t\t\t<\/div>\n\t\t<\/div>\n\t\t\t\t\t<\/div>\n\t\t<\/section>\n\t\t\t\t<section class=\"elementor-section elementor-top-section elementor-element elementor-element-df5ca3f elementor-section-boxed elementor-section-height-default elementor-section-height-default\" data-id=\"df5ca3f\" data-element_type=\"section\" data-e-type=\"section\">\n\t\t\t\t\t\t<div class=\"elementor-container elementor-column-gap-default\">\n\t\t\t\t\t<div class=\"elementor-column elementor-col-100 elementor-top-column elementor-element elementor-element-bdfe739\" data-id=\"bdfe739\" data-element_type=\"column\" data-e-type=\"column\">\n\t\t\t<div class=\"elementor-widget-wrap elementor-element-populated\">\n\t\t\t\t\t\t<div class=\"elementor-element elementor-element-7fdc396 elementor-align-center elementor-widget elementor-widget-button\" data-id=\"7fdc396\" data-element_type=\"widget\" data-e-type=\"widget\" data-widget_type=\"button.default\">\n\t\t\t\t\t\t\t\t\t\t<a class=\"elementor-button elementor-button-link elementor-size-sm\" href=\"https:\/\/www.noticiasfire.com.br\/en\/como-se-inscrever-no-programa-minha-casa-minha-vida\/?utm_source=facebook&#038;utm_campaign=24500_casa02_url02\">\n\t\t\t\t\t\t<span class=\"elementor-button-content-wrapper\">\n\t\t\t\t\t\t\t\t\t<span class=\"elementor-button-text\">HOW TO APPLY<\/span>\n\t\t\t\t\t<\/span>\n\t\t\t\t\t<\/a>\n\t\t\t\t\t\t\t\t<\/div>\n\t\t\t\t\t<\/div>\n\t\t<\/div>\n\t\t\t\t\t<\/div>\n\t\t<\/section>\n\t\t\t\t<section class=\"elementor-section elementor-top-section elementor-element elementor-element-698a8d53 elementor-section-boxed elementor-section-height-default elementor-section-height-default\" data-id=\"698a8d53\" data-element_type=\"section\" data-e-type=\"section\">\n\t\t\t\t\t\t<div class=\"elementor-container elementor-column-gap-default\">\n\t\t\t\t\t<div class=\"elementor-column elementor-col-100 elementor-top-column elementor-element elementor-element-4d92e8b0\" data-id=\"4d92e8b0\" data-element_type=\"column\" data-e-type=\"column\">\n\t\t\t<div class=\"elementor-widget-wrap elementor-element-populated\">\n\t\t\t\t\t\t<div class=\"elementor-element elementor-element-494e18a elementor-widget elementor-widget-text-editor\" data-id=\"494e18a\" data-element_type=\"widget\" data-e-type=\"widget\" data-widget_type=\"text-editor.default\">\n\t\t\t\t\t\t\t\t\t<p><\/p>\n<h2><span style=\"color: var(--td_text_color, #111111); font-size: 22px; background-color: var(--td_container_transparent, #ffffff);\">Atendimento ao cidad\u00e3o:\u00a0<\/span><\/h2>\n<p><\/p>\n<p><\/p>\n<p>Se voc\u00ea ainda tem d\u00favidas sobre o programa Minha Casa Minha Vida, saiba que pode buscar atendimento presencial em uma ag\u00eancia da Caixa Econ\u00f4mica Federal. Al\u00e9m disso, \u00e9 poss\u00edvel obter orienta\u00e7\u00f5es e informa\u00e7\u00f5es na prefeitura de sua cidade ou nas unidades do CRAS.\u00a0<\/p>\n<p><\/p>\n<p><\/p>\n<p>Atendimento Caixa Cidad\u00e3o: telefone 0800 726 0207.\u00a0<\/p>\n<p><\/p>\n<p><\/p>\n<p>WhatsApp da Caixa: envie sua mensagem para o 0800 104 0 104.\u00a0<\/p>\n<h2><span data-contrast=\"auto\">O retorno do Bolsa Fam\u00edlia \u00e9 uma das promessas cumpridas pelo novo governo e a not\u00edcia \u00e9 excelente: o programa est\u00e1 de volta!<\/span><span data-ccp-props=\"{}\">\u00a0<\/span><\/h2>\n<p><span data-contrast=\"auto\">Preparamos um artigo abrangente sobre o Bolsa Fam\u00edlia, onde detalhamos o novo valor, quem tem direito a receber e como se cadastrar para se tornar um benefici\u00e1rio.<\/span><span data-ccp-props=\"{}\">\u00a0<\/span><\/p>\n<p><\/p>\t\t\t\t\t\t\t\t<\/div>\n\t\t\t\t\t<\/div>\n\t\t<\/div>\n\t\t\t\t\t<\/div>\n\t\t<\/section>\n\t\t\t\t<section class=\"elementor-section elementor-top-section elementor-element elementor-element-1064afb elementor-section-boxed elementor-section-height-default elementor-section-height-default\" data-id=\"1064afb\" data-element_type=\"section\" data-e-type=\"section\">\n\t\t\t\t\t\t<div class=\"elementor-container elementor-column-gap-default\">\n\t\t\t\t\t<div class=\"elementor-column elementor-col-100 elementor-top-column elementor-element elementor-element-6ee05ab\" data-id=\"6ee05ab\" data-element_type=\"column\" data-e-type=\"column\">\n\t\t\t<div class=\"elementor-widget-wrap elementor-element-populated\">\n\t\t\t\t\t\t<div class=\"elementor-element elementor-element-5f39284 elementor-align-center elementor-widget elementor-widget-button\" data-id=\"5f39284\" data-element_type=\"widget\" data-e-type=\"widget\" data-widget_type=\"button.default\">\n\t\t\t\t\t\t\t\t\t\t<a class=\"elementor-button elementor-button-link elementor-size-sm\" href=\"https:\/\/www.noticiasfire.com.br\/en\/o-novo-bolsa-familia-em-2024-regras-e-beneficios\/\">\n\t\t\t\t\t\t<span class=\"elementor-button-content-wrapper\">\n\t\t\t\t\t\t\t\t\t<span class=\"elementor-button-text\">VEJA COMO RECEBER O BOLSA FAM\u00cdLIA<\/span>\n\t\t\t\t\t<\/span>\n\t\t\t\t\t<\/a>\n\t\t\t\t\t\t\t\t<\/div>\n\t\t\t\t\t<\/div>\n\t\t<\/div>\n\t\t\t\t\t<\/div>\n\t\t<\/section>\n\t\t\t\t<\/div>","protected":false},"excerpt":{"rendered":"<p>O Programa Minha Casa Minha Vida foi criado pelo Governo Federal em 2009 com o intuito principal de proporcionar acesso \u00e0 moradia de qualidade, especialmente para fam\u00edlias de baixa renda.\u00a0 Para o ano de 2023, espera-se a entrega de 15 mil casas, juntamente com a retomada da constru\u00e7\u00e3o de 37 mil unidades que estavam paralisadas.\u00a0 &#8230; <a title=\"Minha Casa Minha Vida Program: all the details on how to participate\u00a0\" class=\"read-more\" href=\"https:\/\/www.noticiasfire.com.br\/en\/programa-minha-casa-minha-vida-todos-os-detalhes-de-como-participar\/\" aria-label=\"Read more about Programa Minha Casa Minha Vida: todos os detalhes de como participar\u00a0\">Read more<\/a><\/p>","protected":false},"author":3,"featured_media":30087,"comment_status":"open","ping_status":"open","sticky":false,"template":"","format":"standard","meta":{"footnotes":""},"categories":[44],"tags":[],"class_list":["post-24486","post","type-post","status-publish","format-standard","has-post-thumbnail","hentry","category-noticias"],"yoast_head":"<!-- This site is optimized with the Yoast SEO plugin v27.4 - https:\/\/yoast.com\/product\/yoast-seo-wordpress\/ -->\n<title>Programa Minha Casa Minha Vida: todos os detalhes de como participar\u00a0 -<\/title>\n<meta name=\"robots\" content=\"index, follow, max-snippet:-1, max-image-preview:large, max-video-preview:-1\" \/>\n<link rel=\"canonical\" href=\"https:\/\/www.noticiasfire.com.br\/en\/programa-minha-casa-minha-vida-todos-os-detalhes-de-como-participar\/\" \/>\n<meta property=\"og:locale\" content=\"en_US\" \/>\n<meta property=\"og:type\" content=\"article\" \/>\n<meta property=\"og:title\" content=\"Programa Minha Casa Minha Vida: todos os detalhes de como participar\u00a0 -\" \/>\n<meta property=\"og:description\" content=\"O Programa Minha Casa Minha Vida foi criado pelo Governo Federal em 2009 com o intuito principal de proporcionar acesso \u00e0 moradia de qualidade, especialmente para fam\u00edlias de baixa renda.\u00a0 Para o ano de 2023, espera-se a entrega de 15 mil casas, juntamente com a retomada da constru\u00e7\u00e3o de 37 mil unidades que estavam paralisadas.\u00a0 ... Read more\" \/>\n<meta property=\"og:url\" content=\"https:\/\/www.noticiasfire.com.br\/en\/programa-minha-casa-minha-vida-todos-os-detalhes-de-como-participar\/\" \/>\n<meta property=\"article:published_time\" content=\"2024-02-06T17:45:05+00:00\" \/>\n<meta property=\"og:image\" content=\"https:\/\/www.noticiasfire.com.br\/wp-content\/uploads\/2024\/01\/casa-propria_Easy-Resize.com_-2.jpg\" \/>\n\t<meta property=\"og:image:width\" content=\"1280\" \/>\n\t<meta property=\"og:image:height\" content=\"855\" \/>\n\t<meta property=\"og:image:type\" content=\"image\/jpeg\" \/>\n<meta name=\"author\" content=\"Ivan\" \/>\n<meta name=\"twitter:card\" content=\"summary_large_image\" \/>\n<meta name=\"twitter:label1\" content=\"Written by\" \/>\n\t<meta name=\"twitter:data1\" content=\"Ivan\" \/>\n\t<meta name=\"twitter:label2\" content=\"Est. reading time\" \/>\n\t<meta name=\"twitter:data2\" content=\"3 minutes\" \/>\n<script type=\"application\/ld+json\" class=\"yoast-schema-graph\">{\"@context\":\"https:\\\/\\\/schema.org\",\"@graph\":[{\"@type\":\"Article\",\"@id\":\"https:\\\/\\\/www.noticiasfire.com.br\\\/programa-minha-casa-minha-vida-todos-os-detalhes-de-como-participar\\\/#article\",\"isPartOf\":{\"@id\":\"https:\\\/\\\/www.noticiasfire.com.br\\\/programa-minha-casa-minha-vida-todos-os-detalhes-de-como-participar\\\/\"},\"author\":{\"name\":\"Ivan\",\"@id\":\"https:\\\/\\\/www.noticiasfire.com.br\\\/#\\\/schema\\\/person\\\/6c064cf8d33f8b38900e936c385f48fd\"},\"headline\":\"Programa Minha Casa Minha Vida: todos os detalhes de como participar\u00a0\",\"datePublished\":\"2024-02-06T17:45:05+00:00\",\"mainEntityOfPage\":{\"@id\":\"https:\\\/\\\/www.noticiasfire.com.br\\\/programa-minha-casa-minha-vida-todos-os-detalhes-de-como-participar\\\/\"},\"wordCount\":567,\"commentCount\":0,\"publisher\":{\"@id\":\"https:\\\/\\\/www.noticiasfire.com.br\\\/#organization\"},\"image\":{\"@id\":\"https:\\\/\\\/www.noticiasfire.com.br\\\/programa-minha-casa-minha-vida-todos-os-detalhes-de-como-participar\\\/#primaryimage\"},\"thumbnailUrl\":\"https:\\\/\\\/www.noticiasfire.com.br\\\/wp-content\\\/uploads\\\/2024\\\/01\\\/casa-propria_Easy-Resize.com_-2.jpg\",\"articleSection\":[\"NOT\u00cdCIAS\"],\"inLanguage\":\"en-US\",\"potentialAction\":[{\"@type\":\"CommentAction\",\"name\":\"Comment\",\"target\":[\"https:\\\/\\\/www.noticiasfire.com.br\\\/programa-minha-casa-minha-vida-todos-os-detalhes-de-como-participar\\\/#respond\"]}]},{\"@type\":\"WebPage\",\"@id\":\"https:\\\/\\\/www.noticiasfire.com.br\\\/programa-minha-casa-minha-vida-todos-os-detalhes-de-como-participar\\\/\",\"url\":\"https:\\\/\\\/www.noticiasfire.com.br\\\/programa-minha-casa-minha-vida-todos-os-detalhes-de-como-participar\\\/\",\"name\":\"Programa Minha Casa Minha Vida: todos os detalhes de como participar\u00a0 -\",\"isPartOf\":{\"@id\":\"https:\\\/\\\/www.noticiasfire.com.br\\\/#website\"},\"primaryImageOfPage\":{\"@id\":\"https:\\\/\\\/www.noticiasfire.com.br\\\/programa-minha-casa-minha-vida-todos-os-detalhes-de-como-participar\\\/#primaryimage\"},\"image\":{\"@id\":\"https:\\\/\\\/www.noticiasfire.com.br\\\/programa-minha-casa-minha-vida-todos-os-detalhes-de-como-participar\\\/#primaryimage\"},\"thumbnailUrl\":\"https:\\\/\\\/www.noticiasfire.com.br\\\/wp-content\\\/uploads\\\/2024\\\/01\\\/casa-propria_Easy-Resize.com_-2.jpg\",\"datePublished\":\"2024-02-06T17:45:05+00:00\",\"breadcrumb\":{\"@id\":\"https:\\\/\\\/www.noticiasfire.com.br\\\/programa-minha-casa-minha-vida-todos-os-detalhes-de-como-participar\\\/#breadcrumb\"},\"inLanguage\":\"en-US\",\"potentialAction\":[{\"@type\":\"ReadAction\",\"target\":[\"https:\\\/\\\/www.noticiasfire.com.br\\\/programa-minha-casa-minha-vida-todos-os-detalhes-de-como-participar\\\/\"]}]},{\"@type\":\"ImageObject\",\"inLanguage\":\"en-US\",\"@id\":\"https:\\\/\\\/www.noticiasfire.com.br\\\/programa-minha-casa-minha-vida-todos-os-detalhes-de-como-participar\\\/#primaryimage\",\"url\":\"https:\\\/\\\/www.noticiasfire.com.br\\\/wp-content\\\/uploads\\\/2024\\\/01\\\/casa-propria_Easy-Resize.com_-2.jpg\",\"contentUrl\":\"https:\\\/\\\/www.noticiasfire.com.br\\\/wp-content\\\/uploads\\\/2024\\\/01\\\/casa-propria_Easy-Resize.com_-2.jpg\",\"width\":1280,\"height\":855},{\"@type\":\"BreadcrumbList\",\"@id\":\"https:\\\/\\\/www.noticiasfire.com.br\\\/programa-minha-casa-minha-vida-todos-os-detalhes-de-como-participar\\\/#breadcrumb\",\"itemListElement\":[{\"@type\":\"ListItem\",\"position\":1,\"name\":\"In\u00edcio\",\"item\":\"https:\\\/\\\/www.noticiasfire.com.br\\\/\"},{\"@type\":\"ListItem\",\"position\":2,\"name\":\"Programa Minha Casa Minha Vida: todos os detalhes de como participar\u00a0\"}]},{\"@type\":\"WebSite\",\"@id\":\"https:\\\/\\\/www.noticiasfire.com.br\\\/#website\",\"url\":\"https:\\\/\\\/www.noticiasfire.com.br\\\/\",\"name\":\"NoticiasFire\",\"description\":\"\",\"publisher\":{\"@id\":\"https:\\\/\\\/www.noticiasfire.com.br\\\/#organization\"},\"potentialAction\":[{\"@type\":\"SearchAction\",\"target\":{\"@type\":\"EntryPoint\",\"urlTemplate\":\"https:\\\/\\\/www.noticiasfire.com.br\\\/?s={search_term_string}\"},\"query-input\":{\"@type\":\"PropertyValueSpecification\",\"valueRequired\":true,\"valueName\":\"search_term_string\"}}],\"inLanguage\":\"en-US\"},{\"@type\":\"Organization\",\"@id\":\"https:\\\/\\\/www.noticiasfire.com.br\\\/#organization\",\"name\":\"NoticiasFire\",\"url\":\"https:\\\/\\\/www.noticiasfire.com.br\\\/\",\"logo\":{\"@type\":\"ImageObject\",\"inLanguage\":\"en-US\",\"@id\":\"https:\\\/\\\/www.noticiasfire.com.br\\\/#\\\/schema\\\/logo\\\/image\\\/\",\"url\":\"https:\\\/\\\/www.noticiasfire.com.br\\\/wp-content\\\/uploads\\\/2025\\\/08\\\/cropped-Captura_de_Tela_2025-08-13_as_20.34.29__1_-removebg-preview.png\",\"contentUrl\":\"https:\\\/\\\/www.noticiasfire.com.br\\\/wp-content\\\/uploads\\\/2025\\\/08\\\/cropped-Captura_de_Tela_2025-08-13_as_20.34.29__1_-removebg-preview.png\",\"width\":748,\"height\":286,\"caption\":\"NoticiasFire\"},\"image\":{\"@id\":\"https:\\\/\\\/www.noticiasfire.com.br\\\/#\\\/schema\\\/logo\\\/image\\\/\"}},{\"@type\":\"Person\",\"@id\":\"https:\\\/\\\/www.noticiasfire.com.br\\\/#\\\/schema\\\/person\\\/6c064cf8d33f8b38900e936c385f48fd\",\"name\":\"Ivan\",\"image\":{\"@type\":\"ImageObject\",\"inLanguage\":\"en-US\",\"@id\":\"https:\\\/\\\/secure.gravatar.com\\\/avatar\\\/18077698a88c2ad528c924a301adab662f075719c95fb1dec6f0b51902ebf647?s=96&d=mm&r=g\",\"url\":\"https:\\\/\\\/secure.gravatar.com\\\/avatar\\\/18077698a88c2ad528c924a301adab662f075719c95fb1dec6f0b51902ebf647?s=96&d=mm&r=g\",\"contentUrl\":\"https:\\\/\\\/secure.gravatar.com\\\/avatar\\\/18077698a88c2ad528c924a301adab662f075719c95fb1dec6f0b51902ebf647?s=96&d=mm&r=g\",\"caption\":\"Ivan\"},\"url\":\"https:\\\/\\\/www.noticiasfire.com.br\\\/en\\\/author\\\/ivan\\\/\"}]}<\/script>\n<!-- \/ Yoast SEO plugin. -->","yoast_head_json":{"title":"Programa Minha Casa Minha Vida: todos os detalhes de como participar\u00a0 -","robots":{"index":"index","follow":"follow","max-snippet":"max-snippet:-1","max-image-preview":"max-image-preview:large","max-video-preview":"max-video-preview:-1"},"canonical":"https:\/\/www.noticiasfire.com.br\/en\/programa-minha-casa-minha-vida-todos-os-detalhes-de-como-participar\/","og_locale":"en_US","og_type":"article","og_title":"Programa Minha Casa Minha Vida: todos os detalhes de como participar\u00a0 -","og_description":"O Programa Minha Casa Minha Vida foi criado pelo Governo Federal em 2009 com o intuito principal de proporcionar acesso \u00e0 moradia de qualidade, especialmente para fam\u00edlias de baixa renda.\u00a0 Para o ano de 2023, espera-se a entrega de 15 mil casas, juntamente com a retomada da constru\u00e7\u00e3o de 37 mil unidades que estavam paralisadas.\u00a0 ... Read more","og_url":"https:\/\/www.noticiasfire.com.br\/en\/programa-minha-casa-minha-vida-todos-os-detalhes-de-como-participar\/","article_published_time":"2024-02-06T17:45:05+00:00","og_image":[{"width":1280,"height":855,"url":"https:\/\/www.noticiasfire.com.br\/wp-content\/uploads\/2024\/01\/casa-propria_Easy-Resize.com_-2.jpg","type":"image\/jpeg"}],"author":"Ivan","twitter_card":"summary_large_image","twitter_misc":{"Written by":"Ivan","Est. reading time":"3 minutes"},"schema":{"@context":"https:\/\/schema.org","@graph":[{"@type":"Article","@id":"https:\/\/www.noticiasfire.com.br\/programa-minha-casa-minha-vida-todos-os-detalhes-de-como-participar\/#article","isPartOf":{"@id":"https:\/\/www.noticiasfire.com.br\/programa-minha-casa-minha-vida-todos-os-detalhes-de-como-participar\/"},"author":{"name":"Ivan","@id":"https:\/\/www.noticiasfire.com.br\/#\/schema\/person\/6c064cf8d33f8b38900e936c385f48fd"},"headline":"Programa Minha Casa Minha Vida: todos os detalhes de como participar\u00a0","datePublished":"2024-02-06T17:45:05+00:00","mainEntityOfPage":{"@id":"https:\/\/www.noticiasfire.com.br\/programa-minha-casa-minha-vida-todos-os-detalhes-de-como-participar\/"},"wordCount":567,"commentCount":0,"publisher":{"@id":"https:\/\/www.noticiasfire.com.br\/#organization"},"image":{"@id":"https:\/\/www.noticiasfire.com.br\/programa-minha-casa-minha-vida-todos-os-detalhes-de-como-participar\/#primaryimage"},"thumbnailUrl":"https:\/\/www.noticiasfire.com.br\/wp-content\/uploads\/2024\/01\/casa-propria_Easy-Resize.com_-2.jpg","articleSection":["NOT\u00cdCIAS"],"inLanguage":"en-US","potentialAction":[{"@type":"CommentAction","name":"Comment","target":["https:\/\/www.noticiasfire.com.br\/programa-minha-casa-minha-vida-todos-os-detalhes-de-como-participar\/#respond"]}]},{"@type":"WebPage","@id":"https:\/\/www.noticiasfire.com.br\/programa-minha-casa-minha-vida-todos-os-detalhes-de-como-participar\/","url":"https:\/\/www.noticiasfire.com.br\/programa-minha-casa-minha-vida-todos-os-detalhes-de-como-participar\/","name":"Programa Minha Casa Minha Vida: todos os detalhes de como participar\u00a0 -","isPartOf":{"@id":"https:\/\/www.noticiasfire.com.br\/#website"},"primaryImageOfPage":{"@id":"https:\/\/www.noticiasfire.com.br\/programa-minha-casa-minha-vida-todos-os-detalhes-de-como-participar\/#primaryimage"},"image":{"@id":"https:\/\/www.noticiasfire.com.br\/programa-minha-casa-minha-vida-todos-os-detalhes-de-como-participar\/#primaryimage"},"thumbnailUrl":"https:\/\/www.noticiasfire.com.br\/wp-content\/uploads\/2024\/01\/casa-propria_Easy-Resize.com_-2.jpg","datePublished":"2024-02-06T17:45:05+00:00","breadcrumb":{"@id":"https:\/\/www.noticiasfire.com.br\/programa-minha-casa-minha-vida-todos-os-detalhes-de-como-participar\/#breadcrumb"},"inLanguage":"en-US","potentialAction":[{"@type":"ReadAction","target":["https:\/\/www.noticiasfire.com.br\/programa-minha-casa-minha-vida-todos-os-detalhes-de-como-participar\/"]}]},{"@type":"ImageObject","inLanguage":"en-US","@id":"https:\/\/www.noticiasfire.com.br\/programa-minha-casa-minha-vida-todos-os-detalhes-de-como-participar\/#primaryimage","url":"https:\/\/www.noticiasfire.com.br\/wp-content\/uploads\/2024\/01\/casa-propria_Easy-Resize.com_-2.jpg","contentUrl":"https:\/\/www.noticiasfire.com.br\/wp-content\/uploads\/2024\/01\/casa-propria_Easy-Resize.com_-2.jpg","width":1280,"height":855},{"@type":"BreadcrumbList","@id":"https:\/\/www.noticiasfire.com.br\/programa-minha-casa-minha-vida-todos-os-detalhes-de-como-participar\/#breadcrumb","itemListElement":[{"@type":"ListItem","position":1,"name":"In\u00edcio","item":"https:\/\/www.noticiasfire.com.br\/"},{"@type":"ListItem","position":2,"name":"Programa Minha Casa Minha Vida: todos os detalhes de como participar\u00a0"}]},{"@type":"WebSite","@id":"https:\/\/www.noticiasfire.com.br\/#website","url":"https:\/\/www.noticiasfire.com.br\/","name":"NewsFire","description":"","publisher":{"@id":"https:\/\/www.noticiasfire.com.br\/#organization"},"potentialAction":[{"@type":"SearchAction","target":{"@type":"EntryPoint","urlTemplate":"https:\/\/www.noticiasfire.com.br\/?s={search_term_string}"},"query-input":{"@type":"PropertyValueSpecification","valueRequired":true,"valueName":"search_term_string"}}],"inLanguage":"en-US"},{"@type":"Organization","@id":"https:\/\/www.noticiasfire.com.br\/#organization","name":"NewsFire","url":"https:\/\/www.noticiasfire.com.br\/","logo":{"@type":"ImageObject","inLanguage":"en-US","@id":"https:\/\/www.noticiasfire.com.br\/#\/schema\/logo\/image\/","url":"https:\/\/www.noticiasfire.com.br\/wp-content\/uploads\/2025\/08\/cropped-Captura_de_Tela_2025-08-13_as_20.34.29__1_-removebg-preview.png","contentUrl":"https:\/\/www.noticiasfire.com.br\/wp-content\/uploads\/2025\/08\/cropped-Captura_de_Tela_2025-08-13_as_20.34.29__1_-removebg-preview.png","width":748,"height":286,"caption":"NoticiasFire"},"image":{"@id":"https:\/\/www.noticiasfire.com.br\/#\/schema\/logo\/image\/"}},{"@type":"Person","@id":"https:\/\/www.noticiasfire.com.br\/#\/schema\/person\/6c064cf8d33f8b38900e936c385f48fd","name":"Ivan","image":{"@type":"ImageObject","inLanguage":"en-US","@id":"https:\/\/secure.gravatar.com\/avatar\/18077698a88c2ad528c924a301adab662f075719c95fb1dec6f0b51902ebf647?s=96&d=mm&r=g","url":"https:\/\/secure.gravatar.com\/avatar\/18077698a88c2ad528c924a301adab662f075719c95fb1dec6f0b51902ebf647?s=96&d=mm&r=g","contentUrl":"https:\/\/secure.gravatar.com\/avatar\/18077698a88c2ad528c924a301adab662f075719c95fb1dec6f0b51902ebf647?s=96&d=mm&r=g","caption":"Ivan"},"url":"https:\/\/www.noticiasfire.com.br\/en\/author\/ivan\/"}]}},"_links":{"self":[{"href":"https:\/\/www.noticiasfire.com.br\/en\/wp-json\/wp\/v2\/posts\/24486","targetHints":{"allow":["GET"]}}],"collection":[{"href":"https:\/\/www.noticiasfire.com.br\/en\/wp-json\/wp\/v2\/posts"}],"about":[{"href":"https:\/\/www.noticiasfire.com.br\/en\/wp-json\/wp\/v2\/types\/post"}],"author":[{"embeddable":true,"href":"https:\/\/www.noticiasfire.com.br\/en\/wp-json\/wp\/v2\/users\/3"}],"replies":[{"embeddable":true,"href":"https:\/\/www.noticiasfire.com.br\/en\/wp-json\/wp\/v2\/comments?post=24486"}],"version-history":[{"count":0,"href":"https:\/\/www.noticiasfire.com.br\/en\/wp-json\/wp\/v2\/posts\/24486\/revisions"}],"wp:featuredmedia":[{"embeddable":true,"href":"https:\/\/www.noticiasfire.com.br\/en\/wp-json\/wp\/v2\/media\/30087"}],"wp:attachment":[{"href":"https:\/\/www.noticiasfire.com.br\/en\/wp-json\/wp\/v2\/media?parent=24486"}],"wp:term":[{"taxonomy":"category","embeddable":true,"href":"https:\/\/www.noticiasfire.com.br\/en\/wp-json\/wp\/v2\/categories?post=24486"},{"taxonomy":"post_tag","embeddable":true,"href":"https:\/\/www.noticiasfire.com.br\/en\/wp-json\/wp\/v2\/tags?post=24486"}],"curies":[{"name":"wp","href":"https:\/\/api.w.org\/{rel}","templated":true}]}}