{"id":26615,"date":"2024-05-29T11:46:17","date_gmt":"2024-05-29T14:46:17","guid":{"rendered":"https:\/\/www.noticiasfire.com.br\/?p=26615"},"modified":"2024-05-29T11:46:17","modified_gmt":"2024-05-29T14:46:17","slug":"auxilio-brasil-jovem-mais-um-beneficio-para-o-brasileiro","status":"publish","type":"post","link":"https:\/\/www.noticiasfire.com.br\/en\/auxilio-brasil-jovem-mais-um-beneficio-para-o-brasileiro\/","title":{"rendered":"Brazil Youth Aid: Another benefit for Brazilians\u00a0"},"content":{"rendered":"<div data-elementor-type=\"wp-post\" data-elementor-id=\"26615\" class=\"elementor elementor-26615\" data-elementor-post-type=\"post\">\n\t\t\t\t\t\t<section class=\"elementor-section elementor-top-section elementor-element elementor-element-1910307 elementor-section-boxed elementor-section-height-default elementor-section-height-default\" data-id=\"1910307\" data-element_type=\"section\" data-e-type=\"section\">\n\t\t\t\t\t\t<div class=\"elementor-container elementor-column-gap-default\">\n\t\t\t\t\t<div class=\"elementor-column elementor-col-100 elementor-top-column elementor-element elementor-element-d659edb\" data-id=\"d659edb\" data-element_type=\"column\" data-e-type=\"column\">\n\t\t\t<div class=\"elementor-widget-wrap elementor-element-populated\">\n\t\t\t\t\t\t<div class=\"elementor-element elementor-element-72ff6c5 elementor-widget elementor-widget-text-editor\" data-id=\"72ff6c5\" data-element_type=\"widget\" data-e-type=\"widget\" data-widget_type=\"text-editor.default\">\n\t\t\t\t\t\t\t\t\t<p>O <b>Brazil Youth Aid<\/b> is an initiative of <b>federal government<\/b> aimed at supporting young people in situations of social vulnerability.\u00a0<\/p>\n<p>This program aims to provide better living conditions, educational opportunities and inclusion in the job market.<\/p>\n<p>With the aim of reducing inequalities and promoting the all-round development of young Brazilians, the <b>Brazil Youth Aid<\/b> is a fundamental step towards building a fairer and more equitable future.\u00a0<\/p>\n<h2 style=\"font-family: var(--td_default_google_font_2, 'Roboto', sans-serif);\">Benefits of Brazil Youth Aid\u00a0<\/h2>\n<p>The <b>benefits<\/b> offered by <b>Brazil Youth Aid<\/b> are diverse and cover several important areas for young people's development. These include:<\/p>\n<p><span style=\"color: var(--td_text_color, #111111); font-family: var(--td_default_google_font_2, 'Roboto', sans-serif); font-size: 27px; background-color: var(--td_container_transparent, #ffffff);\">Financial support\u00a0<\/span><\/p>\n<p>O <b>program<\/b> provides a monthly financial subsidy to help with basic expenses such as food, transportation and school materials. This support is crucial to ensure that young people can devote themselves to their studies without constantly worrying about a lack of financial resources.<\/p>\t\t\t\t\t\t\t\t<\/div>\n\t\t\t\t\t<\/div>\n\t\t<\/div>\n\t\t\t\t\t<\/div>\n\t\t<\/section>\n\t\t\t\t<section class=\"elementor-section elementor-top-section elementor-element elementor-element-ead97a5 elementor-section-boxed elementor-section-height-default elementor-section-height-default\" data-id=\"ead97a5\" data-element_type=\"section\" data-e-type=\"section\">\n\t\t\t\t\t\t<div class=\"elementor-container elementor-column-gap-default\">\n\t\t\t\t\t<div class=\"elementor-column elementor-col-100 elementor-top-column elementor-element elementor-element-3078a11\" data-id=\"3078a11\" data-element_type=\"column\" data-e-type=\"column\">\n\t\t\t<div class=\"elementor-widget-wrap elementor-element-populated\">\n\t\t\t\t\t\t<div class=\"elementor-element elementor-element-0b63606 elementor-widget-divider--view-line elementor-widget elementor-widget-divider\" data-id=\"0b63606\" data-element_type=\"widget\" data-e-type=\"widget\" data-widget_type=\"divider.default\">\n\t\t\t\t\t\t\t<div class=\"elementor-divider\">\n\t\t\t<span class=\"elementor-divider-separator\">\n\t\t\t\t\t\t<\/span>\n\t\t<\/div>\n\t\t\t\t\t\t<\/div>\n\t\t\t\t\t<\/div>\n\t\t<\/div>\n\t\t\t\t\t<\/div>\n\t\t<\/section>\n\t\t\t\t<section class=\"elementor-section elementor-top-section elementor-element elementor-element-d97c9c3 elementor-section-boxed elementor-section-height-default elementor-section-height-default\" data-id=\"d97c9c3\" data-element_type=\"section\" data-e-type=\"section\">\n\t\t\t\t\t\t<div class=\"elementor-container elementor-column-gap-default\">\n\t\t\t\t\t<div class=\"elementor-column elementor-col-100 elementor-top-column elementor-element elementor-element-9743dc7\" data-id=\"9743dc7\" data-element_type=\"column\" data-e-type=\"column\">\n\t\t\t<div class=\"elementor-widget-wrap elementor-element-populated\">\n\t\t\t\t\t\t<div class=\"elementor-element elementor-element-b181801 elementor-align-center elementor-widget elementor-widget-button\" data-id=\"b181801\" data-element_type=\"widget\" data-e-type=\"widget\" data-widget_type=\"button.default\">\n\t\t\t\t\t\t\t\t\t\t<a class=\"elementor-button elementor-button-link elementor-size-sm\" href=\"https:\/\/www.noticiasfire.com.br\/en\/auxilio-brasil-jovem-processo-de-inscricao\/\">\n\t\t\t\t\t\t<span class=\"elementor-button-content-wrapper\">\n\t\t\t\t\t\t\t\t\t<span class=\"elementor-button-text\">BE PART OF THE PROGRAM<\/span>\n\t\t\t\t\t<\/span>\n\t\t\t\t\t<\/a>\n\t\t\t\t\t\t\t\t<\/div>\n\t\t\t\t\t<\/div>\n\t\t<\/div>\n\t\t\t\t\t<\/div>\n\t\t<\/section>\n\t\t\t\t<section class=\"elementor-section elementor-top-section elementor-element elementor-element-4d84398b elementor-section-boxed elementor-section-height-default elementor-section-height-default\" data-id=\"4d84398b\" data-element_type=\"section\" data-e-type=\"section\">\n\t\t\t\t\t\t<div class=\"elementor-container elementor-column-gap-default\">\n\t\t\t\t\t<div class=\"elementor-column elementor-col-100 elementor-top-column elementor-element elementor-element-5958a679\" data-id=\"5958a679\" data-element_type=\"column\" data-e-type=\"column\">\n\t\t\t<div class=\"elementor-widget-wrap elementor-element-populated\">\n\t\t\t\t\t\t<div class=\"elementor-element elementor-element-55bbb0 elementor-widget elementor-widget-text-editor\" data-id=\"55bbb0\" data-element_type=\"widget\" data-e-type=\"widget\" data-widget_type=\"text-editor.default\">\n\t\t\t\t\t\t\t\t\t<p><\/p>\n<h2>Access to education\u00a0<\/h2>\n<p><\/p>\n<p>Education is one of the pillars of <b>Brazil Youth Aid<\/b>. The program offers scholarships, access to technical and vocational courses, as well as tutoring and mentoring programs. This gives young people the opportunity to acquire essential knowledge and skills to enter the job market.\u00a0<\/p>\n<p><\/p>\n<h2>Digital Inclusion\u00a0<\/h2>\n<p><\/p>\n<p>With the growing importance of technology in today's world, the program also aims to promote the digital inclusion of young people. This includes providing technological equipment and internet access so that they can take part in online classes, carry out research and connect with the digital world.\u00a0<\/p>\n<p><\/p>\n<h2>Health and well-being\u00a0<\/h2>\n<p><\/p>\n<p>O <b>Brazil Youth Aid<\/b> also cares about the health and well-being of its beneficiaries. The program offers medical assistance, psychological support and sports activities to ensure that young people lead healthy and balanced lives.\u00a0<\/p>\n<p><\/p>\n<h2>Entering the job market\u00a0<\/h2>\n<p><\/p>\n<p>One of the main objectives of <b>Brazil Youth Aid <\/b>is to make it easier for young people to enter the job market. To this end, the program promotes partnerships with companies, offers professional training courses and internship programs. These initiatives are essential for young people to gain practical experience and increase their chances of employability.\u00a0<\/p>\n<p><\/p>\n<h2>How Brazil Youth Aid works\u00a0<\/h2>\n<p><\/p>\n<p>To participate in the <b>Brazil Youth Aid<\/b>In order to be eligible for the program, those interested must meet certain eligibility criteria and follow an application process. Below, we explain how each stage of the program works:\u00a0<\/p>\n<p><\/p>\n<h2>Eligibility Criteria\u00a0<\/h2>\n<p><\/p>\n<h3>To be eligible for Brazil Youth Aid, the candidate must:\u00a0<\/h3>\n<p><\/p>\n<p><strong>1- Be between 15 and 29 years old.\u00a0<\/strong><\/p>\n<p><strong><\/strong><\/p>\n<p><strong>2- Be in a situation of social vulnerability, proven by official documents and registers.\u00a0<\/strong><\/p>\n<p><strong><\/strong><\/p>\n<p><strong>3- Be enrolled in a regular educational institution or in technical\/professional courses.\u00a0<\/strong><\/p>\n<p><\/p>\t\t\t\t\t\t\t\t<\/div>\n\t\t\t\t\t<\/div>\n\t\t<\/div>\n\t\t\t\t\t<\/div>\n\t\t<\/section>\n\t\t\t\t<section class=\"elementor-section elementor-top-section elementor-element elementor-element-e665159 elementor-section-boxed elementor-section-height-default elementor-section-height-default\" data-id=\"e665159\" data-element_type=\"section\" data-e-type=\"section\">\n\t\t\t\t\t\t<div class=\"elementor-container elementor-column-gap-default\">\n\t\t\t\t\t<div class=\"elementor-column elementor-col-100 elementor-top-column elementor-element elementor-element-76e48bf\" data-id=\"76e48bf\" data-element_type=\"column\" data-e-type=\"column\">\n\t\t\t<div class=\"elementor-widget-wrap elementor-element-populated\">\n\t\t\t\t\t\t<div class=\"elementor-element elementor-element-8655283 elementor-align-center elementor-widget elementor-widget-button\" data-id=\"8655283\" data-element_type=\"widget\" data-e-type=\"widget\" data-widget_type=\"button.default\">\n\t\t\t\t\t\t\t\t\t\t<a class=\"elementor-button elementor-button-link elementor-size-sm\" href=\"https:\/\/www.noticiasfire.com.br\/en\/auxilio-brasil-jovem-processo-de-inscricao\/\">\n\t\t\t\t\t\t<span class=\"elementor-button-content-wrapper\">\n\t\t\t\t\t\t\t\t\t<span class=\"elementor-button-text\">BE PART OF THE PROGRAM<\/span>\n\t\t\t\t\t<\/span>\n\t\t\t\t\t<\/a>\n\t\t\t\t\t\t\t\t<\/div>\n\t\t\t\t\t<\/div>\n\t\t<\/div>\n\t\t\t\t\t<\/div>\n\t\t<\/section>\n\t\t\t\t<\/div>","protected":false},"excerpt":{"rendered":"<p>O Aux\u00edlio Brasil Jovem \u00e9 uma iniciativa do governo federal destinada a apoiar jovens em situa\u00e7\u00e3o de vulnerabilidade social.\u00a0 Este programa busca proporcionar melhores condi\u00e7\u00f5es de vida, oportunidades educacionais e inclus\u00e3o no mercado de trabalho. Com o objetivo de reduzir as desigualdades e promover o desenvolvimento integral dos jovens brasileiros, o Aux\u00edlio Brasil Jovem \u00e9 &#8230; <a title=\"Brazil Youth Aid: Another benefit for Brazilians\u00a0\" class=\"read-more\" href=\"https:\/\/www.noticiasfire.com.br\/en\/auxilio-brasil-jovem-mais-um-beneficio-para-o-brasileiro\/\" aria-label=\"Read more about Aux\u00edlio Brasil Jovem: Mais um benef\u00edcio para o brasileiro\u00a0\">Read more<\/a><\/p>","protected":false},"author":3,"featured_media":30107,"comment_status":"open","ping_status":"open","sticky":false,"template":"","format":"standard","meta":{"footnotes":""},"categories":[44],"tags":[],"class_list":["post-26615","post","type-post","status-publish","format-standard","has-post-thumbnail","hentry","category-noticias"],"yoast_head":"<!-- This site is optimized with the Yoast SEO plugin v27.4 - https:\/\/yoast.com\/product\/yoast-seo-wordpress\/ -->\n<title>Aux\u00edlio Brasil Jovem: Mais um benef\u00edcio para o brasileiro\u00a0 -<\/title>\n<meta name=\"robots\" content=\"index, follow, max-snippet:-1, max-image-preview:large, max-video-preview:-1\" \/>\n<link rel=\"canonical\" href=\"https:\/\/www.noticiasfire.com.br\/en\/auxilio-brasil-jovem-mais-um-beneficio-para-o-brasileiro\/\" \/>\n<meta property=\"og:locale\" content=\"en_US\" \/>\n<meta property=\"og:type\" content=\"article\" \/>\n<meta property=\"og:title\" content=\"Aux\u00edlio Brasil Jovem: Mais um benef\u00edcio para o brasileiro\u00a0 -\" \/>\n<meta property=\"og:description\" content=\"O Aux\u00edlio Brasil Jovem \u00e9 uma iniciativa do governo federal destinada a apoiar jovens em situa\u00e7\u00e3o de vulnerabilidade social.\u00a0 Este programa busca proporcionar melhores condi\u00e7\u00f5es de vida, oportunidades educacionais e inclus\u00e3o no mercado de trabalho. Com o objetivo de reduzir as desigualdades e promover o desenvolvimento integral dos jovens brasileiros, o Aux\u00edlio Brasil Jovem \u00e9 ... Read more\" \/>\n<meta property=\"og:url\" content=\"https:\/\/www.noticiasfire.com.br\/en\/auxilio-brasil-jovem-mais-um-beneficio-para-o-brasileiro\/\" \/>\n<meta property=\"article:published_time\" content=\"2024-05-29T14:46:17+00:00\" \/>\n<meta property=\"og:image\" content=\"https:\/\/www.noticiasfire.com.br\/wp-content\/uploads\/2024\/05\/d9941481-imagem-2024-02-28-151232506-768x402-1-2.webp\" \/>\n\t<meta property=\"og:image:width\" content=\"768\" \/>\n\t<meta property=\"og:image:height\" content=\"402\" \/>\n\t<meta property=\"og:image:type\" content=\"image\/webp\" \/>\n<meta name=\"author\" content=\"Ivan\" \/>\n<meta name=\"twitter:card\" content=\"summary_large_image\" \/>\n<meta name=\"twitter:label1\" content=\"Written by\" \/>\n\t<meta name=\"twitter:data1\" content=\"Ivan\" \/>\n\t<meta name=\"twitter:label2\" content=\"Est. reading time\" \/>\n\t<meta name=\"twitter:data2\" content=\"3 minutes\" \/>\n<script type=\"application\/ld+json\" class=\"yoast-schema-graph\">{\"@context\":\"https:\\\/\\\/schema.org\",\"@graph\":[{\"@type\":\"Article\",\"@id\":\"https:\\\/\\\/www.noticiasfire.com.br\\\/auxilio-brasil-jovem-mais-um-beneficio-para-o-brasileiro\\\/#article\",\"isPartOf\":{\"@id\":\"https:\\\/\\\/www.noticiasfire.com.br\\\/auxilio-brasil-jovem-mais-um-beneficio-para-o-brasileiro\\\/\"},\"author\":{\"name\":\"Ivan\",\"@id\":\"https:\\\/\\\/www.noticiasfire.com.br\\\/#\\\/schema\\\/person\\\/6c064cf8d33f8b38900e936c385f48fd\"},\"headline\":\"Aux\u00edlio Brasil Jovem: Mais um benef\u00edcio para o brasileiro\u00a0\",\"datePublished\":\"2024-05-29T14:46:17+00:00\",\"mainEntityOfPage\":{\"@id\":\"https:\\\/\\\/www.noticiasfire.com.br\\\/auxilio-brasil-jovem-mais-um-beneficio-para-o-brasileiro\\\/\"},\"wordCount\":481,\"commentCount\":0,\"publisher\":{\"@id\":\"https:\\\/\\\/www.noticiasfire.com.br\\\/#organization\"},\"image\":{\"@id\":\"https:\\\/\\\/www.noticiasfire.com.br\\\/auxilio-brasil-jovem-mais-um-beneficio-para-o-brasileiro\\\/#primaryimage\"},\"thumbnailUrl\":\"https:\\\/\\\/www.noticiasfire.com.br\\\/wp-content\\\/uploads\\\/2024\\\/05\\\/d9941481-imagem-2024-02-28-151232506-768x402-1-2.webp\",\"articleSection\":[\"NOT\u00cdCIAS\"],\"inLanguage\":\"en-US\",\"potentialAction\":[{\"@type\":\"CommentAction\",\"name\":\"Comment\",\"target\":[\"https:\\\/\\\/www.noticiasfire.com.br\\\/auxilio-brasil-jovem-mais-um-beneficio-para-o-brasileiro\\\/#respond\"]}]},{\"@type\":\"WebPage\",\"@id\":\"https:\\\/\\\/www.noticiasfire.com.br\\\/auxilio-brasil-jovem-mais-um-beneficio-para-o-brasileiro\\\/\",\"url\":\"https:\\\/\\\/www.noticiasfire.com.br\\\/auxilio-brasil-jovem-mais-um-beneficio-para-o-brasileiro\\\/\",\"name\":\"Aux\u00edlio Brasil Jovem: Mais um benef\u00edcio para o brasileiro\u00a0 -\",\"isPartOf\":{\"@id\":\"https:\\\/\\\/www.noticiasfire.com.br\\\/#website\"},\"primaryImageOfPage\":{\"@id\":\"https:\\\/\\\/www.noticiasfire.com.br\\\/auxilio-brasil-jovem-mais-um-beneficio-para-o-brasileiro\\\/#primaryimage\"},\"image\":{\"@id\":\"https:\\\/\\\/www.noticiasfire.com.br\\\/auxilio-brasil-jovem-mais-um-beneficio-para-o-brasileiro\\\/#primaryimage\"},\"thumbnailUrl\":\"https:\\\/\\\/www.noticiasfire.com.br\\\/wp-content\\\/uploads\\\/2024\\\/05\\\/d9941481-imagem-2024-02-28-151232506-768x402-1-2.webp\",\"datePublished\":\"2024-05-29T14:46:17+00:00\",\"breadcrumb\":{\"@id\":\"https:\\\/\\\/www.noticiasfire.com.br\\\/auxilio-brasil-jovem-mais-um-beneficio-para-o-brasileiro\\\/#breadcrumb\"},\"inLanguage\":\"en-US\",\"potentialAction\":[{\"@type\":\"ReadAction\",\"target\":[\"https:\\\/\\\/www.noticiasfire.com.br\\\/auxilio-brasil-jovem-mais-um-beneficio-para-o-brasileiro\\\/\"]}]},{\"@type\":\"ImageObject\",\"inLanguage\":\"en-US\",\"@id\":\"https:\\\/\\\/www.noticiasfire.com.br\\\/auxilio-brasil-jovem-mais-um-beneficio-para-o-brasileiro\\\/#primaryimage\",\"url\":\"https:\\\/\\\/www.noticiasfire.com.br\\\/wp-content\\\/uploads\\\/2024\\\/05\\\/d9941481-imagem-2024-02-28-151232506-768x402-1-2.webp\",\"contentUrl\":\"https:\\\/\\\/www.noticiasfire.com.br\\\/wp-content\\\/uploads\\\/2024\\\/05\\\/d9941481-imagem-2024-02-28-151232506-768x402-1-2.webp\",\"width\":768,\"height\":402},{\"@type\":\"BreadcrumbList\",\"@id\":\"https:\\\/\\\/www.noticiasfire.com.br\\\/auxilio-brasil-jovem-mais-um-beneficio-para-o-brasileiro\\\/#breadcrumb\",\"itemListElement\":[{\"@type\":\"ListItem\",\"position\":1,\"name\":\"In\u00edcio\",\"item\":\"https:\\\/\\\/www.noticiasfire.com.br\\\/\"},{\"@type\":\"ListItem\",\"position\":2,\"name\":\"Aux\u00edlio Brasil Jovem: Mais um benef\u00edcio para o brasileiro\u00a0\"}]},{\"@type\":\"WebSite\",\"@id\":\"https:\\\/\\\/www.noticiasfire.com.br\\\/#website\",\"url\":\"https:\\\/\\\/www.noticiasfire.com.br\\\/\",\"name\":\"NoticiasFire\",\"description\":\"\",\"publisher\":{\"@id\":\"https:\\\/\\\/www.noticiasfire.com.br\\\/#organization\"},\"potentialAction\":[{\"@type\":\"SearchAction\",\"target\":{\"@type\":\"EntryPoint\",\"urlTemplate\":\"https:\\\/\\\/www.noticiasfire.com.br\\\/?s={search_term_string}\"},\"query-input\":{\"@type\":\"PropertyValueSpecification\",\"valueRequired\":true,\"valueName\":\"search_term_string\"}}],\"inLanguage\":\"en-US\"},{\"@type\":\"Organization\",\"@id\":\"https:\\\/\\\/www.noticiasfire.com.br\\\/#organization\",\"name\":\"NoticiasFire\",\"url\":\"https:\\\/\\\/www.noticiasfire.com.br\\\/\",\"logo\":{\"@type\":\"ImageObject\",\"inLanguage\":\"en-US\",\"@id\":\"https:\\\/\\\/www.noticiasfire.com.br\\\/#\\\/schema\\\/logo\\\/image\\\/\",\"url\":\"https:\\\/\\\/www.noticiasfire.com.br\\\/wp-content\\\/uploads\\\/2025\\\/08\\\/cropped-Captura_de_Tela_2025-08-13_as_20.34.29__1_-removebg-preview.png\",\"contentUrl\":\"https:\\\/\\\/www.noticiasfire.com.br\\\/wp-content\\\/uploads\\\/2025\\\/08\\\/cropped-Captura_de_Tela_2025-08-13_as_20.34.29__1_-removebg-preview.png\",\"width\":748,\"height\":286,\"caption\":\"NoticiasFire\"},\"image\":{\"@id\":\"https:\\\/\\\/www.noticiasfire.com.br\\\/#\\\/schema\\\/logo\\\/image\\\/\"}},{\"@type\":\"Person\",\"@id\":\"https:\\\/\\\/www.noticiasfire.com.br\\\/#\\\/schema\\\/person\\\/6c064cf8d33f8b38900e936c385f48fd\",\"name\":\"Ivan\",\"image\":{\"@type\":\"ImageObject\",\"inLanguage\":\"en-US\",\"@id\":\"https:\\\/\\\/secure.gravatar.com\\\/avatar\\\/18077698a88c2ad528c924a301adab662f075719c95fb1dec6f0b51902ebf647?s=96&d=mm&r=g\",\"url\":\"https:\\\/\\\/secure.gravatar.com\\\/avatar\\\/18077698a88c2ad528c924a301adab662f075719c95fb1dec6f0b51902ebf647?s=96&d=mm&r=g\",\"contentUrl\":\"https:\\\/\\\/secure.gravatar.com\\\/avatar\\\/18077698a88c2ad528c924a301adab662f075719c95fb1dec6f0b51902ebf647?s=96&d=mm&r=g\",\"caption\":\"Ivan\"},\"url\":\"https:\\\/\\\/www.noticiasfire.com.br\\\/en\\\/author\\\/ivan\\\/\"}]}<\/script>\n<!-- \/ Yoast SEO plugin. -->","yoast_head_json":{"title":"Aux\u00edlio Brasil Jovem: Mais um benef\u00edcio para o brasileiro\u00a0 -","robots":{"index":"index","follow":"follow","max-snippet":"max-snippet:-1","max-image-preview":"max-image-preview:large","max-video-preview":"max-video-preview:-1"},"canonical":"https:\/\/www.noticiasfire.com.br\/en\/auxilio-brasil-jovem-mais-um-beneficio-para-o-brasileiro\/","og_locale":"en_US","og_type":"article","og_title":"Aux\u00edlio Brasil Jovem: Mais um benef\u00edcio para o brasileiro\u00a0 -","og_description":"O Aux\u00edlio Brasil Jovem \u00e9 uma iniciativa do governo federal destinada a apoiar jovens em situa\u00e7\u00e3o de vulnerabilidade social.\u00a0 Este programa busca proporcionar melhores condi\u00e7\u00f5es de vida, oportunidades educacionais e inclus\u00e3o no mercado de trabalho. Com o objetivo de reduzir as desigualdades e promover o desenvolvimento integral dos jovens brasileiros, o Aux\u00edlio Brasil Jovem \u00e9 ... Read more","og_url":"https:\/\/www.noticiasfire.com.br\/en\/auxilio-brasil-jovem-mais-um-beneficio-para-o-brasileiro\/","article_published_time":"2024-05-29T14:46:17+00:00","og_image":[{"width":768,"height":402,"url":"https:\/\/www.noticiasfire.com.br\/wp-content\/uploads\/2024\/05\/d9941481-imagem-2024-02-28-151232506-768x402-1-2.webp","type":"image\/webp"}],"author":"Ivan","twitter_card":"summary_large_image","twitter_misc":{"Written by":"Ivan","Est. reading time":"3 minutes"},"schema":{"@context":"https:\/\/schema.org","@graph":[{"@type":"Article","@id":"https:\/\/www.noticiasfire.com.br\/auxilio-brasil-jovem-mais-um-beneficio-para-o-brasileiro\/#article","isPartOf":{"@id":"https:\/\/www.noticiasfire.com.br\/auxilio-brasil-jovem-mais-um-beneficio-para-o-brasileiro\/"},"author":{"name":"Ivan","@id":"https:\/\/www.noticiasfire.com.br\/#\/schema\/person\/6c064cf8d33f8b38900e936c385f48fd"},"headline":"Aux\u00edlio Brasil Jovem: Mais um benef\u00edcio para o brasileiro\u00a0","datePublished":"2024-05-29T14:46:17+00:00","mainEntityOfPage":{"@id":"https:\/\/www.noticiasfire.com.br\/auxilio-brasil-jovem-mais-um-beneficio-para-o-brasileiro\/"},"wordCount":481,"commentCount":0,"publisher":{"@id":"https:\/\/www.noticiasfire.com.br\/#organization"},"image":{"@id":"https:\/\/www.noticiasfire.com.br\/auxilio-brasil-jovem-mais-um-beneficio-para-o-brasileiro\/#primaryimage"},"thumbnailUrl":"https:\/\/www.noticiasfire.com.br\/wp-content\/uploads\/2024\/05\/d9941481-imagem-2024-02-28-151232506-768x402-1-2.webp","articleSection":["NOT\u00cdCIAS"],"inLanguage":"en-US","potentialAction":[{"@type":"CommentAction","name":"Comment","target":["https:\/\/www.noticiasfire.com.br\/auxilio-brasil-jovem-mais-um-beneficio-para-o-brasileiro\/#respond"]}]},{"@type":"WebPage","@id":"https:\/\/www.noticiasfire.com.br\/auxilio-brasil-jovem-mais-um-beneficio-para-o-brasileiro\/","url":"https:\/\/www.noticiasfire.com.br\/auxilio-brasil-jovem-mais-um-beneficio-para-o-brasileiro\/","name":"Aux\u00edlio Brasil Jovem: Mais um benef\u00edcio para o brasileiro\u00a0 -","isPartOf":{"@id":"https:\/\/www.noticiasfire.com.br\/#website"},"primaryImageOfPage":{"@id":"https:\/\/www.noticiasfire.com.br\/auxilio-brasil-jovem-mais-um-beneficio-para-o-brasileiro\/#primaryimage"},"image":{"@id":"https:\/\/www.noticiasfire.com.br\/auxilio-brasil-jovem-mais-um-beneficio-para-o-brasileiro\/#primaryimage"},"thumbnailUrl":"https:\/\/www.noticiasfire.com.br\/wp-content\/uploads\/2024\/05\/d9941481-imagem-2024-02-28-151232506-768x402-1-2.webp","datePublished":"2024-05-29T14:46:17+00:00","breadcrumb":{"@id":"https:\/\/www.noticiasfire.com.br\/auxilio-brasil-jovem-mais-um-beneficio-para-o-brasileiro\/#breadcrumb"},"inLanguage":"en-US","potentialAction":[{"@type":"ReadAction","target":["https:\/\/www.noticiasfire.com.br\/auxilio-brasil-jovem-mais-um-beneficio-para-o-brasileiro\/"]}]},{"@type":"ImageObject","inLanguage":"en-US","@id":"https:\/\/www.noticiasfire.com.br\/auxilio-brasil-jovem-mais-um-beneficio-para-o-brasileiro\/#primaryimage","url":"https:\/\/www.noticiasfire.com.br\/wp-content\/uploads\/2024\/05\/d9941481-imagem-2024-02-28-151232506-768x402-1-2.webp","contentUrl":"https:\/\/www.noticiasfire.com.br\/wp-content\/uploads\/2024\/05\/d9941481-imagem-2024-02-28-151232506-768x402-1-2.webp","width":768,"height":402},{"@type":"BreadcrumbList","@id":"https:\/\/www.noticiasfire.com.br\/auxilio-brasil-jovem-mais-um-beneficio-para-o-brasileiro\/#breadcrumb","itemListElement":[{"@type":"ListItem","position":1,"name":"In\u00edcio","item":"https:\/\/www.noticiasfire.com.br\/"},{"@type":"ListItem","position":2,"name":"Aux\u00edlio Brasil Jovem: Mais um benef\u00edcio para o brasileiro\u00a0"}]},{"@type":"WebSite","@id":"https:\/\/www.noticiasfire.com.br\/#website","url":"https:\/\/www.noticiasfire.com.br\/","name":"NewsFire","description":"","publisher":{"@id":"https:\/\/www.noticiasfire.com.br\/#organization"},"potentialAction":[{"@type":"SearchAction","target":{"@type":"EntryPoint","urlTemplate":"https:\/\/www.noticiasfire.com.br\/?s={search_term_string}"},"query-input":{"@type":"PropertyValueSpecification","valueRequired":true,"valueName":"search_term_string"}}],"inLanguage":"en-US"},{"@type":"Organization","@id":"https:\/\/www.noticiasfire.com.br\/#organization","name":"NewsFire","url":"https:\/\/www.noticiasfire.com.br\/","logo":{"@type":"ImageObject","inLanguage":"en-US","@id":"https:\/\/www.noticiasfire.com.br\/#\/schema\/logo\/image\/","url":"https:\/\/www.noticiasfire.com.br\/wp-content\/uploads\/2025\/08\/cropped-Captura_de_Tela_2025-08-13_as_20.34.29__1_-removebg-preview.png","contentUrl":"https:\/\/www.noticiasfire.com.br\/wp-content\/uploads\/2025\/08\/cropped-Captura_de_Tela_2025-08-13_as_20.34.29__1_-removebg-preview.png","width":748,"height":286,"caption":"NoticiasFire"},"image":{"@id":"https:\/\/www.noticiasfire.com.br\/#\/schema\/logo\/image\/"}},{"@type":"Person","@id":"https:\/\/www.noticiasfire.com.br\/#\/schema\/person\/6c064cf8d33f8b38900e936c385f48fd","name":"Ivan","image":{"@type":"ImageObject","inLanguage":"en-US","@id":"https:\/\/secure.gravatar.com\/avatar\/18077698a88c2ad528c924a301adab662f075719c95fb1dec6f0b51902ebf647?s=96&d=mm&r=g","url":"https:\/\/secure.gravatar.com\/avatar\/18077698a88c2ad528c924a301adab662f075719c95fb1dec6f0b51902ebf647?s=96&d=mm&r=g","contentUrl":"https:\/\/secure.gravatar.com\/avatar\/18077698a88c2ad528c924a301adab662f075719c95fb1dec6f0b51902ebf647?s=96&d=mm&r=g","caption":"Ivan"},"url":"https:\/\/www.noticiasfire.com.br\/en\/author\/ivan\/"}]}},"_links":{"self":[{"href":"https:\/\/www.noticiasfire.com.br\/en\/wp-json\/wp\/v2\/posts\/26615","targetHints":{"allow":["GET"]}}],"collection":[{"href":"https:\/\/www.noticiasfire.com.br\/en\/wp-json\/wp\/v2\/posts"}],"about":[{"href":"https:\/\/www.noticiasfire.com.br\/en\/wp-json\/wp\/v2\/types\/post"}],"author":[{"embeddable":true,"href":"https:\/\/www.noticiasfire.com.br\/en\/wp-json\/wp\/v2\/users\/3"}],"replies":[{"embeddable":true,"href":"https:\/\/www.noticiasfire.com.br\/en\/wp-json\/wp\/v2\/comments?post=26615"}],"version-history":[{"count":0,"href":"https:\/\/www.noticiasfire.com.br\/en\/wp-json\/wp\/v2\/posts\/26615\/revisions"}],"wp:featuredmedia":[{"embeddable":true,"href":"https:\/\/www.noticiasfire.com.br\/en\/wp-json\/wp\/v2\/media\/30107"}],"wp:attachment":[{"href":"https:\/\/www.noticiasfire.com.br\/en\/wp-json\/wp\/v2\/media?parent=26615"}],"wp:term":[{"taxonomy":"category","embeddable":true,"href":"https:\/\/www.noticiasfire.com.br\/en\/wp-json\/wp\/v2\/categories?post=26615"},{"taxonomy":"post_tag","embeddable":true,"href":"https:\/\/www.noticiasfire.com.br\/en\/wp-json\/wp\/v2\/tags?post=26615"}],"curies":[{"name":"wp","href":"https:\/\/api.w.org\/{rel}","templated":true}]}}