{"id":26642,"date":"2024-05-29T11:55:18","date_gmt":"2024-05-29T14:55:18","guid":{"rendered":"https:\/\/www.noticiasfire.com.br\/?p=26642"},"modified":"2024-05-29T11:55:18","modified_gmt":"2024-05-29T14:55:18","slug":"auxilio-brasil-jovem-processo-de-inscricao","status":"publish","type":"post","link":"https:\/\/www.noticiasfire.com.br\/en\/auxilio-brasil-jovem-processo-de-inscricao\/","title":{"rendered":"Brazil Youth Aid: Application Process\u00a0"},"content":{"rendered":"<div data-elementor-type=\"wp-post\" data-elementor-id=\"26642\" class=\"elementor elementor-26642\" data-elementor-post-type=\"post\">\n\t\t\t\t\t\t<section class=\"elementor-section elementor-top-section elementor-element elementor-element-220ca8b elementor-section-boxed elementor-section-height-default elementor-section-height-default\" data-id=\"220ca8b\" data-element_type=\"section\" data-e-type=\"section\">\n\t\t\t\t\t\t<div class=\"elementor-container elementor-column-gap-default\">\n\t\t\t\t\t<div class=\"elementor-column elementor-col-100 elementor-top-column elementor-element elementor-element-a144e67\" data-id=\"a144e67\" data-element_type=\"column\" data-e-type=\"column\">\n\t\t\t<div class=\"elementor-widget-wrap elementor-element-populated\">\n\t\t\t\t\t\t<div class=\"elementor-element elementor-element-b939c94 elementor-widget elementor-widget-text-editor\" data-id=\"b939c94\" data-element_type=\"widget\" data-e-type=\"widget\" data-widget_type=\"text-editor.default\">\n\t\t\t\t\t\t\t\t\t<p><span data-contrast=\"auto\"><b>Registration:<\/b> Those interested should register at <b>Single Registry<\/b> for Social Programs of the Federal Government (Cad\u00danico). This registration is essential for the government to have access to the information it needs to assess candidates' eligibility.\u00a0<\/span><span data-ccp-props=\"{}\">\u00a0<\/span><\/p>\n<p><span data-contrast=\"auto\">I<b>nscription:<\/b> After registering with Cad\u00danico, candidates must apply for the Aux\u00edlio Brasil Jovem program via the program's official website or at the designated service points.\u00a0<\/span><span data-ccp-props=\"{}\">\u00a0<\/span><\/p>\n<p><span data-contrast=\"auto\"><b>Evaluation:<\/b> The program team carries out a detailed assessment of the data provided by applicants to check that they meet the eligibility criteria. This stage is crucial to ensure that the benefits go to those who really need them.\u00a0<\/span><span data-ccp-props=\"{}\">\u00a0<\/span><\/p>\n<p><span data-contrast=\"auto\"><b>Approval and Receipt:<\/b> Successful candidates start receiving the program's monthly benefits, as well as having access to the educational and job market opportunities offered by Aux\u00edlio Brasil Jovem.\u00a0<\/span><span data-ccp-props=\"{}\">\u00a0<\/span><\/p>\n<h2><span data-contrast=\"auto\">Impact of Brazil Youth Aid on Society\u00a0<\/span><span data-ccp-props=\"{}\">\u00a0<\/span><\/h2>\n<p><span data-contrast=\"auto\">Aux\u00edlio Brasil Jovem has a significant impact on Brazilian society, promoting social inclusion and economic development. Among the main impacts, we can highlight:\u00a0<\/span><span data-ccp-props=\"{}\">\u00a0<\/span><\/p>\n<h2><span data-contrast=\"auto\">Poverty Reduction\u00a0<\/span><span data-ccp-props=\"{}\">\u00a0<\/span><\/h2>\n<p><span data-contrast=\"auto\">By providing financial support and opportunities for education and employment, the program contributes to reducing poverty among young people. This has a cascading effect, improving the quality of life of the families and communities in which these young people live.\u00a0<\/span><span data-ccp-props=\"{}\">\u00a0<\/span><\/p>\n<h2><span data-contrast=\"auto\">Improving education\u00a0<\/span><span data-ccp-props=\"{}\">\u00a0<\/span><\/h2>\n<p><span data-contrast=\"auto\">With access to scholarships and vocational courses, Aux\u00edlio Brasil Jovem helps to improve the educational level of the beneficiaries. This results in a more qualified workforce, prepared to face the challenges of the job market.\u00a0<\/span><span data-ccp-props=\"{}\">\u00a0<\/span><\/p>\n<h2><span data-contrast=\"auto\">Social Inclusion\u00a0<\/span><span data-ccp-props=\"{}\">\u00a0<\/span><\/h2>\n<p><span data-contrast=\"auto\">The program promotes social inclusion by providing equal opportunities for young people from different backgrounds and socio-economic conditions. This is essential for building a fairer and more equitable society.\u00a0<\/span><span data-ccp-props=\"{}\">\u00a0<\/span><\/p>\n<h2><span data-contrast=\"auto\">Economic Development\u00a0<\/span><span data-ccp-props=\"{}\">\u00a0<\/span><\/h2>\n<p><span data-contrast=\"auto\">By training young people for the job market, Aux\u00edlio Brasil Jovem contributes to the country's economic development. Well-trained and employed young people generate income, pay taxes and consume goods and services, boosting the national economy.\u00a0<\/span><span data-ccp-props=\"{}\">\u00a0<\/span><\/p>\n<h2><span data-contrast=\"auto\">Challenges and prospects for Brazil Youth Aid\u00a0<\/span><span data-ccp-props=\"{}\">\u00a0<\/span><\/h2>\n<p><span data-contrast=\"auto\">Despite the many benefits, Aux\u00edlio Brasil Joven faces some challenges that need to be overcome in order to reach its full potential. Among these challenges, we can mention:\u00a0<\/span><span data-ccp-props=\"{}\">\u00a0<\/span><\/p>\n<h2><span data-contrast=\"auto\">Reach and Coverage\u00a0<\/span><span data-ccp-props=\"{}\">\u00a0<\/span><\/h2>\n<p><span data-contrast=\"auto\">Expanding the reach of the program to ensure that all young people in vulnerable situations have access to the benefits is a constant challenge. It is necessary to invest in publicity campaigns and the expansion of service points.\u00a0<\/span><span data-ccp-props=\"{}\">\u00a0<\/span><\/p>\n<h2><span data-contrast=\"auto\">Financial sustainability\u00a0<\/span><span data-ccp-props=\"{}\">\u00a0<\/span><\/h2>\n<p><span data-contrast=\"auto\">Ensuring the program's financial sustainability is crucial for its continuity. This involves properly allocating resources and creating partnerships with the private sector to supplement funding.\u00a0<\/span><span data-ccp-props=\"{}\">\u00a0<\/span><\/p>\n<h2><span data-contrast=\"auto\">Monitoring and Evaluation\u00a0<\/span><span data-ccp-props=\"{}\">\u00a0<\/span><\/h2>\n<p><span data-contrast=\"auto\">Implementing effective monitoring and evaluation systems is key to ensuring that the program's objectives are being achieved and to identifying areas in need of improvement. Transparency and accountability are essential in this process.\u00a0<\/span><span data-ccp-props=\"{}\">\u00a0<\/span><\/p>\n<h2><span data-contrast=\"auto\">Future prospects\u00a0<\/span><span data-ccp-props=\"{}\">\u00a0<\/span><\/h2>\n<p><span data-contrast=\"auto\">Aux\u00edlio Brasil Jovem has the potential to expand and become a model for other social programs. With continuous improvement and adaptation to the needs of young people, the program can contribute even more to Brazil's development and to building a more equal society.\u00a0<\/span><span data-ccp-props=\"{}\">\u00a0<\/span><\/p>\n<h2><span data-contrast=\"auto\">Conclusion\u00a0<\/span><span data-ccp-props=\"{}\">\u00a0<\/span><\/h2>\n<p><span data-contrast=\"auto\">Aux\u00edlio Brasil Jovem is an essential initiative for the development of young Brazilians, offering financial support, access to education, digital inclusion, health and well-being, and opportunities to enter the job market. Despite the challenges, the program has the potential to make a significant positive impact on society, promoting social inclusion and economic development.<\/span><span data-ccp-props=\"{}\">\u00a0<\/span><\/p>\t\t\t\t\t\t\t\t<\/div>\n\t\t\t\t\t<\/div>\n\t\t<\/div>\n\t\t\t\t\t<\/div>\n\t\t<\/section>\n\t\t\t\t<section class=\"elementor-section elementor-top-section elementor-element elementor-element-6ab5e41 elementor-section-boxed elementor-section-height-default elementor-section-height-default\" data-id=\"6ab5e41\" data-element_type=\"section\" data-e-type=\"section\">\n\t\t\t\t\t\t<div class=\"elementor-container elementor-column-gap-default\">\n\t\t\t\t\t<div class=\"elementor-column elementor-col-100 elementor-top-column elementor-element elementor-element-cbc16b6\" data-id=\"cbc16b6\" data-element_type=\"column\" data-e-type=\"column\">\n\t\t\t<div class=\"elementor-widget-wrap elementor-element-populated\">\n\t\t\t\t\t\t<div class=\"elementor-element elementor-element-b1da820 elementor-align-center elementor-widget elementor-widget-button\" data-id=\"b1da820\" data-element_type=\"widget\" data-e-type=\"widget\" data-widget_type=\"button.default\">\n\t\t\t\t\t\t\t\t\t\t<a class=\"elementor-button elementor-button-link elementor-size-sm\" href=\"https:\/\/www.gov.br\/mds\/pt-br\/acoes-e-programas\/cadastro-unico\">\n\t\t\t\t\t\t<span class=\"elementor-button-content-wrapper\">\n\t\t\t\t\t\t\t\t\t<span class=\"elementor-button-text\">APPLY FOR BENEFITS<\/span>\n\t\t\t\t\t<\/span>\n\t\t\t\t\t<\/a>\n\t\t\t\t\t\t\t\t<\/div>\n\t\t\t\t\t<\/div>\n\t\t<\/div>\n\t\t\t\t\t<\/div>\n\t\t<\/section>\n\t\t\t\t<\/div>","protected":false},"excerpt":{"rendered":"<p>Cadastro: Os interessados devem realizar o cadastro no Cadastro \u00danico para Programas Sociais do Governo Federal (Cad\u00danico). Esse cadastro \u00e9 fundamental para que o governo tenha acesso \u00e0s informa\u00e7\u00f5es necess\u00e1rias para avaliar a elegibilidade dos candidatos.\u00a0\u00a0 Inscri\u00e7\u00e3o: Ap\u00f3s o cadastro no Cad\u00danico, os candidatos devem se inscrever no programa Aux\u00edlio Brasil Jovem atrav\u00e9s do site &#8230; <a title=\"Brazil Youth Aid: Application Process\u00a0\" class=\"read-more\" href=\"https:\/\/www.noticiasfire.com.br\/en\/auxilio-brasil-jovem-processo-de-inscricao\/\" aria-label=\"Read more about Aux\u00edlio Brasil Jovem: Processo de Inscri\u00e7\u00e3o\u00a0\">Read more<\/a><\/p>","protected":false},"author":3,"featured_media":30107,"comment_status":"open","ping_status":"open","sticky":false,"template":"","format":"standard","meta":{"footnotes":""},"categories":[44],"tags":[],"class_list":["post-26642","post","type-post","status-publish","format-standard","has-post-thumbnail","hentry","category-noticias"],"yoast_head":"<!-- This site is optimized with the Yoast SEO plugin v27.4 - https:\/\/yoast.com\/product\/yoast-seo-wordpress\/ -->\n<title>Aux\u00edlio Brasil Jovem: Processo de Inscri\u00e7\u00e3o\u00a0 -<\/title>\n<meta name=\"robots\" content=\"index, follow, max-snippet:-1, max-image-preview:large, max-video-preview:-1\" \/>\n<link rel=\"canonical\" href=\"https:\/\/www.noticiasfire.com.br\/en\/auxilio-brasil-jovem-processo-de-inscricao\/\" \/>\n<meta property=\"og:locale\" content=\"en_US\" \/>\n<meta property=\"og:type\" content=\"article\" \/>\n<meta property=\"og:title\" content=\"Aux\u00edlio Brasil Jovem: Processo de Inscri\u00e7\u00e3o\u00a0 -\" \/>\n<meta property=\"og:description\" content=\"Cadastro: Os interessados devem realizar o cadastro no Cadastro \u00danico para Programas Sociais do Governo Federal (Cad\u00danico). Esse cadastro \u00e9 fundamental para que o governo tenha acesso \u00e0s informa\u00e7\u00f5es necess\u00e1rias para avaliar a elegibilidade dos candidatos.\u00a0\u00a0 Inscri\u00e7\u00e3o: Ap\u00f3s o cadastro no Cad\u00danico, os candidatos devem se inscrever no programa Aux\u00edlio Brasil Jovem atrav\u00e9s do site ... Read more\" \/>\n<meta property=\"og:url\" content=\"https:\/\/www.noticiasfire.com.br\/en\/auxilio-brasil-jovem-processo-de-inscricao\/\" \/>\n<meta property=\"article:published_time\" content=\"2024-05-29T14:55:18+00:00\" \/>\n<meta property=\"og:image\" content=\"https:\/\/www.noticiasfire.com.br\/wp-content\/uploads\/2024\/05\/d9941481-imagem-2024-02-28-151232506-768x402-1-2.webp\" \/>\n\t<meta property=\"og:image:width\" content=\"768\" \/>\n\t<meta property=\"og:image:height\" content=\"402\" \/>\n\t<meta property=\"og:image:type\" content=\"image\/webp\" \/>\n<meta name=\"author\" content=\"Ivan\" \/>\n<meta name=\"twitter:card\" content=\"summary_large_image\" \/>\n<meta name=\"twitter:label1\" content=\"Written by\" \/>\n\t<meta name=\"twitter:data1\" content=\"Ivan\" \/>\n\t<meta name=\"twitter:label2\" content=\"Est. reading time\" \/>\n\t<meta name=\"twitter:data2\" content=\"4 minutes\" \/>\n<script type=\"application\/ld+json\" class=\"yoast-schema-graph\">{\"@context\":\"https:\\\/\\\/schema.org\",\"@graph\":[{\"@type\":\"Article\",\"@id\":\"https:\\\/\\\/www.noticiasfire.com.br\\\/auxilio-brasil-jovem-processo-de-inscricao\\\/#article\",\"isPartOf\":{\"@id\":\"https:\\\/\\\/www.noticiasfire.com.br\\\/auxilio-brasil-jovem-processo-de-inscricao\\\/\"},\"author\":{\"name\":\"Ivan\",\"@id\":\"https:\\\/\\\/www.noticiasfire.com.br\\\/#\\\/schema\\\/person\\\/6c064cf8d33f8b38900e936c385f48fd\"},\"headline\":\"Aux\u00edlio Brasil Jovem: Processo de Inscri\u00e7\u00e3o\u00a0\",\"datePublished\":\"2024-05-29T14:55:18+00:00\",\"mainEntityOfPage\":{\"@id\":\"https:\\\/\\\/www.noticiasfire.com.br\\\/auxilio-brasil-jovem-processo-de-inscricao\\\/\"},\"wordCount\":654,\"commentCount\":0,\"publisher\":{\"@id\":\"https:\\\/\\\/www.noticiasfire.com.br\\\/#organization\"},\"image\":{\"@id\":\"https:\\\/\\\/www.noticiasfire.com.br\\\/auxilio-brasil-jovem-processo-de-inscricao\\\/#primaryimage\"},\"thumbnailUrl\":\"https:\\\/\\\/www.noticiasfire.com.br\\\/wp-content\\\/uploads\\\/2024\\\/05\\\/d9941481-imagem-2024-02-28-151232506-768x402-1-2.webp\",\"articleSection\":[\"NOT\u00cdCIAS\"],\"inLanguage\":\"en-US\",\"potentialAction\":[{\"@type\":\"CommentAction\",\"name\":\"Comment\",\"target\":[\"https:\\\/\\\/www.noticiasfire.com.br\\\/auxilio-brasil-jovem-processo-de-inscricao\\\/#respond\"]}]},{\"@type\":\"WebPage\",\"@id\":\"https:\\\/\\\/www.noticiasfire.com.br\\\/auxilio-brasil-jovem-processo-de-inscricao\\\/\",\"url\":\"https:\\\/\\\/www.noticiasfire.com.br\\\/auxilio-brasil-jovem-processo-de-inscricao\\\/\",\"name\":\"Aux\u00edlio Brasil Jovem: Processo de Inscri\u00e7\u00e3o\u00a0 -\",\"isPartOf\":{\"@id\":\"https:\\\/\\\/www.noticiasfire.com.br\\\/#website\"},\"primaryImageOfPage\":{\"@id\":\"https:\\\/\\\/www.noticiasfire.com.br\\\/auxilio-brasil-jovem-processo-de-inscricao\\\/#primaryimage\"},\"image\":{\"@id\":\"https:\\\/\\\/www.noticiasfire.com.br\\\/auxilio-brasil-jovem-processo-de-inscricao\\\/#primaryimage\"},\"thumbnailUrl\":\"https:\\\/\\\/www.noticiasfire.com.br\\\/wp-content\\\/uploads\\\/2024\\\/05\\\/d9941481-imagem-2024-02-28-151232506-768x402-1-2.webp\",\"datePublished\":\"2024-05-29T14:55:18+00:00\",\"breadcrumb\":{\"@id\":\"https:\\\/\\\/www.noticiasfire.com.br\\\/auxilio-brasil-jovem-processo-de-inscricao\\\/#breadcrumb\"},\"inLanguage\":\"en-US\",\"potentialAction\":[{\"@type\":\"ReadAction\",\"target\":[\"https:\\\/\\\/www.noticiasfire.com.br\\\/auxilio-brasil-jovem-processo-de-inscricao\\\/\"]}]},{\"@type\":\"ImageObject\",\"inLanguage\":\"en-US\",\"@id\":\"https:\\\/\\\/www.noticiasfire.com.br\\\/auxilio-brasil-jovem-processo-de-inscricao\\\/#primaryimage\",\"url\":\"https:\\\/\\\/www.noticiasfire.com.br\\\/wp-content\\\/uploads\\\/2024\\\/05\\\/d9941481-imagem-2024-02-28-151232506-768x402-1-2.webp\",\"contentUrl\":\"https:\\\/\\\/www.noticiasfire.com.br\\\/wp-content\\\/uploads\\\/2024\\\/05\\\/d9941481-imagem-2024-02-28-151232506-768x402-1-2.webp\",\"width\":768,\"height\":402},{\"@type\":\"BreadcrumbList\",\"@id\":\"https:\\\/\\\/www.noticiasfire.com.br\\\/auxilio-brasil-jovem-processo-de-inscricao\\\/#breadcrumb\",\"itemListElement\":[{\"@type\":\"ListItem\",\"position\":1,\"name\":\"In\u00edcio\",\"item\":\"https:\\\/\\\/www.noticiasfire.com.br\\\/\"},{\"@type\":\"ListItem\",\"position\":2,\"name\":\"Aux\u00edlio Brasil Jovem: Processo de Inscri\u00e7\u00e3o\u00a0\"}]},{\"@type\":\"WebSite\",\"@id\":\"https:\\\/\\\/www.noticiasfire.com.br\\\/#website\",\"url\":\"https:\\\/\\\/www.noticiasfire.com.br\\\/\",\"name\":\"NoticiasFire\",\"description\":\"\",\"publisher\":{\"@id\":\"https:\\\/\\\/www.noticiasfire.com.br\\\/#organization\"},\"potentialAction\":[{\"@type\":\"SearchAction\",\"target\":{\"@type\":\"EntryPoint\",\"urlTemplate\":\"https:\\\/\\\/www.noticiasfire.com.br\\\/?s={search_term_string}\"},\"query-input\":{\"@type\":\"PropertyValueSpecification\",\"valueRequired\":true,\"valueName\":\"search_term_string\"}}],\"inLanguage\":\"en-US\"},{\"@type\":\"Organization\",\"@id\":\"https:\\\/\\\/www.noticiasfire.com.br\\\/#organization\",\"name\":\"NoticiasFire\",\"url\":\"https:\\\/\\\/www.noticiasfire.com.br\\\/\",\"logo\":{\"@type\":\"ImageObject\",\"inLanguage\":\"en-US\",\"@id\":\"https:\\\/\\\/www.noticiasfire.com.br\\\/#\\\/schema\\\/logo\\\/image\\\/\",\"url\":\"https:\\\/\\\/www.noticiasfire.com.br\\\/wp-content\\\/uploads\\\/2025\\\/08\\\/cropped-Captura_de_Tela_2025-08-13_as_20.34.29__1_-removebg-preview.png\",\"contentUrl\":\"https:\\\/\\\/www.noticiasfire.com.br\\\/wp-content\\\/uploads\\\/2025\\\/08\\\/cropped-Captura_de_Tela_2025-08-13_as_20.34.29__1_-removebg-preview.png\",\"width\":748,\"height\":286,\"caption\":\"NoticiasFire\"},\"image\":{\"@id\":\"https:\\\/\\\/www.noticiasfire.com.br\\\/#\\\/schema\\\/logo\\\/image\\\/\"}},{\"@type\":\"Person\",\"@id\":\"https:\\\/\\\/www.noticiasfire.com.br\\\/#\\\/schema\\\/person\\\/6c064cf8d33f8b38900e936c385f48fd\",\"name\":\"Ivan\",\"image\":{\"@type\":\"ImageObject\",\"inLanguage\":\"en-US\",\"@id\":\"https:\\\/\\\/secure.gravatar.com\\\/avatar\\\/18077698a88c2ad528c924a301adab662f075719c95fb1dec6f0b51902ebf647?s=96&d=mm&r=g\",\"url\":\"https:\\\/\\\/secure.gravatar.com\\\/avatar\\\/18077698a88c2ad528c924a301adab662f075719c95fb1dec6f0b51902ebf647?s=96&d=mm&r=g\",\"contentUrl\":\"https:\\\/\\\/secure.gravatar.com\\\/avatar\\\/18077698a88c2ad528c924a301adab662f075719c95fb1dec6f0b51902ebf647?s=96&d=mm&r=g\",\"caption\":\"Ivan\"},\"url\":\"https:\\\/\\\/www.noticiasfire.com.br\\\/en\\\/author\\\/ivan\\\/\"}]}<\/script>\n<!-- \/ Yoast SEO plugin. -->","yoast_head_json":{"title":"Aux\u00edlio Brasil Jovem: Processo de Inscri\u00e7\u00e3o\u00a0 -","robots":{"index":"index","follow":"follow","max-snippet":"max-snippet:-1","max-image-preview":"max-image-preview:large","max-video-preview":"max-video-preview:-1"},"canonical":"https:\/\/www.noticiasfire.com.br\/en\/auxilio-brasil-jovem-processo-de-inscricao\/","og_locale":"en_US","og_type":"article","og_title":"Aux\u00edlio Brasil Jovem: Processo de Inscri\u00e7\u00e3o\u00a0 -","og_description":"Cadastro: Os interessados devem realizar o cadastro no Cadastro \u00danico para Programas Sociais do Governo Federal (Cad\u00danico). Esse cadastro \u00e9 fundamental para que o governo tenha acesso \u00e0s informa\u00e7\u00f5es necess\u00e1rias para avaliar a elegibilidade dos candidatos.\u00a0\u00a0 Inscri\u00e7\u00e3o: Ap\u00f3s o cadastro no Cad\u00danico, os candidatos devem se inscrever no programa Aux\u00edlio Brasil Jovem atrav\u00e9s do site ... Read more","og_url":"https:\/\/www.noticiasfire.com.br\/en\/auxilio-brasil-jovem-processo-de-inscricao\/","article_published_time":"2024-05-29T14:55:18+00:00","og_image":[{"width":768,"height":402,"url":"https:\/\/www.noticiasfire.com.br\/wp-content\/uploads\/2024\/05\/d9941481-imagem-2024-02-28-151232506-768x402-1-2.webp","type":"image\/webp"}],"author":"Ivan","twitter_card":"summary_large_image","twitter_misc":{"Written by":"Ivan","Est. reading time":"4 minutes"},"schema":{"@context":"https:\/\/schema.org","@graph":[{"@type":"Article","@id":"https:\/\/www.noticiasfire.com.br\/auxilio-brasil-jovem-processo-de-inscricao\/#article","isPartOf":{"@id":"https:\/\/www.noticiasfire.com.br\/auxilio-brasil-jovem-processo-de-inscricao\/"},"author":{"name":"Ivan","@id":"https:\/\/www.noticiasfire.com.br\/#\/schema\/person\/6c064cf8d33f8b38900e936c385f48fd"},"headline":"Aux\u00edlio Brasil Jovem: Processo de Inscri\u00e7\u00e3o\u00a0","datePublished":"2024-05-29T14:55:18+00:00","mainEntityOfPage":{"@id":"https:\/\/www.noticiasfire.com.br\/auxilio-brasil-jovem-processo-de-inscricao\/"},"wordCount":654,"commentCount":0,"publisher":{"@id":"https:\/\/www.noticiasfire.com.br\/#organization"},"image":{"@id":"https:\/\/www.noticiasfire.com.br\/auxilio-brasil-jovem-processo-de-inscricao\/#primaryimage"},"thumbnailUrl":"https:\/\/www.noticiasfire.com.br\/wp-content\/uploads\/2024\/05\/d9941481-imagem-2024-02-28-151232506-768x402-1-2.webp","articleSection":["NOT\u00cdCIAS"],"inLanguage":"en-US","potentialAction":[{"@type":"CommentAction","name":"Comment","target":["https:\/\/www.noticiasfire.com.br\/auxilio-brasil-jovem-processo-de-inscricao\/#respond"]}]},{"@type":"WebPage","@id":"https:\/\/www.noticiasfire.com.br\/auxilio-brasil-jovem-processo-de-inscricao\/","url":"https:\/\/www.noticiasfire.com.br\/auxilio-brasil-jovem-processo-de-inscricao\/","name":"Aux\u00edlio Brasil Jovem: Processo de Inscri\u00e7\u00e3o\u00a0 -","isPartOf":{"@id":"https:\/\/www.noticiasfire.com.br\/#website"},"primaryImageOfPage":{"@id":"https:\/\/www.noticiasfire.com.br\/auxilio-brasil-jovem-processo-de-inscricao\/#primaryimage"},"image":{"@id":"https:\/\/www.noticiasfire.com.br\/auxilio-brasil-jovem-processo-de-inscricao\/#primaryimage"},"thumbnailUrl":"https:\/\/www.noticiasfire.com.br\/wp-content\/uploads\/2024\/05\/d9941481-imagem-2024-02-28-151232506-768x402-1-2.webp","datePublished":"2024-05-29T14:55:18+00:00","breadcrumb":{"@id":"https:\/\/www.noticiasfire.com.br\/auxilio-brasil-jovem-processo-de-inscricao\/#breadcrumb"},"inLanguage":"en-US","potentialAction":[{"@type":"ReadAction","target":["https:\/\/www.noticiasfire.com.br\/auxilio-brasil-jovem-processo-de-inscricao\/"]}]},{"@type":"ImageObject","inLanguage":"en-US","@id":"https:\/\/www.noticiasfire.com.br\/auxilio-brasil-jovem-processo-de-inscricao\/#primaryimage","url":"https:\/\/www.noticiasfire.com.br\/wp-content\/uploads\/2024\/05\/d9941481-imagem-2024-02-28-151232506-768x402-1-2.webp","contentUrl":"https:\/\/www.noticiasfire.com.br\/wp-content\/uploads\/2024\/05\/d9941481-imagem-2024-02-28-151232506-768x402-1-2.webp","width":768,"height":402},{"@type":"BreadcrumbList","@id":"https:\/\/www.noticiasfire.com.br\/auxilio-brasil-jovem-processo-de-inscricao\/#breadcrumb","itemListElement":[{"@type":"ListItem","position":1,"name":"In\u00edcio","item":"https:\/\/www.noticiasfire.com.br\/"},{"@type":"ListItem","position":2,"name":"Aux\u00edlio Brasil Jovem: Processo de Inscri\u00e7\u00e3o\u00a0"}]},{"@type":"WebSite","@id":"https:\/\/www.noticiasfire.com.br\/#website","url":"https:\/\/www.noticiasfire.com.br\/","name":"NewsFire","description":"","publisher":{"@id":"https:\/\/www.noticiasfire.com.br\/#organization"},"potentialAction":[{"@type":"SearchAction","target":{"@type":"EntryPoint","urlTemplate":"https:\/\/www.noticiasfire.com.br\/?s={search_term_string}"},"query-input":{"@type":"PropertyValueSpecification","valueRequired":true,"valueName":"search_term_string"}}],"inLanguage":"en-US"},{"@type":"Organization","@id":"https:\/\/www.noticiasfire.com.br\/#organization","name":"NewsFire","url":"https:\/\/www.noticiasfire.com.br\/","logo":{"@type":"ImageObject","inLanguage":"en-US","@id":"https:\/\/www.noticiasfire.com.br\/#\/schema\/logo\/image\/","url":"https:\/\/www.noticiasfire.com.br\/wp-content\/uploads\/2025\/08\/cropped-Captura_de_Tela_2025-08-13_as_20.34.29__1_-removebg-preview.png","contentUrl":"https:\/\/www.noticiasfire.com.br\/wp-content\/uploads\/2025\/08\/cropped-Captura_de_Tela_2025-08-13_as_20.34.29__1_-removebg-preview.png","width":748,"height":286,"caption":"NoticiasFire"},"image":{"@id":"https:\/\/www.noticiasfire.com.br\/#\/schema\/logo\/image\/"}},{"@type":"Person","@id":"https:\/\/www.noticiasfire.com.br\/#\/schema\/person\/6c064cf8d33f8b38900e936c385f48fd","name":"Ivan","image":{"@type":"ImageObject","inLanguage":"en-US","@id":"https:\/\/secure.gravatar.com\/avatar\/18077698a88c2ad528c924a301adab662f075719c95fb1dec6f0b51902ebf647?s=96&d=mm&r=g","url":"https:\/\/secure.gravatar.com\/avatar\/18077698a88c2ad528c924a301adab662f075719c95fb1dec6f0b51902ebf647?s=96&d=mm&r=g","contentUrl":"https:\/\/secure.gravatar.com\/avatar\/18077698a88c2ad528c924a301adab662f075719c95fb1dec6f0b51902ebf647?s=96&d=mm&r=g","caption":"Ivan"},"url":"https:\/\/www.noticiasfire.com.br\/en\/author\/ivan\/"}]}},"_links":{"self":[{"href":"https:\/\/www.noticiasfire.com.br\/en\/wp-json\/wp\/v2\/posts\/26642","targetHints":{"allow":["GET"]}}],"collection":[{"href":"https:\/\/www.noticiasfire.com.br\/en\/wp-json\/wp\/v2\/posts"}],"about":[{"href":"https:\/\/www.noticiasfire.com.br\/en\/wp-json\/wp\/v2\/types\/post"}],"author":[{"embeddable":true,"href":"https:\/\/www.noticiasfire.com.br\/en\/wp-json\/wp\/v2\/users\/3"}],"replies":[{"embeddable":true,"href":"https:\/\/www.noticiasfire.com.br\/en\/wp-json\/wp\/v2\/comments?post=26642"}],"version-history":[{"count":0,"href":"https:\/\/www.noticiasfire.com.br\/en\/wp-json\/wp\/v2\/posts\/26642\/revisions"}],"wp:featuredmedia":[{"embeddable":true,"href":"https:\/\/www.noticiasfire.com.br\/en\/wp-json\/wp\/v2\/media\/30107"}],"wp:attachment":[{"href":"https:\/\/www.noticiasfire.com.br\/en\/wp-json\/wp\/v2\/media?parent=26642"}],"wp:term":[{"taxonomy":"category","embeddable":true,"href":"https:\/\/www.noticiasfire.com.br\/en\/wp-json\/wp\/v2\/categories?post=26642"},{"taxonomy":"post_tag","embeddable":true,"href":"https:\/\/www.noticiasfire.com.br\/en\/wp-json\/wp\/v2\/tags?post=26642"}],"curies":[{"name":"wp","href":"https:\/\/api.w.org\/{rel}","templated":true}]}}