{"id":2826,"date":"2023-02-25T14:07:49","date_gmt":"2023-02-25T17:07:49","guid":{"rendered":"https:\/\/www.noticiasfire.com.br\/?p=2826"},"modified":"2023-02-25T14:07:49","modified_gmt":"2023-02-25T17:07:49","slug":"emprestimo-serasa-para-negativado","status":"publish","type":"post","link":"https:\/\/www.noticiasfire.com.br\/en\/emprestimo-serasa-para-negativado\/","title":{"rendered":"Serasa Loan for Negatives"},"content":{"rendered":"<div data-elementor-type=\"wp-post\" data-elementor-id=\"2826\" class=\"elementor elementor-2826\" data-elementor-post-type=\"post\">\n\t\t\t\t\t\t<section class=\"elementor-section elementor-top-section elementor-element elementor-element-0b19d11 elementor-section-boxed elementor-section-height-default elementor-section-height-default\" data-id=\"0b19d11\" data-element_type=\"section\" data-e-type=\"section\">\n\t\t\t\t\t\t<div class=\"elementor-container elementor-column-gap-default\">\n\t\t\t\t\t<div class=\"elementor-column elementor-col-100 elementor-top-column elementor-element elementor-element-53f36b5\" data-id=\"53f36b5\" data-element_type=\"column\" data-e-type=\"column\">\n\t\t\t<div class=\"elementor-widget-wrap elementor-element-populated\">\n\t\t\t\t\t\t<div class=\"elementor-element elementor-element-cc3ca32 elementor-widget elementor-widget-text-editor\" data-id=\"cc3ca32\" data-element_type=\"widget\" data-e-type=\"widget\" data-widget_type=\"text-editor.default\">\n\t\t\t\t\t\t\t\t\t<p>Some financial institutions specialize in this type of <strong>loan<\/strong> assist people with <strong>restriction on CP<\/strong>F through a website that checks the main data of Brazilians.<\/p><p>Having a<strong> dirty name or being denied credit<\/strong> can be one of the difficulties in applying for a loan and obtaining new forms of credit.<\/p>\t\t\t\t\t\t\t\t<\/div>\n\t\t\t\t\t<\/div>\n\t\t<\/div>\n\t\t\t\t\t<\/div>\n\t\t<\/section>\n\t\t\t\t<section class=\"elementor-section elementor-top-section elementor-element elementor-element-ecdab19 elementor-section-boxed elementor-section-height-default elementor-section-height-default\" data-id=\"ecdab19\" data-element_type=\"section\" data-e-type=\"section\">\n\t\t\t\t\t\t<div class=\"elementor-container elementor-column-gap-default\">\n\t\t\t\t\t<div class=\"elementor-column elementor-col-100 elementor-top-column elementor-element elementor-element-6fbf1c4\" data-id=\"6fbf1c4\" data-element_type=\"column\" data-e-type=\"column\">\n\t\t\t<div class=\"elementor-widget-wrap elementor-element-populated\">\n\t\t\t\t\t\t<div class=\"elementor-element elementor-element-5e6979b elementor-cta--skin-classic elementor-animated-content elementor-bg-transform elementor-bg-transform-zoom-in elementor-widget elementor-widget-call-to-action\" data-id=\"5e6979b\" data-element_type=\"widget\" data-e-type=\"widget\" data-widget_type=\"call-to-action.default\">\n\t\t\t\t\t\t\t<a class=\"elementor-cta\" href=\"https:\/\/www.noticiasfire.com.br\/en\/solicite-um-emprestimo-da-serasa\/\">\n\t\t\t\t\t<div class=\"elementor-cta__bg-wrapper\">\n\t\t\t\t<div class=\"elementor-cta__bg elementor-bg\" style=\"background-image: url(https:\/\/www.noticiasfire.com.br\/wp-content\/uploads\/2021\/12\/SERASA-8-1024x576.jpg);\" role=\"img\" aria-label=\"Carnet or boleto loans\"><\/div>\n\t\t\t\t<div class=\"elementor-cta__bg-overlay\"><\/div>\n\t\t\t<\/div>\n\t\t\t\t\t\t\t<div class=\"elementor-cta__content\">\n\t\t\t\t\n\t\t\t\t\t\t\t\t\t<h2 class=\"elementor-cta__title elementor-cta__content-item elementor-content-item\">\n\t\t\t\t\t\tLoans for the unemployed \t\t\t\t\t<\/h2>\n\t\t\t\t\n\t\t\t\t\t\t\t\t\t<div class=\"elementor-cta__description elementor-cta__content-item elementor-content-item\">\n\t\t\t\t\t\tRegister and get your loan\t\t\t\t\t<\/div>\n\t\t\t\t\n\t\t\t\t\t\t\t\t\t<div class=\"elementor-cta__button-wrapper elementor-cta__content-item elementor-content-item\">\n\t\t\t\t\t<span class=\"elementor-cta__button elementor-button elementor-size-\">\n\t\t\t\t\t\t\ud83d\udc49MORE DETAILS\ud83d\udc48\t\t\t\t\t<\/span>\n\t\t\t\t\t<\/div>\n\t\t\t\t\t\t\t<\/div>\n\t\t\t\t\t\t<\/a>\n\t\t\t\t\t\t<\/div>\n\t\t\t\t\t<\/div>\n\t\t<\/div>\n\t\t\t\t\t<\/div>\n\t\t<\/section>\n\t\t\t\t<section class=\"elementor-section elementor-top-section elementor-element elementor-element-2f1bf77 elementor-section-boxed elementor-section-height-default elementor-section-height-default\" data-id=\"2f1bf77\" data-element_type=\"section\" data-e-type=\"section\">\n\t\t\t\t\t\t<div class=\"elementor-container elementor-column-gap-default\">\n\t\t\t\t\t<div class=\"elementor-column elementor-col-100 elementor-top-column elementor-element elementor-element-1e1635d\" data-id=\"1e1635d\" data-element_type=\"column\" data-e-type=\"column\">\n\t\t\t<div class=\"elementor-widget-wrap elementor-element-populated\">\n\t\t\t\t\t\t<div class=\"elementor-element elementor-element-ace4801 elementor-widget elementor-widget-text-editor\" data-id=\"ace4801\" data-element_type=\"widget\" data-e-type=\"widget\" data-widget_type=\"text-editor.default\">\n\t\t\t\t\t\t\t\t\t<p>However<strong>\u00a0negative loan<\/strong>\u00a0is available to anyone who wants it!<\/p><p>Financial institutions specializing in this type of loan cater for people with CPF restrictions.<\/p><p>This aid consists of offering extra money to people in debt to clear their names.<\/p><p>Negative credit loans are credit lines called loans that financial institutions make available to those who are in default or have their name on the SPC \/ SERASA.<\/p><h2>How do I get an online loan for the unemployed?<\/h2><p>Researching a lot! In <strong>Serasa eCred<\/strong> you'll find a number of companies with different offers of credit for people with debts. So do your research and choose the best one.<\/p><p>Get free access to <strong>Serasa eCred<\/strong> and make a loan simulation;<\/p><p>Compare interest rates, CET, fees and much more;<\/p><p>Choose the best loan offer and attach the necessary documents.<\/p><p>After applying for a loan, wait for the company to respond. If approved, the amount requested will go directly into your current account.<\/p><p>You can't forget to use your money to renegotiate your debt either, right?<\/p><h2>What if there is no Serasa eCred offer for me?<\/h2><p>If you can't find credit options, simulate different payment terms and amounts.<\/p><p>For example: if you have a debt, try to choose the one with the lowest interest so that you can pay it off as quickly as possible.<\/p><p>Don't forget to negotiate with the creditor to get a discount to pay off the amount owed. This is very important as it greatly reduces the interest.<\/p><h2>Usually, the biggest discounts are given to those who pay in cash<\/h2><p>After paying off the first debt, your chances of getting a new loan to pay off the next debt increase.<\/p><h2>Will my Serasa score affect your personal loan approval time?<\/h2><p>All companies have internal rules and guidelines in place when issuing or denying an online loan application.<\/p><p>A personal loan, in particular, contains a lot of information that can qualify for approval. One of these may be the Serasa score.<\/p><p>Your score is just one of the many pieces of information that can be analyzed to approve a loan application.<\/p><p>The company is fully responsible for the decision to offer a personal loan.<\/p><p>Enter the correct data in the loan simulation: banks and financial companies carry out a thorough analysis before approving a loan for a creditworthy person. Be careful when sending documents! If the information in the loan simulation does not match the documents, the application may be rejected.<\/p><p>Much more than interest rates - Many consumers forget to evaluate the C.E.T (Total Effective Cost) before entering into a loan agreement with borrowers. The CET has all the fees, charges and taxes you have to pay, including interest. Therefore, when choosing the perfect offer, compare the C.E.T., the interest rate and the amount of the fee.<\/p><p>Negotiate your debt: When you pay your debt in installments, you have to take responsibility for the installment that goes into your pocket. Don't accept the contract without a guarantee that you will comply with the terms, okay?<\/p><h2>How do I apply for a loan?<\/h2><p>Want to apply for a loan from Serasa? Click on the button below and find out all the information and how to apply.<\/p>\t\t\t\t\t\t\t\t<\/div>\n\t\t\t\t<div class=\"elementor-element elementor-element-ae0b6c2 elementor-align-justify elementor-widget elementor-widget-button\" data-id=\"ae0b6c2\" data-element_type=\"widget\" data-e-type=\"widget\" data-widget_type=\"button.default\">\n\t\t\t\t\t\t\t\t\t\t<a class=\"elementor-button elementor-button-link elementor-size-xl\" href=\"https:\/\/www.noticiasfire.com.br\/en\/solicite-um-emprestimo-da-serasa\/\">\n\t\t\t\t\t\t<span class=\"elementor-button-content-wrapper\">\n\t\t\t\t\t\t\t\t\t<span class=\"elementor-button-text\">LEARN MORE<\/span>\n\t\t\t\t\t<\/span>\n\t\t\t\t\t<\/a>\n\t\t\t\t\t\t\t\t<\/div>\n\t\t\t\t<div class=\"elementor-element elementor-element-caf54b2 elementor-widget elementor-widget-text-editor\" data-id=\"caf54b2\" data-element_type=\"widget\" data-e-type=\"widget\" data-widget_type=\"text-editor.default\">\n\t\t\t\t\t\t\t\t\t<p>*Search source: <a href=\"https:\/\/www.serasa.com.br\/ecred\/emprestimo-para-negativado\/\"><span style=\"text-decoration: underline;\">serasa<\/span><\/a><\/p>\t\t\t\t\t\t\t\t<\/div>\n\t\t\t\t\t<\/div>\n\t\t<\/div>\n\t\t\t\t\t<\/div>\n\t\t<\/section>\n\t\t\t\t<\/div>","protected":false},"excerpt":{"rendered":"<p>Algumas institui\u00e7\u00f5es financeiras especializadas nesse tipo de empr\u00e9stimo atendem as pessoas com restri\u00e7\u00e3o no CPF por meio de um site que verifica os principais dados dos brasileiros. Ter um nome sujo ou ser negativado pode ser uma das dificuldades para pedir um empr\u00e9stimo e obter novas formas de cr\u00e9dito. Empr\u00e9stimo para negativado Fa\u00e7a seu cadastro &#8230; <a title=\"Serasa Loan for Negatives\" class=\"read-more\" href=\"https:\/\/www.noticiasfire.com.br\/en\/emprestimo-serasa-para-negativado\/\" aria-label=\"Read more about Empr\u00e9stimo Serasa para Negativado\">Read more<\/a><\/p>","protected":false},"author":3,"featured_media":29986,"comment_status":"open","ping_status":"open","sticky":false,"template":"","format":"standard","meta":{"footnotes":""},"categories":[28],"tags":[],"class_list":["post-2826","post","type-post","status-publish","format-standard","has-post-thumbnail","hentry","category-emprestimo"],"yoast_head":"<!-- This site is optimized with the Yoast SEO plugin v27.4 - https:\/\/yoast.com\/product\/yoast-seo-wordpress\/ -->\n<title>Empr\u00e9stimo Serasa para Negativado -<\/title>\n<meta name=\"description\" content=\"Conhe\u00e7a Empr\u00e9stimo Serasa para Negativado Financeiras especializadas em empr\u00e9stimo atendem as pessoas com restri\u00e7\u00e3o no CPF.\" \/>\n<meta name=\"robots\" content=\"index, follow, max-snippet:-1, max-image-preview:large, max-video-preview:-1\" \/>\n<link rel=\"canonical\" href=\"https:\/\/www.serasa.com.br\/ecred\/emprestimo-para-negativado\/\" \/>\n<meta property=\"og:locale\" content=\"en_US\" \/>\n<meta property=\"og:type\" content=\"article\" \/>\n<meta property=\"og:title\" content=\"Empr\u00e9stimo Serasa para Negativado -\" \/>\n<meta property=\"og:description\" content=\"Conhe\u00e7a Empr\u00e9stimo Serasa para Negativado Financeiras especializadas em empr\u00e9stimo atendem as pessoas com restri\u00e7\u00e3o no CPF.\" \/>\n<meta property=\"og:url\" content=\"https:\/\/www.serasa.com.br\/ecred\/emprestimo-para-negativado\/\" \/>\n<meta property=\"article:published_time\" content=\"2023-02-25T17:07:49+00:00\" \/>\n<meta property=\"og:image\" content=\"https:\/\/www.noticiasfire.com.br\/wp-content\/uploads\/2021\/12\/PIKI2-1-2.jpg\" \/>\n\t<meta property=\"og:image:width\" content=\"1280\" \/>\n\t<meta property=\"og:image:height\" content=\"720\" \/>\n\t<meta property=\"og:image:type\" content=\"image\/jpeg\" \/>\n<meta name=\"author\" content=\"Ivan\" \/>\n<meta name=\"twitter:card\" content=\"summary_large_image\" \/>\n<meta name=\"twitter:label1\" content=\"Written by\" \/>\n\t<meta name=\"twitter:data1\" content=\"Ivan\" \/>\n\t<meta name=\"twitter:label2\" content=\"Est. reading time\" \/>\n\t<meta name=\"twitter:data2\" content=\"4 minutes\" \/>\n<script type=\"application\/ld+json\" class=\"yoast-schema-graph\">{\"@context\":\"https:\\\/\\\/schema.org\",\"@graph\":[{\"@type\":\"Article\",\"@id\":\"https:\\\/\\\/www.serasa.com.br\\\/ecred\\\/emprestimo-para-negativado\\\/#article\",\"isPartOf\":{\"@id\":\"https:\\\/\\\/www.noticiasfire.com.br\\\/emprestimo-serasa-para-negativado\\\/\"},\"author\":{\"name\":\"Ivan\",\"@id\":\"https:\\\/\\\/www.noticiasfire.com.br\\\/#\\\/schema\\\/person\\\/6c064cf8d33f8b38900e936c385f48fd\"},\"headline\":\"Empr\u00e9stimo Serasa para Negativado\",\"datePublished\":\"2023-02-25T17:07:49+00:00\",\"mainEntityOfPage\":{\"@id\":\"https:\\\/\\\/www.noticiasfire.com.br\\\/emprestimo-serasa-para-negativado\\\/\"},\"wordCount\":664,\"commentCount\":0,\"publisher\":{\"@id\":\"https:\\\/\\\/www.noticiasfire.com.br\\\/#organization\"},\"image\":{\"@id\":\"https:\\\/\\\/www.serasa.com.br\\\/ecred\\\/emprestimo-para-negativado\\\/#primaryimage\"},\"thumbnailUrl\":\"https:\\\/\\\/www.noticiasfire.com.br\\\/wp-content\\\/uploads\\\/2021\\\/12\\\/PIKI2-1-2.jpg\",\"articleSection\":[\"EMPR\u00c9STIMO\"],\"inLanguage\":\"en-US\",\"potentialAction\":[{\"@type\":\"CommentAction\",\"name\":\"Comment\",\"target\":[\"https:\\\/\\\/www.serasa.com.br\\\/ecred\\\/emprestimo-para-negativado\\\/#respond\"]}]},{\"@type\":\"WebPage\",\"@id\":\"https:\\\/\\\/www.noticiasfire.com.br\\\/emprestimo-serasa-para-negativado\\\/\",\"url\":\"https:\\\/\\\/www.serasa.com.br\\\/ecred\\\/emprestimo-para-negativado\\\/\",\"name\":\"Empr\u00e9stimo Serasa para Negativado -\",\"isPartOf\":{\"@id\":\"https:\\\/\\\/www.noticiasfire.com.br\\\/#website\"},\"primaryImageOfPage\":{\"@id\":\"https:\\\/\\\/www.serasa.com.br\\\/ecred\\\/emprestimo-para-negativado\\\/#primaryimage\"},\"image\":{\"@id\":\"https:\\\/\\\/www.serasa.com.br\\\/ecred\\\/emprestimo-para-negativado\\\/#primaryimage\"},\"thumbnailUrl\":\"https:\\\/\\\/www.noticiasfire.com.br\\\/wp-content\\\/uploads\\\/2021\\\/12\\\/PIKI2-1-2.jpg\",\"datePublished\":\"2023-02-25T17:07:49+00:00\",\"description\":\"Conhe\u00e7a Empr\u00e9stimo Serasa para Negativado Financeiras especializadas em empr\u00e9stimo atendem as pessoas com restri\u00e7\u00e3o no CPF.\",\"breadcrumb\":{\"@id\":\"https:\\\/\\\/www.serasa.com.br\\\/ecred\\\/emprestimo-para-negativado\\\/#breadcrumb\"},\"inLanguage\":\"en-US\",\"potentialAction\":[{\"@type\":\"ReadAction\",\"target\":[\"https:\\\/\\\/www.serasa.com.br\\\/ecred\\\/emprestimo-para-negativado\\\/\"]}]},{\"@type\":\"ImageObject\",\"inLanguage\":\"en-US\",\"@id\":\"https:\\\/\\\/www.serasa.com.br\\\/ecred\\\/emprestimo-para-negativado\\\/#primaryimage\",\"url\":\"https:\\\/\\\/www.noticiasfire.com.br\\\/wp-content\\\/uploads\\\/2021\\\/12\\\/PIKI2-1-2.jpg\",\"contentUrl\":\"https:\\\/\\\/www.noticiasfire.com.br\\\/wp-content\\\/uploads\\\/2021\\\/12\\\/PIKI2-1-2.jpg\",\"width\":1280,\"height\":720},{\"@type\":\"BreadcrumbList\",\"@id\":\"https:\\\/\\\/www.serasa.com.br\\\/ecred\\\/emprestimo-para-negativado\\\/#breadcrumb\",\"itemListElement\":[{\"@type\":\"ListItem\",\"position\":1,\"name\":\"In\u00edcio\",\"item\":\"https:\\\/\\\/www.noticiasfire.com.br\\\/\"},{\"@type\":\"ListItem\",\"position\":2,\"name\":\"Empr\u00e9stimo Serasa para Negativado\"}]},{\"@type\":\"WebSite\",\"@id\":\"https:\\\/\\\/www.noticiasfire.com.br\\\/#website\",\"url\":\"https:\\\/\\\/www.noticiasfire.com.br\\\/\",\"name\":\"NoticiasFire\",\"description\":\"\",\"publisher\":{\"@id\":\"https:\\\/\\\/www.noticiasfire.com.br\\\/#organization\"},\"potentialAction\":[{\"@type\":\"SearchAction\",\"target\":{\"@type\":\"EntryPoint\",\"urlTemplate\":\"https:\\\/\\\/www.noticiasfire.com.br\\\/?s={search_term_string}\"},\"query-input\":{\"@type\":\"PropertyValueSpecification\",\"valueRequired\":true,\"valueName\":\"search_term_string\"}}],\"inLanguage\":\"en-US\"},{\"@type\":\"Organization\",\"@id\":\"https:\\\/\\\/www.noticiasfire.com.br\\\/#organization\",\"name\":\"NoticiasFire\",\"url\":\"https:\\\/\\\/www.noticiasfire.com.br\\\/\",\"logo\":{\"@type\":\"ImageObject\",\"inLanguage\":\"en-US\",\"@id\":\"https:\\\/\\\/www.noticiasfire.com.br\\\/#\\\/schema\\\/logo\\\/image\\\/\",\"url\":\"https:\\\/\\\/www.noticiasfire.com.br\\\/wp-content\\\/uploads\\\/2025\\\/08\\\/cropped-Captura_de_Tela_2025-08-13_as_20.34.29__1_-removebg-preview.png\",\"contentUrl\":\"https:\\\/\\\/www.noticiasfire.com.br\\\/wp-content\\\/uploads\\\/2025\\\/08\\\/cropped-Captura_de_Tela_2025-08-13_as_20.34.29__1_-removebg-preview.png\",\"width\":748,\"height\":286,\"caption\":\"NoticiasFire\"},\"image\":{\"@id\":\"https:\\\/\\\/www.noticiasfire.com.br\\\/#\\\/schema\\\/logo\\\/image\\\/\"}},{\"@type\":\"Person\",\"@id\":\"https:\\\/\\\/www.noticiasfire.com.br\\\/#\\\/schema\\\/person\\\/6c064cf8d33f8b38900e936c385f48fd\",\"name\":\"Ivan\",\"image\":{\"@type\":\"ImageObject\",\"inLanguage\":\"en-US\",\"@id\":\"https:\\\/\\\/secure.gravatar.com\\\/avatar\\\/18077698a88c2ad528c924a301adab662f075719c95fb1dec6f0b51902ebf647?s=96&d=mm&r=g\",\"url\":\"https:\\\/\\\/secure.gravatar.com\\\/avatar\\\/18077698a88c2ad528c924a301adab662f075719c95fb1dec6f0b51902ebf647?s=96&d=mm&r=g\",\"contentUrl\":\"https:\\\/\\\/secure.gravatar.com\\\/avatar\\\/18077698a88c2ad528c924a301adab662f075719c95fb1dec6f0b51902ebf647?s=96&d=mm&r=g\",\"caption\":\"Ivan\"},\"url\":\"https:\\\/\\\/www.noticiasfire.com.br\\\/en\\\/author\\\/ivan\\\/\"}]}<\/script>\n<!-- \/ Yoast SEO plugin. -->","yoast_head_json":{"title":"Empr\u00e9stimo Serasa para Negativado -","description":"Conhe\u00e7a Empr\u00e9stimo Serasa para Negativado Financeiras especializadas em empr\u00e9stimo atendem as pessoas com restri\u00e7\u00e3o no CPF.","robots":{"index":"index","follow":"follow","max-snippet":"max-snippet:-1","max-image-preview":"max-image-preview:large","max-video-preview":"max-video-preview:-1"},"canonical":"https:\/\/www.serasa.com.br\/ecred\/emprestimo-para-negativado\/","og_locale":"en_US","og_type":"article","og_title":"Empr\u00e9stimo Serasa para Negativado -","og_description":"Conhe\u00e7a Empr\u00e9stimo Serasa para Negativado Financeiras especializadas em empr\u00e9stimo atendem as pessoas com restri\u00e7\u00e3o no CPF.","og_url":"https:\/\/www.serasa.com.br\/ecred\/emprestimo-para-negativado\/","article_published_time":"2023-02-25T17:07:49+00:00","og_image":[{"width":1280,"height":720,"url":"https:\/\/www.noticiasfire.com.br\/wp-content\/uploads\/2021\/12\/PIKI2-1-2.jpg","type":"image\/jpeg"}],"author":"Ivan","twitter_card":"summary_large_image","twitter_misc":{"Written by":"Ivan","Est. reading time":"4 minutes"},"schema":{"@context":"https:\/\/schema.org","@graph":[{"@type":"Article","@id":"https:\/\/www.serasa.com.br\/ecred\/emprestimo-para-negativado\/#article","isPartOf":{"@id":"https:\/\/www.noticiasfire.com.br\/emprestimo-serasa-para-negativado\/"},"author":{"name":"Ivan","@id":"https:\/\/www.noticiasfire.com.br\/#\/schema\/person\/6c064cf8d33f8b38900e936c385f48fd"},"headline":"Empr\u00e9stimo Serasa para Negativado","datePublished":"2023-02-25T17:07:49+00:00","mainEntityOfPage":{"@id":"https:\/\/www.noticiasfire.com.br\/emprestimo-serasa-para-negativado\/"},"wordCount":664,"commentCount":0,"publisher":{"@id":"https:\/\/www.noticiasfire.com.br\/#organization"},"image":{"@id":"https:\/\/www.serasa.com.br\/ecred\/emprestimo-para-negativado\/#primaryimage"},"thumbnailUrl":"https:\/\/www.noticiasfire.com.br\/wp-content\/uploads\/2021\/12\/PIKI2-1-2.jpg","articleSection":["EMPR\u00c9STIMO"],"inLanguage":"en-US","potentialAction":[{"@type":"CommentAction","name":"Comment","target":["https:\/\/www.serasa.com.br\/ecred\/emprestimo-para-negativado\/#respond"]}]},{"@type":"WebPage","@id":"https:\/\/www.noticiasfire.com.br\/emprestimo-serasa-para-negativado\/","url":"https:\/\/www.serasa.com.br\/ecred\/emprestimo-para-negativado\/","name":"Empr\u00e9stimo Serasa para Negativado -","isPartOf":{"@id":"https:\/\/www.noticiasfire.com.br\/#website"},"primaryImageOfPage":{"@id":"https:\/\/www.serasa.com.br\/ecred\/emprestimo-para-negativado\/#primaryimage"},"image":{"@id":"https:\/\/www.serasa.com.br\/ecred\/emprestimo-para-negativado\/#primaryimage"},"thumbnailUrl":"https:\/\/www.noticiasfire.com.br\/wp-content\/uploads\/2021\/12\/PIKI2-1-2.jpg","datePublished":"2023-02-25T17:07:49+00:00","description":"Conhe\u00e7a Empr\u00e9stimo Serasa para Negativado Financeiras especializadas em empr\u00e9stimo atendem as pessoas com restri\u00e7\u00e3o no CPF.","breadcrumb":{"@id":"https:\/\/www.serasa.com.br\/ecred\/emprestimo-para-negativado\/#breadcrumb"},"inLanguage":"en-US","potentialAction":[{"@type":"ReadAction","target":["https:\/\/www.serasa.com.br\/ecred\/emprestimo-para-negativado\/"]}]},{"@type":"ImageObject","inLanguage":"en-US","@id":"https:\/\/www.serasa.com.br\/ecred\/emprestimo-para-negativado\/#primaryimage","url":"https:\/\/www.noticiasfire.com.br\/wp-content\/uploads\/2021\/12\/PIKI2-1-2.jpg","contentUrl":"https:\/\/www.noticiasfire.com.br\/wp-content\/uploads\/2021\/12\/PIKI2-1-2.jpg","width":1280,"height":720},{"@type":"BreadcrumbList","@id":"https:\/\/www.serasa.com.br\/ecred\/emprestimo-para-negativado\/#breadcrumb","itemListElement":[{"@type":"ListItem","position":1,"name":"In\u00edcio","item":"https:\/\/www.noticiasfire.com.br\/"},{"@type":"ListItem","position":2,"name":"Empr\u00e9stimo Serasa para Negativado"}]},{"@type":"WebSite","@id":"https:\/\/www.noticiasfire.com.br\/#website","url":"https:\/\/www.noticiasfire.com.br\/","name":"NewsFire","description":"","publisher":{"@id":"https:\/\/www.noticiasfire.com.br\/#organization"},"potentialAction":[{"@type":"SearchAction","target":{"@type":"EntryPoint","urlTemplate":"https:\/\/www.noticiasfire.com.br\/?s={search_term_string}"},"query-input":{"@type":"PropertyValueSpecification","valueRequired":true,"valueName":"search_term_string"}}],"inLanguage":"en-US"},{"@type":"Organization","@id":"https:\/\/www.noticiasfire.com.br\/#organization","name":"NewsFire","url":"https:\/\/www.noticiasfire.com.br\/","logo":{"@type":"ImageObject","inLanguage":"en-US","@id":"https:\/\/www.noticiasfire.com.br\/#\/schema\/logo\/image\/","url":"https:\/\/www.noticiasfire.com.br\/wp-content\/uploads\/2025\/08\/cropped-Captura_de_Tela_2025-08-13_as_20.34.29__1_-removebg-preview.png","contentUrl":"https:\/\/www.noticiasfire.com.br\/wp-content\/uploads\/2025\/08\/cropped-Captura_de_Tela_2025-08-13_as_20.34.29__1_-removebg-preview.png","width":748,"height":286,"caption":"NoticiasFire"},"image":{"@id":"https:\/\/www.noticiasfire.com.br\/#\/schema\/logo\/image\/"}},{"@type":"Person","@id":"https:\/\/www.noticiasfire.com.br\/#\/schema\/person\/6c064cf8d33f8b38900e936c385f48fd","name":"Ivan","image":{"@type":"ImageObject","inLanguage":"en-US","@id":"https:\/\/secure.gravatar.com\/avatar\/18077698a88c2ad528c924a301adab662f075719c95fb1dec6f0b51902ebf647?s=96&d=mm&r=g","url":"https:\/\/secure.gravatar.com\/avatar\/18077698a88c2ad528c924a301adab662f075719c95fb1dec6f0b51902ebf647?s=96&d=mm&r=g","contentUrl":"https:\/\/secure.gravatar.com\/avatar\/18077698a88c2ad528c924a301adab662f075719c95fb1dec6f0b51902ebf647?s=96&d=mm&r=g","caption":"Ivan"},"url":"https:\/\/www.noticiasfire.com.br\/en\/author\/ivan\/"}]}},"_links":{"self":[{"href":"https:\/\/www.noticiasfire.com.br\/en\/wp-json\/wp\/v2\/posts\/2826","targetHints":{"allow":["GET"]}}],"collection":[{"href":"https:\/\/www.noticiasfire.com.br\/en\/wp-json\/wp\/v2\/posts"}],"about":[{"href":"https:\/\/www.noticiasfire.com.br\/en\/wp-json\/wp\/v2\/types\/post"}],"author":[{"embeddable":true,"href":"https:\/\/www.noticiasfire.com.br\/en\/wp-json\/wp\/v2\/users\/3"}],"replies":[{"embeddable":true,"href":"https:\/\/www.noticiasfire.com.br\/en\/wp-json\/wp\/v2\/comments?post=2826"}],"version-history":[{"count":0,"href":"https:\/\/www.noticiasfire.com.br\/en\/wp-json\/wp\/v2\/posts\/2826\/revisions"}],"wp:featuredmedia":[{"embeddable":true,"href":"https:\/\/www.noticiasfire.com.br\/en\/wp-json\/wp\/v2\/media\/29986"}],"wp:attachment":[{"href":"https:\/\/www.noticiasfire.com.br\/en\/wp-json\/wp\/v2\/media?parent=2826"}],"wp:term":[{"taxonomy":"category","embeddable":true,"href":"https:\/\/www.noticiasfire.com.br\/en\/wp-json\/wp\/v2\/categories?post=2826"},{"taxonomy":"post_tag","embeddable":true,"href":"https:\/\/www.noticiasfire.com.br\/en\/wp-json\/wp\/v2\/tags?post=2826"}],"curies":[{"name":"wp","href":"https:\/\/api.w.org\/{rel}","templated":true}]}}