{"id":14212,"date":"2023-05-20T09:28:23","date_gmt":"2023-05-20T12:28:23","guid":{"rendered":"https:\/\/www.noticiasfire.com.br\/?p=14212"},"modified":"2023-05-20T09:28:23","modified_gmt":"2023-05-20T12:28:23","slug":"informacoes-sobre-o-programa-de-aluguel-social-do-governo-federal","status":"publish","type":"post","link":"https:\/\/www.noticiasfire.com.br\/es\/informacoes-sobre-o-programa-de-aluguel-social-do-governo-federal\/","title":{"rendered":"Informaci\u00f3n sobre el Programa de Alquiler Social del Gobierno Federal."},"content":{"rendered":"<div data-elementor-type=\"wp-post\" data-elementor-id=\"14212\" class=\"elementor elementor-14212\" data-elementor-post-type=\"post\">\n\t\t\t\t\t\t<section class=\"elementor-section elementor-top-section elementor-element elementor-element-b3271b2 elementor-section-boxed elementor-section-height-default elementor-section-height-default\" data-id=\"b3271b2\" data-element_type=\"section\" data-e-type=\"section\">\n\t\t\t\t\t\t<div class=\"elementor-container elementor-column-gap-default\">\n\t\t\t\t\t<div class=\"elementor-column elementor-col-100 elementor-top-column elementor-element elementor-element-9e96ddf\" data-id=\"9e96ddf\" data-element_type=\"column\" data-e-type=\"column\">\n\t\t\t<div class=\"elementor-widget-wrap elementor-element-populated\">\n\t\t\t\t\t\t<div class=\"elementor-element elementor-element-db43573 elementor-widget elementor-widget-text-editor\" data-id=\"db43573\" data-element_type=\"widget\" data-e-type=\"widget\" data-widget_type=\"text-editor.default\">\n\t\t\t\t\t\t\t\t\t<p>O Aluguel Social \u00e9 um programa criado pelo Governo Federal com o objetivo de fornecer assist\u00eancia financeira a fam\u00edlias em situa\u00e7\u00e3o de dificuldades econ\u00f4micas, oferecendo-lhes acesso a moradias em condi\u00e7\u00f5es especiais. Esse programa oferece aux\u00edlio financeiro a fam\u00edlias em dificuldades, que n\u00e3o t\u00eam condi\u00e7\u00f5es de arcar com o aluguel utilizando apenas sua renda.<\/p><p>O programa foi criado para aliviar as dificuldades das fam\u00edlias brasileiras que, devido \u00e0 crise econ\u00f4mica, n\u00e3o conseguem encontrar e desfrutar de moradia. O <strong>Alquiler social<\/strong> oferece a oportunidade de alugar um apartamento de uma forma mais acess\u00edvel do que o aluguel tradicional. Al\u00e9m disso o objetivo \u00e9 ajudar as fam\u00edlias a encontrar um lugar decente para viver e aliviar seus problemas financeiros.<\/p><p>O Governo Federal distribui o <strong>Alquiler social<\/strong> atrav\u00e9s dos munic\u00edpios, que estabelecem crit\u00e9rios e par\u00e2metros para a sele\u00e7\u00e3o das fam\u00edlias eleg\u00edveis. Conforme os crit\u00e9rios s\u00e3o estabelecidos de acordo com as necessidades de cada munic\u00edpio e variam de uma regi\u00e3o para outra. Igualmente o programa tamb\u00e9m permite o financiamento ou a constru\u00e7\u00e3o de edif\u00edcios com a ajuda do Governo Federal.<\/p>\t\t\t\t\t\t\t\t<\/div>\n\t\t\t\t\t<\/div>\n\t\t<\/div>\n\t\t\t\t\t<\/div>\n\t\t<\/section>\n\t\t\t\t<section class=\"elementor-section elementor-top-section elementor-element elementor-element-b696200 elementor-section-boxed elementor-section-height-default elementor-section-height-default\" data-id=\"b696200\" data-element_type=\"section\" data-e-type=\"section\">\n\t\t\t\t\t\t<div class=\"elementor-container elementor-column-gap-default\">\n\t\t\t\t\t<div class=\"elementor-column elementor-col-100 elementor-top-column elementor-element elementor-element-c719c98\" data-id=\"c719c98\" data-element_type=\"column\" data-e-type=\"column\">\n\t\t\t<div class=\"elementor-widget-wrap elementor-element-populated\">\n\t\t\t\t\t\t<div class=\"elementor-element elementor-element-c049fcf elementor-widget elementor-widget-image\" data-id=\"c049fcf\" data-element_type=\"widget\" data-e-type=\"widget\" data-widget_type=\"image.default\">\n\t\t\t\t\t\t\t\t\t\t\t\t<figure class=\"wp-caption\">\n\t\t\t\t\t\t\t\t\t\t<img fetchpriority=\"high\" decoding=\"async\" width=\"639\" height=\"360\" src=\"https:\/\/www.noticiasfire.com.br\/wp-content\/uploads\/2023\/02\/pexels-kindel-media-7578939-1.jpg\" class=\"attachment-large size-large wp-image-14250\" alt=\"Programa de Aluguel Social (imagem Google)\" srcset=\"https:\/\/www.noticiasfire.com.br\/wp-content\/uploads\/2023\/02\/pexels-kindel-media-7578939-1.jpg 639w, https:\/\/www.noticiasfire.com.br\/wp-content\/uploads\/2023\/02\/pexels-kindel-media-7578939-1-300x169.jpg 300w\" sizes=\"(max-width: 639px) 100vw, 639px\" \/>\t\t\t\t\t\t\t\t\t\t\t<figcaption class=\"widget-image-caption wp-caption-text\">Programa de Aluguel Social (imagem Google)<\/figcaption>\n\t\t\t\t\t\t\t\t\t\t<\/figure>\n\t\t\t\t\t\t\t\t\t<\/div>\n\t\t\t\t\t<\/div>\n\t\t<\/div>\n\t\t\t\t\t<\/div>\n\t\t<\/section>\n\t\t\t\t<section class=\"elementor-section elementor-top-section elementor-element elementor-element-07ff6b1 elementor-section-boxed elementor-section-height-default elementor-section-height-default\" data-id=\"07ff6b1\" data-element_type=\"section\" data-e-type=\"section\">\n\t\t\t\t\t\t<div class=\"elementor-container elementor-column-gap-default\">\n\t\t\t\t\t<div class=\"elementor-column elementor-col-100 elementor-top-column elementor-element elementor-element-87ab961\" data-id=\"87ab961\" data-element_type=\"column\" data-e-type=\"column\">\n\t\t\t<div class=\"elementor-widget-wrap elementor-element-populated\">\n\t\t\t\t\t\t<div class=\"elementor-element elementor-element-66db0f1 elementor-widget elementor-widget-text-editor\" data-id=\"66db0f1\" data-element_type=\"widget\" data-e-type=\"widget\" data-widget_type=\"text-editor.default\">\n\t\t\t\t\t\t\t\t\t<p>Al\u00e9m do apoio financeiro, o Programa <strong>Alquiler social<\/strong> tamb\u00e9m oferece atividades de apoio social \u00e0s fam\u00edlias, tais como treinamento vocacional ou atividades culturais. Assim como essas atividades visam aumentar a independ\u00eancia financeira das fam\u00edlias e garantir maior bem-estar.<\/p><h2>Quem pode se candidatar a este programa?<\/h2><p>O programa <strong>Alquiler social <\/strong>\u00e9 destinado \u00e0s fam\u00edlias de baixa renda que n\u00e3o t\u00eam condi\u00e7\u00f5es de pagar aluguel. Para ser eleg\u00edvel para o programa, uma fam\u00edlia deve atender a v\u00e1rios crit\u00e9rios, incluindo uma renda mensal per capita n\u00e3o superior a \u00bc do sal\u00e1rio m\u00ednimo, uma fam\u00edlia de 3 ou mais pessoas que n\u00e3o sejam propriet\u00e1rios de im\u00f3veis.<\/p><p>Al\u00e9m disso, as fam\u00edlias que solicitam <strong>Alquiler social<\/strong> sob este programa devem cumprir certos requisitos de elegibilidade, tais como estar em dia com o pagamento do aluguel e cumprir as regras estabelecidas no contrato assinado pelo inquilino e pelo locador.<\/p><p>Sob o programa de loca\u00e7\u00e3o social, os candidatos tamb\u00e9m devem ter acesso a servi\u00e7os de apoio social, tais como servi\u00e7os psicol\u00f3gicos, legais e outros servi\u00e7os. O objetivo \u00e9 garantir o sucesso das fam\u00edlias em sua busca por uma vida digna.<\/p><h2>Como fa\u00e7o para me candidatar ao programa?<\/h2><p>Para solicitar o programa de <strong>Alquiler social<\/strong>, \u00e9 necess\u00e1rio ir ao centro de servi\u00e7os do munic\u00edpio onde reside a fam\u00edlia interessada no programa.<\/p><p>No centro de servi\u00e7o, a pessoa interessada deve preencher um formul\u00e1rio de solicita\u00e7\u00e3o que ser\u00e1 analisado pelo funcion\u00e1rio municipal e enviado ao programa para aprova\u00e7\u00e3o. O formul\u00e1rio deve conter dados pessoais tais como nome, idade, endere\u00e7o, renda familiar, n\u00famero de membros da fam\u00edlia e outras informa\u00e7\u00f5es relevantes.<\/p><p>Al\u00e9m do formul\u00e1rio, v\u00e1rios documentos s\u00e3o necess\u00e1rios para se inscrever no programa de <strong>Alquiler social<\/strong>. Estes incluem: Documentos de identidade de todos os membros da fam\u00edlia, comprovante de renda, cart\u00e3o de resid\u00eancia e o n\u00famero do Registro Comum de Programas Sociais (<strong>Cad\u00danico<\/strong>).<\/p><h2>Quais documentos s\u00e3o necess\u00e1rios para o cadastro no Aluguel Social?<\/h2><p>Para se inscrever no programa de <strong>Alquiler social<\/strong>, o interessado deve apresentar v\u00e1rios documentos na Prefeitura. Estes documentos s\u00e3o.<\/p><ul><li><span style=\"font-size: 14pt;\">Documentos pessoais (RG, CPF, certid\u00e3o de nascimento) inclusive os dos familiares;<\/span><\/li><li><span style=\"font-size: 14pt;\">Declara\u00e7\u00e3o de imposto de renda;<\/span><\/li><li><span style=\"font-size: 14pt;\">Holerite se estiver trabalhando;<\/span><\/li><li><span style=\"font-size: 14pt;\">Comprovante de resid\u00eancia<\/span><\/li><li><span style=\"font-size: 14pt;\">O n\u00famero do registro comum de programas sociais (Cad\u00danico).<\/span><\/li><\/ul><p>Os documentos necess\u00e1rios s\u00e3o para o exame do pedido e para a concess\u00e3o de benef\u00edcios familiares pelo Governo Federal.<\/p><h2>Como fa\u00e7o para enviar um pedido para cadastro no Aluguel Social?<\/h2><p>Por fim ap\u00f3s preencher o formul\u00e1rio de solicita\u00e7\u00e3o e apresentar os documentos necess\u00e1rios, a solicita\u00e7\u00e3o \u00e9 enviada ao Governo Federal para aprova\u00e7\u00e3o. O processo de aprova\u00e7\u00e3o pode levar v\u00e1rios dias, dependendo do n\u00famero de inscritos.<\/p><p>Uma vez aprovados, os candidatos s\u00e3o informados sobre o resultado de seu pedido. Se a fam\u00edlia for aprovada, a prefeitura \u00e9 respons\u00e1vel por encontrar acomoda\u00e7\u00f5es que atendam \u00e0s necessidades da fam\u00edlia e possam ser financiadas pelo Governo Federal. Uma vez aprovada a acomoda\u00e7\u00e3o, \u00e9 assinado um contrato de aluguel entre a prefeitura e a fam\u00edlia.<\/p>\t\t\t\t\t\t\t\t<\/div>\n\t\t\t\t\t<\/div>\n\t\t<\/div>\n\t\t\t\t\t<\/div>\n\t\t<\/section>\n\t\t\t\t<\/div>","protected":false},"excerpt":{"rendered":"<p>O Aluguel Social \u00e9 um programa criado pelo Governo Federal com o objetivo de fornecer assist\u00eancia financeira a fam\u00edlias em situa\u00e7\u00e3o de dificuldades econ\u00f4micas, oferecendo-lhes acesso a moradias em condi\u00e7\u00f5es especiais. Esse programa oferece aux\u00edlio financeiro a fam\u00edlias em dificuldades, que n\u00e3o t\u00eam condi\u00e7\u00f5es de arcar com o aluguel utilizando apenas sua renda. O programa &#8230; <a title=\"Informaci\u00f3n sobre el Programa de Alquiler Social del Gobierno Federal.\" class=\"read-more\" href=\"https:\/\/www.noticiasfire.com.br\/es\/informacoes-sobre-o-programa-de-aluguel-social-do-governo-federal\/\" aria-label=\"Leer m\u00e1s sobre Informa\u00e7\u00f5es sobre o Programa Aluguel Social do Governo Federal.\">Leer m\u00e1s<\/a><\/p>","protected":false},"author":3,"featured_media":14250,"comment_status":"open","ping_status":"open","sticky":false,"template":"","format":"standard","meta":{"footnotes":""},"categories":[44],"tags":[],"class_list":["post-14212","post","type-post","status-publish","format-standard","has-post-thumbnail","hentry","category-noticias"],"yoast_head":"<!-- This site is optimized with the Yoast SEO plugin v27.4 - https:\/\/yoast.com\/product\/yoast-seo-wordpress\/ -->\n<title>Informa\u00e7\u00f5es sobre o Programa Aluguel Social do Governo Federal. -<\/title>\n<meta name=\"description\" content=\"O Aluguel Social \u00e9 um programa desenvolvido pelo Governo Federal para ajudar financeiramente fam\u00edlias com dificuldades financeiras.\" \/>\n<meta name=\"robots\" content=\"index, follow, max-snippet:-1, max-image-preview:large, max-video-preview:-1\" \/>\n<link rel=\"canonical\" href=\"https:\/\/www.noticiasfire.com.br\/es\/informacoes-sobre-o-programa-de-aluguel-social-do-governo-federal\/\" \/>\n<meta property=\"og:locale\" content=\"es_MX\" \/>\n<meta property=\"og:type\" content=\"article\" \/>\n<meta property=\"og:title\" content=\"Informa\u00e7\u00f5es sobre o Programa Aluguel Social do Governo Federal. -\" \/>\n<meta property=\"og:description\" content=\"O Aluguel Social \u00e9 um programa desenvolvido pelo Governo Federal para ajudar financeiramente fam\u00edlias com dificuldades financeiras.\" \/>\n<meta property=\"og:url\" content=\"https:\/\/www.noticiasfire.com.br\/es\/informacoes-sobre-o-programa-de-aluguel-social-do-governo-federal\/\" \/>\n<meta property=\"article:published_time\" content=\"2023-05-20T12:28:23+00:00\" \/>\n<meta property=\"og:image\" content=\"https:\/\/www.noticiasfire.com.br\/wp-content\/uploads\/2023\/02\/pexels-kindel-media-7578939-1.jpg\" \/>\n\t<meta property=\"og:image:width\" content=\"639\" \/>\n\t<meta property=\"og:image:height\" content=\"360\" \/>\n\t<meta property=\"og:image:type\" content=\"image\/jpeg\" \/>\n<meta name=\"author\" content=\"Ivan\" \/>\n<meta name=\"twitter:card\" content=\"summary_large_image\" \/>\n<meta name=\"twitter:label1\" content=\"Escrito por\" \/>\n\t<meta name=\"twitter:data1\" content=\"Ivan\" \/>\n\t<meta name=\"twitter:label2\" content=\"Tiempo de lectura\" \/>\n\t<meta name=\"twitter:data2\" content=\"4 minutos\" \/>\n<script type=\"application\/ld+json\" class=\"yoast-schema-graph\">{\"@context\":\"https:\\\/\\\/schema.org\",\"@graph\":[{\"@type\":\"Article\",\"@id\":\"https:\\\/\\\/www.noticiasfire.com.br\\\/informacoes-sobre-o-programa-de-aluguel-social-do-governo-federal\\\/#article\",\"isPartOf\":{\"@id\":\"https:\\\/\\\/www.noticiasfire.com.br\\\/informacoes-sobre-o-programa-de-aluguel-social-do-governo-federal\\\/\"},\"author\":{\"name\":\"Ivan\",\"@id\":\"https:\\\/\\\/www.noticiasfire.com.br\\\/#\\\/schema\\\/person\\\/6c064cf8d33f8b38900e936c385f48fd\"},\"headline\":\"Informa\u00e7\u00f5es sobre o Programa Aluguel Social do Governo Federal.\",\"datePublished\":\"2023-05-20T12:28:23+00:00\",\"mainEntityOfPage\":{\"@id\":\"https:\\\/\\\/www.noticiasfire.com.br\\\/informacoes-sobre-o-programa-de-aluguel-social-do-governo-federal\\\/\"},\"wordCount\":776,\"commentCount\":0,\"publisher\":{\"@id\":\"https:\\\/\\\/www.noticiasfire.com.br\\\/#organization\"},\"image\":{\"@id\":\"https:\\\/\\\/www.noticiasfire.com.br\\\/informacoes-sobre-o-programa-de-aluguel-social-do-governo-federal\\\/#primaryimage\"},\"thumbnailUrl\":\"https:\\\/\\\/www.noticiasfire.com.br\\\/wp-content\\\/uploads\\\/2023\\\/02\\\/pexels-kindel-media-7578939-1.jpg\",\"articleSection\":[\"NOT\u00cdCIAS\"],\"inLanguage\":\"es\",\"potentialAction\":[{\"@type\":\"CommentAction\",\"name\":\"Comment\",\"target\":[\"https:\\\/\\\/www.noticiasfire.com.br\\\/informacoes-sobre-o-programa-de-aluguel-social-do-governo-federal\\\/#respond\"]}]},{\"@type\":\"WebPage\",\"@id\":\"https:\\\/\\\/www.noticiasfire.com.br\\\/informacoes-sobre-o-programa-de-aluguel-social-do-governo-federal\\\/\",\"url\":\"https:\\\/\\\/www.noticiasfire.com.br\\\/informacoes-sobre-o-programa-de-aluguel-social-do-governo-federal\\\/\",\"name\":\"Informa\u00e7\u00f5es sobre o Programa Aluguel Social do Governo Federal. -\",\"isPartOf\":{\"@id\":\"https:\\\/\\\/www.noticiasfire.com.br\\\/#website\"},\"primaryImageOfPage\":{\"@id\":\"https:\\\/\\\/www.noticiasfire.com.br\\\/informacoes-sobre-o-programa-de-aluguel-social-do-governo-federal\\\/#primaryimage\"},\"image\":{\"@id\":\"https:\\\/\\\/www.noticiasfire.com.br\\\/informacoes-sobre-o-programa-de-aluguel-social-do-governo-federal\\\/#primaryimage\"},\"thumbnailUrl\":\"https:\\\/\\\/www.noticiasfire.com.br\\\/wp-content\\\/uploads\\\/2023\\\/02\\\/pexels-kindel-media-7578939-1.jpg\",\"datePublished\":\"2023-05-20T12:28:23+00:00\",\"description\":\"O Aluguel Social \u00e9 um programa desenvolvido pelo Governo Federal para ajudar financeiramente fam\u00edlias com dificuldades financeiras.\",\"breadcrumb\":{\"@id\":\"https:\\\/\\\/www.noticiasfire.com.br\\\/informacoes-sobre-o-programa-de-aluguel-social-do-governo-federal\\\/#breadcrumb\"},\"inLanguage\":\"es\",\"potentialAction\":[{\"@type\":\"ReadAction\",\"target\":[\"https:\\\/\\\/www.noticiasfire.com.br\\\/informacoes-sobre-o-programa-de-aluguel-social-do-governo-federal\\\/\"]}]},{\"@type\":\"ImageObject\",\"inLanguage\":\"es\",\"@id\":\"https:\\\/\\\/www.noticiasfire.com.br\\\/informacoes-sobre-o-programa-de-aluguel-social-do-governo-federal\\\/#primaryimage\",\"url\":\"https:\\\/\\\/www.noticiasfire.com.br\\\/wp-content\\\/uploads\\\/2023\\\/02\\\/pexels-kindel-media-7578939-1.jpg\",\"contentUrl\":\"https:\\\/\\\/www.noticiasfire.com.br\\\/wp-content\\\/uploads\\\/2023\\\/02\\\/pexels-kindel-media-7578939-1.jpg\",\"width\":639,\"height\":360,\"caption\":\"Programa de Aluguel Social (imagem Google)\"},{\"@type\":\"BreadcrumbList\",\"@id\":\"https:\\\/\\\/www.noticiasfire.com.br\\\/informacoes-sobre-o-programa-de-aluguel-social-do-governo-federal\\\/#breadcrumb\",\"itemListElement\":[{\"@type\":\"ListItem\",\"position\":1,\"name\":\"In\u00edcio\",\"item\":\"https:\\\/\\\/www.noticiasfire.com.br\\\/\"},{\"@type\":\"ListItem\",\"position\":2,\"name\":\"Informa\u00e7\u00f5es sobre o Programa Aluguel Social do Governo Federal.\"}]},{\"@type\":\"WebSite\",\"@id\":\"https:\\\/\\\/www.noticiasfire.com.br\\\/#website\",\"url\":\"https:\\\/\\\/www.noticiasfire.com.br\\\/\",\"name\":\"NoticiasFire\",\"description\":\"\",\"publisher\":{\"@id\":\"https:\\\/\\\/www.noticiasfire.com.br\\\/#organization\"},\"potentialAction\":[{\"@type\":\"SearchAction\",\"target\":{\"@type\":\"EntryPoint\",\"urlTemplate\":\"https:\\\/\\\/www.noticiasfire.com.br\\\/?s={search_term_string}\"},\"query-input\":{\"@type\":\"PropertyValueSpecification\",\"valueRequired\":true,\"valueName\":\"search_term_string\"}}],\"inLanguage\":\"es\"},{\"@type\":\"Organization\",\"@id\":\"https:\\\/\\\/www.noticiasfire.com.br\\\/#organization\",\"name\":\"NoticiasFire\",\"url\":\"https:\\\/\\\/www.noticiasfire.com.br\\\/\",\"logo\":{\"@type\":\"ImageObject\",\"inLanguage\":\"es\",\"@id\":\"https:\\\/\\\/www.noticiasfire.com.br\\\/#\\\/schema\\\/logo\\\/image\\\/\",\"url\":\"https:\\\/\\\/www.noticiasfire.com.br\\\/wp-content\\\/uploads\\\/2025\\\/08\\\/cropped-Captura_de_Tela_2025-08-13_as_20.34.29__1_-removebg-preview.png\",\"contentUrl\":\"https:\\\/\\\/www.noticiasfire.com.br\\\/wp-content\\\/uploads\\\/2025\\\/08\\\/cropped-Captura_de_Tela_2025-08-13_as_20.34.29__1_-removebg-preview.png\",\"width\":748,\"height\":286,\"caption\":\"NoticiasFire\"},\"image\":{\"@id\":\"https:\\\/\\\/www.noticiasfire.com.br\\\/#\\\/schema\\\/logo\\\/image\\\/\"}},{\"@type\":\"Person\",\"@id\":\"https:\\\/\\\/www.noticiasfire.com.br\\\/#\\\/schema\\\/person\\\/6c064cf8d33f8b38900e936c385f48fd\",\"name\":\"Ivan\",\"image\":{\"@type\":\"ImageObject\",\"inLanguage\":\"es\",\"@id\":\"https:\\\/\\\/secure.gravatar.com\\\/avatar\\\/18077698a88c2ad528c924a301adab662f075719c95fb1dec6f0b51902ebf647?s=96&d=mm&r=g\",\"url\":\"https:\\\/\\\/secure.gravatar.com\\\/avatar\\\/18077698a88c2ad528c924a301adab662f075719c95fb1dec6f0b51902ebf647?s=96&d=mm&r=g\",\"contentUrl\":\"https:\\\/\\\/secure.gravatar.com\\\/avatar\\\/18077698a88c2ad528c924a301adab662f075719c95fb1dec6f0b51902ebf647?s=96&d=mm&r=g\",\"caption\":\"Ivan\"},\"url\":\"https:\\\/\\\/www.noticiasfire.com.br\\\/es\\\/author\\\/ivan\\\/\"}]}<\/script>\n<!-- \/ Yoast SEO plugin. -->","yoast_head_json":{"title":"Informa\u00e7\u00f5es sobre o Programa Aluguel Social do Governo Federal. -","description":"O Aluguel Social \u00e9 um programa desenvolvido pelo Governo Federal para ajudar financeiramente fam\u00edlias com dificuldades financeiras.","robots":{"index":"index","follow":"follow","max-snippet":"max-snippet:-1","max-image-preview":"max-image-preview:large","max-video-preview":"max-video-preview:-1"},"canonical":"https:\/\/www.noticiasfire.com.br\/es\/informacoes-sobre-o-programa-de-aluguel-social-do-governo-federal\/","og_locale":"es_MX","og_type":"article","og_title":"Informa\u00e7\u00f5es sobre o Programa Aluguel Social do Governo Federal. -","og_description":"O Aluguel Social \u00e9 um programa desenvolvido pelo Governo Federal para ajudar financeiramente fam\u00edlias com dificuldades financeiras.","og_url":"https:\/\/www.noticiasfire.com.br\/es\/informacoes-sobre-o-programa-de-aluguel-social-do-governo-federal\/","article_published_time":"2023-05-20T12:28:23+00:00","og_image":[{"width":639,"height":360,"url":"https:\/\/www.noticiasfire.com.br\/wp-content\/uploads\/2023\/02\/pexels-kindel-media-7578939-1.jpg","type":"image\/jpeg"}],"author":"Ivan","twitter_card":"summary_large_image","twitter_misc":{"Escrito por":"Ivan","Tiempo de lectura":"4 minutos"},"schema":{"@context":"https:\/\/schema.org","@graph":[{"@type":"Article","@id":"https:\/\/www.noticiasfire.com.br\/informacoes-sobre-o-programa-de-aluguel-social-do-governo-federal\/#article","isPartOf":{"@id":"https:\/\/www.noticiasfire.com.br\/informacoes-sobre-o-programa-de-aluguel-social-do-governo-federal\/"},"author":{"name":"Ivan","@id":"https:\/\/www.noticiasfire.com.br\/#\/schema\/person\/6c064cf8d33f8b38900e936c385f48fd"},"headline":"Informa\u00e7\u00f5es sobre o Programa Aluguel Social do Governo Federal.","datePublished":"2023-05-20T12:28:23+00:00","mainEntityOfPage":{"@id":"https:\/\/www.noticiasfire.com.br\/informacoes-sobre-o-programa-de-aluguel-social-do-governo-federal\/"},"wordCount":776,"commentCount":0,"publisher":{"@id":"https:\/\/www.noticiasfire.com.br\/#organization"},"image":{"@id":"https:\/\/www.noticiasfire.com.br\/informacoes-sobre-o-programa-de-aluguel-social-do-governo-federal\/#primaryimage"},"thumbnailUrl":"https:\/\/www.noticiasfire.com.br\/wp-content\/uploads\/2023\/02\/pexels-kindel-media-7578939-1.jpg","articleSection":["NOT\u00cdCIAS"],"inLanguage":"es","potentialAction":[{"@type":"CommentAction","name":"Comment","target":["https:\/\/www.noticiasfire.com.br\/informacoes-sobre-o-programa-de-aluguel-social-do-governo-federal\/#respond"]}]},{"@type":"WebPage","@id":"https:\/\/www.noticiasfire.com.br\/informacoes-sobre-o-programa-de-aluguel-social-do-governo-federal\/","url":"https:\/\/www.noticiasfire.com.br\/informacoes-sobre-o-programa-de-aluguel-social-do-governo-federal\/","name":"Informa\u00e7\u00f5es sobre o Programa Aluguel Social do Governo Federal. -","isPartOf":{"@id":"https:\/\/www.noticiasfire.com.br\/#website"},"primaryImageOfPage":{"@id":"https:\/\/www.noticiasfire.com.br\/informacoes-sobre-o-programa-de-aluguel-social-do-governo-federal\/#primaryimage"},"image":{"@id":"https:\/\/www.noticiasfire.com.br\/informacoes-sobre-o-programa-de-aluguel-social-do-governo-federal\/#primaryimage"},"thumbnailUrl":"https:\/\/www.noticiasfire.com.br\/wp-content\/uploads\/2023\/02\/pexels-kindel-media-7578939-1.jpg","datePublished":"2023-05-20T12:28:23+00:00","description":"O Aluguel Social \u00e9 um programa desenvolvido pelo Governo Federal para ajudar financeiramente fam\u00edlias com dificuldades financeiras.","breadcrumb":{"@id":"https:\/\/www.noticiasfire.com.br\/informacoes-sobre-o-programa-de-aluguel-social-do-governo-federal\/#breadcrumb"},"inLanguage":"es","potentialAction":[{"@type":"ReadAction","target":["https:\/\/www.noticiasfire.com.br\/informacoes-sobre-o-programa-de-aluguel-social-do-governo-federal\/"]}]},{"@type":"ImageObject","inLanguage":"es","@id":"https:\/\/www.noticiasfire.com.br\/informacoes-sobre-o-programa-de-aluguel-social-do-governo-federal\/#primaryimage","url":"https:\/\/www.noticiasfire.com.br\/wp-content\/uploads\/2023\/02\/pexels-kindel-media-7578939-1.jpg","contentUrl":"https:\/\/www.noticiasfire.com.br\/wp-content\/uploads\/2023\/02\/pexels-kindel-media-7578939-1.jpg","width":639,"height":360,"caption":"Programa de Aluguel Social (imagem Google)"},{"@type":"BreadcrumbList","@id":"https:\/\/www.noticiasfire.com.br\/informacoes-sobre-o-programa-de-aluguel-social-do-governo-federal\/#breadcrumb","itemListElement":[{"@type":"ListItem","position":1,"name":"In\u00edcio","item":"https:\/\/www.noticiasfire.com.br\/"},{"@type":"ListItem","position":2,"name":"Informa\u00e7\u00f5es sobre o Programa Aluguel Social do Governo Federal."}]},{"@type":"WebSite","@id":"https:\/\/www.noticiasfire.com.br\/#website","url":"https:\/\/www.noticiasfire.com.br\/","name":"NoticiasFire","description":"","publisher":{"@id":"https:\/\/www.noticiasfire.com.br\/#organization"},"potentialAction":[{"@type":"SearchAction","target":{"@type":"EntryPoint","urlTemplate":"https:\/\/www.noticiasfire.com.br\/?s={search_term_string}"},"query-input":{"@type":"PropertyValueSpecification","valueRequired":true,"valueName":"search_term_string"}}],"inLanguage":"es"},{"@type":"Organization","@id":"https:\/\/www.noticiasfire.com.br\/#organization","name":"NoticiasFire","url":"https:\/\/www.noticiasfire.com.br\/","logo":{"@type":"ImageObject","inLanguage":"es","@id":"https:\/\/www.noticiasfire.com.br\/#\/schema\/logo\/image\/","url":"https:\/\/www.noticiasfire.com.br\/wp-content\/uploads\/2025\/08\/cropped-Captura_de_Tela_2025-08-13_as_20.34.29__1_-removebg-preview.png","contentUrl":"https:\/\/www.noticiasfire.com.br\/wp-content\/uploads\/2025\/08\/cropped-Captura_de_Tela_2025-08-13_as_20.34.29__1_-removebg-preview.png","width":748,"height":286,"caption":"NoticiasFire"},"image":{"@id":"https:\/\/www.noticiasfire.com.br\/#\/schema\/logo\/image\/"}},{"@type":"Person","@id":"https:\/\/www.noticiasfire.com.br\/#\/schema\/person\/6c064cf8d33f8b38900e936c385f48fd","name":"Ivan","image":{"@type":"ImageObject","inLanguage":"es","@id":"https:\/\/secure.gravatar.com\/avatar\/18077698a88c2ad528c924a301adab662f075719c95fb1dec6f0b51902ebf647?s=96&d=mm&r=g","url":"https:\/\/secure.gravatar.com\/avatar\/18077698a88c2ad528c924a301adab662f075719c95fb1dec6f0b51902ebf647?s=96&d=mm&r=g","contentUrl":"https:\/\/secure.gravatar.com\/avatar\/18077698a88c2ad528c924a301adab662f075719c95fb1dec6f0b51902ebf647?s=96&d=mm&r=g","caption":"Ivan"},"url":"https:\/\/www.noticiasfire.com.br\/es\/author\/ivan\/"}]}},"_links":{"self":[{"href":"https:\/\/www.noticiasfire.com.br\/es\/wp-json\/wp\/v2\/posts\/14212","targetHints":{"allow":["GET"]}}],"collection":[{"href":"https:\/\/www.noticiasfire.com.br\/es\/wp-json\/wp\/v2\/posts"}],"about":[{"href":"https:\/\/www.noticiasfire.com.br\/es\/wp-json\/wp\/v2\/types\/post"}],"author":[{"embeddable":true,"href":"https:\/\/www.noticiasfire.com.br\/es\/wp-json\/wp\/v2\/users\/3"}],"replies":[{"embeddable":true,"href":"https:\/\/www.noticiasfire.com.br\/es\/wp-json\/wp\/v2\/comments?post=14212"}],"version-history":[{"count":0,"href":"https:\/\/www.noticiasfire.com.br\/es\/wp-json\/wp\/v2\/posts\/14212\/revisions"}],"wp:featuredmedia":[{"embeddable":true,"href":"https:\/\/www.noticiasfire.com.br\/es\/wp-json\/wp\/v2\/media\/14250"}],"wp:attachment":[{"href":"https:\/\/www.noticiasfire.com.br\/es\/wp-json\/wp\/v2\/media?parent=14212"}],"wp:term":[{"taxonomy":"category","embeddable":true,"href":"https:\/\/www.noticiasfire.com.br\/es\/wp-json\/wp\/v2\/categories?post=14212"},{"taxonomy":"post_tag","embeddable":true,"href":"https:\/\/www.noticiasfire.com.br\/es\/wp-json\/wp\/v2\/tags?post=14212"}],"curies":[{"name":"wp","href":"https:\/\/api.w.org\/{rel}","templated":true}]}}