{"id":15207,"date":"2023-05-20T09:25:19","date_gmt":"2023-05-20T12:25:19","guid":{"rendered":"https:\/\/www.noticiasfire.com.br\/?p=15207"},"modified":"2023-05-20T09:25:19","modified_gmt":"2023-05-20T12:25:19","slug":"tarifa-social-de-energia-eletrica-solicitar","status":"publish","type":"post","link":"https:\/\/www.noticiasfire.com.br\/es\/tarifa-social-de-energia-eletrica-solicitar\/","title":{"rendered":"Tarifa social de electricidad: Solicitar"},"content":{"rendered":"<div data-elementor-type=\"wp-post\" data-elementor-id=\"15207\" class=\"elementor elementor-15207\" data-elementor-post-type=\"post\">\n\t\t\t\t\t\t<section class=\"elementor-section elementor-top-section elementor-element elementor-element-b3271b2 elementor-section-boxed elementor-section-height-default elementor-section-height-default\" data-id=\"b3271b2\" data-element_type=\"section\" data-e-type=\"section\">\n\t\t\t\t\t\t<div class=\"elementor-container elementor-column-gap-default\">\n\t\t\t\t\t<div class=\"elementor-column elementor-col-100 elementor-top-column elementor-element elementor-element-9e96ddf\" data-id=\"9e96ddf\" data-element_type=\"column\" data-e-type=\"column\">\n\t\t\t<div class=\"elementor-widget-wrap elementor-element-populated\">\n\t\t\t\t\t\t<div class=\"elementor-element elementor-element-db43573 elementor-widget elementor-widget-text-editor\" data-id=\"db43573\" data-element_type=\"widget\" data-e-type=\"widget\" data-widget_type=\"text-editor.default\">\n\t\t\t\t\t\t\t\t\t<p>La Tarifa Social de Electricidad es un beneficio ofrecido por el Gobierno Federal que pretende ayudar a las familias con bajos ingresos a acceder a la electricidad a precios m\u00e1s asequibles.<\/p><p>Para tener derecho al beneficio, es necesario estar inscrito en el Registro \u00danico (Cad\u00danico) del gobierno y cumplir con los criterios de renta establecidos. En este art\u00edculo, vamos a explicar el proceso de solicitud de la Tarifa Social de Electricidad y los criterios necesarios para acceder a este beneficio.<\/p><h2>\u00bfQu\u00e9 es la Tarifa Social de Electricidad?<\/h2><p>La Tarifa Social de Electricidad es una pol\u00edtica p\u00fablica creada por el Gobierno Federal que tiene como objetivo reducir las facturas de electricidad de las familias con bajos ingresos. Esta tarifa es ofrecida por la mayor\u00eda de las distribuidoras de electricidad del pa\u00eds y puede representar un ahorro de hasta 65% en las facturas de electricidad.<\/p>\t\t\t\t\t\t\t\t<\/div>\n\t\t\t\t\t<\/div>\n\t\t<\/div>\n\t\t\t\t\t<\/div>\n\t\t<\/section>\n\t\t\t\t<section class=\"elementor-section elementor-top-section elementor-element elementor-element-b696200 elementor-section-boxed elementor-section-height-default elementor-section-height-default\" data-id=\"b696200\" data-element_type=\"section\" data-e-type=\"section\">\n\t\t\t\t\t\t<div class=\"elementor-container elementor-column-gap-default\">\n\t\t\t\t\t<div class=\"elementor-column elementor-col-100 elementor-top-column elementor-element elementor-element-c719c98\" data-id=\"c719c98\" data-element_type=\"column\" data-e-type=\"column\">\n\t\t\t<div class=\"elementor-widget-wrap elementor-element-populated\">\n\t\t\t\t\t\t<div class=\"elementor-element elementor-element-c049fcf elementor-widget elementor-widget-image\" data-id=\"c049fcf\" data-element_type=\"widget\" data-e-type=\"widget\" data-widget_type=\"image.default\">\n\t\t\t\t\t\t\t\t\t\t\t\t<figure class=\"wp-caption\">\n\t\t\t\t\t\t\t\t\t\t<img fetchpriority=\"high\" decoding=\"async\" width=\"640\" height=\"359\" src=\"https:\/\/www.noticiasfire.com.br\/wp-content\/uploads\/2023\/03\/energy-efficiency-154006_640-1.png\" class=\"attachment-large size-large wp-image-15209\" alt=\"Tarifa Social de Energia El\u00e9trica: Solicitar\" srcset=\"https:\/\/www.noticiasfire.com.br\/wp-content\/uploads\/2023\/03\/energy-efficiency-154006_640-1.png 640w, https:\/\/www.noticiasfire.com.br\/wp-content\/uploads\/2023\/03\/energy-efficiency-154006_640-1-300x168.png 300w\" sizes=\"(max-width: 640px) 100vw, 640px\" \/>\t\t\t\t\t\t\t\t\t\t\t<figcaption class=\"widget-image-caption wp-caption-text\">Tarifa el\u00e9ctrica social (imagen de Google)<\/figcaption>\n\t\t\t\t\t\t\t\t\t\t<\/figure>\n\t\t\t\t\t\t\t\t\t<\/div>\n\t\t\t\t\t<\/div>\n\t\t<\/div>\n\t\t\t\t\t<\/div>\n\t\t<\/section>\n\t\t\t\t<section class=\"elementor-section elementor-top-section elementor-element elementor-element-cb9cb67 elementor-section-boxed elementor-section-height-default elementor-section-height-default\" data-id=\"cb9cb67\" data-element_type=\"section\" data-e-type=\"section\">\n\t\t\t\t\t\t<div class=\"elementor-container elementor-column-gap-default\">\n\t\t\t\t\t<div class=\"elementor-column elementor-col-100 elementor-top-column elementor-element elementor-element-e0596b0\" data-id=\"e0596b0\" data-element_type=\"column\" data-e-type=\"column\">\n\t\t\t<div class=\"elementor-widget-wrap elementor-element-populated\">\n\t\t\t\t\t\t<div class=\"elementor-element elementor-element-9b6f9f7 elementor-widget elementor-widget-text-editor\" data-id=\"9b6f9f7\" data-element_type=\"widget\" data-e-type=\"widget\" data-widget_type=\"text-editor.default\">\n\t\t\t\t\t\t\t\t\t<h2>\u00bfQui\u00e9n tiene derecho a la Tarifa Social de Electricidad?<\/h2><p>Para tener derecho a la Tarifa Social de Electricidad, es necesario estar inscrito en el Registro \u00danico del Gobierno (Cad\u00danico) y cumplir los criterios de renta establecidos. Los criterios para acceder al beneficio son:<\/p><p>Tener unos ingresos familiares de hasta la mitad del salario m\u00ednimo por persona;<\/p><p>Estar registrado en Cad\u00danico;<\/p><p>Ser beneficiario del programa Bolsa Fam\u00edlia;<\/p><p>Tener en la familia j\u00f3venes de entre 16 y 21 a\u00f1os matriculados en la escuela p\u00fablica;<\/p><p>Percibir la Prestaci\u00f3n Continuada en Efectivo (BPC) de la Asistencia Social;<\/p><p>Ser ind\u00edgena o quilombola<strong><em>.<\/em><\/strong><\/p><h3>\u00bfC\u00f3mo solicitar la Tarifa Social de Electricidad?<\/h3><p>Para solicitar la Tarifa Social de Electricidad, el responsable de la unidad de consumo debe acudir a la agencia de servicios del distribuidor de electricidad de su regi\u00f3n y presentar los siguientes documentos:<\/p><p>N\u00famero de Identificaci\u00f3n Social (NIS), que puede obtenerse en el CRAS o en su ayuntamiento;<\/p><p>Documento de identificaci\u00f3n personal, como el DNI o el CPF;<\/p><p>Factura de electricidad actualizada<b><i>.<\/i><\/b><\/p><p>Es importante recordar que la Tarifa Social de Electricidad s\u00f3lo se conceder\u00e1 si el responsable de la unidad de consumo tiene todas sus facturas de electricidad al d\u00eda. Si hay deudas pendientes, deben saldarse antes de solicitar la prestaci\u00f3n.<\/p><h3>\u00bfQu\u00e9 descuentos ofrece la Tarifa Social de Electricidad?<\/h3><p>Los descuentos que ofrece la Tarifa Social de Electricidad var\u00edan en funci\u00f3n del consumo de cada familia. Las familias que consumen hasta 30 kWh\/mes tienen derecho a un descuento de 65% en su factura de electricidad. Las familias que consumen entre 31 kWh\/mes y 100 kWh\/mes tienen derecho a un descuento de 40%. Por \u00faltimo, las familias que consumen entre 101 kWh\/mes y 220 kWh\/mes tienen derecho a un descuento de 10%. Es importante subrayar que las familias que consumen m\u00e1s de 220 kWh\/mes no tienen derecho a la Tarifa Social de Electricidad.<\/p><p>Adem\u00e1s, las familias que cumplan los criterios de renta establecidos por el gobierno federal tambi\u00e9n pueden solicitar la exenci\u00f3n del pago del impuesto de alumbrado p\u00fablico, que se cobra junto con la factura de la luz.<\/p><h3>\u00bfC\u00f3mo funciona la renovaci\u00f3n de la Tarifa Social de Electricidad?<\/h3><p>La Tarifa Social de Electricidad tiene una validez de 12 meses y puede renovarse autom\u00e1ticamente si la familia sigue cumpliendo los criterios de ingresos establecidos. Sin embargo, es importante conocer los plazos de renovaci\u00f3n, que pueden variar seg\u00fan la distribuidora el\u00e9ctrica de cada regi\u00f3n.<\/p><p>Si la familia deja de cumplir los criterios de ingresos establecidos, la Tarifa Social de Electricidad se anular\u00e1 autom\u00e1ticamente y la factura de electricidad volver\u00e1 a facturarse con arreglo a las tarifas convencionales.<\/p>\t\t\t\t\t\t\t\t<\/div>\n\t\t\t\t<div class=\"elementor-element elementor-element-7cd3cf1 elementor-widget-divider--view-line elementor-widget elementor-widget-divider\" data-id=\"7cd3cf1\" data-element_type=\"widget\" data-e-type=\"widget\" data-widget_type=\"divider.default\">\n\t\t\t\t\t\t\t<div class=\"elementor-divider\">\n\t\t\t<span class=\"elementor-divider-separator\">\n\t\t\t\t\t\t<\/span>\n\t\t<\/div>\n\t\t\t\t\t\t<\/div>\n\t\t\t\t\t<\/div>\n\t\t<\/div>\n\t\t\t\t\t<\/div>\n\t\t<\/section>\n\t\t\t\t<section class=\"elementor-section elementor-top-section elementor-element elementor-element-e2c3ae8 elementor-section-boxed elementor-section-height-default elementor-section-height-default\" data-id=\"e2c3ae8\" data-element_type=\"section\" data-e-type=\"section\">\n\t\t\t\t\t\t<div class=\"elementor-container elementor-column-gap-default\">\n\t\t\t\t\t<div class=\"elementor-column elementor-col-33 elementor-top-column elementor-element elementor-element-e04a34b\" data-id=\"e04a34b\" data-element_type=\"column\" data-e-type=\"column\">\n\t\t\t<div class=\"elementor-widget-wrap elementor-element-populated\">\n\t\t\t\t\t\t<div class=\"elementor-element elementor-element-cb39806 elementor-widget elementor-widget-image\" data-id=\"cb39806\" data-element_type=\"widget\" data-e-type=\"widget\" data-widget_type=\"image.default\">\n\t\t\t\t\t\t\t\t\t\t\t\t\t\t\t<img decoding=\"async\" width=\"639\" height=\"360\" src=\"https:\/\/www.noticiasfire.com.br\/wp-content\/uploads\/2023\/02\/pexels-kindel-media-7578939-1.jpg\" class=\"attachment-large size-large wp-image-14250\" alt=\"Programa de Aluguel Social (imagem Google)\" srcset=\"https:\/\/www.noticiasfire.com.br\/wp-content\/uploads\/2023\/02\/pexels-kindel-media-7578939-1.jpg 639w, https:\/\/www.noticiasfire.com.br\/wp-content\/uploads\/2023\/02\/pexels-kindel-media-7578939-1-300x169.jpg 300w\" sizes=\"(max-width: 639px) 100vw, 639px\" \/>\t\t\t\t\t\t\t\t\t\t\t\t\t\t\t<\/div>\n\t\t\t\t\t<\/div>\n\t\t<\/div>\n\t\t\t\t<div class=\"elementor-column elementor-col-66 elementor-top-column elementor-element elementor-element-105d3b7\" data-id=\"105d3b7\" data-element_type=\"column\" data-e-type=\"column\">\n\t\t\t<div class=\"elementor-widget-wrap elementor-element-populated\">\n\t\t\t\t\t\t<div class=\"elementor-element elementor-element-6cbcc72 elementor-widget elementor-widget-heading\" data-id=\"6cbcc72\" data-element_type=\"widget\" data-e-type=\"widget\" data-widget_type=\"heading.default\">\n\t\t\t\t\t<h2 class=\"elementor-heading-title elementor-size-default\">El Programa de Alquiler Social del Gobierno Federal.<\/h2>\t\t\t\t<\/div>\n\t\t\t\t<div class=\"elementor-element elementor-element-c6ce181 elementor-widget elementor-widget-text-editor\" data-id=\"c6ce181\" data-element_type=\"widget\" data-e-type=\"widget\" data-widget_type=\"text-editor.default\">\n\t\t\t\t\t\t\t\t\t<p>O\u00a0<strong>Alquiler social<\/strong> es un programa desarrollado por el Gobierno Federal para ayudar a las familias con dificultades econ\u00f3micas.<\/p>\t\t\t\t\t\t\t\t<\/div>\n\t\t\t\t<div class=\"elementor-element elementor-element-52cc18f elementor-align-justify elementor-widget elementor-widget-button\" data-id=\"52cc18f\" data-element_type=\"widget\" data-e-type=\"widget\" data-widget_type=\"button.default\">\n\t\t\t\t\t\t\t\t\t\t<a class=\"elementor-button elementor-button-link elementor-size-sm\" href=\"https:\/\/www.noticiasfire.com.br\/es\/informacoes-sobre-o-programa-de-aluguel-social-do-governo-federal\/\">\n\t\t\t\t\t\t<span class=\"elementor-button-content-wrapper\">\n\t\t\t\t\t\t\t\t\t<span class=\"elementor-button-text\">CONOZCA EL PROGRAMA<\/span>\n\t\t\t\t\t<\/span>\n\t\t\t\t\t<\/a>\n\t\t\t\t\t\t\t\t<\/div>\n\t\t\t\t\t<\/div>\n\t\t<\/div>\n\t\t\t\t\t<\/div>\n\t\t<\/section>\n\t\t\t\t<section class=\"elementor-section elementor-top-section elementor-element elementor-element-295c49e elementor-section-boxed elementor-section-height-default elementor-section-height-default\" data-id=\"295c49e\" data-element_type=\"section\" data-e-type=\"section\">\n\t\t\t\t\t\t<div class=\"elementor-container elementor-column-gap-default\">\n\t\t\t\t\t<div class=\"elementor-column elementor-col-100 elementor-top-column elementor-element elementor-element-8e15051\" data-id=\"8e15051\" data-element_type=\"column\" data-e-type=\"column\">\n\t\t\t<div class=\"elementor-widget-wrap elementor-element-populated\">\n\t\t\t\t\t\t<div class=\"elementor-element elementor-element-115d3c6 elementor-widget-divider--view-line elementor-widget elementor-widget-divider\" data-id=\"115d3c6\" data-element_type=\"widget\" data-e-type=\"widget\" data-widget_type=\"divider.default\">\n\t\t\t\t\t\t\t<div class=\"elementor-divider\">\n\t\t\t<span class=\"elementor-divider-separator\">\n\t\t\t\t\t\t<\/span>\n\t\t<\/div>\n\t\t\t\t\t\t<\/div>\n\t\t\t\t<div class=\"elementor-element elementor-element-1c2f3e9 elementor-widget elementor-widget-text-editor\" data-id=\"1c2f3e9\" data-element_type=\"widget\" data-e-type=\"widget\" data-widget_type=\"text-editor.default\">\n\t\t\t\t\t\t\t\t\t<h3>Conclusi\u00f3n<\/h3><p>La Tarifa Social de Electricidad es un importante beneficio ofrecido por el Gobierno Federal para ayudar a las familias de bajos ingresos a acceder a la electricidad a precios m\u00e1s asequibles. Para solicitar el beneficio, es necesario estar inscrito en el Registro \u00danico del Gobierno (Cad\u00danico) y cumplir con los criterios de renta establecidos. Tambi\u00e9n es importante estar atento a los plazos de renovaci\u00f3n de la Tarifa Social de Electricidad para continuar disfrutando de este beneficio.<\/p><p>No deje de consultar otras noticias relacionadas con prestaciones sociales y programas gubernamentales aqu\u00ed, en nuestro sitio web. Tenemos una serie de art\u00edculos e informaci\u00f3n relevante para que est\u00e9 al tanto de las iniciativas que pueden ayudar a mejorar la calidad de vida de las familias brasile\u00f1as. Visite nuestro <a href=\"https:\/\/www.noticiasfire.com.br\/es\/\">sitio web<\/a> \u00a1ahora y mant\u00e9ngase informado!<\/p>\t\t\t\t\t\t\t\t<\/div>\n\t\t\t\t\t<\/div>\n\t\t<\/div>\n\t\t\t\t\t<\/div>\n\t\t<\/section>\n\t\t\t\t<\/div>","protected":false},"excerpt":{"rendered":"<p>A Tarifa Social de Energia El\u00e9trica \u00e9 um benef\u00edcio oferecido pelo Governo Federal que tem como objetivo ajudar fam\u00edlias de baixa renda a terem acesso \u00e0 energia el\u00e9trica com pre\u00e7os mais acess\u00edveis. Para ser eleg\u00edvel ao benef\u00edcio, \u00e9 preciso estar registrado no Cadastro \u00danico (Cad\u00danico) do governo e atender aos crit\u00e9rios de renda estabelecidos. Neste &#8230; <a title=\"Tarifa social de electricidad: Solicitar\" class=\"read-more\" href=\"https:\/\/www.noticiasfire.com.br\/es\/tarifa-social-de-energia-eletrica-solicitar\/\" aria-label=\"Leer m\u00e1s sobre Tarifa Social de Energia El\u00e9trica: Solicitar\">Leer m\u00e1s<\/a><\/p>","protected":false},"author":3,"featured_media":15209,"comment_status":"open","ping_status":"open","sticky":false,"template":"","format":"standard","meta":{"footnotes":""},"categories":[44],"tags":[],"class_list":["post-15207","post","type-post","status-publish","format-standard","has-post-thumbnail","hentry","category-noticias"],"yoast_head":"<!-- This site is optimized with the Yoast SEO plugin v27.4 - https:\/\/yoast.com\/product\/yoast-seo-wordpress\/ -->\n<title>Tarifa Social de Energia El\u00e9trica: Solicitar -<\/title>\n<meta name=\"description\" content=\"A Tarifa Social de Energia El\u00e9trica \u00e9 um benef\u00edcio oferecido pelo Governo Federal que tem como objetivo ajudar fam\u00edlias de baixa renda.\" \/>\n<meta name=\"robots\" content=\"index, follow, max-snippet:-1, max-image-preview:large, max-video-preview:-1\" \/>\n<link rel=\"canonical\" href=\"https:\/\/www.noticiasfire.com.br\/es\/tarifa-social-de-energia-eletrica-solicitar\/\" \/>\n<meta property=\"og:locale\" content=\"es_MX\" \/>\n<meta property=\"og:type\" content=\"article\" \/>\n<meta property=\"og:title\" content=\"Tarifa Social de Energia El\u00e9trica: Solicitar -\" \/>\n<meta property=\"og:description\" content=\"A Tarifa Social de Energia El\u00e9trica \u00e9 um benef\u00edcio oferecido pelo Governo Federal que tem como objetivo ajudar fam\u00edlias de baixa renda.\" \/>\n<meta property=\"og:url\" content=\"https:\/\/www.noticiasfire.com.br\/es\/tarifa-social-de-energia-eletrica-solicitar\/\" \/>\n<meta property=\"article:published_time\" content=\"2023-05-20T12:25:19+00:00\" \/>\n<meta property=\"og:image\" content=\"https:\/\/www.noticiasfire.com.br\/wp-content\/uploads\/2023\/03\/energy-efficiency-154006_640-1.png\" \/>\n\t<meta property=\"og:image:width\" content=\"640\" \/>\n\t<meta property=\"og:image:height\" content=\"359\" \/>\n\t<meta property=\"og:image:type\" content=\"image\/png\" \/>\n<meta name=\"author\" content=\"Ivan\" \/>\n<meta name=\"twitter:card\" content=\"summary_large_image\" \/>\n<meta name=\"twitter:label1\" content=\"Escrito por\" \/>\n\t<meta name=\"twitter:data1\" content=\"Ivan\" \/>\n\t<meta name=\"twitter:label2\" content=\"Tiempo de lectura\" \/>\n\t<meta name=\"twitter:data2\" content=\"5 minutos\" \/>\n<script type=\"application\/ld+json\" class=\"yoast-schema-graph\">{\"@context\":\"https:\\\/\\\/schema.org\",\"@graph\":[{\"@type\":\"Article\",\"@id\":\"https:\\\/\\\/www.noticiasfire.com.br\\\/tarifa-social-de-energia-eletrica-solicitar\\\/#article\",\"isPartOf\":{\"@id\":\"https:\\\/\\\/www.noticiasfire.com.br\\\/tarifa-social-de-energia-eletrica-solicitar\\\/\"},\"author\":{\"name\":\"Ivan\",\"@id\":\"https:\\\/\\\/www.noticiasfire.com.br\\\/#\\\/schema\\\/person\\\/6c064cf8d33f8b38900e936c385f48fd\"},\"headline\":\"Tarifa Social de Energia El\u00e9trica: Solicitar\",\"datePublished\":\"2023-05-20T12:25:19+00:00\",\"mainEntityOfPage\":{\"@id\":\"https:\\\/\\\/www.noticiasfire.com.br\\\/tarifa-social-de-energia-eletrica-solicitar\\\/\"},\"wordCount\":837,\"commentCount\":0,\"publisher\":{\"@id\":\"https:\\\/\\\/www.noticiasfire.com.br\\\/#organization\"},\"image\":{\"@id\":\"https:\\\/\\\/www.noticiasfire.com.br\\\/tarifa-social-de-energia-eletrica-solicitar\\\/#primaryimage\"},\"thumbnailUrl\":\"https:\\\/\\\/www.noticiasfire.com.br\\\/wp-content\\\/uploads\\\/2023\\\/03\\\/energy-efficiency-154006_640-1.png\",\"articleSection\":[\"NOT\u00cdCIAS\"],\"inLanguage\":\"es\",\"potentialAction\":[{\"@type\":\"CommentAction\",\"name\":\"Comment\",\"target\":[\"https:\\\/\\\/www.noticiasfire.com.br\\\/tarifa-social-de-energia-eletrica-solicitar\\\/#respond\"]}]},{\"@type\":\"WebPage\",\"@id\":\"https:\\\/\\\/www.noticiasfire.com.br\\\/tarifa-social-de-energia-eletrica-solicitar\\\/\",\"url\":\"https:\\\/\\\/www.noticiasfire.com.br\\\/tarifa-social-de-energia-eletrica-solicitar\\\/\",\"name\":\"Tarifa Social de Energia El\u00e9trica: Solicitar -\",\"isPartOf\":{\"@id\":\"https:\\\/\\\/www.noticiasfire.com.br\\\/#website\"},\"primaryImageOfPage\":{\"@id\":\"https:\\\/\\\/www.noticiasfire.com.br\\\/tarifa-social-de-energia-eletrica-solicitar\\\/#primaryimage\"},\"image\":{\"@id\":\"https:\\\/\\\/www.noticiasfire.com.br\\\/tarifa-social-de-energia-eletrica-solicitar\\\/#primaryimage\"},\"thumbnailUrl\":\"https:\\\/\\\/www.noticiasfire.com.br\\\/wp-content\\\/uploads\\\/2023\\\/03\\\/energy-efficiency-154006_640-1.png\",\"datePublished\":\"2023-05-20T12:25:19+00:00\",\"description\":\"A Tarifa Social de Energia El\u00e9trica \u00e9 um benef\u00edcio oferecido pelo Governo Federal que tem como objetivo ajudar fam\u00edlias de baixa renda.\",\"breadcrumb\":{\"@id\":\"https:\\\/\\\/www.noticiasfire.com.br\\\/tarifa-social-de-energia-eletrica-solicitar\\\/#breadcrumb\"},\"inLanguage\":\"es\",\"potentialAction\":[{\"@type\":\"ReadAction\",\"target\":[\"https:\\\/\\\/www.noticiasfire.com.br\\\/tarifa-social-de-energia-eletrica-solicitar\\\/\"]}]},{\"@type\":\"ImageObject\",\"inLanguage\":\"es\",\"@id\":\"https:\\\/\\\/www.noticiasfire.com.br\\\/tarifa-social-de-energia-eletrica-solicitar\\\/#primaryimage\",\"url\":\"https:\\\/\\\/www.noticiasfire.com.br\\\/wp-content\\\/uploads\\\/2023\\\/03\\\/energy-efficiency-154006_640-1.png\",\"contentUrl\":\"https:\\\/\\\/www.noticiasfire.com.br\\\/wp-content\\\/uploads\\\/2023\\\/03\\\/energy-efficiency-154006_640-1.png\",\"width\":640,\"height\":359,\"caption\":\"Tarifa Social de Energia El\u00e9trica (imagem Google)\"},{\"@type\":\"BreadcrumbList\",\"@id\":\"https:\\\/\\\/www.noticiasfire.com.br\\\/tarifa-social-de-energia-eletrica-solicitar\\\/#breadcrumb\",\"itemListElement\":[{\"@type\":\"ListItem\",\"position\":1,\"name\":\"In\u00edcio\",\"item\":\"https:\\\/\\\/www.noticiasfire.com.br\\\/\"},{\"@type\":\"ListItem\",\"position\":2,\"name\":\"Tarifa Social de Energia El\u00e9trica: Solicitar\"}]},{\"@type\":\"WebSite\",\"@id\":\"https:\\\/\\\/www.noticiasfire.com.br\\\/#website\",\"url\":\"https:\\\/\\\/www.noticiasfire.com.br\\\/\",\"name\":\"NoticiasFire\",\"description\":\"\",\"publisher\":{\"@id\":\"https:\\\/\\\/www.noticiasfire.com.br\\\/#organization\"},\"potentialAction\":[{\"@type\":\"SearchAction\",\"target\":{\"@type\":\"EntryPoint\",\"urlTemplate\":\"https:\\\/\\\/www.noticiasfire.com.br\\\/?s={search_term_string}\"},\"query-input\":{\"@type\":\"PropertyValueSpecification\",\"valueRequired\":true,\"valueName\":\"search_term_string\"}}],\"inLanguage\":\"es\"},{\"@type\":\"Organization\",\"@id\":\"https:\\\/\\\/www.noticiasfire.com.br\\\/#organization\",\"name\":\"NoticiasFire\",\"url\":\"https:\\\/\\\/www.noticiasfire.com.br\\\/\",\"logo\":{\"@type\":\"ImageObject\",\"inLanguage\":\"es\",\"@id\":\"https:\\\/\\\/www.noticiasfire.com.br\\\/#\\\/schema\\\/logo\\\/image\\\/\",\"url\":\"https:\\\/\\\/www.noticiasfire.com.br\\\/wp-content\\\/uploads\\\/2025\\\/08\\\/cropped-Captura_de_Tela_2025-08-13_as_20.34.29__1_-removebg-preview.png\",\"contentUrl\":\"https:\\\/\\\/www.noticiasfire.com.br\\\/wp-content\\\/uploads\\\/2025\\\/08\\\/cropped-Captura_de_Tela_2025-08-13_as_20.34.29__1_-removebg-preview.png\",\"width\":748,\"height\":286,\"caption\":\"NoticiasFire\"},\"image\":{\"@id\":\"https:\\\/\\\/www.noticiasfire.com.br\\\/#\\\/schema\\\/logo\\\/image\\\/\"}},{\"@type\":\"Person\",\"@id\":\"https:\\\/\\\/www.noticiasfire.com.br\\\/#\\\/schema\\\/person\\\/6c064cf8d33f8b38900e936c385f48fd\",\"name\":\"Ivan\",\"image\":{\"@type\":\"ImageObject\",\"inLanguage\":\"es\",\"@id\":\"https:\\\/\\\/secure.gravatar.com\\\/avatar\\\/18077698a88c2ad528c924a301adab662f075719c95fb1dec6f0b51902ebf647?s=96&d=mm&r=g\",\"url\":\"https:\\\/\\\/secure.gravatar.com\\\/avatar\\\/18077698a88c2ad528c924a301adab662f075719c95fb1dec6f0b51902ebf647?s=96&d=mm&r=g\",\"contentUrl\":\"https:\\\/\\\/secure.gravatar.com\\\/avatar\\\/18077698a88c2ad528c924a301adab662f075719c95fb1dec6f0b51902ebf647?s=96&d=mm&r=g\",\"caption\":\"Ivan\"},\"url\":\"https:\\\/\\\/www.noticiasfire.com.br\\\/es\\\/author\\\/ivan\\\/\"}]}<\/script>\n<!-- \/ Yoast SEO plugin. -->","yoast_head_json":{"title":"Tarifa Social de Energia El\u00e9trica: Solicitar -","description":"A Tarifa Social de Energia El\u00e9trica \u00e9 um benef\u00edcio oferecido pelo Governo Federal que tem como objetivo ajudar fam\u00edlias de baixa renda.","robots":{"index":"index","follow":"follow","max-snippet":"max-snippet:-1","max-image-preview":"max-image-preview:large","max-video-preview":"max-video-preview:-1"},"canonical":"https:\/\/www.noticiasfire.com.br\/es\/tarifa-social-de-energia-eletrica-solicitar\/","og_locale":"es_MX","og_type":"article","og_title":"Tarifa Social de Energia El\u00e9trica: Solicitar -","og_description":"A Tarifa Social de Energia El\u00e9trica \u00e9 um benef\u00edcio oferecido pelo Governo Federal que tem como objetivo ajudar fam\u00edlias de baixa renda.","og_url":"https:\/\/www.noticiasfire.com.br\/es\/tarifa-social-de-energia-eletrica-solicitar\/","article_published_time":"2023-05-20T12:25:19+00:00","og_image":[{"width":640,"height":359,"url":"https:\/\/www.noticiasfire.com.br\/wp-content\/uploads\/2023\/03\/energy-efficiency-154006_640-1.png","type":"image\/png"}],"author":"Ivan","twitter_card":"summary_large_image","twitter_misc":{"Escrito por":"Ivan","Tiempo de lectura":"5 minutos"},"schema":{"@context":"https:\/\/schema.org","@graph":[{"@type":"Article","@id":"https:\/\/www.noticiasfire.com.br\/tarifa-social-de-energia-eletrica-solicitar\/#article","isPartOf":{"@id":"https:\/\/www.noticiasfire.com.br\/tarifa-social-de-energia-eletrica-solicitar\/"},"author":{"name":"Ivan","@id":"https:\/\/www.noticiasfire.com.br\/#\/schema\/person\/6c064cf8d33f8b38900e936c385f48fd"},"headline":"Tarifa Social de Energia El\u00e9trica: Solicitar","datePublished":"2023-05-20T12:25:19+00:00","mainEntityOfPage":{"@id":"https:\/\/www.noticiasfire.com.br\/tarifa-social-de-energia-eletrica-solicitar\/"},"wordCount":837,"commentCount":0,"publisher":{"@id":"https:\/\/www.noticiasfire.com.br\/#organization"},"image":{"@id":"https:\/\/www.noticiasfire.com.br\/tarifa-social-de-energia-eletrica-solicitar\/#primaryimage"},"thumbnailUrl":"https:\/\/www.noticiasfire.com.br\/wp-content\/uploads\/2023\/03\/energy-efficiency-154006_640-1.png","articleSection":["NOT\u00cdCIAS"],"inLanguage":"es","potentialAction":[{"@type":"CommentAction","name":"Comment","target":["https:\/\/www.noticiasfire.com.br\/tarifa-social-de-energia-eletrica-solicitar\/#respond"]}]},{"@type":"WebPage","@id":"https:\/\/www.noticiasfire.com.br\/tarifa-social-de-energia-eletrica-solicitar\/","url":"https:\/\/www.noticiasfire.com.br\/tarifa-social-de-energia-eletrica-solicitar\/","name":"Tarifa Social de Energia El\u00e9trica: Solicitar -","isPartOf":{"@id":"https:\/\/www.noticiasfire.com.br\/#website"},"primaryImageOfPage":{"@id":"https:\/\/www.noticiasfire.com.br\/tarifa-social-de-energia-eletrica-solicitar\/#primaryimage"},"image":{"@id":"https:\/\/www.noticiasfire.com.br\/tarifa-social-de-energia-eletrica-solicitar\/#primaryimage"},"thumbnailUrl":"https:\/\/www.noticiasfire.com.br\/wp-content\/uploads\/2023\/03\/energy-efficiency-154006_640-1.png","datePublished":"2023-05-20T12:25:19+00:00","description":"A Tarifa Social de Energia El\u00e9trica \u00e9 um benef\u00edcio oferecido pelo Governo Federal que tem como objetivo ajudar fam\u00edlias de baixa renda.","breadcrumb":{"@id":"https:\/\/www.noticiasfire.com.br\/tarifa-social-de-energia-eletrica-solicitar\/#breadcrumb"},"inLanguage":"es","potentialAction":[{"@type":"ReadAction","target":["https:\/\/www.noticiasfire.com.br\/tarifa-social-de-energia-eletrica-solicitar\/"]}]},{"@type":"ImageObject","inLanguage":"es","@id":"https:\/\/www.noticiasfire.com.br\/tarifa-social-de-energia-eletrica-solicitar\/#primaryimage","url":"https:\/\/www.noticiasfire.com.br\/wp-content\/uploads\/2023\/03\/energy-efficiency-154006_640-1.png","contentUrl":"https:\/\/www.noticiasfire.com.br\/wp-content\/uploads\/2023\/03\/energy-efficiency-154006_640-1.png","width":640,"height":359,"caption":"Tarifa Social de Energia El\u00e9trica (imagem Google)"},{"@type":"BreadcrumbList","@id":"https:\/\/www.noticiasfire.com.br\/tarifa-social-de-energia-eletrica-solicitar\/#breadcrumb","itemListElement":[{"@type":"ListItem","position":1,"name":"In\u00edcio","item":"https:\/\/www.noticiasfire.com.br\/"},{"@type":"ListItem","position":2,"name":"Tarifa Social de Energia El\u00e9trica: Solicitar"}]},{"@type":"WebSite","@id":"https:\/\/www.noticiasfire.com.br\/#website","url":"https:\/\/www.noticiasfire.com.br\/","name":"NoticiasFire","description":"","publisher":{"@id":"https:\/\/www.noticiasfire.com.br\/#organization"},"potentialAction":[{"@type":"SearchAction","target":{"@type":"EntryPoint","urlTemplate":"https:\/\/www.noticiasfire.com.br\/?s={search_term_string}"},"query-input":{"@type":"PropertyValueSpecification","valueRequired":true,"valueName":"search_term_string"}}],"inLanguage":"es"},{"@type":"Organization","@id":"https:\/\/www.noticiasfire.com.br\/#organization","name":"NoticiasFire","url":"https:\/\/www.noticiasfire.com.br\/","logo":{"@type":"ImageObject","inLanguage":"es","@id":"https:\/\/www.noticiasfire.com.br\/#\/schema\/logo\/image\/","url":"https:\/\/www.noticiasfire.com.br\/wp-content\/uploads\/2025\/08\/cropped-Captura_de_Tela_2025-08-13_as_20.34.29__1_-removebg-preview.png","contentUrl":"https:\/\/www.noticiasfire.com.br\/wp-content\/uploads\/2025\/08\/cropped-Captura_de_Tela_2025-08-13_as_20.34.29__1_-removebg-preview.png","width":748,"height":286,"caption":"NoticiasFire"},"image":{"@id":"https:\/\/www.noticiasfire.com.br\/#\/schema\/logo\/image\/"}},{"@type":"Person","@id":"https:\/\/www.noticiasfire.com.br\/#\/schema\/person\/6c064cf8d33f8b38900e936c385f48fd","name":"Ivan","image":{"@type":"ImageObject","inLanguage":"es","@id":"https:\/\/secure.gravatar.com\/avatar\/18077698a88c2ad528c924a301adab662f075719c95fb1dec6f0b51902ebf647?s=96&d=mm&r=g","url":"https:\/\/secure.gravatar.com\/avatar\/18077698a88c2ad528c924a301adab662f075719c95fb1dec6f0b51902ebf647?s=96&d=mm&r=g","contentUrl":"https:\/\/secure.gravatar.com\/avatar\/18077698a88c2ad528c924a301adab662f075719c95fb1dec6f0b51902ebf647?s=96&d=mm&r=g","caption":"Ivan"},"url":"https:\/\/www.noticiasfire.com.br\/es\/author\/ivan\/"}]}},"_links":{"self":[{"href":"https:\/\/www.noticiasfire.com.br\/es\/wp-json\/wp\/v2\/posts\/15207","targetHints":{"allow":["GET"]}}],"collection":[{"href":"https:\/\/www.noticiasfire.com.br\/es\/wp-json\/wp\/v2\/posts"}],"about":[{"href":"https:\/\/www.noticiasfire.com.br\/es\/wp-json\/wp\/v2\/types\/post"}],"author":[{"embeddable":true,"href":"https:\/\/www.noticiasfire.com.br\/es\/wp-json\/wp\/v2\/users\/3"}],"replies":[{"embeddable":true,"href":"https:\/\/www.noticiasfire.com.br\/es\/wp-json\/wp\/v2\/comments?post=15207"}],"version-history":[{"count":0,"href":"https:\/\/www.noticiasfire.com.br\/es\/wp-json\/wp\/v2\/posts\/15207\/revisions"}],"wp:featuredmedia":[{"embeddable":true,"href":"https:\/\/www.noticiasfire.com.br\/es\/wp-json\/wp\/v2\/media\/15209"}],"wp:attachment":[{"href":"https:\/\/www.noticiasfire.com.br\/es\/wp-json\/wp\/v2\/media?parent=15207"}],"wp:term":[{"taxonomy":"category","embeddable":true,"href":"https:\/\/www.noticiasfire.com.br\/es\/wp-json\/wp\/v2\/categories?post=15207"},{"taxonomy":"post_tag","embeddable":true,"href":"https:\/\/www.noticiasfire.com.br\/es\/wp-json\/wp\/v2\/tags?post=15207"}],"curies":[{"name":"wp","href":"https:\/\/api.w.org\/{rel}","templated":true}]}}