{"id":15264,"date":"2023-03-06T10:42:46","date_gmt":"2023-03-06T13:42:46","guid":{"rendered":"https:\/\/www.noticiasfire.com.br\/?p=15264"},"modified":"2023-03-06T10:42:46","modified_gmt":"2023-03-06T13:42:46","slug":"como-participar-do-programa-minha-casa-minha-vida-2023","status":"publish","type":"post","link":"https:\/\/www.noticiasfire.com.br\/es\/como-participar-do-programa-minha-casa-minha-vida-2023\/","title":{"rendered":"\u00bfC\u00f3mo participar en el Programa Minha Casa Minha Vida?"},"content":{"rendered":"<div data-elementor-type=\"wp-post\" data-elementor-id=\"15264\" class=\"elementor elementor-15264\" data-elementor-post-type=\"post\">\n\t\t\t\t\t\t<section class=\"elementor-section elementor-top-section elementor-element elementor-element-b3271b2 elementor-section-boxed elementor-section-height-default elementor-section-height-default\" data-id=\"b3271b2\" data-element_type=\"section\" data-e-type=\"section\">\n\t\t\t\t\t\t<div class=\"elementor-container elementor-column-gap-default\">\n\t\t\t\t\t<div class=\"elementor-column elementor-col-100 elementor-top-column elementor-element elementor-element-9e96ddf\" data-id=\"9e96ddf\" data-element_type=\"column\" data-e-type=\"column\">\n\t\t\t<div class=\"elementor-widget-wrap elementor-element-populated\">\n\t\t\t\t\t\t<div class=\"elementor-element elementor-element-db43573 elementor-widget elementor-widget-text-editor\" data-id=\"db43573\" data-element_type=\"widget\" data-e-type=\"widget\" data-widget_type=\"text-editor.default\">\n\t\t\t\t\t\t\t\t\t<p>M\u00e1s informaci\u00f3n sobre los requisitos para participar en <strong>Programa de vivienda Minha Casa Minha Vida.<\/strong><\/p><p>Para participar en <strong>Mi casa, mi vida<\/strong>Sin embargo, es necesario cumplir ciertos requisitos, como tener ingresos familiares dentro de los rangos exigidos por el programa y estar inscrito al d\u00eda en el Registro \u00danico de Programas Sociales del Gobierno Federal.<\/p><h2>Niveles de renta<\/h2><p>O <strong>Mi casa, mi vida<\/strong> El programa contempla diferentes tramos de ingresos, desde las familias con unos ingresos mensuales de hasta 2.000 R$ hasta las que tienen unos ingresos mensuales de hasta 7.000 R$. Las familias con unos ingresos mensuales de hasta 1.800,00 R$ est\u00e1n cubiertas por la banda 1 del programa.<\/p><h2>Inscripci\u00f3n en los ayuntamientos<\/h2><p>Inscripci\u00f3n en el <strong>Mi casa, mi vida<\/strong> se celebran en los ayuntamientos de las ciudades donde se construir\u00e1n las viviendas. Las familias interesadas deben presentar los documentos requeridos y esperar al sorteo para seleccionar a los beneficiarios.<\/p>\t\t\t\t\t\t\t\t<\/div>\n\t\t\t\t\t<\/div>\n\t\t<\/div>\n\t\t\t\t\t<\/div>\n\t\t<\/section>\n\t\t\t\t<section class=\"elementor-section elementor-top-section elementor-element elementor-element-b696200 elementor-section-boxed elementor-section-height-default elementor-section-height-default\" data-id=\"b696200\" data-element_type=\"section\" data-e-type=\"section\">\n\t\t\t\t\t\t<div class=\"elementor-container elementor-column-gap-default\">\n\t\t\t\t\t<div class=\"elementor-column elementor-col-100 elementor-top-column elementor-element elementor-element-c719c98\" data-id=\"c719c98\" data-element_type=\"column\" data-e-type=\"column\">\n\t\t\t<div class=\"elementor-widget-wrap elementor-element-populated\">\n\t\t\t\t\t\t<div class=\"elementor-element elementor-element-c049fcf elementor-widget elementor-widget-image\" data-id=\"c049fcf\" data-element_type=\"widget\" data-e-type=\"widget\" data-widget_type=\"image.default\">\n\t\t\t\t\t\t\t\t\t\t\t\t<figure class=\"wp-caption\">\n\t\t\t\t\t\t\t\t\t\t<img fetchpriority=\"high\" decoding=\"async\" width=\"700\" height=\"400\" src=\"https:\/\/www.noticiasfire.com.br\/wp-content\/uploads\/2023\/03\/Programa-Minha-Casa-Minha-Vida.jpg-1.webp\" class=\"attachment-large size-large wp-image-15245\" alt=\"Programa Minha Casa Minha Vida\" srcset=\"https:\/\/www.noticiasfire.com.br\/wp-content\/uploads\/2023\/03\/Programa-Minha-Casa-Minha-Vida.jpg-1.webp 700w, https:\/\/www.noticiasfire.com.br\/wp-content\/uploads\/2023\/03\/Programa-Minha-Casa-Minha-Vida.jpg-1-300x171.webp 300w\" sizes=\"(max-width: 700px) 100vw, 700px\" \/>\t\t\t\t\t\t\t\t\t\t\t<figcaption class=\"widget-image-caption wp-caption-text\">Programa Minha Casa Minha Vida (imagen de Google)<\/figcaption>\n\t\t\t\t\t\t\t\t\t\t<\/figure>\n\t\t\t\t\t\t\t\t\t<\/div>\n\t\t\t\t\t<\/div>\n\t\t<\/div>\n\t\t\t\t\t<\/div>\n\t\t<\/section>\n\t\t\t\t<section class=\"elementor-section elementor-top-section elementor-element elementor-element-cb9cb67 elementor-section-boxed elementor-section-height-default elementor-section-height-default\" data-id=\"cb9cb67\" data-element_type=\"section\" data-e-type=\"section\">\n\t\t\t\t\t\t<div class=\"elementor-container elementor-column-gap-default\">\n\t\t\t\t\t<div class=\"elementor-column elementor-col-100 elementor-top-column elementor-element elementor-element-e0596b0\" data-id=\"e0596b0\" data-element_type=\"column\" data-e-type=\"column\">\n\t\t\t<div class=\"elementor-widget-wrap elementor-element-populated\">\n\t\t\t\t\t\t<div class=\"elementor-element elementor-element-9b6f9f7 elementor-widget elementor-widget-text-editor\" data-id=\"9b6f9f7\" data-element_type=\"widget\" data-e-type=\"widget\" data-widget_type=\"text-editor.default\">\n\t\t\t\t\t\t\t\t\t<h2>Documentos necesarios<\/h2><p>Entre los documentos necesarios para participar en el programa se encuentran: el DNI y el CPF, pruebas de ingresos y residencia, as\u00ed como informaci\u00f3n actualizada sobre la composici\u00f3n familiar. Los documentos deben presentarse al inscribirse en los ayuntamientos.<\/p><h2>Sorteo de beneficiarios<\/h2><p>Los beneficiarios del Programa Minha Casa Minha Vida son seleccionados por sorteo, seg\u00fan los criterios establecidos por el programa. Tras el sorteo, las familias seleccionadas se someten a un an\u00e1lisis documental para comprobar que cumplen los requisitos.<\/p><h2>Compromiso del beneficiario<\/h2><p>Los beneficiarios del programa se comprometen a pagar puntualmente las cuotas de la hipoteca y a ocuparse del mantenimiento de la vivienda. Tambi\u00e9n es importante recordar que la vivienda financiada por el <b>Mi casa Mi vida<\/b> no puede venderse ni alquilarse antes de liquidar la hipoteca.<\/p><h2>Conozca algunos de los programas sociales del gobierno federal en Brasil<\/h2><h3><span style=\"text-decoration: underline;\">Bolsa Familia<\/span><\/h3><p>Bolsa Fam\u00edlia es un programa de transferencias monetarias del gobierno federal que beneficia a las familias que viven en la pobreza y la pobreza extrema. El programa pretende garantizar a las familias el acceso a derechos b\u00e1sicos como la alimentaci\u00f3n, la educaci\u00f3n y la salud.<\/p><h3><span style=\"text-decoration: underline;\">Pronatec<\/span><\/h3><p>El Programa Nacional de Acceso a la Ense\u00f1anza T\u00e9cnica y el Empleo (Pronatec) pretende ampliar la oferta de cursos t\u00e9cnicos y profesionales para j\u00f3venes y adultos en todo el pa\u00eds. El programa busca cualificar la mano de obra y aumentar sus posibilidades de inserci\u00f3n en el mercado laboral.<\/p><h3><span style=\"text-decoration: underline;\">Fies<\/span><\/h3><p>El Fondo de Financiaci\u00f3n de Estudios (Fies) es un programa del Gobierno federal que ofrece financiaci\u00f3n a los estudiantes que deseen cursar estudios superiores en centros privados. El programa pretende democratizar el acceso a la ense\u00f1anza superior y fomentar la formaci\u00f3n de profesionales cualificados.<\/p><h3><span style=\"text-decoration: underline;\">Bolsa verde<\/span><\/h3><p>El Programa Bolsa Verde tiene como objetivo fomentar la conservaci\u00f3n del medio ambiente y promover la inclusi\u00f3n social de las familias en situaci\u00f3n de extrema pobreza que viven en zonas de preservaci\u00f3n medioambiental. El programa ofrece una beca mensual a las familias que participan en acciones de conservaci\u00f3n del medio ambiente.<\/p>\t\t\t\t\t\t\t\t<\/div>\n\t\t\t\t<div class=\"elementor-element elementor-element-7cd3cf1 elementor-widget-divider--view-line elementor-widget elementor-widget-divider\" data-id=\"7cd3cf1\" data-element_type=\"widget\" data-e-type=\"widget\" data-widget_type=\"divider.default\">\n\t\t\t\t\t\t\t<div class=\"elementor-divider\">\n\t\t\t<span class=\"elementor-divider-separator\">\n\t\t\t\t\t\t<\/span>\n\t\t<\/div>\n\t\t\t\t\t\t<\/div>\n\t\t\t\t\t<\/div>\n\t\t<\/div>\n\t\t\t\t\t<\/div>\n\t\t<\/section>\n\t\t\t\t<section class=\"elementor-section elementor-top-section elementor-element elementor-element-e2c3ae8 elementor-section-boxed elementor-section-height-default elementor-section-height-default\" data-id=\"e2c3ae8\" data-element_type=\"section\" data-e-type=\"section\">\n\t\t\t\t\t\t<div class=\"elementor-container elementor-column-gap-default\">\n\t\t\t\t\t<div class=\"elementor-column elementor-col-33 elementor-top-column elementor-element elementor-element-e04a34b\" data-id=\"e04a34b\" data-element_type=\"column\" data-e-type=\"column\">\n\t\t\t<div class=\"elementor-widget-wrap elementor-element-populated\">\n\t\t\t\t\t\t<div class=\"elementor-element elementor-element-cb39806 elementor-widget elementor-widget-image\" data-id=\"cb39806\" data-element_type=\"widget\" data-e-type=\"widget\" data-widget_type=\"image.default\">\n\t\t\t\t\t\t\t\t\t\t\t\t\t\t\t<img decoding=\"async\" width=\"639\" height=\"360\" src=\"https:\/\/www.noticiasfire.com.br\/wp-content\/uploads\/2023\/02\/pexels-kindel-media-7578939-1.jpg\" class=\"attachment-large size-large wp-image-14250\" alt=\"Programa de Aluguel Social (imagem Google)\" srcset=\"https:\/\/www.noticiasfire.com.br\/wp-content\/uploads\/2023\/02\/pexels-kindel-media-7578939-1.jpg 639w, https:\/\/www.noticiasfire.com.br\/wp-content\/uploads\/2023\/02\/pexels-kindel-media-7578939-1-300x169.jpg 300w\" sizes=\"(max-width: 639px) 100vw, 639px\" \/>\t\t\t\t\t\t\t\t\t\t\t\t\t\t\t<\/div>\n\t\t\t\t\t<\/div>\n\t\t<\/div>\n\t\t\t\t<div class=\"elementor-column elementor-col-66 elementor-top-column elementor-element elementor-element-105d3b7\" data-id=\"105d3b7\" data-element_type=\"column\" data-e-type=\"column\">\n\t\t\t<div class=\"elementor-widget-wrap elementor-element-populated\">\n\t\t\t\t\t\t<div class=\"elementor-element elementor-element-6cbcc72 elementor-widget elementor-widget-heading\" data-id=\"6cbcc72\" data-element_type=\"widget\" data-e-type=\"widget\" data-widget_type=\"heading.default\">\n\t\t\t\t\t<h2 class=\"elementor-heading-title elementor-size-default\">El Programa de Alquiler Social del Gobierno Federal.<\/h2>\t\t\t\t<\/div>\n\t\t\t\t<div class=\"elementor-element elementor-element-c6ce181 elementor-widget elementor-widget-text-editor\" data-id=\"c6ce181\" data-element_type=\"widget\" data-e-type=\"widget\" data-widget_type=\"text-editor.default\">\n\t\t\t\t\t\t\t\t\t<p>O\u00a0<strong>Alquiler social<\/strong> es un programa desarrollado por el Gobierno Federal para ayudar a las familias con dificultades econ\u00f3micas.<\/p>\t\t\t\t\t\t\t\t<\/div>\n\t\t\t\t<div class=\"elementor-element elementor-element-52cc18f elementor-align-justify elementor-widget elementor-widget-button\" data-id=\"52cc18f\" data-element_type=\"widget\" data-e-type=\"widget\" data-widget_type=\"button.default\">\n\t\t\t\t\t\t\t\t\t\t<a class=\"elementor-button elementor-button-link elementor-size-sm\" href=\"https:\/\/www.noticiasfire.com.br\/es\/informacoes-sobre-o-programa-de-aluguel-social-do-governo-federal\/\">\n\t\t\t\t\t\t<span class=\"elementor-button-content-wrapper\">\n\t\t\t\t\t\t\t\t\t<span class=\"elementor-button-text\">CONOZCA EL PROGRAMA<\/span>\n\t\t\t\t\t<\/span>\n\t\t\t\t\t<\/a>\n\t\t\t\t\t\t\t\t<\/div>\n\t\t\t\t\t<\/div>\n\t\t<\/div>\n\t\t\t\t\t<\/div>\n\t\t<\/section>\n\t\t\t\t<section class=\"elementor-section elementor-top-section elementor-element elementor-element-295c49e elementor-section-boxed elementor-section-height-default elementor-section-height-default\" data-id=\"295c49e\" data-element_type=\"section\" data-e-type=\"section\">\n\t\t\t\t\t\t<div class=\"elementor-container elementor-column-gap-default\">\n\t\t\t\t\t<div class=\"elementor-column elementor-col-100 elementor-top-column elementor-element elementor-element-8e15051\" data-id=\"8e15051\" data-element_type=\"column\" data-e-type=\"column\">\n\t\t\t<div class=\"elementor-widget-wrap elementor-element-populated\">\n\t\t\t\t\t\t<div class=\"elementor-element elementor-element-115d3c6 elementor-widget-divider--view-line elementor-widget elementor-widget-divider\" data-id=\"115d3c6\" data-element_type=\"widget\" data-e-type=\"widget\" data-widget_type=\"divider.default\">\n\t\t\t\t\t\t\t<div class=\"elementor-divider\">\n\t\t\t<span class=\"elementor-divider-separator\">\n\t\t\t\t\t\t<\/span>\n\t\t<\/div>\n\t\t\t\t\t\t<\/div>\n\t\t\t\t<div class=\"elementor-element elementor-element-1c2f3e9 elementor-widget elementor-widget-text-editor\" data-id=\"1c2f3e9\" data-element_type=\"widget\" data-e-type=\"widget\" data-widget_type=\"text-editor.default\">\n\t\t\t\t\t\t\t\t\t<h2>Conclusi\u00f3n<\/h2>\n<p>O <b>Mi casa, mi vida<\/b> es una importante iniciativa del Gobierno brasile\u00f1o para garantizar el derecho a una vivienda digna a todas las familias del pa\u00eds. Si cumples los requisitos del programa, no pierdas la oportunidad de inscribirte en los ayuntamientos de las ciudades donde se construir\u00e1n las viviendas y participar en el sorteo para comprar tu propia casa.<\/p>\t\t\t\t\t\t\t\t<\/div>\n\t\t\t\t\t<\/div>\n\t\t<\/div>\n\t\t\t\t\t<\/div>\n\t\t<\/section>\n\t\t\t\t<\/div>","protected":false},"excerpt":{"rendered":"<p>Conhe\u00e7a os requisitos para participa\u00e7\u00e3o no programa habitacional Minha Casa Minha Vida. Para participar do Programa Minha Casa Minha Vida, \u00e9 necess\u00e1rio atender a alguns requisitos, como ter uma renda familiar dentro das faixas exigidas pelo programa e possuir cadastro atualizado no Cadastro \u00danico para Programas Sociais do Governo Federal. Faixas de renda O programa &#8230; <a title=\"\u00bfC\u00f3mo participar en el Programa Minha Casa Minha Vida?\" class=\"read-more\" href=\"https:\/\/www.noticiasfire.com.br\/es\/como-participar-do-programa-minha-casa-minha-vida-2023\/\" aria-label=\"Leer m\u00e1s sobre Como participar do Programa Minha Casa Minha Vida?\">Leer m\u00e1s<\/a><\/p>","protected":false},"author":3,"featured_media":0,"comment_status":"open","ping_status":"open","sticky":false,"template":"","format":"standard","meta":{"footnotes":""},"categories":[44],"tags":[],"class_list":["post-15264","post","type-post","status-publish","format-standard","hentry","category-noticias"],"yoast_head":"<!-- This site is optimized with the Yoast SEO plugin v27.4 - https:\/\/yoast.com\/product\/yoast-seo-wordpress\/ -->\n<title>Como participar do Programa Minha Casa Minha Vida? -<\/title>\n<meta name=\"description\" content=\"Para participar do Programa Minha Casa Minha Vida 2023, \u00e9 necess\u00e1rio atender a alguns requisitos, como ter uma renda familiar dentro das...\" \/>\n<meta name=\"robots\" content=\"index, follow, max-snippet:-1, max-image-preview:large, max-video-preview:-1\" \/>\n<link rel=\"canonical\" href=\"https:\/\/www.noticiasfire.com.br\/es\/como-participar-do-programa-minha-casa-minha-vida-2023\/\" \/>\n<meta property=\"og:locale\" content=\"es_MX\" \/>\n<meta property=\"og:type\" content=\"article\" \/>\n<meta property=\"og:title\" content=\"Como participar do Programa Minha Casa Minha Vida? -\" \/>\n<meta property=\"og:description\" content=\"Para participar do Programa Minha Casa Minha Vida 2023, \u00e9 necess\u00e1rio atender a alguns requisitos, como ter uma renda familiar dentro das...\" \/>\n<meta property=\"og:url\" content=\"https:\/\/www.noticiasfire.com.br\/es\/como-participar-do-programa-minha-casa-minha-vida-2023\/\" \/>\n<meta property=\"article:published_time\" content=\"2023-03-06T13:42:46+00:00\" \/>\n<meta property=\"og:image\" content=\"https:\/\/www.noticiasfire.com.br\/wp-content\/uploads\/2023\/03\/Programa-Minha-Casa-Minha-Vida.jpg-2-1-1.webp\" \/>\n<meta name=\"author\" content=\"Ivan\" \/>\n<meta name=\"twitter:card\" content=\"summary_large_image\" \/>\n<meta name=\"twitter:label1\" content=\"Escrito por\" \/>\n\t<meta name=\"twitter:data1\" content=\"Ivan\" \/>\n\t<meta name=\"twitter:label2\" content=\"Tiempo de lectura\" \/>\n\t<meta name=\"twitter:data2\" content=\"4 minutos\" \/>\n<script type=\"application\/ld+json\" class=\"yoast-schema-graph\">{\"@context\":\"https:\\\/\\\/schema.org\",\"@graph\":[{\"@type\":\"Article\",\"@id\":\"https:\\\/\\\/www.noticiasfire.com.br\\\/como-participar-do-programa-minha-casa-minha-vida-2023\\\/#article\",\"isPartOf\":{\"@id\":\"https:\\\/\\\/www.noticiasfire.com.br\\\/como-participar-do-programa-minha-casa-minha-vida-2023\\\/\"},\"author\":{\"name\":\"Ivan\",\"@id\":\"https:\\\/\\\/www.noticiasfire.com.br\\\/#\\\/schema\\\/person\\\/6c064cf8d33f8b38900e936c385f48fd\"},\"headline\":\"Como participar do Programa Minha Casa Minha Vida?\",\"datePublished\":\"2023-03-06T13:42:46+00:00\",\"mainEntityOfPage\":{\"@id\":\"https:\\\/\\\/www.noticiasfire.com.br\\\/como-participar-do-programa-minha-casa-minha-vida-2023\\\/\"},\"wordCount\":633,\"commentCount\":0,\"publisher\":{\"@id\":\"https:\\\/\\\/www.noticiasfire.com.br\\\/#organization\"},\"image\":{\"@id\":\"https:\\\/\\\/www.noticiasfire.com.br\\\/como-participar-do-programa-minha-casa-minha-vida-2023\\\/#primaryimage\"},\"thumbnailUrl\":\"https:\\\/\\\/www.noticiasfire.com.br\\\/wp-content\\\/uploads\\\/2023\\\/03\\\/Programa-Minha-Casa-Minha-Vida.jpg-2-1-1.webp\",\"articleSection\":[\"NOT\u00cdCIAS\"],\"inLanguage\":\"es\",\"potentialAction\":[{\"@type\":\"CommentAction\",\"name\":\"Comment\",\"target\":[\"https:\\\/\\\/www.noticiasfire.com.br\\\/como-participar-do-programa-minha-casa-minha-vida-2023\\\/#respond\"]}]},{\"@type\":\"WebPage\",\"@id\":\"https:\\\/\\\/www.noticiasfire.com.br\\\/como-participar-do-programa-minha-casa-minha-vida-2023\\\/\",\"url\":\"https:\\\/\\\/www.noticiasfire.com.br\\\/como-participar-do-programa-minha-casa-minha-vida-2023\\\/\",\"name\":\"Como participar do Programa Minha Casa Minha Vida? -\",\"isPartOf\":{\"@id\":\"https:\\\/\\\/www.noticiasfire.com.br\\\/#website\"},\"primaryImageOfPage\":{\"@id\":\"https:\\\/\\\/www.noticiasfire.com.br\\\/como-participar-do-programa-minha-casa-minha-vida-2023\\\/#primaryimage\"},\"image\":{\"@id\":\"https:\\\/\\\/www.noticiasfire.com.br\\\/como-participar-do-programa-minha-casa-minha-vida-2023\\\/#primaryimage\"},\"thumbnailUrl\":\"https:\\\/\\\/www.noticiasfire.com.br\\\/wp-content\\\/uploads\\\/2023\\\/03\\\/Programa-Minha-Casa-Minha-Vida.jpg-2-1-1.webp\",\"datePublished\":\"2023-03-06T13:42:46+00:00\",\"description\":\"Para participar do Programa Minha Casa Minha Vida 2023, \u00e9 necess\u00e1rio atender a alguns requisitos, como ter uma renda familiar dentro das...\",\"breadcrumb\":{\"@id\":\"https:\\\/\\\/www.noticiasfire.com.br\\\/como-participar-do-programa-minha-casa-minha-vida-2023\\\/#breadcrumb\"},\"inLanguage\":\"es\",\"potentialAction\":[{\"@type\":\"ReadAction\",\"target\":[\"https:\\\/\\\/www.noticiasfire.com.br\\\/como-participar-do-programa-minha-casa-minha-vida-2023\\\/\"]}]},{\"@type\":\"ImageObject\",\"inLanguage\":\"es\",\"@id\":\"https:\\\/\\\/www.noticiasfire.com.br\\\/como-participar-do-programa-minha-casa-minha-vida-2023\\\/#primaryimage\",\"url\":\"https:\\\/\\\/www.noticiasfire.com.br\\\/wp-content\\\/uploads\\\/2023\\\/03\\\/Programa-Minha-Casa-Minha-Vida.jpg-2-1-1.webp\",\"contentUrl\":\"https:\\\/\\\/www.noticiasfire.com.br\\\/wp-content\\\/uploads\\\/2023\\\/03\\\/Programa-Minha-Casa-Minha-Vida.jpg-2-1-1.webp\"},{\"@type\":\"BreadcrumbList\",\"@id\":\"https:\\\/\\\/www.noticiasfire.com.br\\\/como-participar-do-programa-minha-casa-minha-vida-2023\\\/#breadcrumb\",\"itemListElement\":[{\"@type\":\"ListItem\",\"position\":1,\"name\":\"In\u00edcio\",\"item\":\"https:\\\/\\\/www.noticiasfire.com.br\\\/\"},{\"@type\":\"ListItem\",\"position\":2,\"name\":\"Como participar do Programa Minha Casa Minha Vida?\"}]},{\"@type\":\"WebSite\",\"@id\":\"https:\\\/\\\/www.noticiasfire.com.br\\\/#website\",\"url\":\"https:\\\/\\\/www.noticiasfire.com.br\\\/\",\"name\":\"NoticiasFire\",\"description\":\"\",\"publisher\":{\"@id\":\"https:\\\/\\\/www.noticiasfire.com.br\\\/#organization\"},\"potentialAction\":[{\"@type\":\"SearchAction\",\"target\":{\"@type\":\"EntryPoint\",\"urlTemplate\":\"https:\\\/\\\/www.noticiasfire.com.br\\\/?s={search_term_string}\"},\"query-input\":{\"@type\":\"PropertyValueSpecification\",\"valueRequired\":true,\"valueName\":\"search_term_string\"}}],\"inLanguage\":\"es\"},{\"@type\":\"Organization\",\"@id\":\"https:\\\/\\\/www.noticiasfire.com.br\\\/#organization\",\"name\":\"NoticiasFire\",\"url\":\"https:\\\/\\\/www.noticiasfire.com.br\\\/\",\"logo\":{\"@type\":\"ImageObject\",\"inLanguage\":\"es\",\"@id\":\"https:\\\/\\\/www.noticiasfire.com.br\\\/#\\\/schema\\\/logo\\\/image\\\/\",\"url\":\"https:\\\/\\\/www.noticiasfire.com.br\\\/wp-content\\\/uploads\\\/2025\\\/08\\\/cropped-Captura_de_Tela_2025-08-13_as_20.34.29__1_-removebg-preview.png\",\"contentUrl\":\"https:\\\/\\\/www.noticiasfire.com.br\\\/wp-content\\\/uploads\\\/2025\\\/08\\\/cropped-Captura_de_Tela_2025-08-13_as_20.34.29__1_-removebg-preview.png\",\"width\":748,\"height\":286,\"caption\":\"NoticiasFire\"},\"image\":{\"@id\":\"https:\\\/\\\/www.noticiasfire.com.br\\\/#\\\/schema\\\/logo\\\/image\\\/\"}},{\"@type\":\"Person\",\"@id\":\"https:\\\/\\\/www.noticiasfire.com.br\\\/#\\\/schema\\\/person\\\/6c064cf8d33f8b38900e936c385f48fd\",\"name\":\"Ivan\",\"image\":{\"@type\":\"ImageObject\",\"inLanguage\":\"es\",\"@id\":\"https:\\\/\\\/secure.gravatar.com\\\/avatar\\\/18077698a88c2ad528c924a301adab662f075719c95fb1dec6f0b51902ebf647?s=96&d=mm&r=g\",\"url\":\"https:\\\/\\\/secure.gravatar.com\\\/avatar\\\/18077698a88c2ad528c924a301adab662f075719c95fb1dec6f0b51902ebf647?s=96&d=mm&r=g\",\"contentUrl\":\"https:\\\/\\\/secure.gravatar.com\\\/avatar\\\/18077698a88c2ad528c924a301adab662f075719c95fb1dec6f0b51902ebf647?s=96&d=mm&r=g\",\"caption\":\"Ivan\"},\"url\":\"https:\\\/\\\/www.noticiasfire.com.br\\\/es\\\/author\\\/ivan\\\/\"}]}<\/script>\n<!-- \/ Yoast SEO plugin. -->","yoast_head_json":{"title":"Como participar do Programa Minha Casa Minha Vida? -","description":"Para participar do Programa Minha Casa Minha Vida 2023, \u00e9 necess\u00e1rio atender a alguns requisitos, como ter uma renda familiar dentro das...","robots":{"index":"index","follow":"follow","max-snippet":"max-snippet:-1","max-image-preview":"max-image-preview:large","max-video-preview":"max-video-preview:-1"},"canonical":"https:\/\/www.noticiasfire.com.br\/es\/como-participar-do-programa-minha-casa-minha-vida-2023\/","og_locale":"es_MX","og_type":"article","og_title":"Como participar do Programa Minha Casa Minha Vida? -","og_description":"Para participar do Programa Minha Casa Minha Vida 2023, \u00e9 necess\u00e1rio atender a alguns requisitos, como ter uma renda familiar dentro das...","og_url":"https:\/\/www.noticiasfire.com.br\/es\/como-participar-do-programa-minha-casa-minha-vida-2023\/","article_published_time":"2023-03-06T13:42:46+00:00","og_image":[{"url":"https:\/\/www.noticiasfire.com.br\/wp-content\/uploads\/2023\/03\/Programa-Minha-Casa-Minha-Vida.jpg-2-1-1.webp","type":"","width":"","height":""}],"author":"Ivan","twitter_card":"summary_large_image","twitter_misc":{"Escrito por":"Ivan","Tiempo de lectura":"4 minutos"},"schema":{"@context":"https:\/\/schema.org","@graph":[{"@type":"Article","@id":"https:\/\/www.noticiasfire.com.br\/como-participar-do-programa-minha-casa-minha-vida-2023\/#article","isPartOf":{"@id":"https:\/\/www.noticiasfire.com.br\/como-participar-do-programa-minha-casa-minha-vida-2023\/"},"author":{"name":"Ivan","@id":"https:\/\/www.noticiasfire.com.br\/#\/schema\/person\/6c064cf8d33f8b38900e936c385f48fd"},"headline":"Como participar do Programa Minha Casa Minha Vida?","datePublished":"2023-03-06T13:42:46+00:00","mainEntityOfPage":{"@id":"https:\/\/www.noticiasfire.com.br\/como-participar-do-programa-minha-casa-minha-vida-2023\/"},"wordCount":633,"commentCount":0,"publisher":{"@id":"https:\/\/www.noticiasfire.com.br\/#organization"},"image":{"@id":"https:\/\/www.noticiasfire.com.br\/como-participar-do-programa-minha-casa-minha-vida-2023\/#primaryimage"},"thumbnailUrl":"https:\/\/www.noticiasfire.com.br\/wp-content\/uploads\/2023\/03\/Programa-Minha-Casa-Minha-Vida.jpg-2-1-1.webp","articleSection":["NOT\u00cdCIAS"],"inLanguage":"es","potentialAction":[{"@type":"CommentAction","name":"Comment","target":["https:\/\/www.noticiasfire.com.br\/como-participar-do-programa-minha-casa-minha-vida-2023\/#respond"]}]},{"@type":"WebPage","@id":"https:\/\/www.noticiasfire.com.br\/como-participar-do-programa-minha-casa-minha-vida-2023\/","url":"https:\/\/www.noticiasfire.com.br\/como-participar-do-programa-minha-casa-minha-vida-2023\/","name":"Como participar do Programa Minha Casa Minha Vida? -","isPartOf":{"@id":"https:\/\/www.noticiasfire.com.br\/#website"},"primaryImageOfPage":{"@id":"https:\/\/www.noticiasfire.com.br\/como-participar-do-programa-minha-casa-minha-vida-2023\/#primaryimage"},"image":{"@id":"https:\/\/www.noticiasfire.com.br\/como-participar-do-programa-minha-casa-minha-vida-2023\/#primaryimage"},"thumbnailUrl":"https:\/\/www.noticiasfire.com.br\/wp-content\/uploads\/2023\/03\/Programa-Minha-Casa-Minha-Vida.jpg-2-1-1.webp","datePublished":"2023-03-06T13:42:46+00:00","description":"Para participar do Programa Minha Casa Minha Vida 2023, \u00e9 necess\u00e1rio atender a alguns requisitos, como ter uma renda familiar dentro das...","breadcrumb":{"@id":"https:\/\/www.noticiasfire.com.br\/como-participar-do-programa-minha-casa-minha-vida-2023\/#breadcrumb"},"inLanguage":"es","potentialAction":[{"@type":"ReadAction","target":["https:\/\/www.noticiasfire.com.br\/como-participar-do-programa-minha-casa-minha-vida-2023\/"]}]},{"@type":"ImageObject","inLanguage":"es","@id":"https:\/\/www.noticiasfire.com.br\/como-participar-do-programa-minha-casa-minha-vida-2023\/#primaryimage","url":"https:\/\/www.noticiasfire.com.br\/wp-content\/uploads\/2023\/03\/Programa-Minha-Casa-Minha-Vida.jpg-2-1-1.webp","contentUrl":"https:\/\/www.noticiasfire.com.br\/wp-content\/uploads\/2023\/03\/Programa-Minha-Casa-Minha-Vida.jpg-2-1-1.webp"},{"@type":"BreadcrumbList","@id":"https:\/\/www.noticiasfire.com.br\/como-participar-do-programa-minha-casa-minha-vida-2023\/#breadcrumb","itemListElement":[{"@type":"ListItem","position":1,"name":"In\u00edcio","item":"https:\/\/www.noticiasfire.com.br\/"},{"@type":"ListItem","position":2,"name":"Como participar do Programa Minha Casa Minha Vida?"}]},{"@type":"WebSite","@id":"https:\/\/www.noticiasfire.com.br\/#website","url":"https:\/\/www.noticiasfire.com.br\/","name":"NoticiasFire","description":"","publisher":{"@id":"https:\/\/www.noticiasfire.com.br\/#organization"},"potentialAction":[{"@type":"SearchAction","target":{"@type":"EntryPoint","urlTemplate":"https:\/\/www.noticiasfire.com.br\/?s={search_term_string}"},"query-input":{"@type":"PropertyValueSpecification","valueRequired":true,"valueName":"search_term_string"}}],"inLanguage":"es"},{"@type":"Organization","@id":"https:\/\/www.noticiasfire.com.br\/#organization","name":"NoticiasFire","url":"https:\/\/www.noticiasfire.com.br\/","logo":{"@type":"ImageObject","inLanguage":"es","@id":"https:\/\/www.noticiasfire.com.br\/#\/schema\/logo\/image\/","url":"https:\/\/www.noticiasfire.com.br\/wp-content\/uploads\/2025\/08\/cropped-Captura_de_Tela_2025-08-13_as_20.34.29__1_-removebg-preview.png","contentUrl":"https:\/\/www.noticiasfire.com.br\/wp-content\/uploads\/2025\/08\/cropped-Captura_de_Tela_2025-08-13_as_20.34.29__1_-removebg-preview.png","width":748,"height":286,"caption":"NoticiasFire"},"image":{"@id":"https:\/\/www.noticiasfire.com.br\/#\/schema\/logo\/image\/"}},{"@type":"Person","@id":"https:\/\/www.noticiasfire.com.br\/#\/schema\/person\/6c064cf8d33f8b38900e936c385f48fd","name":"Ivan","image":{"@type":"ImageObject","inLanguage":"es","@id":"https:\/\/secure.gravatar.com\/avatar\/18077698a88c2ad528c924a301adab662f075719c95fb1dec6f0b51902ebf647?s=96&d=mm&r=g","url":"https:\/\/secure.gravatar.com\/avatar\/18077698a88c2ad528c924a301adab662f075719c95fb1dec6f0b51902ebf647?s=96&d=mm&r=g","contentUrl":"https:\/\/secure.gravatar.com\/avatar\/18077698a88c2ad528c924a301adab662f075719c95fb1dec6f0b51902ebf647?s=96&d=mm&r=g","caption":"Ivan"},"url":"https:\/\/www.noticiasfire.com.br\/es\/author\/ivan\/"}]}},"_links":{"self":[{"href":"https:\/\/www.noticiasfire.com.br\/es\/wp-json\/wp\/v2\/posts\/15264","targetHints":{"allow":["GET"]}}],"collection":[{"href":"https:\/\/www.noticiasfire.com.br\/es\/wp-json\/wp\/v2\/posts"}],"about":[{"href":"https:\/\/www.noticiasfire.com.br\/es\/wp-json\/wp\/v2\/types\/post"}],"author":[{"embeddable":true,"href":"https:\/\/www.noticiasfire.com.br\/es\/wp-json\/wp\/v2\/users\/3"}],"replies":[{"embeddable":true,"href":"https:\/\/www.noticiasfire.com.br\/es\/wp-json\/wp\/v2\/comments?post=15264"}],"version-history":[{"count":0,"href":"https:\/\/www.noticiasfire.com.br\/es\/wp-json\/wp\/v2\/posts\/15264\/revisions"}],"wp:attachment":[{"href":"https:\/\/www.noticiasfire.com.br\/es\/wp-json\/wp\/v2\/media?parent=15264"}],"wp:term":[{"taxonomy":"category","embeddable":true,"href":"https:\/\/www.noticiasfire.com.br\/es\/wp-json\/wp\/v2\/categories?post=15264"},{"taxonomy":"post_tag","embeddable":true,"href":"https:\/\/www.noticiasfire.com.br\/es\/wp-json\/wp\/v2\/tags?post=15264"}],"curies":[{"name":"wp","href":"https:\/\/api.w.org\/{rel}","templated":true}]}}