{"id":17298,"date":"2023-05-07T17:40:46","date_gmt":"2023-05-07T20:40:46","guid":{"rendered":"https:\/\/www.noticiasfire.com.br\/?p=17298"},"modified":"2023-05-07T17:40:46","modified_gmt":"2023-05-07T20:40:46","slug":"leilao-de-veiculos-usados-em-2023","status":"publish","type":"post","link":"https:\/\/www.noticiasfire.com.br\/es\/leilao-de-veiculos-usados-em-2023\/","title":{"rendered":"Subasta de coches usados en 2023\u00a0"},"content":{"rendered":"<p>Com o intuito de adquirir um ve\u00edculo novo, muitas pessoas se deparam com o elevado custo e, consequentemente, n\u00e3o conseguem compr\u00e1-lo. Entretanto, uma alternativa vi\u00e1vel \u00e9 o&nbsp;<strong>leil\u00e3o de ve\u00edculos usados<\/strong>, o qual permite adquirir um ve\u00edculo em \u00f3timas condi\u00e7\u00f5es por um valor inferior ao praticado no mercado.&nbsp;<\/p>\n\n\n\n<p>O <strong>leil\u00e3o de ve\u00edculos usados<\/strong> tem a venda dos carros por um valor m\u00ednimo definido pela organiza\u00e7\u00e3o do evento, podendo ser consideravelmente mais baixo do que o valor de mercado. Al\u00e9m disso, frequentemente os carros colocados \u00e0 venda est\u00e3o em boas condi\u00e7\u00f5es de conserva\u00e7\u00e3o, o que pode favorecer o comprador.\u00a0<\/p>\n\n\n\n<p>Se voc\u00ea est\u00e1 em busca de um carro novo com um pre\u00e7o abaixo do mercado, este artigo \u00e9 perfeito para voc\u00ea. Acompanhe com aten\u00e7\u00e3o todas as informa\u00e7\u00f5es apresentadas para aprender como participar de um leil\u00e3o de carros usados em sua regi\u00e3o e adquirir um ve\u00edculo excelente por um pre\u00e7o ainda melhor.&nbsp;<\/p>\n\n\n\n<figure class=\"wp-block-image size-full is-resized\"><img fetchpriority=\"high\" decoding=\"async\" src=\"https:\/\/www.noticiasfire.com.br\/wp-content\/uploads\/2023\/05\/leilao-carro-2-1-1.webp\" alt=\"Leil\u00e3o de Ve\u00edculos Usados\" class=\"wp-image-17299\" width=\"1069\" height=\"750\"\/><figcaption class=\"wp-element-caption\">Leil\u00e3o de Ve\u00edculos Usados (imagem Google)<\/figcaption><\/figure>\n\n\n\n<h2 class=\"wp-block-heading\">Leil\u00f5es de Carros Usados&nbsp;<\/h2>\n\n\n\n<p>Com o avan\u00e7o da tecnologia, os leil\u00f5es de carros online est\u00e3o se tornando cada vez mais populares no dia a dia das pessoas. No entanto, com o aumento desses eventos, tamb\u00e9m surgiram v\u00e1rias fraudes. Por isso, elaboramos este artigo para auxili\u00e1-lo a encontrar os sites de leil\u00e3o mais confi\u00e1veis e fornecer algumas dicas de seguran\u00e7a. <\/p>\n\n\n\n<p>Muitas pessoas inocentes t\u00eam sido enganadas por meio de sites falsos que oferecem pre\u00e7os ou descontos irresist\u00edveis para atrair compradores. Embora muitos desses sites sejam derrubados diariamente, eles sempre conseguem retornar e prejudicar mais pessoas.\u00a0<\/p>\n\n\n\n<p>\u00c9 crucial estar atento a todos os detalhes e evitar cair em tentativas de engano por parte de terceiros, tanto para si como para os seus conhecidos. Os golpistas est\u00e3o cientes de que os compradores que buscam leil\u00f5es de carros est\u00e3o \u00e0 procura dos melhores pre\u00e7os, o que torna mais f\u00e1cil para eles aplicarem fraudes, pois algumas pessoas n\u00e3o realizam uma pesquisa adequada sobre o leil\u00e3o. Devemos sempre ter cautela com ofertas irresist\u00edveis, pois muitas vezes s\u00e3o provenientes de empresas fict\u00edcias e sites falsos.&nbsp;<\/p>\n\n\n\n<h2 class=\"wp-block-heading\">Leil\u00e3o da Receita Federal <\/h2>\n\n\n\n<p>Outro leil\u00e3o bastante popular no Brasil \u00e9 o realizado pela <a href=\"https:\/\/www.gov.br\/receitafederal\/pt-br\/acesso-a-informacao\/acoes-e-programas\/mercadorias-apreendidas\/leilao\" target=\"_blank\" rel=\"noreferrer noopener\">Receita Federal<\/a>, onde \u00e9 poss\u00edvel encontrar ve\u00edculos em excelente estado de conserva\u00e7\u00e3o a pre\u00e7os vantajosos. Esse leil\u00e3o ocorre em diversos estados do pa\u00eds, e voc\u00ea pode verificar as informa\u00e7\u00f5es mais recentes.&nbsp;&nbsp;<\/p>\n\n\n\n<p>Al\u00e9m de carros, o leil\u00e3o da Receita Federal oferece tamb\u00e9m motos, terrenos, utilit\u00e1rios e outros itens. Para acessar o site oficial e conferir os leil\u00f5es mais recentes, clique aqui e veja como se cadastrar para participar.&nbsp;<\/p>\n\n\n\n<h2 class=\"wp-block-heading\">Dicas Importantes para Leil\u00f5es na internet<\/h2>\n\n\n\n<p>Antes de tudo, \u00e9 essencial estar atento a certos aspectos ao participar de um leil\u00e3o online, a fim de evitar problemas futuros. \u00c9 fundamental ler cuidadosamente o edital do leil\u00e3o, que cont\u00e9m informa\u00e7\u00f5es sobre as regras, a empresa respons\u00e1vel e o leiloeiro designado. Esses detalhes permitem descartar rapidamente leil\u00f5es que possam ser duvidosos.&nbsp;<\/p>\n\n\n\n<p>\u00c9 poss\u00edvel encontrar diversos carros em boas condi\u00e7\u00f5es nos leil\u00f5es online, mas \u00e9 necess\u00e1rio pesquisar informa\u00e7\u00f5es sobre o leiloeiro e a empresa respons\u00e1vel para garantir a seguran\u00e7a da op\u00e7\u00e3o escolhida. Caso o leiloeiro esteja associado a outra empresa ou apresente alguma liga\u00e7\u00e3o suspeita, isso pode indicar que o site n\u00e3o \u00e9 confi\u00e1vel. Se poss\u00edvel, \u00e9 recomend\u00e1vel visitar a sede da empresa ou solicitar uma chamada de v\u00eddeo para evitar problemas.&nbsp;<\/p>\n\n\n\n<p>Para evitar fraudes, \u00e9 fundamental estar atento \u00e0s imagens apresentadas no leil\u00e3o, pois se forem apenas ilustrativas, isso pode indicar que os produtos n\u00e3o s\u00e3o reais. Al\u00e9m disso, \u00e9 importante observar que algumas p\u00e1ginas falsas podem exibir leil\u00f5es de ve\u00edculos com v\u00e1rios lances ativos, enquanto em leil\u00f5es leg\u00edtimos, esses lances se tornam mais frequentes pr\u00f3ximo ao t\u00e9rmino do tempo. &nbsp;<\/p>\n\n\n\n<p>Tamb\u00e9m \u00e9 poss\u00edvel encontrar leil\u00f5es sem nenhum lance ativo. \u00c9 necess\u00e1rio ter cuidado especial com leil\u00f5es que oferecem pre\u00e7os muito baixos, pois valores significativamente abaixo do padr\u00e3o podem ser um ind\u00edcio de fraude. Portanto, \u00e9 crucial exercer cautela ao dar lances, a fim de evitar preju\u00edzos financeiros.&nbsp;<\/p>\n\n\n\n<h2 class=\"wp-block-heading\">Melhores Sites de Leil\u00e3o de Carros usados<\/h2>\n\n\n\n<p>H\u00e1 diversos sites confi\u00e1veis de leil\u00e3o online de carros e motos, por\u00e9m \u00e9 fundamental realizar uma pesquisa antes de escolher um. Alguns dos sites mais renomados e bem avaliados s\u00e3o o Freitas Leil\u00f5es, o Sodr\u00e9 Santoro, o Leil\u00e3o VIP e o Mega Leil\u00f5es. &nbsp;<\/p>\n\n\n\n<p>Essas plataformas possuem uma reputa\u00e7\u00e3o positiva e oferecem uma ampla variedade de produtos em leil\u00e3o, que incluem carros, motos, caminh\u00f5es e equipamentos industriais. No entanto, \u00e9 importante sempre verificar o edital do leil\u00e3o, as informa\u00e7\u00f5es sobre a empresa respons\u00e1vel e o leiloeiro, al\u00e9m de observar atentamente as fotos e descri\u00e7\u00f5es dos produtos antes de realizar um lance.&nbsp;<\/p>\n\n\n\n<h2 class=\"wp-block-heading\">Em conclus\u00e3o<\/h2>\n\n\n\n<p>Em suma, a compra de ve\u00edculos em leil\u00f5es pode ser uma \u00f3tima alternativa para quem deseja economizar na aquisi\u00e7\u00e3o de um carro. Contudo, \u00e9 essencial ficar atento aos sites de leil\u00f5es nos quais voc\u00ea busca informa\u00e7\u00f5es, bem como \u00e0s condi\u00e7\u00f5es do ve\u00edculo e \u00e0s regras do leil\u00e3o, a fim de evitar poss\u00edveis problemas no futuro. Ademais, \u00e9 importante realizar uma pesquisa e escolher um leiloeiro confi\u00e1vel e renomado no mercado, garantindo, assim, uma transa\u00e7\u00e3o segura e transparente. Com cautela e planejamento, \u00e9 poss\u00edvel fazer um excelente neg\u00f3cio em um leil\u00e3o de carros.&nbsp;<\/p>","protected":false},"excerpt":{"rendered":"<p>Com o intuito de adquirir um ve\u00edculo novo, muitas pessoas se deparam com o elevado custo e, consequentemente, n\u00e3o conseguem compr\u00e1-lo. Entretanto, uma alternativa vi\u00e1vel \u00e9 o&nbsp;leil\u00e3o de ve\u00edculos usados, o qual permite adquirir um ve\u00edculo em \u00f3timas condi\u00e7\u00f5es por um valor inferior ao praticado no mercado.&nbsp; O leil\u00e3o de ve\u00edculos usados tem a venda &#8230; <a title=\"Subasta de coches usados en 2023\u00a0\" class=\"read-more\" href=\"https:\/\/www.noticiasfire.com.br\/es\/leilao-de-veiculos-usados-em-2023\/\" aria-label=\"Leer m\u00e1s sobre Leil\u00e3o de Ve\u00edculos Usados em 2023\u00a0\">Leer m\u00e1s<\/a><\/p>","protected":false},"author":3,"featured_media":30017,"comment_status":"open","ping_status":"open","sticky":false,"template":"","format":"standard","meta":{"footnotes":""},"categories":[44],"tags":[],"class_list":["post-17298","post","type-post","status-publish","format-standard","has-post-thumbnail","hentry","category-noticias"],"yoast_head":"<!-- This site is optimized with the Yoast SEO plugin v27.4 - https:\/\/yoast.com\/product\/yoast-seo-wordpress\/ -->\n<title>Leil\u00e3o de Ve\u00edculos Usados em 2023\u00a0 -<\/title>\n<meta name=\"description\" content=\"Uma alternativa vi\u00e1vel \u00e9 o\u00a0leil\u00e3o de ve\u00edculos usados, o qual permite adquirir um ve\u00edculo em \u00f3timas condi\u00e7\u00f5es por um valor inferior...\" \/>\n<meta name=\"robots\" content=\"index, follow, max-snippet:-1, max-image-preview:large, max-video-preview:-1\" \/>\n<link rel=\"canonical\" href=\"https:\/\/www.noticiasfire.com.br\/es\/leilao-de-veiculos-usados-em-2023\/\" \/>\n<meta property=\"og:locale\" content=\"es_MX\" \/>\n<meta property=\"og:type\" content=\"article\" \/>\n<meta property=\"og:title\" content=\"Leil\u00e3o de Ve\u00edculos Usados em 2023\u00a0 -\" \/>\n<meta property=\"og:description\" content=\"Uma alternativa vi\u00e1vel \u00e9 o\u00a0leil\u00e3o de ve\u00edculos usados, o qual permite adquirir um ve\u00edculo em \u00f3timas condi\u00e7\u00f5es por um valor inferior...\" \/>\n<meta property=\"og:url\" content=\"https:\/\/www.noticiasfire.com.br\/es\/leilao-de-veiculos-usados-em-2023\/\" \/>\n<meta property=\"article:published_time\" content=\"2023-05-07T20:40:46+00:00\" \/>\n<meta property=\"og:image\" content=\"https:\/\/www.noticiasfire.com.br\/wp-content\/uploads\/2023\/05\/leilao-carro-2.webp\" \/>\n\t<meta property=\"og:image:width\" content=\"600\" \/>\n\t<meta property=\"og:image:height\" content=\"400\" \/>\n\t<meta property=\"og:image:type\" content=\"image\/webp\" \/>\n<meta name=\"author\" content=\"Ivan\" \/>\n<meta name=\"twitter:card\" content=\"summary_large_image\" \/>\n<meta name=\"twitter:label1\" content=\"Escrito por\" \/>\n\t<meta name=\"twitter:data1\" content=\"Ivan\" \/>\n\t<meta name=\"twitter:label2\" content=\"Tiempo de lectura\" \/>\n\t<meta name=\"twitter:data2\" content=\"5 minutos\" \/>\n<script type=\"application\/ld+json\" class=\"yoast-schema-graph\">{\"@context\":\"https:\\\/\\\/schema.org\",\"@graph\":[{\"@type\":\"Article\",\"@id\":\"https:\\\/\\\/www.noticiasfire.com.br\\\/leilao-de-veiculos-usados-em-2023\\\/#article\",\"isPartOf\":{\"@id\":\"https:\\\/\\\/www.noticiasfire.com.br\\\/leilao-de-veiculos-usados-em-2023\\\/\"},\"author\":{\"name\":\"Ivan\",\"@id\":\"https:\\\/\\\/www.noticiasfire.com.br\\\/#\\\/schema\\\/person\\\/6c064cf8d33f8b38900e936c385f48fd\"},\"headline\":\"Leil\u00e3o de Ve\u00edculos Usados em 2023\u00a0\",\"datePublished\":\"2023-05-07T20:40:46+00:00\",\"mainEntityOfPage\":{\"@id\":\"https:\\\/\\\/www.noticiasfire.com.br\\\/leilao-de-veiculos-usados-em-2023\\\/\"},\"wordCount\":984,\"commentCount\":0,\"publisher\":{\"@id\":\"https:\\\/\\\/www.noticiasfire.com.br\\\/#organization\"},\"image\":{\"@id\":\"https:\\\/\\\/www.noticiasfire.com.br\\\/leilao-de-veiculos-usados-em-2023\\\/#primaryimage\"},\"thumbnailUrl\":\"https:\\\/\\\/www.noticiasfire.com.br\\\/wp-content\\\/uploads\\\/2023\\\/05\\\/leilao-carro-2.webp\",\"articleSection\":[\"NOT\u00cdCIAS\"],\"inLanguage\":\"es\",\"potentialAction\":[{\"@type\":\"CommentAction\",\"name\":\"Comment\",\"target\":[\"https:\\\/\\\/www.noticiasfire.com.br\\\/leilao-de-veiculos-usados-em-2023\\\/#respond\"]}]},{\"@type\":\"WebPage\",\"@id\":\"https:\\\/\\\/www.noticiasfire.com.br\\\/leilao-de-veiculos-usados-em-2023\\\/\",\"url\":\"https:\\\/\\\/www.noticiasfire.com.br\\\/leilao-de-veiculos-usados-em-2023\\\/\",\"name\":\"Leil\u00e3o de Ve\u00edculos Usados em 2023\u00a0 -\",\"isPartOf\":{\"@id\":\"https:\\\/\\\/www.noticiasfire.com.br\\\/#website\"},\"primaryImageOfPage\":{\"@id\":\"https:\\\/\\\/www.noticiasfire.com.br\\\/leilao-de-veiculos-usados-em-2023\\\/#primaryimage\"},\"image\":{\"@id\":\"https:\\\/\\\/www.noticiasfire.com.br\\\/leilao-de-veiculos-usados-em-2023\\\/#primaryimage\"},\"thumbnailUrl\":\"https:\\\/\\\/www.noticiasfire.com.br\\\/wp-content\\\/uploads\\\/2023\\\/05\\\/leilao-carro-2.webp\",\"datePublished\":\"2023-05-07T20:40:46+00:00\",\"description\":\"Uma alternativa vi\u00e1vel \u00e9 o\u00a0leil\u00e3o de ve\u00edculos usados, o qual permite adquirir um ve\u00edculo em \u00f3timas condi\u00e7\u00f5es por um valor inferior...\",\"breadcrumb\":{\"@id\":\"https:\\\/\\\/www.noticiasfire.com.br\\\/leilao-de-veiculos-usados-em-2023\\\/#breadcrumb\"},\"inLanguage\":\"es\",\"potentialAction\":[{\"@type\":\"ReadAction\",\"target\":[\"https:\\\/\\\/www.noticiasfire.com.br\\\/leilao-de-veiculos-usados-em-2023\\\/\"]}]},{\"@type\":\"ImageObject\",\"inLanguage\":\"es\",\"@id\":\"https:\\\/\\\/www.noticiasfire.com.br\\\/leilao-de-veiculos-usados-em-2023\\\/#primaryimage\",\"url\":\"https:\\\/\\\/www.noticiasfire.com.br\\\/wp-content\\\/uploads\\\/2023\\\/05\\\/leilao-carro-2.webp\",\"contentUrl\":\"https:\\\/\\\/www.noticiasfire.com.br\\\/wp-content\\\/uploads\\\/2023\\\/05\\\/leilao-carro-2.webp\",\"width\":600,\"height\":400,\"caption\":\"Leil\u00e3o de Ve\u00edculos Usados (imagem Google)\"},{\"@type\":\"BreadcrumbList\",\"@id\":\"https:\\\/\\\/www.noticiasfire.com.br\\\/leilao-de-veiculos-usados-em-2023\\\/#breadcrumb\",\"itemListElement\":[{\"@type\":\"ListItem\",\"position\":1,\"name\":\"In\u00edcio\",\"item\":\"https:\\\/\\\/www.noticiasfire.com.br\\\/\"},{\"@type\":\"ListItem\",\"position\":2,\"name\":\"Leil\u00e3o de Ve\u00edculos Usados em 2023\u00a0\"}]},{\"@type\":\"WebSite\",\"@id\":\"https:\\\/\\\/www.noticiasfire.com.br\\\/#website\",\"url\":\"https:\\\/\\\/www.noticiasfire.com.br\\\/\",\"name\":\"NoticiasFire\",\"description\":\"\",\"publisher\":{\"@id\":\"https:\\\/\\\/www.noticiasfire.com.br\\\/#organization\"},\"potentialAction\":[{\"@type\":\"SearchAction\",\"target\":{\"@type\":\"EntryPoint\",\"urlTemplate\":\"https:\\\/\\\/www.noticiasfire.com.br\\\/?s={search_term_string}\"},\"query-input\":{\"@type\":\"PropertyValueSpecification\",\"valueRequired\":true,\"valueName\":\"search_term_string\"}}],\"inLanguage\":\"es\"},{\"@type\":\"Organization\",\"@id\":\"https:\\\/\\\/www.noticiasfire.com.br\\\/#organization\",\"name\":\"NoticiasFire\",\"url\":\"https:\\\/\\\/www.noticiasfire.com.br\\\/\",\"logo\":{\"@type\":\"ImageObject\",\"inLanguage\":\"es\",\"@id\":\"https:\\\/\\\/www.noticiasfire.com.br\\\/#\\\/schema\\\/logo\\\/image\\\/\",\"url\":\"https:\\\/\\\/www.noticiasfire.com.br\\\/wp-content\\\/uploads\\\/2025\\\/08\\\/cropped-Captura_de_Tela_2025-08-13_as_20.34.29__1_-removebg-preview.png\",\"contentUrl\":\"https:\\\/\\\/www.noticiasfire.com.br\\\/wp-content\\\/uploads\\\/2025\\\/08\\\/cropped-Captura_de_Tela_2025-08-13_as_20.34.29__1_-removebg-preview.png\",\"width\":748,\"height\":286,\"caption\":\"NoticiasFire\"},\"image\":{\"@id\":\"https:\\\/\\\/www.noticiasfire.com.br\\\/#\\\/schema\\\/logo\\\/image\\\/\"}},{\"@type\":\"Person\",\"@id\":\"https:\\\/\\\/www.noticiasfire.com.br\\\/#\\\/schema\\\/person\\\/6c064cf8d33f8b38900e936c385f48fd\",\"name\":\"Ivan\",\"image\":{\"@type\":\"ImageObject\",\"inLanguage\":\"es\",\"@id\":\"https:\\\/\\\/secure.gravatar.com\\\/avatar\\\/18077698a88c2ad528c924a301adab662f075719c95fb1dec6f0b51902ebf647?s=96&d=mm&r=g\",\"url\":\"https:\\\/\\\/secure.gravatar.com\\\/avatar\\\/18077698a88c2ad528c924a301adab662f075719c95fb1dec6f0b51902ebf647?s=96&d=mm&r=g\",\"contentUrl\":\"https:\\\/\\\/secure.gravatar.com\\\/avatar\\\/18077698a88c2ad528c924a301adab662f075719c95fb1dec6f0b51902ebf647?s=96&d=mm&r=g\",\"caption\":\"Ivan\"},\"url\":\"https:\\\/\\\/www.noticiasfire.com.br\\\/es\\\/author\\\/ivan\\\/\"}]}<\/script>\n<!-- \/ Yoast SEO plugin. -->","yoast_head_json":{"title":"Leil\u00e3o de Ve\u00edculos Usados em 2023\u00a0 -","description":"Uma alternativa vi\u00e1vel \u00e9 o\u00a0leil\u00e3o de ve\u00edculos usados, o qual permite adquirir um ve\u00edculo em \u00f3timas condi\u00e7\u00f5es por um valor inferior...","robots":{"index":"index","follow":"follow","max-snippet":"max-snippet:-1","max-image-preview":"max-image-preview:large","max-video-preview":"max-video-preview:-1"},"canonical":"https:\/\/www.noticiasfire.com.br\/es\/leilao-de-veiculos-usados-em-2023\/","og_locale":"es_MX","og_type":"article","og_title":"Leil\u00e3o de Ve\u00edculos Usados em 2023\u00a0 -","og_description":"Uma alternativa vi\u00e1vel \u00e9 o\u00a0leil\u00e3o de ve\u00edculos usados, o qual permite adquirir um ve\u00edculo em \u00f3timas condi\u00e7\u00f5es por um valor inferior...","og_url":"https:\/\/www.noticiasfire.com.br\/es\/leilao-de-veiculos-usados-em-2023\/","article_published_time":"2023-05-07T20:40:46+00:00","og_image":[{"width":600,"height":400,"url":"https:\/\/www.noticiasfire.com.br\/wp-content\/uploads\/2023\/05\/leilao-carro-2.webp","type":"image\/webp"}],"author":"Ivan","twitter_card":"summary_large_image","twitter_misc":{"Escrito por":"Ivan","Tiempo de lectura":"5 minutos"},"schema":{"@context":"https:\/\/schema.org","@graph":[{"@type":"Article","@id":"https:\/\/www.noticiasfire.com.br\/leilao-de-veiculos-usados-em-2023\/#article","isPartOf":{"@id":"https:\/\/www.noticiasfire.com.br\/leilao-de-veiculos-usados-em-2023\/"},"author":{"name":"Ivan","@id":"https:\/\/www.noticiasfire.com.br\/#\/schema\/person\/6c064cf8d33f8b38900e936c385f48fd"},"headline":"Leil\u00e3o de Ve\u00edculos Usados em 2023\u00a0","datePublished":"2023-05-07T20:40:46+00:00","mainEntityOfPage":{"@id":"https:\/\/www.noticiasfire.com.br\/leilao-de-veiculos-usados-em-2023\/"},"wordCount":984,"commentCount":0,"publisher":{"@id":"https:\/\/www.noticiasfire.com.br\/#organization"},"image":{"@id":"https:\/\/www.noticiasfire.com.br\/leilao-de-veiculos-usados-em-2023\/#primaryimage"},"thumbnailUrl":"https:\/\/www.noticiasfire.com.br\/wp-content\/uploads\/2023\/05\/leilao-carro-2.webp","articleSection":["NOT\u00cdCIAS"],"inLanguage":"es","potentialAction":[{"@type":"CommentAction","name":"Comment","target":["https:\/\/www.noticiasfire.com.br\/leilao-de-veiculos-usados-em-2023\/#respond"]}]},{"@type":"WebPage","@id":"https:\/\/www.noticiasfire.com.br\/leilao-de-veiculos-usados-em-2023\/","url":"https:\/\/www.noticiasfire.com.br\/leilao-de-veiculos-usados-em-2023\/","name":"Leil\u00e3o de Ve\u00edculos Usados em 2023\u00a0 -","isPartOf":{"@id":"https:\/\/www.noticiasfire.com.br\/#website"},"primaryImageOfPage":{"@id":"https:\/\/www.noticiasfire.com.br\/leilao-de-veiculos-usados-em-2023\/#primaryimage"},"image":{"@id":"https:\/\/www.noticiasfire.com.br\/leilao-de-veiculos-usados-em-2023\/#primaryimage"},"thumbnailUrl":"https:\/\/www.noticiasfire.com.br\/wp-content\/uploads\/2023\/05\/leilao-carro-2.webp","datePublished":"2023-05-07T20:40:46+00:00","description":"Uma alternativa vi\u00e1vel \u00e9 o\u00a0leil\u00e3o de ve\u00edculos usados, o qual permite adquirir um ve\u00edculo em \u00f3timas condi\u00e7\u00f5es por um valor inferior...","breadcrumb":{"@id":"https:\/\/www.noticiasfire.com.br\/leilao-de-veiculos-usados-em-2023\/#breadcrumb"},"inLanguage":"es","potentialAction":[{"@type":"ReadAction","target":["https:\/\/www.noticiasfire.com.br\/leilao-de-veiculos-usados-em-2023\/"]}]},{"@type":"ImageObject","inLanguage":"es","@id":"https:\/\/www.noticiasfire.com.br\/leilao-de-veiculos-usados-em-2023\/#primaryimage","url":"https:\/\/www.noticiasfire.com.br\/wp-content\/uploads\/2023\/05\/leilao-carro-2.webp","contentUrl":"https:\/\/www.noticiasfire.com.br\/wp-content\/uploads\/2023\/05\/leilao-carro-2.webp","width":600,"height":400,"caption":"Leil\u00e3o de Ve\u00edculos Usados (imagem Google)"},{"@type":"BreadcrumbList","@id":"https:\/\/www.noticiasfire.com.br\/leilao-de-veiculos-usados-em-2023\/#breadcrumb","itemListElement":[{"@type":"ListItem","position":1,"name":"In\u00edcio","item":"https:\/\/www.noticiasfire.com.br\/"},{"@type":"ListItem","position":2,"name":"Leil\u00e3o de Ve\u00edculos Usados em 2023\u00a0"}]},{"@type":"WebSite","@id":"https:\/\/www.noticiasfire.com.br\/#website","url":"https:\/\/www.noticiasfire.com.br\/","name":"NoticiasFire","description":"","publisher":{"@id":"https:\/\/www.noticiasfire.com.br\/#organization"},"potentialAction":[{"@type":"SearchAction","target":{"@type":"EntryPoint","urlTemplate":"https:\/\/www.noticiasfire.com.br\/?s={search_term_string}"},"query-input":{"@type":"PropertyValueSpecification","valueRequired":true,"valueName":"search_term_string"}}],"inLanguage":"es"},{"@type":"Organization","@id":"https:\/\/www.noticiasfire.com.br\/#organization","name":"NoticiasFire","url":"https:\/\/www.noticiasfire.com.br\/","logo":{"@type":"ImageObject","inLanguage":"es","@id":"https:\/\/www.noticiasfire.com.br\/#\/schema\/logo\/image\/","url":"https:\/\/www.noticiasfire.com.br\/wp-content\/uploads\/2025\/08\/cropped-Captura_de_Tela_2025-08-13_as_20.34.29__1_-removebg-preview.png","contentUrl":"https:\/\/www.noticiasfire.com.br\/wp-content\/uploads\/2025\/08\/cropped-Captura_de_Tela_2025-08-13_as_20.34.29__1_-removebg-preview.png","width":748,"height":286,"caption":"NoticiasFire"},"image":{"@id":"https:\/\/www.noticiasfire.com.br\/#\/schema\/logo\/image\/"}},{"@type":"Person","@id":"https:\/\/www.noticiasfire.com.br\/#\/schema\/person\/6c064cf8d33f8b38900e936c385f48fd","name":"Ivan","image":{"@type":"ImageObject","inLanguage":"es","@id":"https:\/\/secure.gravatar.com\/avatar\/18077698a88c2ad528c924a301adab662f075719c95fb1dec6f0b51902ebf647?s=96&d=mm&r=g","url":"https:\/\/secure.gravatar.com\/avatar\/18077698a88c2ad528c924a301adab662f075719c95fb1dec6f0b51902ebf647?s=96&d=mm&r=g","contentUrl":"https:\/\/secure.gravatar.com\/avatar\/18077698a88c2ad528c924a301adab662f075719c95fb1dec6f0b51902ebf647?s=96&d=mm&r=g","caption":"Ivan"},"url":"https:\/\/www.noticiasfire.com.br\/es\/author\/ivan\/"}]}},"_links":{"self":[{"href":"https:\/\/www.noticiasfire.com.br\/es\/wp-json\/wp\/v2\/posts\/17298","targetHints":{"allow":["GET"]}}],"collection":[{"href":"https:\/\/www.noticiasfire.com.br\/es\/wp-json\/wp\/v2\/posts"}],"about":[{"href":"https:\/\/www.noticiasfire.com.br\/es\/wp-json\/wp\/v2\/types\/post"}],"author":[{"embeddable":true,"href":"https:\/\/www.noticiasfire.com.br\/es\/wp-json\/wp\/v2\/users\/3"}],"replies":[{"embeddable":true,"href":"https:\/\/www.noticiasfire.com.br\/es\/wp-json\/wp\/v2\/comments?post=17298"}],"version-history":[{"count":0,"href":"https:\/\/www.noticiasfire.com.br\/es\/wp-json\/wp\/v2\/posts\/17298\/revisions"}],"wp:featuredmedia":[{"embeddable":true,"href":"https:\/\/www.noticiasfire.com.br\/es\/wp-json\/wp\/v2\/media\/30017"}],"wp:attachment":[{"href":"https:\/\/www.noticiasfire.com.br\/es\/wp-json\/wp\/v2\/media?parent=17298"}],"wp:term":[{"taxonomy":"category","embeddable":true,"href":"https:\/\/www.noticiasfire.com.br\/es\/wp-json\/wp\/v2\/categories?post=17298"},{"taxonomy":"post_tag","embeddable":true,"href":"https:\/\/www.noticiasfire.com.br\/es\/wp-json\/wp\/v2\/tags?post=17298"}],"curies":[{"name":"wp","href":"https:\/\/api.w.org\/{rel}","templated":true}]}}