{"id":19112,"date":"2023-07-27T16:51:24","date_gmt":"2023-07-27T19:51:24","guid":{"rendered":"https:\/\/www.noticiasfire.com.br\/?p=19112"},"modified":"2023-07-27T16:51:24","modified_gmt":"2023-07-27T19:51:24","slug":"quando-e-possivel-sacar-o-fgts-em-2023","status":"publish","type":"post","link":"https:\/\/www.noticiasfire.com.br\/es\/quando-e-possivel-sacar-o-fgts-em-2023\/","title":{"rendered":"\u00bfCu\u00e1ndo puede retirar su FGTS en 2023?"},"content":{"rendered":"<div data-elementor-type=\"wp-post\" data-elementor-id=\"19112\" class=\"elementor elementor-19112\" data-elementor-post-type=\"post\">\n\t\t\t\t\t\t<section class=\"elementor-section elementor-top-section elementor-element elementor-element-64ff749b elementor-section-boxed elementor-section-height-default elementor-section-height-default\" data-id=\"64ff749b\" data-element_type=\"section\" data-e-type=\"section\">\n\t\t\t\t\t\t<div class=\"elementor-container elementor-column-gap-default\">\n\t\t\t\t\t<div class=\"elementor-column elementor-col-100 elementor-top-column elementor-element elementor-element-6bf8db93\" data-id=\"6bf8db93\" data-element_type=\"column\" data-e-type=\"column\">\n\t\t\t<div class=\"elementor-widget-wrap elementor-element-populated\">\n\t\t\t\t\t\t<div class=\"elementor-element elementor-element-7a2a9172 elementor-widget elementor-widget-text-editor\" data-id=\"7a2a9172\" data-element_type=\"widget\" data-e-type=\"widget\" data-widget_type=\"text-editor.default\">\n\t\t\t\t\t\t\t\t\t\n<p>El Fondo de Indemnizaci\u00f3n por Despido (FGTS) es un fondo creado por el Gobierno Federal para proteger a los trabajadores en caso de despido improcedente, jubilaci\u00f3n, fallecimiento o necesidades urgentes. Los trabajadores que tienen cuentas vinculadas al FGTS pueden retirar su dinero en determinadas situaciones espec\u00edficas, como:<\/p>\n\n\n\n<ul class=\"wp-block-list\">\n<li style=\"font-size:17px\">Despido improcedente;<\/li>\n\n\n\n<li style=\"font-size:17px\">Rescisi\u00f3n del contrato por culpa del empresario;<\/li>\n\n\n\n<li style=\"font-size:17px\">Muerte del trabajador;<\/li>\n\n\n\n<li style=\"font-size:17px\">Jubilaci\u00f3n;<\/li>\n\n\n\n<li style=\"font-size:17px\">Propiedad de la vivienda;<\/li>\n\n\n\n<li style=\"font-size:17px\">Construir su propia casa;<\/li>\n\n\n\n<li style=\"font-size:17px\">Educar al ni\u00f1o;<\/li>\n\n\n\n<li style=\"font-size:17px\">Enfermedad grave del trabajador o de la persona a su cargo;<\/li>\n\n\n\n<li style=\"font-size:17px\">Calamidad p\u00fablica;<\/li>\n\n\n\n<li style=\"font-size:17px\">Otros casos previstos por la ley.<\/li>\n<\/ul>\n\n\n\n<p>En 2023, podr\u00e1n retirar dinero del FGTS los trabajadores que hayan tenido cuentas vinculadas al fondo durante al menos 3 a\u00f1os. El importe m\u00e1ximo que se puede retirar es de 1.000,00 R$, pero puede ser superior en funci\u00f3n del tiempo que haya trabajado y del saldo de su cuenta del FGTS.<\/p>\n\n\n\n<p>La retirada del FGTS puede hacerse por Internet o en persona. Para retirar el FGTS en l\u00ednea, el trabajador debe acceder al sitio web de la Caixa Econ\u00f4mica Federal e iniciar sesi\u00f3n con su CPF y contrase\u00f1a. A continuaci\u00f3n, el trabajador debe hacer clic en la opci\u00f3n \"Retiro del FGTS\" y seguir las instrucciones.<\/p>\n\n\n\n<p>Para realizar la retirada en persona, el trabajador debe acudir a una oficina de la Caixa Econ\u00f4mica Federal y presentar los siguientes documentos:<\/p>\n\n\n\n<ul class=\"wp-block-list\">\n<li style=\"font-size:17px\">Documento de identificaci\u00f3n (RG o CNH);<\/li>\n\n\n\n<li style=\"font-size:17px\">Tarjeta laboral;<\/li>\n\n\n\n<li style=\"font-size:17px\">N\u00famero PIS\/PASEP;<\/li>\n\n\n\n<li style=\"font-size:17px\">Prueba de residencia.<\/li>\n<\/ul>\n\n\n\n<p>Retirar el FGTS es un derecho del trabajador y debe hacerse siempre que sea necesario. Si tiene alguna duda, puede ponerse en contacto con la Caixa Econ\u00f4mica Federal en el 0800 726 0200.<\/p>\n\n\n\n<h2 class=\"wp-block-heading\"><strong>\u00bfC\u00f3mo funciona la retirada del FGTS?<\/strong><\/h2>\n\n\n\n<p>El FGTS puede retirarse de dos maneras:<\/p>\n\n\n\n<ul class=\"wp-block-list\">\n<li style=\"font-size:17px\"><strong>Retirada por aniversario:<\/strong> los trabajadores pueden retirar una parte de su saldo del FGTS cada a\u00f1o, en el mes de su cumplea\u00f1os. El importe de la retirada se calcula en funci\u00f3n del saldo de la cuenta del FGTS y de la antig\u00fcedad del trabajador.<\/li>\n\n\n\n<li style=\"font-size:17px\"><strong>Retirada por necesidad:<\/strong> Los trabajadores pueden retirar su saldo del FGTS en caso de despido improcedente, jubilaci\u00f3n, fallecimiento, necesidades urgentes, etc. El importe de la retirada se calcula en funci\u00f3n de la situaci\u00f3n del trabajador.<\/li>\n<\/ul>\n\n\n\n<h2 class=\"wp-block-heading\"><strong>\u00bfCu\u00e1les son las ventajas de retirar el FGTS?<\/strong><\/h2>\n\n\n\n<p>Retirar su FGTS puede ser una gran opci\u00f3n para los trabajadores que necesitan dinero para llegar a fin de mes:<\/p>\n\n\n\n<ul class=\"wp-block-list\">\n<li style=\"font-size:17px\">Pagar las deudas;<\/li>\n\n\n\n<li style=\"font-size:17px\">Invierte en un negocio;<\/li>\n\n\n\n<li style=\"font-size:17px\">Comprar una casa o un coche;<\/li>\n\n\n\n<li style=\"font-size:17px\">Cree una reserva financiera;<\/li>\n\n\n\n<li style=\"font-size:17px\">Hacer realidad un sue\u00f1o.<\/li>\n<\/ul>\n\n\n\n<p>La retirada del FGTS tambi\u00e9n puede ser una forma de ayudar a los trabajadores que han sido despedidos sin causa justificada. El dinero puede utilizarse para pagar facturas b\u00e1sicas como el alquiler, la comida, el transporte y la sanidad.<\/p>\n\n\n\n<h2 class=\"wp-block-heading\"><strong>\u00bfCu\u00e1les son las desventajas de retirar el FGTS?<\/strong><\/h2>\n\n\n\n<p>Retirar el FGTS puede tener algunas desventajas, como:<\/p>\n\n\n\n<ul class=\"wp-block-list\">\n<li style=\"font-size:17px\">El trabajador pierde el derecho a la multa por despido de 40% del saldo del FGTS;<\/li>\n\n\n\n<li style=\"font-size:17px\">El trabajador puede tener que pagar el impuesto sobre la renta por el importe retirado;<\/li>\n\n\n\n<li style=\"font-size:17px\">El trabajador puede tener que pagar intereses y una multa por retrasarse en el pago de los plazos de retirada.<\/li>\n<\/ul>\n\n\n\n<p>Antes de retirar su FGTS, los trabajadores deben sopesar las ventajas y los inconvenientes para decidir si es la mejor opci\u00f3n para ellos.<\/p>\n\t\t\t\t\t\t\t\t<\/div>\n\t\t\t\t\t<\/div>\n\t\t<\/div>\n\t\t\t\t\t<\/div>\n\t\t<\/section>\n\t\t\t\t<\/div>","protected":false},"excerpt":{"rendered":"<p>O Fundo de Garantia do Tempo de Servi\u00e7o (FGTS) \u00e9 um fundo criado pelo Governo Federal para proteger os trabalhadores em caso de demiss\u00e3o sem justa causa, aposentadoria, falecimento ou necessidades urgentes. Os trabalhadores que possuem contas vinculadas ao FGTS podem sacar o dinheiro em algumas situa\u00e7\u00f5es espec\u00edficas, como: Em 2023, o saque do FGTS &#8230; <a title=\"\u00bfCu\u00e1ndo puede retirar su FGTS en 2023?\" class=\"read-more\" href=\"https:\/\/www.noticiasfire.com.br\/es\/quando-e-possivel-sacar-o-fgts-em-2023\/\" aria-label=\"Leer m\u00e1s sobre Quando \u00e9 poss\u00edvel sacar o FGTS em 2023?\">Leer m\u00e1s<\/a><\/p>","protected":false},"author":3,"featured_media":30053,"comment_status":"open","ping_status":"open","sticky":false,"template":"","format":"standard","meta":{"footnotes":""},"categories":[44],"tags":[],"class_list":["post-19112","post","type-post","status-publish","format-standard","has-post-thumbnail","hentry","category-noticias"],"yoast_head":"<!-- This site is optimized with the Yoast SEO plugin v27.4 - https:\/\/yoast.com\/product\/yoast-seo-wordpress\/ -->\n<title>Quando \u00e9 poss\u00edvel sacar o FGTS em 2023? -<\/title>\n<meta name=\"robots\" content=\"index, follow, max-snippet:-1, max-image-preview:large, max-video-preview:-1\" \/>\n<link rel=\"canonical\" href=\"https:\/\/www.noticiasfire.com.br\/es\/quando-e-possivel-sacar-o-fgts-em-2023\/\" \/>\n<meta property=\"og:locale\" content=\"es_MX\" \/>\n<meta property=\"og:type\" content=\"article\" \/>\n<meta property=\"og:title\" content=\"Quando \u00e9 poss\u00edvel sacar o FGTS em 2023? -\" \/>\n<meta property=\"og:description\" content=\"O Fundo de Garantia do Tempo de Servi\u00e7o (FGTS) \u00e9 um fundo criado pelo Governo Federal para proteger os trabalhadores em caso de demiss\u00e3o sem justa causa, aposentadoria, falecimento ou necessidades urgentes. Os trabalhadores que possuem contas vinculadas ao FGTS podem sacar o dinheiro em algumas situa\u00e7\u00f5es espec\u00edficas, como: Em 2023, o saque do FGTS ... Leer m\u00e1s\" \/>\n<meta property=\"og:url\" content=\"https:\/\/www.noticiasfire.com.br\/es\/quando-e-possivel-sacar-o-fgts-em-2023\/\" \/>\n<meta property=\"article:published_time\" content=\"2023-07-27T19:51:24+00:00\" \/>\n<meta property=\"og:image\" content=\"https:\/\/www.noticiasfire.com.br\/wp-content\/uploads\/2023\/07\/saque-fgts-2023-2.webp\" \/>\n\t<meta property=\"og:image:width\" content=\"817\" \/>\n\t<meta property=\"og:image:height\" content=\"428\" \/>\n\t<meta property=\"og:image:type\" content=\"image\/webp\" \/>\n<meta name=\"author\" content=\"Ivan\" \/>\n<meta name=\"twitter:card\" content=\"summary_large_image\" \/>\n<meta name=\"twitter:label1\" content=\"Escrito por\" \/>\n\t<meta name=\"twitter:data1\" content=\"Ivan\" \/>\n\t<meta name=\"twitter:label2\" content=\"Tiempo de lectura\" \/>\n\t<meta name=\"twitter:data2\" content=\"3 minutos\" \/>\n<script type=\"application\/ld+json\" class=\"yoast-schema-graph\">{\"@context\":\"https:\\\/\\\/schema.org\",\"@graph\":[{\"@type\":\"Article\",\"@id\":\"https:\\\/\\\/www.noticiasfire.com.br\\\/quando-e-possivel-sacar-o-fgts-em-2023\\\/#article\",\"isPartOf\":{\"@id\":\"https:\\\/\\\/www.noticiasfire.com.br\\\/quando-e-possivel-sacar-o-fgts-em-2023\\\/\"},\"author\":{\"name\":\"Ivan\",\"@id\":\"https:\\\/\\\/www.noticiasfire.com.br\\\/#\\\/schema\\\/person\\\/6c064cf8d33f8b38900e936c385f48fd\"},\"headline\":\"Quando \u00e9 poss\u00edvel sacar o FGTS em 2023?\",\"datePublished\":\"2023-07-27T19:51:24+00:00\",\"mainEntityOfPage\":{\"@id\":\"https:\\\/\\\/www.noticiasfire.com.br\\\/quando-e-possivel-sacar-o-fgts-em-2023\\\/\"},\"wordCount\":565,\"commentCount\":0,\"publisher\":{\"@id\":\"https:\\\/\\\/www.noticiasfire.com.br\\\/#organization\"},\"image\":{\"@id\":\"https:\\\/\\\/www.noticiasfire.com.br\\\/quando-e-possivel-sacar-o-fgts-em-2023\\\/#primaryimage\"},\"thumbnailUrl\":\"https:\\\/\\\/www.noticiasfire.com.br\\\/wp-content\\\/uploads\\\/2023\\\/07\\\/saque-fgts-2023-2.webp\",\"articleSection\":[\"NOT\u00cdCIAS\"],\"inLanguage\":\"es\",\"potentialAction\":[{\"@type\":\"CommentAction\",\"name\":\"Comment\",\"target\":[\"https:\\\/\\\/www.noticiasfire.com.br\\\/quando-e-possivel-sacar-o-fgts-em-2023\\\/#respond\"]}]},{\"@type\":\"WebPage\",\"@id\":\"https:\\\/\\\/www.noticiasfire.com.br\\\/quando-e-possivel-sacar-o-fgts-em-2023\\\/\",\"url\":\"https:\\\/\\\/www.noticiasfire.com.br\\\/quando-e-possivel-sacar-o-fgts-em-2023\\\/\",\"name\":\"Quando \u00e9 poss\u00edvel sacar o FGTS em 2023? -\",\"isPartOf\":{\"@id\":\"https:\\\/\\\/www.noticiasfire.com.br\\\/#website\"},\"primaryImageOfPage\":{\"@id\":\"https:\\\/\\\/www.noticiasfire.com.br\\\/quando-e-possivel-sacar-o-fgts-em-2023\\\/#primaryimage\"},\"image\":{\"@id\":\"https:\\\/\\\/www.noticiasfire.com.br\\\/quando-e-possivel-sacar-o-fgts-em-2023\\\/#primaryimage\"},\"thumbnailUrl\":\"https:\\\/\\\/www.noticiasfire.com.br\\\/wp-content\\\/uploads\\\/2023\\\/07\\\/saque-fgts-2023-2.webp\",\"datePublished\":\"2023-07-27T19:51:24+00:00\",\"breadcrumb\":{\"@id\":\"https:\\\/\\\/www.noticiasfire.com.br\\\/quando-e-possivel-sacar-o-fgts-em-2023\\\/#breadcrumb\"},\"inLanguage\":\"es\",\"potentialAction\":[{\"@type\":\"ReadAction\",\"target\":[\"https:\\\/\\\/www.noticiasfire.com.br\\\/quando-e-possivel-sacar-o-fgts-em-2023\\\/\"]}]},{\"@type\":\"ImageObject\",\"inLanguage\":\"es\",\"@id\":\"https:\\\/\\\/www.noticiasfire.com.br\\\/quando-e-possivel-sacar-o-fgts-em-2023\\\/#primaryimage\",\"url\":\"https:\\\/\\\/www.noticiasfire.com.br\\\/wp-content\\\/uploads\\\/2023\\\/07\\\/saque-fgts-2023-2.webp\",\"contentUrl\":\"https:\\\/\\\/www.noticiasfire.com.br\\\/wp-content\\\/uploads\\\/2023\\\/07\\\/saque-fgts-2023-2.webp\",\"width\":817,\"height\":428,\"caption\":\"Quando \u00e9 poss\u00edvel sacar o FGTS em 2023? (imagem Google)\"},{\"@type\":\"BreadcrumbList\",\"@id\":\"https:\\\/\\\/www.noticiasfire.com.br\\\/quando-e-possivel-sacar-o-fgts-em-2023\\\/#breadcrumb\",\"itemListElement\":[{\"@type\":\"ListItem\",\"position\":1,\"name\":\"In\u00edcio\",\"item\":\"https:\\\/\\\/www.noticiasfire.com.br\\\/\"},{\"@type\":\"ListItem\",\"position\":2,\"name\":\"Quando \u00e9 poss\u00edvel sacar o FGTS em 2023?\"}]},{\"@type\":\"WebSite\",\"@id\":\"https:\\\/\\\/www.noticiasfire.com.br\\\/#website\",\"url\":\"https:\\\/\\\/www.noticiasfire.com.br\\\/\",\"name\":\"NoticiasFire\",\"description\":\"\",\"publisher\":{\"@id\":\"https:\\\/\\\/www.noticiasfire.com.br\\\/#organization\"},\"potentialAction\":[{\"@type\":\"SearchAction\",\"target\":{\"@type\":\"EntryPoint\",\"urlTemplate\":\"https:\\\/\\\/www.noticiasfire.com.br\\\/?s={search_term_string}\"},\"query-input\":{\"@type\":\"PropertyValueSpecification\",\"valueRequired\":true,\"valueName\":\"search_term_string\"}}],\"inLanguage\":\"es\"},{\"@type\":\"Organization\",\"@id\":\"https:\\\/\\\/www.noticiasfire.com.br\\\/#organization\",\"name\":\"NoticiasFire\",\"url\":\"https:\\\/\\\/www.noticiasfire.com.br\\\/\",\"logo\":{\"@type\":\"ImageObject\",\"inLanguage\":\"es\",\"@id\":\"https:\\\/\\\/www.noticiasfire.com.br\\\/#\\\/schema\\\/logo\\\/image\\\/\",\"url\":\"https:\\\/\\\/www.noticiasfire.com.br\\\/wp-content\\\/uploads\\\/2025\\\/08\\\/cropped-Captura_de_Tela_2025-08-13_as_20.34.29__1_-removebg-preview.png\",\"contentUrl\":\"https:\\\/\\\/www.noticiasfire.com.br\\\/wp-content\\\/uploads\\\/2025\\\/08\\\/cropped-Captura_de_Tela_2025-08-13_as_20.34.29__1_-removebg-preview.png\",\"width\":748,\"height\":286,\"caption\":\"NoticiasFire\"},\"image\":{\"@id\":\"https:\\\/\\\/www.noticiasfire.com.br\\\/#\\\/schema\\\/logo\\\/image\\\/\"}},{\"@type\":\"Person\",\"@id\":\"https:\\\/\\\/www.noticiasfire.com.br\\\/#\\\/schema\\\/person\\\/6c064cf8d33f8b38900e936c385f48fd\",\"name\":\"Ivan\",\"image\":{\"@type\":\"ImageObject\",\"inLanguage\":\"es\",\"@id\":\"https:\\\/\\\/secure.gravatar.com\\\/avatar\\\/18077698a88c2ad528c924a301adab662f075719c95fb1dec6f0b51902ebf647?s=96&d=mm&r=g\",\"url\":\"https:\\\/\\\/secure.gravatar.com\\\/avatar\\\/18077698a88c2ad528c924a301adab662f075719c95fb1dec6f0b51902ebf647?s=96&d=mm&r=g\",\"contentUrl\":\"https:\\\/\\\/secure.gravatar.com\\\/avatar\\\/18077698a88c2ad528c924a301adab662f075719c95fb1dec6f0b51902ebf647?s=96&d=mm&r=g\",\"caption\":\"Ivan\"},\"url\":\"https:\\\/\\\/www.noticiasfire.com.br\\\/es\\\/author\\\/ivan\\\/\"}]}<\/script>\n<!-- \/ Yoast SEO plugin. -->","yoast_head_json":{"title":"Quando \u00e9 poss\u00edvel sacar o FGTS em 2023? -","robots":{"index":"index","follow":"follow","max-snippet":"max-snippet:-1","max-image-preview":"max-image-preview:large","max-video-preview":"max-video-preview:-1"},"canonical":"https:\/\/www.noticiasfire.com.br\/es\/quando-e-possivel-sacar-o-fgts-em-2023\/","og_locale":"es_MX","og_type":"article","og_title":"Quando \u00e9 poss\u00edvel sacar o FGTS em 2023? -","og_description":"O Fundo de Garantia do Tempo de Servi\u00e7o (FGTS) \u00e9 um fundo criado pelo Governo Federal para proteger os trabalhadores em caso de demiss\u00e3o sem justa causa, aposentadoria, falecimento ou necessidades urgentes. Os trabalhadores que possuem contas vinculadas ao FGTS podem sacar o dinheiro em algumas situa\u00e7\u00f5es espec\u00edficas, como: Em 2023, o saque do FGTS ... Leer m\u00e1s","og_url":"https:\/\/www.noticiasfire.com.br\/es\/quando-e-possivel-sacar-o-fgts-em-2023\/","article_published_time":"2023-07-27T19:51:24+00:00","og_image":[{"width":817,"height":428,"url":"https:\/\/www.noticiasfire.com.br\/wp-content\/uploads\/2023\/07\/saque-fgts-2023-2.webp","type":"image\/webp"}],"author":"Ivan","twitter_card":"summary_large_image","twitter_misc":{"Escrito por":"Ivan","Tiempo de lectura":"3 minutos"},"schema":{"@context":"https:\/\/schema.org","@graph":[{"@type":"Article","@id":"https:\/\/www.noticiasfire.com.br\/quando-e-possivel-sacar-o-fgts-em-2023\/#article","isPartOf":{"@id":"https:\/\/www.noticiasfire.com.br\/quando-e-possivel-sacar-o-fgts-em-2023\/"},"author":{"name":"Ivan","@id":"https:\/\/www.noticiasfire.com.br\/#\/schema\/person\/6c064cf8d33f8b38900e936c385f48fd"},"headline":"Quando \u00e9 poss\u00edvel sacar o FGTS em 2023?","datePublished":"2023-07-27T19:51:24+00:00","mainEntityOfPage":{"@id":"https:\/\/www.noticiasfire.com.br\/quando-e-possivel-sacar-o-fgts-em-2023\/"},"wordCount":565,"commentCount":0,"publisher":{"@id":"https:\/\/www.noticiasfire.com.br\/#organization"},"image":{"@id":"https:\/\/www.noticiasfire.com.br\/quando-e-possivel-sacar-o-fgts-em-2023\/#primaryimage"},"thumbnailUrl":"https:\/\/www.noticiasfire.com.br\/wp-content\/uploads\/2023\/07\/saque-fgts-2023-2.webp","articleSection":["NOT\u00cdCIAS"],"inLanguage":"es","potentialAction":[{"@type":"CommentAction","name":"Comment","target":["https:\/\/www.noticiasfire.com.br\/quando-e-possivel-sacar-o-fgts-em-2023\/#respond"]}]},{"@type":"WebPage","@id":"https:\/\/www.noticiasfire.com.br\/quando-e-possivel-sacar-o-fgts-em-2023\/","url":"https:\/\/www.noticiasfire.com.br\/quando-e-possivel-sacar-o-fgts-em-2023\/","name":"Quando \u00e9 poss\u00edvel sacar o FGTS em 2023? -","isPartOf":{"@id":"https:\/\/www.noticiasfire.com.br\/#website"},"primaryImageOfPage":{"@id":"https:\/\/www.noticiasfire.com.br\/quando-e-possivel-sacar-o-fgts-em-2023\/#primaryimage"},"image":{"@id":"https:\/\/www.noticiasfire.com.br\/quando-e-possivel-sacar-o-fgts-em-2023\/#primaryimage"},"thumbnailUrl":"https:\/\/www.noticiasfire.com.br\/wp-content\/uploads\/2023\/07\/saque-fgts-2023-2.webp","datePublished":"2023-07-27T19:51:24+00:00","breadcrumb":{"@id":"https:\/\/www.noticiasfire.com.br\/quando-e-possivel-sacar-o-fgts-em-2023\/#breadcrumb"},"inLanguage":"es","potentialAction":[{"@type":"ReadAction","target":["https:\/\/www.noticiasfire.com.br\/quando-e-possivel-sacar-o-fgts-em-2023\/"]}]},{"@type":"ImageObject","inLanguage":"es","@id":"https:\/\/www.noticiasfire.com.br\/quando-e-possivel-sacar-o-fgts-em-2023\/#primaryimage","url":"https:\/\/www.noticiasfire.com.br\/wp-content\/uploads\/2023\/07\/saque-fgts-2023-2.webp","contentUrl":"https:\/\/www.noticiasfire.com.br\/wp-content\/uploads\/2023\/07\/saque-fgts-2023-2.webp","width":817,"height":428,"caption":"Quando \u00e9 poss\u00edvel sacar o FGTS em 2023? (imagem Google)"},{"@type":"BreadcrumbList","@id":"https:\/\/www.noticiasfire.com.br\/quando-e-possivel-sacar-o-fgts-em-2023\/#breadcrumb","itemListElement":[{"@type":"ListItem","position":1,"name":"In\u00edcio","item":"https:\/\/www.noticiasfire.com.br\/"},{"@type":"ListItem","position":2,"name":"Quando \u00e9 poss\u00edvel sacar o FGTS em 2023?"}]},{"@type":"WebSite","@id":"https:\/\/www.noticiasfire.com.br\/#website","url":"https:\/\/www.noticiasfire.com.br\/","name":"NoticiasFire","description":"","publisher":{"@id":"https:\/\/www.noticiasfire.com.br\/#organization"},"potentialAction":[{"@type":"SearchAction","target":{"@type":"EntryPoint","urlTemplate":"https:\/\/www.noticiasfire.com.br\/?s={search_term_string}"},"query-input":{"@type":"PropertyValueSpecification","valueRequired":true,"valueName":"search_term_string"}}],"inLanguage":"es"},{"@type":"Organization","@id":"https:\/\/www.noticiasfire.com.br\/#organization","name":"NoticiasFire","url":"https:\/\/www.noticiasfire.com.br\/","logo":{"@type":"ImageObject","inLanguage":"es","@id":"https:\/\/www.noticiasfire.com.br\/#\/schema\/logo\/image\/","url":"https:\/\/www.noticiasfire.com.br\/wp-content\/uploads\/2025\/08\/cropped-Captura_de_Tela_2025-08-13_as_20.34.29__1_-removebg-preview.png","contentUrl":"https:\/\/www.noticiasfire.com.br\/wp-content\/uploads\/2025\/08\/cropped-Captura_de_Tela_2025-08-13_as_20.34.29__1_-removebg-preview.png","width":748,"height":286,"caption":"NoticiasFire"},"image":{"@id":"https:\/\/www.noticiasfire.com.br\/#\/schema\/logo\/image\/"}},{"@type":"Person","@id":"https:\/\/www.noticiasfire.com.br\/#\/schema\/person\/6c064cf8d33f8b38900e936c385f48fd","name":"Ivan","image":{"@type":"ImageObject","inLanguage":"es","@id":"https:\/\/secure.gravatar.com\/avatar\/18077698a88c2ad528c924a301adab662f075719c95fb1dec6f0b51902ebf647?s=96&d=mm&r=g","url":"https:\/\/secure.gravatar.com\/avatar\/18077698a88c2ad528c924a301adab662f075719c95fb1dec6f0b51902ebf647?s=96&d=mm&r=g","contentUrl":"https:\/\/secure.gravatar.com\/avatar\/18077698a88c2ad528c924a301adab662f075719c95fb1dec6f0b51902ebf647?s=96&d=mm&r=g","caption":"Ivan"},"url":"https:\/\/www.noticiasfire.com.br\/es\/author\/ivan\/"}]}},"_links":{"self":[{"href":"https:\/\/www.noticiasfire.com.br\/es\/wp-json\/wp\/v2\/posts\/19112","targetHints":{"allow":["GET"]}}],"collection":[{"href":"https:\/\/www.noticiasfire.com.br\/es\/wp-json\/wp\/v2\/posts"}],"about":[{"href":"https:\/\/www.noticiasfire.com.br\/es\/wp-json\/wp\/v2\/types\/post"}],"author":[{"embeddable":true,"href":"https:\/\/www.noticiasfire.com.br\/es\/wp-json\/wp\/v2\/users\/3"}],"replies":[{"embeddable":true,"href":"https:\/\/www.noticiasfire.com.br\/es\/wp-json\/wp\/v2\/comments?post=19112"}],"version-history":[{"count":0,"href":"https:\/\/www.noticiasfire.com.br\/es\/wp-json\/wp\/v2\/posts\/19112\/revisions"}],"wp:featuredmedia":[{"embeddable":true,"href":"https:\/\/www.noticiasfire.com.br\/es\/wp-json\/wp\/v2\/media\/30053"}],"wp:attachment":[{"href":"https:\/\/www.noticiasfire.com.br\/es\/wp-json\/wp\/v2\/media?parent=19112"}],"wp:term":[{"taxonomy":"category","embeddable":true,"href":"https:\/\/www.noticiasfire.com.br\/es\/wp-json\/wp\/v2\/categories?post=19112"},{"taxonomy":"post_tag","embeddable":true,"href":"https:\/\/www.noticiasfire.com.br\/es\/wp-json\/wp\/v2\/tags?post=19112"}],"curies":[{"name":"wp","href":"https:\/\/api.w.org\/{rel}","templated":true}]}}