{"id":19153,"date":"2023-07-30T20:21:17","date_gmt":"2023-07-30T23:21:17","guid":{"rendered":"https:\/\/www.noticiasfire.com.br\/?p=19153"},"modified":"2023-07-30T20:21:17","modified_gmt":"2023-07-30T23:21:17","slug":"programas-sociais-para-2024-ja-confirmados","status":"publish","type":"post","link":"https:\/\/www.noticiasfire.com.br\/es\/programas-sociais-para-2024-ja-confirmados\/","title":{"rendered":"Programas sociales para 2024 ya confirmados"},"content":{"rendered":"<div data-elementor-type=\"wp-post\" data-elementor-id=\"19153\" class=\"elementor elementor-19153\" data-elementor-post-type=\"post\">\n\t\t\t\t\t\t<section class=\"elementor-section elementor-top-section elementor-element elementor-element-89306c2 elementor-section-boxed elementor-section-height-default elementor-section-height-default\" data-id=\"89306c2\" data-element_type=\"section\" data-e-type=\"section\">\n\t\t\t\t\t\t<div class=\"elementor-container elementor-column-gap-default\">\n\t\t\t\t\t<div class=\"elementor-column elementor-col-100 elementor-top-column elementor-element elementor-element-1383e67\" data-id=\"1383e67\" data-element_type=\"column\" data-e-type=\"column\">\n\t\t\t<div class=\"elementor-widget-wrap elementor-element-populated\">\n\t\t\t\t\t\t<div class=\"elementor-element elementor-element-4a24b29 elementor-widget elementor-widget-text-editor\" data-id=\"4a24b29\" data-element_type=\"widget\" data-e-type=\"widget\" data-widget_type=\"text-editor.default\">\n\t\t\t\t\t\t\t\t\t<h2 class=\"wp-block-heading\"><strong>Recursos adicionales para Bolsa Fam\u00edlia<\/strong><\/h2>\n<p><!-- \/wp:heading --><\/p>\n<p><!-- wp:paragraph --><\/p>\n<p>El Gobierno federal ha confirmado que el programa Bolsa Fam\u00edlia continuar\u00e1 en 2024, con recursos adicionales para ayudar a las familias que viven en la pobreza y la pobreza extrema. El nuevo programa, denominado Aux\u00edlio Brasil, tendr\u00e1 un valor medio de R$ 600 por familia, m\u00e1s una bonificaci\u00f3n de R$ 150 por ni\u00f1o menor de 6 a\u00f1os que est\u00e9 escolarizado.<\/p>\t\t\t\t\t\t\t\t<\/div>\n\t\t\t\t\t<\/div>\n\t\t<\/div>\n\t\t\t\t\t<\/div>\n\t\t<\/section>\n\t\t\t\t<section class=\"elementor-section elementor-top-section elementor-element elementor-element-e01ab6e elementor-section-boxed elementor-section-height-default elementor-section-height-default\" data-id=\"e01ab6e\" data-element_type=\"section\" data-e-type=\"section\">\n\t\t\t\t\t\t<div class=\"elementor-container elementor-column-gap-default\">\n\t\t\t\t\t<div class=\"elementor-column elementor-col-100 elementor-top-column elementor-element elementor-element-627a503\" data-id=\"627a503\" data-element_type=\"column\" data-e-type=\"column\">\n\t\t\t<div class=\"elementor-widget-wrap elementor-element-populated\">\n\t\t\t\t\t\t<div class=\"elementor-element elementor-element-c2b7169 elementor-cta--skin-classic elementor-animated-content elementor-bg-transform elementor-bg-transform-zoom-in elementor-widget elementor-widget-call-to-action\" data-id=\"c2b7169\" data-element_type=\"widget\" data-e-type=\"widget\" data-widget_type=\"call-to-action.default\">\n\t\t\t\t\t\t\t<div class=\"elementor-cta\">\n\t\t\t\t\t\t\t<div class=\"elementor-cta__content\">\n\t\t\t\t\n\t\t\t\t\t\t\t\t\t<h2 class=\"elementor-cta__title elementor-cta__content-item elementor-content-item\">\n\t\t\t\t\t\tVale G\u00e1s 2024 disponible \t\t\t\t\t<\/h2>\n\t\t\t\t\n\t\t\t\t\n\t\t\t\t\t\t\t\t\t<div class=\"elementor-cta__button-wrapper elementor-cta__content-item elementor-content-item\">\n\t\t\t\t\t<a class=\"elementor-cta__button elementor-button elementor-size-\" href=\"https:\/\/www.noticiasfire.com.br\/es\/saiba-mais-sobre-o-vale-gas-e-veja-as-regras-em-2023\/\">\n\t\t\t\t\t\tC\u00d3MO OBTENERLO\t\t\t\t\t<\/a>\n\t\t\t\t\t<\/div>\n\t\t\t\t\t\t\t<\/div>\n\t\t\t\t\t\t<\/div>\n\t\t\t\t\t\t<\/div>\n\t\t\t\t\t<\/div>\n\t\t<\/div>\n\t\t\t\t\t<\/div>\n\t\t<\/section>\n\t\t\t\t<section class=\"elementor-section elementor-top-section elementor-element elementor-element-38297c98 elementor-section-boxed elementor-section-height-default elementor-section-height-default\" data-id=\"38297c98\" data-element_type=\"section\" data-e-type=\"section\">\n\t\t\t\t\t\t<div class=\"elementor-container elementor-column-gap-default\">\n\t\t\t\t\t<div class=\"elementor-column elementor-col-100 elementor-top-column elementor-element elementor-element-247d079b\" data-id=\"247d079b\" data-element_type=\"column\" data-e-type=\"column\">\n\t\t\t<div class=\"elementor-widget-wrap elementor-element-populated\">\n\t\t\t\t\t\t<div class=\"elementor-element elementor-element-2b220ab1 elementor-widget elementor-widget-text-editor\" data-id=\"2b220ab1\" data-element_type=\"widget\" data-e-type=\"widget\" data-widget_type=\"text-editor.default\">\n\t\t\t\t\t\t\t\t\t<p><!-- wp:heading --><\/p>\n<p><!-- \/wp:paragraph --><\/p>\n<p><!-- wp:heading --><\/p>\n<h2 class=\"wp-block-heading\"><strong>Nuevo programa de renta b\u00e1sica universal<\/strong><\/h2>\n<p><!-- \/wp:heading --><\/p>\n<p><!-- wp:paragraph --><\/p>\n<p>El gobierno federal estudia tambi\u00e9n la creaci\u00f3n de un nuevo programa de renta b\u00e1sica universal, que proporcionar\u00eda una cantidad mensual a todas las familias brasile\u00f1as, independientemente de sus ingresos. El programa a\u00fan est\u00e1 en fase de planificaci\u00f3n, pero tiene potencial para beneficiar a millones de brasile\u00f1os.<\/p>\n<p><!-- \/wp:paragraph --><\/p>\n<p><!-- wp:heading --><\/p>\n<h2 class=\"wp-block-heading\"><strong>Programas de vivienda y saneamiento b\u00e1sico<\/strong><\/h2>\n<p><!-- \/wp:heading --><\/p>\n<p><!-- wp:paragraph --><\/p>\n<p>El gobierno federal tambi\u00e9n invertir\u00e1 en programas de vivienda y saneamiento b\u00e1sico en 2024. Continuar\u00e1 el programa Minha Casa, Minha Vida, con el objetivo de construir 1,2 millones de nuevas viviendas asequibles. El gobierno tambi\u00e9n invertir\u00e1 en programas de saneamiento b\u00e1sico, con el objetivo de llevar agua potable y saneamiento b\u00e1sico a millones de brasile\u00f1os.<\/p>\n<p><!-- \/wp:paragraph --><\/p>\n<p><!-- wp:heading --><\/p>\n<h2 class=\"wp-block-heading\"><strong>Programas de educaci\u00f3n y salud<\/strong><\/h2>\n<p><!-- \/wp:heading --><\/p>\n<p><!-- wp:paragraph --><\/p>\n<p>El Gobierno federal tambi\u00e9n invertir\u00e1 en programas de educaci\u00f3n y sanidad en 2024. Se mantendr\u00e1 el programa Bolsa Fam\u00edlia, con el objetivo de proporcionar recursos financieros a las familias en situaci\u00f3n de pobreza y extrema pobreza. El gobierno tambi\u00e9n invertir\u00e1 en programas de salud, con el objetivo de mejorar el acceso a la salud de todos los brasile\u00f1os.<\/p>\n<p><!-- \/wp:paragraph --><\/p>\n<p><!-- wp:heading --><\/p>\n<h2 class=\"wp-block-heading\"><strong>Programas de empleo y generaci\u00f3n de ingresos<\/strong><\/h2>\n<p><!-- \/wp:heading --><\/p>\n<p><!-- wp:paragraph --><\/p>\n<p>El gobierno federal tambi\u00e9n invertir\u00e1 en programas de generaci\u00f3n de trabajo e ingresos en 2024. Continuar\u00e1 el programa Bolsa Fam\u00edlia, con el objetivo de proporcionar recursos financieros a las familias en situaci\u00f3n de pobreza y extrema pobreza. El gobierno tambi\u00e9n invertir\u00e1 en programas de trabajo, con el objetivo de crear nuevas vacantes y mejorar la cualificaci\u00f3n profesional de los brasile\u00f1os.<\/p>\n<p><!-- \/wp:paragraph --><\/p>\n<p><!-- wp:heading --><\/p>\n<h2 class=\"wp-block-heading\"><strong>Programas de seguridad alimentaria y nutricional<\/strong><\/h2>\n<p><!-- \/wp:heading --><\/p>\n<p><!-- wp:paragraph --><\/p>\n<p>El gobierno federal tambi\u00e9n invertir\u00e1 en programas de seguridad alimentaria y nutricional en 2024. Se mantendr\u00e1 el programa Bolsa Fam\u00edlia, con el objetivo de proporcionar recursos financieros a las familias en situaci\u00f3n de pobreza y pobreza extrema. El gobierno tambi\u00e9n invertir\u00e1 en programas de seguridad alimentaria, con el objetivo de mejorar el acceso a los alimentos para todos los brasile\u00f1os.<\/p>\n<p><!-- \/wp:paragraph --><\/p>\n<p><!-- wp:paragraph --><\/p>\n<p>Estos son s\u00f3lo algunos de los programas sociales que el gobierno federal ya ha confirmado para 2024. El gobierno tambi\u00e9n estudia la creaci\u00f3n de otros programas, con el objetivo de mejorar la vida de millones de brasile\u00f1os.<\/p>\n<p><!-- \/wp:paragraph --><\/p>\n<p><!-- wp:paragraph --><\/p>\n<p><strong><a href=\"https:\/\/www.gov.br\/cidadania\/pt-br\/acoes-e-programas\/cadastro-unico\">Cadastro \u00danico - vea c\u00f3mo inscribirse y los principales programas disponibles<\/a><\/strong><\/p>\n<p><!-- \/wp:paragraph --><\/p>\t\t\t\t\t\t\t\t<\/div>\n\t\t\t\t\t<\/div>\n\t\t<\/div>\n\t\t\t\t\t<\/div>\n\t\t<\/section>\n\t\t\t\t<\/div>","protected":false},"excerpt":{"rendered":"<p>Recursos adicionais para o Bolsa Fam\u00edlia O governo federal j\u00e1 confirmou que o Bolsa Fam\u00edlia continuar\u00e1 em 2024, com recursos adicionais para atender as fam\u00edlias em situa\u00e7\u00e3o de pobreza e extrema pobreza. O novo programa, chamado Aux\u00edlio Brasil, ter\u00e1 um valor m\u00e9dio de R$ 600 por fam\u00edlia, mais um b\u00f4nus de R$ 150 por crian\u00e7a &#8230; <a title=\"Programas sociales para 2024 ya confirmados\" class=\"read-more\" href=\"https:\/\/www.noticiasfire.com.br\/es\/programas-sociais-para-2024-ja-confirmados\/\" aria-label=\"Leer m\u00e1s sobre Programas Sociais para 2024 j\u00e1 confirmados\">Leer m\u00e1s<\/a><\/p>","protected":false},"author":3,"featured_media":30054,"comment_status":"open","ping_status":"open","sticky":false,"template":"","format":"standard","meta":{"footnotes":""},"categories":[44],"tags":[],"class_list":["post-19153","post","type-post","status-publish","format-standard","has-post-thumbnail","hentry","category-noticias"],"yoast_head":"<!-- This site is optimized with the Yoast SEO plugin v27.4 - https:\/\/yoast.com\/product\/yoast-seo-wordpress\/ -->\n<title>Programas Sociais para 2024 j\u00e1 confirmados -<\/title>\n<meta name=\"robots\" content=\"index, follow, max-snippet:-1, max-image-preview:large, max-video-preview:-1\" \/>\n<link rel=\"canonical\" href=\"https:\/\/www.noticiasfire.com.br\/es\/programas-sociais-para-2024-ja-confirmados\/\" \/>\n<meta property=\"og:locale\" content=\"es_MX\" \/>\n<meta property=\"og:type\" content=\"article\" \/>\n<meta property=\"og:title\" content=\"Programas Sociais para 2024 j\u00e1 confirmados -\" \/>\n<meta property=\"og:description\" content=\"Recursos adicionais para o Bolsa Fam\u00edlia O governo federal j\u00e1 confirmou que o Bolsa Fam\u00edlia continuar\u00e1 em 2024, com recursos adicionais para atender as fam\u00edlias em situa\u00e7\u00e3o de pobreza e extrema pobreza. O novo programa, chamado Aux\u00edlio Brasil, ter\u00e1 um valor m\u00e9dio de R$ 600 por fam\u00edlia, mais um b\u00f4nus de R$ 150 por crian\u00e7a ... Leer m\u00e1s\" \/>\n<meta property=\"og:url\" content=\"https:\/\/www.noticiasfire.com.br\/es\/programas-sociais-para-2024-ja-confirmados\/\" \/>\n<meta property=\"article:published_time\" content=\"2023-07-30T23:21:17+00:00\" \/>\n<meta property=\"og:image\" content=\"https:\/\/www.noticiasfire.com.br\/wp-content\/uploads\/2023\/07\/auxilio_brasil_0812214996-1-2.jpg\" \/>\n\t<meta property=\"og:image:width\" content=\"1200\" \/>\n\t<meta property=\"og:image:height\" content=\"635\" \/>\n\t<meta property=\"og:image:type\" content=\"image\/jpeg\" \/>\n<meta name=\"author\" content=\"Ivan\" \/>\n<meta name=\"twitter:card\" content=\"summary_large_image\" \/>\n<meta name=\"twitter:label1\" content=\"Escrito por\" \/>\n\t<meta name=\"twitter:data1\" content=\"Ivan\" \/>\n\t<meta name=\"twitter:label2\" content=\"Tiempo de lectura\" \/>\n\t<meta name=\"twitter:data2\" content=\"3 minutos\" \/>\n<script type=\"application\/ld+json\" class=\"yoast-schema-graph\">{\"@context\":\"https:\\\/\\\/schema.org\",\"@graph\":[{\"@type\":\"Article\",\"@id\":\"https:\\\/\\\/www.noticiasfire.com.br\\\/programas-sociais-para-2024-ja-confirmados\\\/#article\",\"isPartOf\":{\"@id\":\"https:\\\/\\\/www.noticiasfire.com.br\\\/programas-sociais-para-2024-ja-confirmados\\\/\"},\"author\":{\"name\":\"Ivan\",\"@id\":\"https:\\\/\\\/www.noticiasfire.com.br\\\/#\\\/schema\\\/person\\\/6c064cf8d33f8b38900e936c385f48fd\"},\"headline\":\"Programas Sociais para 2024 j\u00e1 confirmados\",\"datePublished\":\"2023-07-30T23:21:17+00:00\",\"mainEntityOfPage\":{\"@id\":\"https:\\\/\\\/www.noticiasfire.com.br\\\/programas-sociais-para-2024-ja-confirmados\\\/\"},\"wordCount\":480,\"commentCount\":0,\"publisher\":{\"@id\":\"https:\\\/\\\/www.noticiasfire.com.br\\\/#organization\"},\"image\":{\"@id\":\"https:\\\/\\\/www.noticiasfire.com.br\\\/programas-sociais-para-2024-ja-confirmados\\\/#primaryimage\"},\"thumbnailUrl\":\"https:\\\/\\\/www.noticiasfire.com.br\\\/wp-content\\\/uploads\\\/2023\\\/07\\\/auxilio_brasil_0812214996-1-2.jpg\",\"articleSection\":[\"NOT\u00cdCIAS\"],\"inLanguage\":\"es\",\"potentialAction\":[{\"@type\":\"CommentAction\",\"name\":\"Comment\",\"target\":[\"https:\\\/\\\/www.noticiasfire.com.br\\\/programas-sociais-para-2024-ja-confirmados\\\/#respond\"]}]},{\"@type\":\"WebPage\",\"@id\":\"https:\\\/\\\/www.noticiasfire.com.br\\\/programas-sociais-para-2024-ja-confirmados\\\/\",\"url\":\"https:\\\/\\\/www.noticiasfire.com.br\\\/programas-sociais-para-2024-ja-confirmados\\\/\",\"name\":\"Programas Sociais para 2024 j\u00e1 confirmados -\",\"isPartOf\":{\"@id\":\"https:\\\/\\\/www.noticiasfire.com.br\\\/#website\"},\"primaryImageOfPage\":{\"@id\":\"https:\\\/\\\/www.noticiasfire.com.br\\\/programas-sociais-para-2024-ja-confirmados\\\/#primaryimage\"},\"image\":{\"@id\":\"https:\\\/\\\/www.noticiasfire.com.br\\\/programas-sociais-para-2024-ja-confirmados\\\/#primaryimage\"},\"thumbnailUrl\":\"https:\\\/\\\/www.noticiasfire.com.br\\\/wp-content\\\/uploads\\\/2023\\\/07\\\/auxilio_brasil_0812214996-1-2.jpg\",\"datePublished\":\"2023-07-30T23:21:17+00:00\",\"breadcrumb\":{\"@id\":\"https:\\\/\\\/www.noticiasfire.com.br\\\/programas-sociais-para-2024-ja-confirmados\\\/#breadcrumb\"},\"inLanguage\":\"es\",\"potentialAction\":[{\"@type\":\"ReadAction\",\"target\":[\"https:\\\/\\\/www.noticiasfire.com.br\\\/programas-sociais-para-2024-ja-confirmados\\\/\"]}]},{\"@type\":\"ImageObject\",\"inLanguage\":\"es\",\"@id\":\"https:\\\/\\\/www.noticiasfire.com.br\\\/programas-sociais-para-2024-ja-confirmados\\\/#primaryimage\",\"url\":\"https:\\\/\\\/www.noticiasfire.com.br\\\/wp-content\\\/uploads\\\/2023\\\/07\\\/auxilio_brasil_0812214996-1-2.jpg\",\"contentUrl\":\"https:\\\/\\\/www.noticiasfire.com.br\\\/wp-content\\\/uploads\\\/2023\\\/07\\\/auxilio_brasil_0812214996-1-2.jpg\",\"width\":1200,\"height\":635,\"caption\":\"Programas Sociais para 2023 j\u00e1 confirmados (imagem Google)\"},{\"@type\":\"BreadcrumbList\",\"@id\":\"https:\\\/\\\/www.noticiasfire.com.br\\\/programas-sociais-para-2024-ja-confirmados\\\/#breadcrumb\",\"itemListElement\":[{\"@type\":\"ListItem\",\"position\":1,\"name\":\"In\u00edcio\",\"item\":\"https:\\\/\\\/www.noticiasfire.com.br\\\/\"},{\"@type\":\"ListItem\",\"position\":2,\"name\":\"Programas Sociais para 2024 j\u00e1 confirmados\"}]},{\"@type\":\"WebSite\",\"@id\":\"https:\\\/\\\/www.noticiasfire.com.br\\\/#website\",\"url\":\"https:\\\/\\\/www.noticiasfire.com.br\\\/\",\"name\":\"NoticiasFire\",\"description\":\"\",\"publisher\":{\"@id\":\"https:\\\/\\\/www.noticiasfire.com.br\\\/#organization\"},\"potentialAction\":[{\"@type\":\"SearchAction\",\"target\":{\"@type\":\"EntryPoint\",\"urlTemplate\":\"https:\\\/\\\/www.noticiasfire.com.br\\\/?s={search_term_string}\"},\"query-input\":{\"@type\":\"PropertyValueSpecification\",\"valueRequired\":true,\"valueName\":\"search_term_string\"}}],\"inLanguage\":\"es\"},{\"@type\":\"Organization\",\"@id\":\"https:\\\/\\\/www.noticiasfire.com.br\\\/#organization\",\"name\":\"NoticiasFire\",\"url\":\"https:\\\/\\\/www.noticiasfire.com.br\\\/\",\"logo\":{\"@type\":\"ImageObject\",\"inLanguage\":\"es\",\"@id\":\"https:\\\/\\\/www.noticiasfire.com.br\\\/#\\\/schema\\\/logo\\\/image\\\/\",\"url\":\"https:\\\/\\\/www.noticiasfire.com.br\\\/wp-content\\\/uploads\\\/2025\\\/08\\\/cropped-Captura_de_Tela_2025-08-13_as_20.34.29__1_-removebg-preview.png\",\"contentUrl\":\"https:\\\/\\\/www.noticiasfire.com.br\\\/wp-content\\\/uploads\\\/2025\\\/08\\\/cropped-Captura_de_Tela_2025-08-13_as_20.34.29__1_-removebg-preview.png\",\"width\":748,\"height\":286,\"caption\":\"NoticiasFire\"},\"image\":{\"@id\":\"https:\\\/\\\/www.noticiasfire.com.br\\\/#\\\/schema\\\/logo\\\/image\\\/\"}},{\"@type\":\"Person\",\"@id\":\"https:\\\/\\\/www.noticiasfire.com.br\\\/#\\\/schema\\\/person\\\/6c064cf8d33f8b38900e936c385f48fd\",\"name\":\"Ivan\",\"image\":{\"@type\":\"ImageObject\",\"inLanguage\":\"es\",\"@id\":\"https:\\\/\\\/secure.gravatar.com\\\/avatar\\\/18077698a88c2ad528c924a301adab662f075719c95fb1dec6f0b51902ebf647?s=96&d=mm&r=g\",\"url\":\"https:\\\/\\\/secure.gravatar.com\\\/avatar\\\/18077698a88c2ad528c924a301adab662f075719c95fb1dec6f0b51902ebf647?s=96&d=mm&r=g\",\"contentUrl\":\"https:\\\/\\\/secure.gravatar.com\\\/avatar\\\/18077698a88c2ad528c924a301adab662f075719c95fb1dec6f0b51902ebf647?s=96&d=mm&r=g\",\"caption\":\"Ivan\"},\"url\":\"https:\\\/\\\/www.noticiasfire.com.br\\\/es\\\/author\\\/ivan\\\/\"}]}<\/script>\n<!-- \/ Yoast SEO plugin. -->","yoast_head_json":{"title":"Programas Sociais para 2024 j\u00e1 confirmados -","robots":{"index":"index","follow":"follow","max-snippet":"max-snippet:-1","max-image-preview":"max-image-preview:large","max-video-preview":"max-video-preview:-1"},"canonical":"https:\/\/www.noticiasfire.com.br\/es\/programas-sociais-para-2024-ja-confirmados\/","og_locale":"es_MX","og_type":"article","og_title":"Programas Sociais para 2024 j\u00e1 confirmados -","og_description":"Recursos adicionais para o Bolsa Fam\u00edlia O governo federal j\u00e1 confirmou que o Bolsa Fam\u00edlia continuar\u00e1 em 2024, com recursos adicionais para atender as fam\u00edlias em situa\u00e7\u00e3o de pobreza e extrema pobreza. O novo programa, chamado Aux\u00edlio Brasil, ter\u00e1 um valor m\u00e9dio de R$ 600 por fam\u00edlia, mais um b\u00f4nus de R$ 150 por crian\u00e7a ... Leer m\u00e1s","og_url":"https:\/\/www.noticiasfire.com.br\/es\/programas-sociais-para-2024-ja-confirmados\/","article_published_time":"2023-07-30T23:21:17+00:00","og_image":[{"width":1200,"height":635,"url":"https:\/\/www.noticiasfire.com.br\/wp-content\/uploads\/2023\/07\/auxilio_brasil_0812214996-1-2.jpg","type":"image\/jpeg"}],"author":"Ivan","twitter_card":"summary_large_image","twitter_misc":{"Escrito por":"Ivan","Tiempo de lectura":"3 minutos"},"schema":{"@context":"https:\/\/schema.org","@graph":[{"@type":"Article","@id":"https:\/\/www.noticiasfire.com.br\/programas-sociais-para-2024-ja-confirmados\/#article","isPartOf":{"@id":"https:\/\/www.noticiasfire.com.br\/programas-sociais-para-2024-ja-confirmados\/"},"author":{"name":"Ivan","@id":"https:\/\/www.noticiasfire.com.br\/#\/schema\/person\/6c064cf8d33f8b38900e936c385f48fd"},"headline":"Programas Sociais para 2024 j\u00e1 confirmados","datePublished":"2023-07-30T23:21:17+00:00","mainEntityOfPage":{"@id":"https:\/\/www.noticiasfire.com.br\/programas-sociais-para-2024-ja-confirmados\/"},"wordCount":480,"commentCount":0,"publisher":{"@id":"https:\/\/www.noticiasfire.com.br\/#organization"},"image":{"@id":"https:\/\/www.noticiasfire.com.br\/programas-sociais-para-2024-ja-confirmados\/#primaryimage"},"thumbnailUrl":"https:\/\/www.noticiasfire.com.br\/wp-content\/uploads\/2023\/07\/auxilio_brasil_0812214996-1-2.jpg","articleSection":["NOT\u00cdCIAS"],"inLanguage":"es","potentialAction":[{"@type":"CommentAction","name":"Comment","target":["https:\/\/www.noticiasfire.com.br\/programas-sociais-para-2024-ja-confirmados\/#respond"]}]},{"@type":"WebPage","@id":"https:\/\/www.noticiasfire.com.br\/programas-sociais-para-2024-ja-confirmados\/","url":"https:\/\/www.noticiasfire.com.br\/programas-sociais-para-2024-ja-confirmados\/","name":"Programas Sociais para 2024 j\u00e1 confirmados -","isPartOf":{"@id":"https:\/\/www.noticiasfire.com.br\/#website"},"primaryImageOfPage":{"@id":"https:\/\/www.noticiasfire.com.br\/programas-sociais-para-2024-ja-confirmados\/#primaryimage"},"image":{"@id":"https:\/\/www.noticiasfire.com.br\/programas-sociais-para-2024-ja-confirmados\/#primaryimage"},"thumbnailUrl":"https:\/\/www.noticiasfire.com.br\/wp-content\/uploads\/2023\/07\/auxilio_brasil_0812214996-1-2.jpg","datePublished":"2023-07-30T23:21:17+00:00","breadcrumb":{"@id":"https:\/\/www.noticiasfire.com.br\/programas-sociais-para-2024-ja-confirmados\/#breadcrumb"},"inLanguage":"es","potentialAction":[{"@type":"ReadAction","target":["https:\/\/www.noticiasfire.com.br\/programas-sociais-para-2024-ja-confirmados\/"]}]},{"@type":"ImageObject","inLanguage":"es","@id":"https:\/\/www.noticiasfire.com.br\/programas-sociais-para-2024-ja-confirmados\/#primaryimage","url":"https:\/\/www.noticiasfire.com.br\/wp-content\/uploads\/2023\/07\/auxilio_brasil_0812214996-1-2.jpg","contentUrl":"https:\/\/www.noticiasfire.com.br\/wp-content\/uploads\/2023\/07\/auxilio_brasil_0812214996-1-2.jpg","width":1200,"height":635,"caption":"Programas Sociais para 2023 j\u00e1 confirmados (imagem Google)"},{"@type":"BreadcrumbList","@id":"https:\/\/www.noticiasfire.com.br\/programas-sociais-para-2024-ja-confirmados\/#breadcrumb","itemListElement":[{"@type":"ListItem","position":1,"name":"In\u00edcio","item":"https:\/\/www.noticiasfire.com.br\/"},{"@type":"ListItem","position":2,"name":"Programas Sociais para 2024 j\u00e1 confirmados"}]},{"@type":"WebSite","@id":"https:\/\/www.noticiasfire.com.br\/#website","url":"https:\/\/www.noticiasfire.com.br\/","name":"NoticiasFire","description":"","publisher":{"@id":"https:\/\/www.noticiasfire.com.br\/#organization"},"potentialAction":[{"@type":"SearchAction","target":{"@type":"EntryPoint","urlTemplate":"https:\/\/www.noticiasfire.com.br\/?s={search_term_string}"},"query-input":{"@type":"PropertyValueSpecification","valueRequired":true,"valueName":"search_term_string"}}],"inLanguage":"es"},{"@type":"Organization","@id":"https:\/\/www.noticiasfire.com.br\/#organization","name":"NoticiasFire","url":"https:\/\/www.noticiasfire.com.br\/","logo":{"@type":"ImageObject","inLanguage":"es","@id":"https:\/\/www.noticiasfire.com.br\/#\/schema\/logo\/image\/","url":"https:\/\/www.noticiasfire.com.br\/wp-content\/uploads\/2025\/08\/cropped-Captura_de_Tela_2025-08-13_as_20.34.29__1_-removebg-preview.png","contentUrl":"https:\/\/www.noticiasfire.com.br\/wp-content\/uploads\/2025\/08\/cropped-Captura_de_Tela_2025-08-13_as_20.34.29__1_-removebg-preview.png","width":748,"height":286,"caption":"NoticiasFire"},"image":{"@id":"https:\/\/www.noticiasfire.com.br\/#\/schema\/logo\/image\/"}},{"@type":"Person","@id":"https:\/\/www.noticiasfire.com.br\/#\/schema\/person\/6c064cf8d33f8b38900e936c385f48fd","name":"Ivan","image":{"@type":"ImageObject","inLanguage":"es","@id":"https:\/\/secure.gravatar.com\/avatar\/18077698a88c2ad528c924a301adab662f075719c95fb1dec6f0b51902ebf647?s=96&d=mm&r=g","url":"https:\/\/secure.gravatar.com\/avatar\/18077698a88c2ad528c924a301adab662f075719c95fb1dec6f0b51902ebf647?s=96&d=mm&r=g","contentUrl":"https:\/\/secure.gravatar.com\/avatar\/18077698a88c2ad528c924a301adab662f075719c95fb1dec6f0b51902ebf647?s=96&d=mm&r=g","caption":"Ivan"},"url":"https:\/\/www.noticiasfire.com.br\/es\/author\/ivan\/"}]}},"_links":{"self":[{"href":"https:\/\/www.noticiasfire.com.br\/es\/wp-json\/wp\/v2\/posts\/19153","targetHints":{"allow":["GET"]}}],"collection":[{"href":"https:\/\/www.noticiasfire.com.br\/es\/wp-json\/wp\/v2\/posts"}],"about":[{"href":"https:\/\/www.noticiasfire.com.br\/es\/wp-json\/wp\/v2\/types\/post"}],"author":[{"embeddable":true,"href":"https:\/\/www.noticiasfire.com.br\/es\/wp-json\/wp\/v2\/users\/3"}],"replies":[{"embeddable":true,"href":"https:\/\/www.noticiasfire.com.br\/es\/wp-json\/wp\/v2\/comments?post=19153"}],"version-history":[{"count":0,"href":"https:\/\/www.noticiasfire.com.br\/es\/wp-json\/wp\/v2\/posts\/19153\/revisions"}],"wp:featuredmedia":[{"embeddable":true,"href":"https:\/\/www.noticiasfire.com.br\/es\/wp-json\/wp\/v2\/media\/30054"}],"wp:attachment":[{"href":"https:\/\/www.noticiasfire.com.br\/es\/wp-json\/wp\/v2\/media?parent=19153"}],"wp:term":[{"taxonomy":"category","embeddable":true,"href":"https:\/\/www.noticiasfire.com.br\/es\/wp-json\/wp\/v2\/categories?post=19153"},{"taxonomy":"post_tag","embeddable":true,"href":"https:\/\/www.noticiasfire.com.br\/es\/wp-json\/wp\/v2\/tags?post=19153"}],"curies":[{"name":"wp","href":"https:\/\/api.w.org\/{rel}","templated":true}]}}