{"id":19716,"date":"2023-08-24T16:41:19","date_gmt":"2023-08-24T19:41:19","guid":{"rendered":"https:\/\/www.noticiasfire.com.br\/?p=19716"},"modified":"2023-08-24T16:41:19","modified_gmt":"2023-08-24T19:41:19","slug":"programa-desenrola-brasil-apoio-a-pessoas-com-dividas","status":"publish","type":"post","link":"https:\/\/www.noticiasfire.com.br\/es\/programa-desenrola-brasil-apoio-a-pessoas-com-dividas\/","title":{"rendered":"Programa Desenrola Brasil: apoyo a los endeudados"},"content":{"rendered":"<div data-elementor-type=\"wp-post\" data-elementor-id=\"19716\" class=\"elementor elementor-19716\" data-elementor-post-type=\"post\">\n\t\t\t\t\t\t<section class=\"elementor-section elementor-top-section elementor-element elementor-element-24eadb3 elementor-section-boxed elementor-section-height-default elementor-section-height-default\" data-id=\"24eadb3\" data-element_type=\"section\" data-e-type=\"section\">\n\t\t\t\t\t\t<div class=\"elementor-container elementor-column-gap-default\">\n\t\t\t\t\t<div class=\"elementor-column elementor-col-100 elementor-top-column elementor-element elementor-element-a05a22e\" data-id=\"a05a22e\" data-element_type=\"column\" data-e-type=\"column\">\n\t\t\t<div class=\"elementor-widget-wrap elementor-element-populated\">\n\t\t\t\t\t\t<div class=\"elementor-element elementor-element-4506e58 elementor-widget elementor-widget-text-editor\" data-id=\"4506e58\" data-element_type=\"widget\" data-e-type=\"widget\" data-widget_type=\"text-editor.default\">\n\t\t\t\t\t\t\t\t\t<p><strong>Programa Desenrola Brasil: conozca todos los detalles de la iniciativa gubernamental para ayudar a los ciudadanos brasile\u00f1os a superar sus dificultades financieras.<\/strong><\/p>\n<p><!-- \/wp:paragraph --><!-- wp:paragraph --><\/p>\n<p>La medida provisional por la que se crea la <strong>Programa Desenrola Brasil<\/strong> es una acci\u00f3n de gran importancia para la econom\u00eda del pa\u00eds, con el potencial de beneficiar hasta 70 millones de brasile\u00f1os endeudados.<\/p>\n<p>Esta medida representa la respuesta del gobierno a las dificultades financieras a las que se enfrenta la poblaci\u00f3n, especialmente en un momento de crisis econ\u00f3mica e incertidumbre.<\/p>\n<p><!-- \/wp:paragraph --><!-- wp:paragraph --><\/p>\n<p>O <strong>Programa Desenrola Brasil<\/strong> su principal objetivo es la renegociaci\u00f3n de las deudas de los ciudadanos, proporcionando condiciones m\u00e1s favorables para el pago y la liquidaci\u00f3n de las obligaciones financieras.<\/p>\n<p><!-- \/wp:paragraph --><!-- wp:paragraph --><\/p>\n<p>Con la aprobaci\u00f3n de esta medida, el Gobierno pretende establecer mecanismos que faciliten la vida a las personas endeudadas, permiti\u00e9ndoles salir de sus dificultades financieras y recuperar su estabilidad econ\u00f3mica.<\/p>\t\t\t\t\t\t\t\t<\/div>\n\t\t\t\t\t<\/div>\n\t\t<\/div>\n\t\t\t\t\t<\/div>\n\t\t<\/section>\n\t\t\t\t<section class=\"elementor-section elementor-top-section elementor-element elementor-element-aa7148a elementor-section-boxed elementor-section-height-default elementor-section-height-default\" data-id=\"aa7148a\" data-element_type=\"section\" data-e-type=\"section\">\n\t\t\t\t\t\t<div class=\"elementor-container elementor-column-gap-default\">\n\t\t\t\t\t<div class=\"elementor-column elementor-col-100 elementor-top-column elementor-element elementor-element-58f9c2b\" data-id=\"58f9c2b\" data-element_type=\"column\" data-e-type=\"column\">\n\t\t\t<div class=\"elementor-widget-wrap elementor-element-populated\">\n\t\t\t\t\t\t<div class=\"elementor-element elementor-element-79645a1 elementor-widget-divider--view-line elementor-widget elementor-widget-divider\" data-id=\"79645a1\" data-element_type=\"widget\" data-e-type=\"widget\" data-widget_type=\"divider.default\">\n\t\t\t\t\t\t\t<div class=\"elementor-divider\">\n\t\t\t<span class=\"elementor-divider-separator\">\n\t\t\t\t\t\t<\/span>\n\t\t<\/div>\n\t\t\t\t\t\t<\/div>\n\t\t\t\t\t<\/div>\n\t\t<\/div>\n\t\t\t\t\t<\/div>\n\t\t<\/section>\n\t\t\t\t<section class=\"elementor-section elementor-top-section elementor-element elementor-element-7a459be elementor-section-boxed elementor-section-height-default elementor-section-height-default\" data-id=\"7a459be\" data-element_type=\"section\" data-e-type=\"section\">\n\t\t\t\t\t\t<div class=\"elementor-container elementor-column-gap-default\">\n\t\t\t\t\t<div class=\"elementor-column elementor-col-33 elementor-top-column elementor-element elementor-element-84043c5\" data-id=\"84043c5\" data-element_type=\"column\" data-e-type=\"column\">\n\t\t\t<div class=\"elementor-widget-wrap elementor-element-populated\">\n\t\t\t\t\t\t<div class=\"elementor-element elementor-element-7d901e1 elementor-widget elementor-widget-image\" data-id=\"7d901e1\" data-element_type=\"widget\" data-e-type=\"widget\" data-widget_type=\"image.default\">\n\t\t\t\t\t\t\t\t\t\t\t\t\t\t\t<img fetchpriority=\"high\" decoding=\"async\" width=\"640\" height=\"427\" src=\"https:\/\/www.noticiasfire.com.br\/wp-content\/uploads\/2023\/08\/Design-sem-nome-3-1.jpg\" class=\"attachment-large size-large wp-image-19356\" alt=\"Desenrola Brasil\" srcset=\"https:\/\/www.noticiasfire.com.br\/wp-content\/uploads\/2023\/08\/Design-sem-nome-3-1.jpg 640w, https:\/\/www.noticiasfire.com.br\/wp-content\/uploads\/2023\/08\/Design-sem-nome-3-1-300x200.jpg 300w\" sizes=\"(max-width: 640px) 100vw, 640px\" \/>\t\t\t\t\t\t\t\t\t\t\t\t\t\t\t<\/div>\n\t\t\t\t\t<\/div>\n\t\t<\/div>\n\t\t\t\t<div class=\"elementor-column elementor-col-66 elementor-top-column elementor-element elementor-element-f62d1fb\" data-id=\"f62d1fb\" data-element_type=\"column\" data-e-type=\"column\">\n\t\t\t<div class=\"elementor-widget-wrap elementor-element-populated\">\n\t\t\t\t\t\t<div class=\"elementor-element elementor-element-861d0d4 elementor-widget elementor-widget-heading\" data-id=\"861d0d4\" data-element_type=\"widget\" data-e-type=\"widget\" data-widget_type=\"heading.default\">\n\t\t\t\t\t<h1 class=\"elementor-heading-title elementor-size-default\">Programa Desenrola Brasil<\/h1>\t\t\t\t<\/div>\n\t\t\t\t<div class=\"elementor-element elementor-element-7f45661 elementor-widget elementor-widget-heading\" data-id=\"7f45661\" data-element_type=\"widget\" data-e-type=\"widget\" data-widget_type=\"heading.default\">\n\t\t\t\t\t<h3 class=\"elementor-heading-title elementor-size-default\">Potencial para beneficiar a 70 millones de brasile\u00f1os<\/h3>\t\t\t\t<\/div>\n\t\t\t\t<div class=\"elementor-element elementor-element-f107953 elementor-align-justify elementor-widget elementor-widget-button\" data-id=\"f107953\" data-element_type=\"widget\" data-e-type=\"widget\" data-widget_type=\"button.default\">\n\t\t\t\t\t\t\t\t\t\t<a class=\"elementor-button elementor-button-link elementor-size-sm\" href=\"https:\/\/www.noticiasfire.com.br\/es\/desenrola-brasil-limpe-seu-nome-como-funciona-e-como-se-cadastrar\/?utm_source=facebook&#038;utm_medium=01&#038;utm_campaign=19355_facebook_trafego\">\n\t\t\t\t\t\t<span class=\"elementor-button-content-wrapper\">\n\t\t\t\t\t\t\t\t\t<span class=\"elementor-button-text\">QUIERO SABER COMO<\/span>\n\t\t\t\t\t<\/span>\n\t\t\t\t\t<\/a>\n\t\t\t\t\t\t\t\t<\/div>\n\t\t\t\t\t<\/div>\n\t\t<\/div>\n\t\t\t\t\t<\/div>\n\t\t<\/section>\n\t\t\t\t<section class=\"elementor-section elementor-top-section elementor-element elementor-element-3403491 elementor-section-boxed elementor-section-height-default elementor-section-height-default\" data-id=\"3403491\" data-element_type=\"section\" data-e-type=\"section\">\n\t\t\t\t\t\t<div class=\"elementor-container elementor-column-gap-default\">\n\t\t\t\t\t<div class=\"elementor-column elementor-col-100 elementor-top-column elementor-element elementor-element-4d80386\" data-id=\"4d80386\" data-element_type=\"column\" data-e-type=\"column\">\n\t\t\t<div class=\"elementor-widget-wrap elementor-element-populated\">\n\t\t\t\t\t\t<div class=\"elementor-element elementor-element-b77c676 elementor-widget-divider--view-line elementor-widget elementor-widget-divider\" data-id=\"b77c676\" data-element_type=\"widget\" data-e-type=\"widget\" data-widget_type=\"divider.default\">\n\t\t\t\t\t\t\t<div class=\"elementor-divider\">\n\t\t\t<span class=\"elementor-divider-separator\">\n\t\t\t\t\t\t<\/span>\n\t\t<\/div>\n\t\t\t\t\t\t<\/div>\n\t\t\t\t\t<\/div>\n\t\t<\/div>\n\t\t\t\t\t<\/div>\n\t\t<\/section>\n\t\t\t\t<section class=\"elementor-section elementor-top-section elementor-element elementor-element-44755937 elementor-section-boxed elementor-section-height-default elementor-section-height-default\" data-id=\"44755937\" data-element_type=\"section\" data-e-type=\"section\">\n\t\t\t\t\t\t<div class=\"elementor-container elementor-column-gap-default\">\n\t\t\t\t\t<div class=\"elementor-column elementor-col-100 elementor-top-column elementor-element elementor-element-1be30e04\" data-id=\"1be30e04\" data-element_type=\"column\" data-e-type=\"column\">\n\t\t\t<div class=\"elementor-widget-wrap elementor-element-populated\">\n\t\t\t\t\t\t<div class=\"elementor-element elementor-element-4e368a47 elementor-widget elementor-widget-text-editor\" data-id=\"4e368a47\" data-element_type=\"widget\" data-e-type=\"widget\" data-widget_type=\"text-editor.default\">\n\t\t\t\t\t\t\t\t\t<!-- wp:paragraph --><!-- \/wp:paragraph --><!-- wp:paragraph --><!-- \/wp:paragraph --><!-- wp:heading -->\n<h2 class=\"wp-block-heading\">Principales directrices del Programa Desenrola Brasil:<\/h2>\n<!-- \/wp:heading --><!-- wp:list -->\n<ul><!-- wp:list-item -->\n<li>Benefician a personas f\u00edsicas con ingresos de hasta dos salarios m\u00ednimos o que est\u00e9n inscritas en el Registro \u00danico;<\/li>\n<!-- \/wp:list-item --><!-- wp:list-item -->\n<li>Cubrir deudas bancarias y no bancarias de hasta R$5 mil reales;<\/li>\n<!-- \/wp:list-item --><!-- wp:list-item -->\n<li>Posibilidad de pagar la deuda al contado o hasta en 60 plazos;<\/li>\n<!-- \/wp:list-item --><!-- wp:list-item -->\n<li>Inter\u00e9s limitado a 1,99%;<\/li>\n<!-- \/wp:list-item --><!-- wp:list-item -->\n<li>Negociaci\u00f3n a trav\u00e9s de dispositivos m\u00f3viles.<\/li>\n<!-- \/wp:list-item --><\/ul>\n<!-- \/wp:list --><!-- wp:paragraph -->\n<p>Una de las caracter\u00edsticas m\u00e1s llamativas del Programa Desenrola Brasil es la ampliaci\u00f3n del l\u00edmite para renegociar deudas, lo que permitir\u00e1 que hasta 70 millones de brasile\u00f1os tengan la oportunidad de negociar sus asuntos financieros.<\/p>\n<!-- \/wp:paragraph --><!-- wp:paragraph -->\n<p>Esto significa que las personas con deudas de diversos tipos, como pr\u00e9stamos, tarjetas de cr\u00e9dito, financiaci\u00f3n, entre otros, pueden beneficiarse de esta medida.<\/p>\n<!-- \/wp:paragraph --><!-- wp:paragraph -->\n<p>Adem\u00e1s, el Programa Desenrola Brasil ofrece condiciones m\u00e1s ventajosas para los deudores, como intereses reducidos, ampliaci\u00f3n de los plazos de pago y posibilidad de descuento sobre el importe total de la deuda.<\/p>\n<!-- \/wp:paragraph --><!-- wp:paragraph -->\n<p>Estas medidas pretenden aliviar la carga financiera de los endeudados y permitirles cumplir sus compromisos de forma m\u00e1s viable y sostenible.<\/p>\n<!-- \/wp:paragraph --><!-- wp:paragraph -->\n<p>Es importante subrayar que <strong>Programa Desenrola Brasil <\/strong>no se trata de condonar la deuda, sino de una oportunidad de renegociaci\u00f3n y regularizaci\u00f3n.<\/p>\n<!-- \/wp:paragraph --><!-- wp:paragraph -->\n<p>Los ciudadanos que se adhieran a este programa deben comprometerse a cumplir los acuerdos establecidos, garantizando as\u00ed la responsabilidad compartida entre deudores y acreedores.<\/p>\n<!-- \/wp:paragraph -->\t\t\t\t\t\t\t\t<\/div>\n\t\t\t\t\t<\/div>\n\t\t<\/div>\n\t\t\t\t\t<\/div>\n\t\t<\/section>\n\t\t\t\t<\/div>","protected":false},"excerpt":{"rendered":"<p>Programa Desenrola Brasil: conhe\u00e7a todos os detalhes da iniciativa governamental para auxiliar os cidad\u00e3os brasileiros a superarem suas dificuldades financeiras. A Medida Provis\u00f3ria que cria o Programa Desenrola Brasil \u00e9 uma a\u00e7\u00e3o de grande relev\u00e2ncia para a economia do pa\u00eds, com o potencial de beneficiar at\u00e9 70 milh\u00f5es de brasileiros que se encontram em situa\u00e7\u00e3o &#8230; <a title=\"Programa Desenrola Brasil: apoyo a los endeudados\" class=\"read-more\" href=\"https:\/\/www.noticiasfire.com.br\/es\/programa-desenrola-brasil-apoio-a-pessoas-com-dividas\/\" aria-label=\"Leer m\u00e1s sobre Programa Desenrola Brasil: apoio a pessoas com div\u00eddas\">Leer m\u00e1s<\/a><\/p>","protected":false},"author":3,"featured_media":30055,"comment_status":"open","ping_status":"open","sticky":false,"template":"","format":"standard","meta":{"footnotes":""},"categories":[44],"tags":[],"class_list":["post-19716","post","type-post","status-publish","format-standard","has-post-thumbnail","hentry","category-noticias"],"yoast_head":"<!-- This site is optimized with the Yoast SEO plugin v27.4 - https:\/\/yoast.com\/product\/yoast-seo-wordpress\/ -->\n<title>Programa Desenrola Brasil: apoio a pessoas com div\u00eddas -<\/title>\n<meta name=\"robots\" content=\"index, follow, max-snippet:-1, max-image-preview:large, max-video-preview:-1\" \/>\n<link rel=\"canonical\" href=\"https:\/\/www.noticiasfire.com.br\/es\/programa-desenrola-brasil-apoio-a-pessoas-com-dividas\/\" \/>\n<meta property=\"og:locale\" content=\"es_MX\" \/>\n<meta property=\"og:type\" content=\"article\" \/>\n<meta property=\"og:title\" content=\"Programa Desenrola Brasil: apoio a pessoas com div\u00eddas -\" \/>\n<meta property=\"og:description\" content=\"Programa Desenrola Brasil: conhe\u00e7a todos os detalhes da iniciativa governamental para auxiliar os cidad\u00e3os brasileiros a superarem suas dificuldades financeiras. A Medida Provis\u00f3ria que cria o Programa Desenrola Brasil \u00e9 uma a\u00e7\u00e3o de grande relev\u00e2ncia para a economia do pa\u00eds, com o potencial de beneficiar at\u00e9 70 milh\u00f5es de brasileiros que se encontram em situa\u00e7\u00e3o ... Leer m\u00e1s\" \/>\n<meta property=\"og:url\" content=\"https:\/\/www.noticiasfire.com.br\/es\/programa-desenrola-brasil-apoio-a-pessoas-com-dividas\/\" \/>\n<meta property=\"article:published_time\" content=\"2023-08-24T19:41:19+00:00\" \/>\n<meta property=\"og:image\" content=\"https:\/\/www.noticiasfire.com.br\/wp-content\/uploads\/2023\/08\/Design-sem-nome-3-2.jpg\" \/>\n\t<meta property=\"og:image:width\" content=\"640\" \/>\n\t<meta property=\"og:image:height\" content=\"427\" \/>\n\t<meta property=\"og:image:type\" content=\"image\/jpeg\" \/>\n<meta name=\"author\" content=\"Ivan\" \/>\n<meta name=\"twitter:card\" content=\"summary_large_image\" \/>\n<meta name=\"twitter:label1\" content=\"Escrito por\" \/>\n\t<meta name=\"twitter:data1\" content=\"Ivan\" \/>\n\t<meta name=\"twitter:label2\" content=\"Tiempo de lectura\" \/>\n\t<meta name=\"twitter:data2\" content=\"3 minutos\" \/>\n<script type=\"application\/ld+json\" class=\"yoast-schema-graph\">{\"@context\":\"https:\\\/\\\/schema.org\",\"@graph\":[{\"@type\":\"Article\",\"@id\":\"https:\\\/\\\/www.noticiasfire.com.br\\\/programa-desenrola-brasil-apoio-a-pessoas-com-dividas\\\/#article\",\"isPartOf\":{\"@id\":\"https:\\\/\\\/www.noticiasfire.com.br\\\/programa-desenrola-brasil-apoio-a-pessoas-com-dividas\\\/\"},\"author\":{\"name\":\"Ivan\",\"@id\":\"https:\\\/\\\/www.noticiasfire.com.br\\\/#\\\/schema\\\/person\\\/6c064cf8d33f8b38900e936c385f48fd\"},\"headline\":\"Programa Desenrola Brasil: apoio a pessoas com div\u00eddas\",\"datePublished\":\"2023-08-24T19:41:19+00:00\",\"mainEntityOfPage\":{\"@id\":\"https:\\\/\\\/www.noticiasfire.com.br\\\/programa-desenrola-brasil-apoio-a-pessoas-com-dividas\\\/\"},\"wordCount\":420,\"commentCount\":0,\"publisher\":{\"@id\":\"https:\\\/\\\/www.noticiasfire.com.br\\\/#organization\"},\"image\":{\"@id\":\"https:\\\/\\\/www.noticiasfire.com.br\\\/programa-desenrola-brasil-apoio-a-pessoas-com-dividas\\\/#primaryimage\"},\"thumbnailUrl\":\"https:\\\/\\\/www.noticiasfire.com.br\\\/wp-content\\\/uploads\\\/2023\\\/08\\\/Design-sem-nome-3-2.jpg\",\"articleSection\":[\"NOT\u00cdCIAS\"],\"inLanguage\":\"es\",\"potentialAction\":[{\"@type\":\"CommentAction\",\"name\":\"Comment\",\"target\":[\"https:\\\/\\\/www.noticiasfire.com.br\\\/programa-desenrola-brasil-apoio-a-pessoas-com-dividas\\\/#respond\"]}]},{\"@type\":\"WebPage\",\"@id\":\"https:\\\/\\\/www.noticiasfire.com.br\\\/programa-desenrola-brasil-apoio-a-pessoas-com-dividas\\\/\",\"url\":\"https:\\\/\\\/www.noticiasfire.com.br\\\/programa-desenrola-brasil-apoio-a-pessoas-com-dividas\\\/\",\"name\":\"Programa Desenrola Brasil: apoio a pessoas com div\u00eddas -\",\"isPartOf\":{\"@id\":\"https:\\\/\\\/www.noticiasfire.com.br\\\/#website\"},\"primaryImageOfPage\":{\"@id\":\"https:\\\/\\\/www.noticiasfire.com.br\\\/programa-desenrola-brasil-apoio-a-pessoas-com-dividas\\\/#primaryimage\"},\"image\":{\"@id\":\"https:\\\/\\\/www.noticiasfire.com.br\\\/programa-desenrola-brasil-apoio-a-pessoas-com-dividas\\\/#primaryimage\"},\"thumbnailUrl\":\"https:\\\/\\\/www.noticiasfire.com.br\\\/wp-content\\\/uploads\\\/2023\\\/08\\\/Design-sem-nome-3-2.jpg\",\"datePublished\":\"2023-08-24T19:41:19+00:00\",\"breadcrumb\":{\"@id\":\"https:\\\/\\\/www.noticiasfire.com.br\\\/programa-desenrola-brasil-apoio-a-pessoas-com-dividas\\\/#breadcrumb\"},\"inLanguage\":\"es\",\"potentialAction\":[{\"@type\":\"ReadAction\",\"target\":[\"https:\\\/\\\/www.noticiasfire.com.br\\\/programa-desenrola-brasil-apoio-a-pessoas-com-dividas\\\/\"]}]},{\"@type\":\"ImageObject\",\"inLanguage\":\"es\",\"@id\":\"https:\\\/\\\/www.noticiasfire.com.br\\\/programa-desenrola-brasil-apoio-a-pessoas-com-dividas\\\/#primaryimage\",\"url\":\"https:\\\/\\\/www.noticiasfire.com.br\\\/wp-content\\\/uploads\\\/2023\\\/08\\\/Design-sem-nome-3-2.jpg\",\"contentUrl\":\"https:\\\/\\\/www.noticiasfire.com.br\\\/wp-content\\\/uploads\\\/2023\\\/08\\\/Design-sem-nome-3-2.jpg\",\"width\":640,\"height\":427,\"caption\":\"Desenrola Brasil (imagem Google)\"},{\"@type\":\"BreadcrumbList\",\"@id\":\"https:\\\/\\\/www.noticiasfire.com.br\\\/programa-desenrola-brasil-apoio-a-pessoas-com-dividas\\\/#breadcrumb\",\"itemListElement\":[{\"@type\":\"ListItem\",\"position\":1,\"name\":\"In\u00edcio\",\"item\":\"https:\\\/\\\/www.noticiasfire.com.br\\\/\"},{\"@type\":\"ListItem\",\"position\":2,\"name\":\"Programa Desenrola Brasil: apoio a pessoas com div\u00eddas\"}]},{\"@type\":\"WebSite\",\"@id\":\"https:\\\/\\\/www.noticiasfire.com.br\\\/#website\",\"url\":\"https:\\\/\\\/www.noticiasfire.com.br\\\/\",\"name\":\"NoticiasFire\",\"description\":\"\",\"publisher\":{\"@id\":\"https:\\\/\\\/www.noticiasfire.com.br\\\/#organization\"},\"potentialAction\":[{\"@type\":\"SearchAction\",\"target\":{\"@type\":\"EntryPoint\",\"urlTemplate\":\"https:\\\/\\\/www.noticiasfire.com.br\\\/?s={search_term_string}\"},\"query-input\":{\"@type\":\"PropertyValueSpecification\",\"valueRequired\":true,\"valueName\":\"search_term_string\"}}],\"inLanguage\":\"es\"},{\"@type\":\"Organization\",\"@id\":\"https:\\\/\\\/www.noticiasfire.com.br\\\/#organization\",\"name\":\"NoticiasFire\",\"url\":\"https:\\\/\\\/www.noticiasfire.com.br\\\/\",\"logo\":{\"@type\":\"ImageObject\",\"inLanguage\":\"es\",\"@id\":\"https:\\\/\\\/www.noticiasfire.com.br\\\/#\\\/schema\\\/logo\\\/image\\\/\",\"url\":\"https:\\\/\\\/www.noticiasfire.com.br\\\/wp-content\\\/uploads\\\/2025\\\/08\\\/cropped-Captura_de_Tela_2025-08-13_as_20.34.29__1_-removebg-preview.png\",\"contentUrl\":\"https:\\\/\\\/www.noticiasfire.com.br\\\/wp-content\\\/uploads\\\/2025\\\/08\\\/cropped-Captura_de_Tela_2025-08-13_as_20.34.29__1_-removebg-preview.png\",\"width\":748,\"height\":286,\"caption\":\"NoticiasFire\"},\"image\":{\"@id\":\"https:\\\/\\\/www.noticiasfire.com.br\\\/#\\\/schema\\\/logo\\\/image\\\/\"}},{\"@type\":\"Person\",\"@id\":\"https:\\\/\\\/www.noticiasfire.com.br\\\/#\\\/schema\\\/person\\\/6c064cf8d33f8b38900e936c385f48fd\",\"name\":\"Ivan\",\"image\":{\"@type\":\"ImageObject\",\"inLanguage\":\"es\",\"@id\":\"https:\\\/\\\/secure.gravatar.com\\\/avatar\\\/18077698a88c2ad528c924a301adab662f075719c95fb1dec6f0b51902ebf647?s=96&d=mm&r=g\",\"url\":\"https:\\\/\\\/secure.gravatar.com\\\/avatar\\\/18077698a88c2ad528c924a301adab662f075719c95fb1dec6f0b51902ebf647?s=96&d=mm&r=g\",\"contentUrl\":\"https:\\\/\\\/secure.gravatar.com\\\/avatar\\\/18077698a88c2ad528c924a301adab662f075719c95fb1dec6f0b51902ebf647?s=96&d=mm&r=g\",\"caption\":\"Ivan\"},\"url\":\"https:\\\/\\\/www.noticiasfire.com.br\\\/es\\\/author\\\/ivan\\\/\"}]}<\/script>\n<!-- \/ Yoast SEO plugin. -->","yoast_head_json":{"title":"Programa Desenrola Brasil: apoio a pessoas com div\u00eddas -","robots":{"index":"index","follow":"follow","max-snippet":"max-snippet:-1","max-image-preview":"max-image-preview:large","max-video-preview":"max-video-preview:-1"},"canonical":"https:\/\/www.noticiasfire.com.br\/es\/programa-desenrola-brasil-apoio-a-pessoas-com-dividas\/","og_locale":"es_MX","og_type":"article","og_title":"Programa Desenrola Brasil: apoio a pessoas com div\u00eddas -","og_description":"Programa Desenrola Brasil: conhe\u00e7a todos os detalhes da iniciativa governamental para auxiliar os cidad\u00e3os brasileiros a superarem suas dificuldades financeiras. A Medida Provis\u00f3ria que cria o Programa Desenrola Brasil \u00e9 uma a\u00e7\u00e3o de grande relev\u00e2ncia para a economia do pa\u00eds, com o potencial de beneficiar at\u00e9 70 milh\u00f5es de brasileiros que se encontram em situa\u00e7\u00e3o ... Leer m\u00e1s","og_url":"https:\/\/www.noticiasfire.com.br\/es\/programa-desenrola-brasil-apoio-a-pessoas-com-dividas\/","article_published_time":"2023-08-24T19:41:19+00:00","og_image":[{"width":640,"height":427,"url":"https:\/\/www.noticiasfire.com.br\/wp-content\/uploads\/2023\/08\/Design-sem-nome-3-2.jpg","type":"image\/jpeg"}],"author":"Ivan","twitter_card":"summary_large_image","twitter_misc":{"Escrito por":"Ivan","Tiempo de lectura":"3 minutos"},"schema":{"@context":"https:\/\/schema.org","@graph":[{"@type":"Article","@id":"https:\/\/www.noticiasfire.com.br\/programa-desenrola-brasil-apoio-a-pessoas-com-dividas\/#article","isPartOf":{"@id":"https:\/\/www.noticiasfire.com.br\/programa-desenrola-brasil-apoio-a-pessoas-com-dividas\/"},"author":{"name":"Ivan","@id":"https:\/\/www.noticiasfire.com.br\/#\/schema\/person\/6c064cf8d33f8b38900e936c385f48fd"},"headline":"Programa Desenrola Brasil: apoio a pessoas com div\u00eddas","datePublished":"2023-08-24T19:41:19+00:00","mainEntityOfPage":{"@id":"https:\/\/www.noticiasfire.com.br\/programa-desenrola-brasil-apoio-a-pessoas-com-dividas\/"},"wordCount":420,"commentCount":0,"publisher":{"@id":"https:\/\/www.noticiasfire.com.br\/#organization"},"image":{"@id":"https:\/\/www.noticiasfire.com.br\/programa-desenrola-brasil-apoio-a-pessoas-com-dividas\/#primaryimage"},"thumbnailUrl":"https:\/\/www.noticiasfire.com.br\/wp-content\/uploads\/2023\/08\/Design-sem-nome-3-2.jpg","articleSection":["NOT\u00cdCIAS"],"inLanguage":"es","potentialAction":[{"@type":"CommentAction","name":"Comment","target":["https:\/\/www.noticiasfire.com.br\/programa-desenrola-brasil-apoio-a-pessoas-com-dividas\/#respond"]}]},{"@type":"WebPage","@id":"https:\/\/www.noticiasfire.com.br\/programa-desenrola-brasil-apoio-a-pessoas-com-dividas\/","url":"https:\/\/www.noticiasfire.com.br\/programa-desenrola-brasil-apoio-a-pessoas-com-dividas\/","name":"Programa Desenrola Brasil: apoio a pessoas com div\u00eddas -","isPartOf":{"@id":"https:\/\/www.noticiasfire.com.br\/#website"},"primaryImageOfPage":{"@id":"https:\/\/www.noticiasfire.com.br\/programa-desenrola-brasil-apoio-a-pessoas-com-dividas\/#primaryimage"},"image":{"@id":"https:\/\/www.noticiasfire.com.br\/programa-desenrola-brasil-apoio-a-pessoas-com-dividas\/#primaryimage"},"thumbnailUrl":"https:\/\/www.noticiasfire.com.br\/wp-content\/uploads\/2023\/08\/Design-sem-nome-3-2.jpg","datePublished":"2023-08-24T19:41:19+00:00","breadcrumb":{"@id":"https:\/\/www.noticiasfire.com.br\/programa-desenrola-brasil-apoio-a-pessoas-com-dividas\/#breadcrumb"},"inLanguage":"es","potentialAction":[{"@type":"ReadAction","target":["https:\/\/www.noticiasfire.com.br\/programa-desenrola-brasil-apoio-a-pessoas-com-dividas\/"]}]},{"@type":"ImageObject","inLanguage":"es","@id":"https:\/\/www.noticiasfire.com.br\/programa-desenrola-brasil-apoio-a-pessoas-com-dividas\/#primaryimage","url":"https:\/\/www.noticiasfire.com.br\/wp-content\/uploads\/2023\/08\/Design-sem-nome-3-2.jpg","contentUrl":"https:\/\/www.noticiasfire.com.br\/wp-content\/uploads\/2023\/08\/Design-sem-nome-3-2.jpg","width":640,"height":427,"caption":"Desenrola Brasil (imagem Google)"},{"@type":"BreadcrumbList","@id":"https:\/\/www.noticiasfire.com.br\/programa-desenrola-brasil-apoio-a-pessoas-com-dividas\/#breadcrumb","itemListElement":[{"@type":"ListItem","position":1,"name":"In\u00edcio","item":"https:\/\/www.noticiasfire.com.br\/"},{"@type":"ListItem","position":2,"name":"Programa Desenrola Brasil: apoio a pessoas com div\u00eddas"}]},{"@type":"WebSite","@id":"https:\/\/www.noticiasfire.com.br\/#website","url":"https:\/\/www.noticiasfire.com.br\/","name":"NoticiasFire","description":"","publisher":{"@id":"https:\/\/www.noticiasfire.com.br\/#organization"},"potentialAction":[{"@type":"SearchAction","target":{"@type":"EntryPoint","urlTemplate":"https:\/\/www.noticiasfire.com.br\/?s={search_term_string}"},"query-input":{"@type":"PropertyValueSpecification","valueRequired":true,"valueName":"search_term_string"}}],"inLanguage":"es"},{"@type":"Organization","@id":"https:\/\/www.noticiasfire.com.br\/#organization","name":"NoticiasFire","url":"https:\/\/www.noticiasfire.com.br\/","logo":{"@type":"ImageObject","inLanguage":"es","@id":"https:\/\/www.noticiasfire.com.br\/#\/schema\/logo\/image\/","url":"https:\/\/www.noticiasfire.com.br\/wp-content\/uploads\/2025\/08\/cropped-Captura_de_Tela_2025-08-13_as_20.34.29__1_-removebg-preview.png","contentUrl":"https:\/\/www.noticiasfire.com.br\/wp-content\/uploads\/2025\/08\/cropped-Captura_de_Tela_2025-08-13_as_20.34.29__1_-removebg-preview.png","width":748,"height":286,"caption":"NoticiasFire"},"image":{"@id":"https:\/\/www.noticiasfire.com.br\/#\/schema\/logo\/image\/"}},{"@type":"Person","@id":"https:\/\/www.noticiasfire.com.br\/#\/schema\/person\/6c064cf8d33f8b38900e936c385f48fd","name":"Ivan","image":{"@type":"ImageObject","inLanguage":"es","@id":"https:\/\/secure.gravatar.com\/avatar\/18077698a88c2ad528c924a301adab662f075719c95fb1dec6f0b51902ebf647?s=96&d=mm&r=g","url":"https:\/\/secure.gravatar.com\/avatar\/18077698a88c2ad528c924a301adab662f075719c95fb1dec6f0b51902ebf647?s=96&d=mm&r=g","contentUrl":"https:\/\/secure.gravatar.com\/avatar\/18077698a88c2ad528c924a301adab662f075719c95fb1dec6f0b51902ebf647?s=96&d=mm&r=g","caption":"Ivan"},"url":"https:\/\/www.noticiasfire.com.br\/es\/author\/ivan\/"}]}},"_links":{"self":[{"href":"https:\/\/www.noticiasfire.com.br\/es\/wp-json\/wp\/v2\/posts\/19716","targetHints":{"allow":["GET"]}}],"collection":[{"href":"https:\/\/www.noticiasfire.com.br\/es\/wp-json\/wp\/v2\/posts"}],"about":[{"href":"https:\/\/www.noticiasfire.com.br\/es\/wp-json\/wp\/v2\/types\/post"}],"author":[{"embeddable":true,"href":"https:\/\/www.noticiasfire.com.br\/es\/wp-json\/wp\/v2\/users\/3"}],"replies":[{"embeddable":true,"href":"https:\/\/www.noticiasfire.com.br\/es\/wp-json\/wp\/v2\/comments?post=19716"}],"version-history":[{"count":0,"href":"https:\/\/www.noticiasfire.com.br\/es\/wp-json\/wp\/v2\/posts\/19716\/revisions"}],"wp:featuredmedia":[{"embeddable":true,"href":"https:\/\/www.noticiasfire.com.br\/es\/wp-json\/wp\/v2\/media\/30055"}],"wp:attachment":[{"href":"https:\/\/www.noticiasfire.com.br\/es\/wp-json\/wp\/v2\/media?parent=19716"}],"wp:term":[{"taxonomy":"category","embeddable":true,"href":"https:\/\/www.noticiasfire.com.br\/es\/wp-json\/wp\/v2\/categories?post=19716"},{"taxonomy":"post_tag","embeddable":true,"href":"https:\/\/www.noticiasfire.com.br\/es\/wp-json\/wp\/v2\/tags?post=19716"}],"curies":[{"name":"wp","href":"https:\/\/api.w.org\/{rel}","templated":true}]}}