{"id":21148,"date":"2023-11-11T10:25:41","date_gmt":"2023-11-11T13:25:41","guid":{"rendered":"https:\/\/www.noticiasfire.com.br\/?p=21148"},"modified":"2023-11-11T10:25:41","modified_gmt":"2023-11-11T13:25:41","slug":"auxilio-brasil-2024-como-se-cadastrar-e-quem-tem-direito","status":"publish","type":"post","link":"https:\/\/www.noticiasfire.com.br\/es\/auxilio-brasil-2024-como-se-cadastrar-e-quem-tem-direito\/","title":{"rendered":"Ayudas Brasil 2024: c\u00f3mo inscribirse y qui\u00e9n puede optar a ellas"},"content":{"rendered":"<div data-elementor-type=\"wp-post\" data-elementor-id=\"21148\" class=\"elementor elementor-21148\" data-elementor-post-type=\"post\">\n\t\t\t\t\t\t<section class=\"elementor-section elementor-top-section elementor-element elementor-element-6777a354 elementor-section-boxed elementor-section-height-default elementor-section-height-default\" data-id=\"6777a354\" data-element_type=\"section\" data-e-type=\"section\">\n\t\t\t\t\t\t<div class=\"elementor-container elementor-column-gap-default\">\n\t\t\t\t\t<div class=\"elementor-column elementor-col-100 elementor-top-column elementor-element elementor-element-2b30123a\" data-id=\"2b30123a\" data-element_type=\"column\" data-e-type=\"column\">\n\t\t\t<div class=\"elementor-widget-wrap elementor-element-populated\">\n\t\t\t\t\t\t<div class=\"elementor-element elementor-element-5f4d6fa elementor-widget elementor-widget-text-editor\" data-id=\"5f4d6fa\" data-element_type=\"widget\" data-e-type=\"widget\" data-widget_type=\"text-editor.default\">\n\t\t\t\t\t\t\t\t\t\n<p>O <strong>Brasil Ayuda 2024<\/strong> est\u00e1 prestes a ser implementado para beneficiar muitos cidad\u00e3os brasileiros. Sem d\u00favida, este \u00e9 um dos programas do governo mais procurados e, consequentemente, seu sucesso no pa\u00eds \u00e9 praticamente assegurado.\u00a0<\/p>\n\n\n\n<p>Se voc\u00ea tem d\u00favidas sobre o <strong>Brasil Ayuda 2024<\/strong>, est\u00e1 no lugar certo. Este artigo apresenta todas as informa\u00e7\u00f5es essenciais sobre esse incr\u00edvel benef\u00edcio do governo. Acompanhe conosco!\u00a0<\/p>\n\n\n\n<h2 class=\"wp-block-heading\">\u00bfQu\u00e9 es la ayuda a Brasil?\u00a0<\/h2>\n\n\n\n<p>Al\u00e9m de prover apoio <strong>financeiro<\/strong> \u00e0s fam\u00edlias em situa\u00e7\u00e3o de vulnerabilidade, o <strong>Ayuda a Brasil <\/strong>engloba um amplo conjunto de pol\u00edticas p\u00fablicas que abarcam assist\u00eancia social, cuidados de sa\u00fade, acesso \u00e0 educa\u00e7\u00e3o e oportunidades de emprego. Isso representa um esfor\u00e7o coordenado para abordar as diversas dimens\u00f5es da desigualdade e da pobreza, visando aprimorar as condi\u00e7\u00f5es de vida e promover a inclus\u00e3o social.\u00a0<\/p>\n\n\n\n<p>Essas pol\u00edticas podem incluir o acesso a servi\u00e7os de sa\u00fade de qualidade, programas de capacita\u00e7\u00e3o profissional e educa\u00e7\u00e3o, visando capacitar os benefici\u00e1rios e, assim, melhorar suas perspectivas de futuro e bem-estar.&nbsp;<\/p>\n\n\n\n<p>Atualmente, as fam\u00edlias que recebem assist\u00eancia por meio do programa de transfer\u00eancia de renda recebem pagamentos mensais, com um <strong>valor m\u00ednimo de R$600,00<\/strong>. Esse valor pode variar de acordo com determinadas circunst\u00e2ncias, como o n\u00famero de crian\u00e7as, adolescentes ou gestantes na fam\u00edlia, o que pode resultar em acr\u00e9scimos para oferecer apoio adicional.\u00a0<\/p>\n\n\n\n<p>Al\u00e9m de se encontrarem em situa\u00e7\u00e3o de pobreza ou extrema pobreza, as fam\u00edlias devem cumprir crit\u00e9rios espec\u00edficos para se qualificarem para o benef\u00edcio, os quais ser\u00e3o explicados posteriormente. \u00c9 importante ressaltar que os crit\u00e9rios de elegibilidade e os valores dos benef\u00edcios podem ser ajustados periodicamente de acordo com as pol\u00edticas governamentais.&nbsp;<\/p>\n\n\n\n<p>\u00c9 relevante salientar que o governo brasileiro anunciou a cria\u00e7\u00e3o deste programa como uma evolu\u00e7\u00e3o do Bolsa Fam\u00edlia, com o objetivo de expandir a assist\u00eancia social e aprimorar a qualidade de vida das fam\u00edlias de baixa renda.&nbsp;<\/p>\n\n\n\n<h2 class=\"wp-block-heading\">Quem pode receber o Aux\u00edlio Brasil?\u00a0<\/h2>\n\n\n\n<p>O direito ao <strong>Ayuda a Brasil<\/strong> \u00e9 concedido \u00e0s fam\u00edlias que se encontram em uma condi\u00e7\u00e3o de car\u00eancia econ\u00f4mica, ou seja, fam\u00edlias que enfrentam desafios financeiros e sociais.\u00a0<\/p>\n\n\n\n<p>As fam\u00edlias em situa\u00e7\u00e3o de pobreza s\u00e3o aquelas cuja renda mensal por pessoa n\u00e3o ultrapassa o valor de R$218,00, de acordo com as diretrizes estabelecidas pelo Minist\u00e9rio da Cidadania. Al\u00e9m disso, um requisito adicional \u00e9 que todos os membros do n\u00facleo familiar devem estar corretamente registrados no Cadastro \u00danico e atualizar suas informa\u00e7\u00f5es no m\u00e1ximo a cada dois anos.&nbsp;<\/p>\n\n\n\n<h2 class=\"wp-block-heading\">Como fazer o cadastro no Aux\u00edlio Brasil?\u00a0<\/h2>\n\n\n\n<p>Indiv\u00edduos que atendem aos crit\u00e9rios para serem benefici\u00e1rios do programa devem se dirigir a uma unidade do Centro de Refer\u00eancia de Assist\u00eancia Social (CRAS) com a documenta\u00e7\u00e3o necess\u00e1ria para registrar a fam\u00edlia no sistema.&nbsp;<\/p>\n\n\n\n<p>Al\u00e9m disso, o Respons\u00e1vel Familiar (RF) tem a op\u00e7\u00e3o de realizar um pr\u00e9-cadastro da fam\u00edlia por meio do site ou do aplicativo do Cadastro \u00danico (Cad\u00danico). Isso oferece uma op\u00e7\u00e3o conveniente para iniciar o processo de cadastramento, tornando o acesso ao benef\u00edcio mais pr\u00e1tico para aqueles que optam por essa abordagem.&nbsp;<\/p>\n\n\n\n<h2 class=\"wp-block-heading\">Registro \u00fanico\u00a0<\/h2>\n\n\n\n<p>O Cadastro \u00danico do Governo Federal, comumente conhecido como Cad\u00danico, \u00e9 o principal banco de dados que re\u00fane informa\u00e7\u00f5es sobre fam\u00edlias de baixa renda no Brasil. Esse cadastro desempenha um papel crucial para aqueles que buscam acessar benef\u00edcios e participar de programas sociais oferecidos pelo governo.&nbsp;<\/p>\n\n\n\n<p>As fam\u00edlias s\u00e3o identificadas pelo <strong>Cad\u00danico<\/strong>, avaliadas e classificadas de acordo com crit\u00e9rios de elegibilidade para diversos programas de assist\u00eancia social, como o Aux\u00edlio Brasil e outros. Portanto, manter as informa\u00e7\u00f5es atualizadas no Cad\u00danico \u00e9 essencial para garantir o acesso a esses benef\u00edcios e servi\u00e7os que visam aprimorar as condi\u00e7\u00f5es de vida das fam\u00edlias.\u00a0<\/p>\n\t\t\t\t\t\t\t\t<\/div>\n\t\t\t\t\t<\/div>\n\t\t<\/div>\n\t\t\t\t\t<\/div>\n\t\t<\/section>\n\t\t\t\t<\/div>","protected":false},"excerpt":{"rendered":"<p>O Aux\u00edlio Brasil 2024 est\u00e1 prestes a ser implementado para beneficiar muitos cidad\u00e3os brasileiros. Sem d\u00favida, este \u00e9 um dos programas do governo mais procurados e, consequentemente, seu sucesso no pa\u00eds \u00e9 praticamente assegurado.\u00a0 Se voc\u00ea tem d\u00favidas sobre o Aux\u00edlio Brasil 2024, est\u00e1 no lugar certo. Este artigo apresenta todas as informa\u00e7\u00f5es essenciais sobre &#8230; <a title=\"Ayudas Brasil 2024: c\u00f3mo inscribirse y qui\u00e9n puede optar a ellas\" class=\"read-more\" href=\"https:\/\/www.noticiasfire.com.br\/es\/auxilio-brasil-2024-como-se-cadastrar-e-quem-tem-direito\/\" aria-label=\"Leer m\u00e1s sobre Aux\u00edlio Brasil 2024: Como se Cadastrar e Quem Tem Direito\">Leer m\u00e1s<\/a><\/p>","protected":false},"author":3,"featured_media":30074,"comment_status":"open","ping_status":"open","sticky":false,"template":"","format":"standard","meta":{"footnotes":""},"categories":[44],"tags":[],"class_list":["post-21148","post","type-post","status-publish","format-standard","has-post-thumbnail","hentry","category-noticias"],"yoast_head":"<!-- This site is optimized with the Yoast SEO plugin v27.4 - https:\/\/yoast.com\/product\/yoast-seo-wordpress\/ -->\n<title>Aux\u00edlio Brasil 2024: Como se Cadastrar e Quem Tem Direito -<\/title>\n<meta name=\"robots\" content=\"index, follow, max-snippet:-1, max-image-preview:large, max-video-preview:-1\" \/>\n<link rel=\"canonical\" href=\"https:\/\/www.noticiasfire.com.br\/es\/auxilio-brasil-2024-como-se-cadastrar-e-quem-tem-direito\/\" \/>\n<meta property=\"og:locale\" content=\"es_MX\" \/>\n<meta property=\"og:type\" content=\"article\" \/>\n<meta property=\"og:title\" content=\"Aux\u00edlio Brasil 2024: Como se Cadastrar e Quem Tem Direito -\" \/>\n<meta property=\"og:description\" content=\"O Aux\u00edlio Brasil 2024 est\u00e1 prestes a ser implementado para beneficiar muitos cidad\u00e3os brasileiros. Sem d\u00favida, este \u00e9 um dos programas do governo mais procurados e, consequentemente, seu sucesso no pa\u00eds \u00e9 praticamente assegurado.\u00a0 Se voc\u00ea tem d\u00favidas sobre o Aux\u00edlio Brasil 2024, est\u00e1 no lugar certo. Este artigo apresenta todas as informa\u00e7\u00f5es essenciais sobre ... Leer m\u00e1s\" \/>\n<meta property=\"og:url\" content=\"https:\/\/www.noticiasfire.com.br\/es\/auxilio-brasil-2024-como-se-cadastrar-e-quem-tem-direito\/\" \/>\n<meta property=\"article:published_time\" content=\"2023-11-11T13:25:41+00:00\" \/>\n<meta property=\"og:image\" content=\"https:\/\/www.noticiasfire.com.br\/wp-content\/uploads\/2023\/11\/auxilio-brasil-2022-consultar-1-scaled-1-2.jpg\" \/>\n\t<meta property=\"og:image:width\" content=\"1920\" \/>\n\t<meta property=\"og:image:height\" content=\"1280\" \/>\n\t<meta property=\"og:image:type\" content=\"image\/jpeg\" \/>\n<meta name=\"author\" content=\"Ivan\" \/>\n<meta name=\"twitter:card\" content=\"summary_large_image\" \/>\n<meta name=\"twitter:label1\" content=\"Escrito por\" \/>\n\t<meta name=\"twitter:data1\" content=\"Ivan\" \/>\n\t<meta name=\"twitter:label2\" content=\"Tiempo de lectura\" \/>\n\t<meta name=\"twitter:data2\" content=\"4 minutos\" \/>\n<script type=\"application\/ld+json\" class=\"yoast-schema-graph\">{\"@context\":\"https:\\\/\\\/schema.org\",\"@graph\":[{\"@type\":\"Article\",\"@id\":\"https:\\\/\\\/www.noticiasfire.com.br\\\/auxilio-brasil-2024-como-se-cadastrar-e-quem-tem-direito\\\/#article\",\"isPartOf\":{\"@id\":\"https:\\\/\\\/www.noticiasfire.com.br\\\/auxilio-brasil-2024-como-se-cadastrar-e-quem-tem-direito\\\/\"},\"author\":{\"name\":\"Ivan\",\"@id\":\"https:\\\/\\\/www.noticiasfire.com.br\\\/#\\\/schema\\\/person\\\/6c064cf8d33f8b38900e936c385f48fd\"},\"headline\":\"Aux\u00edlio Brasil 2024: Como se Cadastrar e Quem Tem Direito\",\"datePublished\":\"2023-11-11T13:25:41+00:00\",\"mainEntityOfPage\":{\"@id\":\"https:\\\/\\\/www.noticiasfire.com.br\\\/auxilio-brasil-2024-como-se-cadastrar-e-quem-tem-direito\\\/\"},\"wordCount\":695,\"commentCount\":0,\"publisher\":{\"@id\":\"https:\\\/\\\/www.noticiasfire.com.br\\\/#organization\"},\"image\":{\"@id\":\"https:\\\/\\\/www.noticiasfire.com.br\\\/auxilio-brasil-2024-como-se-cadastrar-e-quem-tem-direito\\\/#primaryimage\"},\"thumbnailUrl\":\"https:\\\/\\\/www.noticiasfire.com.br\\\/wp-content\\\/uploads\\\/2023\\\/11\\\/auxilio-brasil-2022-consultar-1-scaled-1-2.jpg\",\"articleSection\":[\"NOT\u00cdCIAS\"],\"inLanguage\":\"es\",\"potentialAction\":[{\"@type\":\"CommentAction\",\"name\":\"Comment\",\"target\":[\"https:\\\/\\\/www.noticiasfire.com.br\\\/auxilio-brasil-2024-como-se-cadastrar-e-quem-tem-direito\\\/#respond\"]}]},{\"@type\":\"WebPage\",\"@id\":\"https:\\\/\\\/www.noticiasfire.com.br\\\/auxilio-brasil-2024-como-se-cadastrar-e-quem-tem-direito\\\/\",\"url\":\"https:\\\/\\\/www.noticiasfire.com.br\\\/auxilio-brasil-2024-como-se-cadastrar-e-quem-tem-direito\\\/\",\"name\":\"Aux\u00edlio Brasil 2024: Como se Cadastrar e Quem Tem Direito -\",\"isPartOf\":{\"@id\":\"https:\\\/\\\/www.noticiasfire.com.br\\\/#website\"},\"primaryImageOfPage\":{\"@id\":\"https:\\\/\\\/www.noticiasfire.com.br\\\/auxilio-brasil-2024-como-se-cadastrar-e-quem-tem-direito\\\/#primaryimage\"},\"image\":{\"@id\":\"https:\\\/\\\/www.noticiasfire.com.br\\\/auxilio-brasil-2024-como-se-cadastrar-e-quem-tem-direito\\\/#primaryimage\"},\"thumbnailUrl\":\"https:\\\/\\\/www.noticiasfire.com.br\\\/wp-content\\\/uploads\\\/2023\\\/11\\\/auxilio-brasil-2022-consultar-1-scaled-1-2.jpg\",\"datePublished\":\"2023-11-11T13:25:41+00:00\",\"breadcrumb\":{\"@id\":\"https:\\\/\\\/www.noticiasfire.com.br\\\/auxilio-brasil-2024-como-se-cadastrar-e-quem-tem-direito\\\/#breadcrumb\"},\"inLanguage\":\"es\",\"potentialAction\":[{\"@type\":\"ReadAction\",\"target\":[\"https:\\\/\\\/www.noticiasfire.com.br\\\/auxilio-brasil-2024-como-se-cadastrar-e-quem-tem-direito\\\/\"]}]},{\"@type\":\"ImageObject\",\"inLanguage\":\"es\",\"@id\":\"https:\\\/\\\/www.noticiasfire.com.br\\\/auxilio-brasil-2024-como-se-cadastrar-e-quem-tem-direito\\\/#primaryimage\",\"url\":\"https:\\\/\\\/www.noticiasfire.com.br\\\/wp-content\\\/uploads\\\/2023\\\/11\\\/auxilio-brasil-2022-consultar-1-scaled-1-2.jpg\",\"contentUrl\":\"https:\\\/\\\/www.noticiasfire.com.br\\\/wp-content\\\/uploads\\\/2023\\\/11\\\/auxilio-brasil-2022-consultar-1-scaled-1-2.jpg\",\"width\":1920,\"height\":1280,\"caption\":\"Aux\u00edlio Brasil 2024 (imagem Google)\"},{\"@type\":\"BreadcrumbList\",\"@id\":\"https:\\\/\\\/www.noticiasfire.com.br\\\/auxilio-brasil-2024-como-se-cadastrar-e-quem-tem-direito\\\/#breadcrumb\",\"itemListElement\":[{\"@type\":\"ListItem\",\"position\":1,\"name\":\"In\u00edcio\",\"item\":\"https:\\\/\\\/www.noticiasfire.com.br\\\/\"},{\"@type\":\"ListItem\",\"position\":2,\"name\":\"Aux\u00edlio Brasil 2024: Como se Cadastrar e Quem Tem Direito\"}]},{\"@type\":\"WebSite\",\"@id\":\"https:\\\/\\\/www.noticiasfire.com.br\\\/#website\",\"url\":\"https:\\\/\\\/www.noticiasfire.com.br\\\/\",\"name\":\"NoticiasFire\",\"description\":\"\",\"publisher\":{\"@id\":\"https:\\\/\\\/www.noticiasfire.com.br\\\/#organization\"},\"potentialAction\":[{\"@type\":\"SearchAction\",\"target\":{\"@type\":\"EntryPoint\",\"urlTemplate\":\"https:\\\/\\\/www.noticiasfire.com.br\\\/?s={search_term_string}\"},\"query-input\":{\"@type\":\"PropertyValueSpecification\",\"valueRequired\":true,\"valueName\":\"search_term_string\"}}],\"inLanguage\":\"es\"},{\"@type\":\"Organization\",\"@id\":\"https:\\\/\\\/www.noticiasfire.com.br\\\/#organization\",\"name\":\"NoticiasFire\",\"url\":\"https:\\\/\\\/www.noticiasfire.com.br\\\/\",\"logo\":{\"@type\":\"ImageObject\",\"inLanguage\":\"es\",\"@id\":\"https:\\\/\\\/www.noticiasfire.com.br\\\/#\\\/schema\\\/logo\\\/image\\\/\",\"url\":\"https:\\\/\\\/www.noticiasfire.com.br\\\/wp-content\\\/uploads\\\/2025\\\/08\\\/cropped-Captura_de_Tela_2025-08-13_as_20.34.29__1_-removebg-preview.png\",\"contentUrl\":\"https:\\\/\\\/www.noticiasfire.com.br\\\/wp-content\\\/uploads\\\/2025\\\/08\\\/cropped-Captura_de_Tela_2025-08-13_as_20.34.29__1_-removebg-preview.png\",\"width\":748,\"height\":286,\"caption\":\"NoticiasFire\"},\"image\":{\"@id\":\"https:\\\/\\\/www.noticiasfire.com.br\\\/#\\\/schema\\\/logo\\\/image\\\/\"}},{\"@type\":\"Person\",\"@id\":\"https:\\\/\\\/www.noticiasfire.com.br\\\/#\\\/schema\\\/person\\\/6c064cf8d33f8b38900e936c385f48fd\",\"name\":\"Ivan\",\"image\":{\"@type\":\"ImageObject\",\"inLanguage\":\"es\",\"@id\":\"https:\\\/\\\/secure.gravatar.com\\\/avatar\\\/18077698a88c2ad528c924a301adab662f075719c95fb1dec6f0b51902ebf647?s=96&d=mm&r=g\",\"url\":\"https:\\\/\\\/secure.gravatar.com\\\/avatar\\\/18077698a88c2ad528c924a301adab662f075719c95fb1dec6f0b51902ebf647?s=96&d=mm&r=g\",\"contentUrl\":\"https:\\\/\\\/secure.gravatar.com\\\/avatar\\\/18077698a88c2ad528c924a301adab662f075719c95fb1dec6f0b51902ebf647?s=96&d=mm&r=g\",\"caption\":\"Ivan\"},\"url\":\"https:\\\/\\\/www.noticiasfire.com.br\\\/es\\\/author\\\/ivan\\\/\"}]}<\/script>\n<!-- \/ Yoast SEO plugin. -->","yoast_head_json":{"title":"Aux\u00edlio Brasil 2024: Como se Cadastrar e Quem Tem Direito -","robots":{"index":"index","follow":"follow","max-snippet":"max-snippet:-1","max-image-preview":"max-image-preview:large","max-video-preview":"max-video-preview:-1"},"canonical":"https:\/\/www.noticiasfire.com.br\/es\/auxilio-brasil-2024-como-se-cadastrar-e-quem-tem-direito\/","og_locale":"es_MX","og_type":"article","og_title":"Aux\u00edlio Brasil 2024: Como se Cadastrar e Quem Tem Direito -","og_description":"O Aux\u00edlio Brasil 2024 est\u00e1 prestes a ser implementado para beneficiar muitos cidad\u00e3os brasileiros. Sem d\u00favida, este \u00e9 um dos programas do governo mais procurados e, consequentemente, seu sucesso no pa\u00eds \u00e9 praticamente assegurado.\u00a0 Se voc\u00ea tem d\u00favidas sobre o Aux\u00edlio Brasil 2024, est\u00e1 no lugar certo. Este artigo apresenta todas as informa\u00e7\u00f5es essenciais sobre ... Leer m\u00e1s","og_url":"https:\/\/www.noticiasfire.com.br\/es\/auxilio-brasil-2024-como-se-cadastrar-e-quem-tem-direito\/","article_published_time":"2023-11-11T13:25:41+00:00","og_image":[{"width":1920,"height":1280,"url":"https:\/\/www.noticiasfire.com.br\/wp-content\/uploads\/2023\/11\/auxilio-brasil-2022-consultar-1-scaled-1-2.jpg","type":"image\/jpeg"}],"author":"Ivan","twitter_card":"summary_large_image","twitter_misc":{"Escrito por":"Ivan","Tiempo de lectura":"4 minutos"},"schema":{"@context":"https:\/\/schema.org","@graph":[{"@type":"Article","@id":"https:\/\/www.noticiasfire.com.br\/auxilio-brasil-2024-como-se-cadastrar-e-quem-tem-direito\/#article","isPartOf":{"@id":"https:\/\/www.noticiasfire.com.br\/auxilio-brasil-2024-como-se-cadastrar-e-quem-tem-direito\/"},"author":{"name":"Ivan","@id":"https:\/\/www.noticiasfire.com.br\/#\/schema\/person\/6c064cf8d33f8b38900e936c385f48fd"},"headline":"Aux\u00edlio Brasil 2024: Como se Cadastrar e Quem Tem Direito","datePublished":"2023-11-11T13:25:41+00:00","mainEntityOfPage":{"@id":"https:\/\/www.noticiasfire.com.br\/auxilio-brasil-2024-como-se-cadastrar-e-quem-tem-direito\/"},"wordCount":695,"commentCount":0,"publisher":{"@id":"https:\/\/www.noticiasfire.com.br\/#organization"},"image":{"@id":"https:\/\/www.noticiasfire.com.br\/auxilio-brasil-2024-como-se-cadastrar-e-quem-tem-direito\/#primaryimage"},"thumbnailUrl":"https:\/\/www.noticiasfire.com.br\/wp-content\/uploads\/2023\/11\/auxilio-brasil-2022-consultar-1-scaled-1-2.jpg","articleSection":["NOT\u00cdCIAS"],"inLanguage":"es","potentialAction":[{"@type":"CommentAction","name":"Comment","target":["https:\/\/www.noticiasfire.com.br\/auxilio-brasil-2024-como-se-cadastrar-e-quem-tem-direito\/#respond"]}]},{"@type":"WebPage","@id":"https:\/\/www.noticiasfire.com.br\/auxilio-brasil-2024-como-se-cadastrar-e-quem-tem-direito\/","url":"https:\/\/www.noticiasfire.com.br\/auxilio-brasil-2024-como-se-cadastrar-e-quem-tem-direito\/","name":"Aux\u00edlio Brasil 2024: Como se Cadastrar e Quem Tem Direito -","isPartOf":{"@id":"https:\/\/www.noticiasfire.com.br\/#website"},"primaryImageOfPage":{"@id":"https:\/\/www.noticiasfire.com.br\/auxilio-brasil-2024-como-se-cadastrar-e-quem-tem-direito\/#primaryimage"},"image":{"@id":"https:\/\/www.noticiasfire.com.br\/auxilio-brasil-2024-como-se-cadastrar-e-quem-tem-direito\/#primaryimage"},"thumbnailUrl":"https:\/\/www.noticiasfire.com.br\/wp-content\/uploads\/2023\/11\/auxilio-brasil-2022-consultar-1-scaled-1-2.jpg","datePublished":"2023-11-11T13:25:41+00:00","breadcrumb":{"@id":"https:\/\/www.noticiasfire.com.br\/auxilio-brasil-2024-como-se-cadastrar-e-quem-tem-direito\/#breadcrumb"},"inLanguage":"es","potentialAction":[{"@type":"ReadAction","target":["https:\/\/www.noticiasfire.com.br\/auxilio-brasil-2024-como-se-cadastrar-e-quem-tem-direito\/"]}]},{"@type":"ImageObject","inLanguage":"es","@id":"https:\/\/www.noticiasfire.com.br\/auxilio-brasil-2024-como-se-cadastrar-e-quem-tem-direito\/#primaryimage","url":"https:\/\/www.noticiasfire.com.br\/wp-content\/uploads\/2023\/11\/auxilio-brasil-2022-consultar-1-scaled-1-2.jpg","contentUrl":"https:\/\/www.noticiasfire.com.br\/wp-content\/uploads\/2023\/11\/auxilio-brasil-2022-consultar-1-scaled-1-2.jpg","width":1920,"height":1280,"caption":"Aux\u00edlio Brasil 2024 (imagem Google)"},{"@type":"BreadcrumbList","@id":"https:\/\/www.noticiasfire.com.br\/auxilio-brasil-2024-como-se-cadastrar-e-quem-tem-direito\/#breadcrumb","itemListElement":[{"@type":"ListItem","position":1,"name":"In\u00edcio","item":"https:\/\/www.noticiasfire.com.br\/"},{"@type":"ListItem","position":2,"name":"Aux\u00edlio Brasil 2024: Como se Cadastrar e Quem Tem Direito"}]},{"@type":"WebSite","@id":"https:\/\/www.noticiasfire.com.br\/#website","url":"https:\/\/www.noticiasfire.com.br\/","name":"NoticiasFire","description":"","publisher":{"@id":"https:\/\/www.noticiasfire.com.br\/#organization"},"potentialAction":[{"@type":"SearchAction","target":{"@type":"EntryPoint","urlTemplate":"https:\/\/www.noticiasfire.com.br\/?s={search_term_string}"},"query-input":{"@type":"PropertyValueSpecification","valueRequired":true,"valueName":"search_term_string"}}],"inLanguage":"es"},{"@type":"Organization","@id":"https:\/\/www.noticiasfire.com.br\/#organization","name":"NoticiasFire","url":"https:\/\/www.noticiasfire.com.br\/","logo":{"@type":"ImageObject","inLanguage":"es","@id":"https:\/\/www.noticiasfire.com.br\/#\/schema\/logo\/image\/","url":"https:\/\/www.noticiasfire.com.br\/wp-content\/uploads\/2025\/08\/cropped-Captura_de_Tela_2025-08-13_as_20.34.29__1_-removebg-preview.png","contentUrl":"https:\/\/www.noticiasfire.com.br\/wp-content\/uploads\/2025\/08\/cropped-Captura_de_Tela_2025-08-13_as_20.34.29__1_-removebg-preview.png","width":748,"height":286,"caption":"NoticiasFire"},"image":{"@id":"https:\/\/www.noticiasfire.com.br\/#\/schema\/logo\/image\/"}},{"@type":"Person","@id":"https:\/\/www.noticiasfire.com.br\/#\/schema\/person\/6c064cf8d33f8b38900e936c385f48fd","name":"Ivan","image":{"@type":"ImageObject","inLanguage":"es","@id":"https:\/\/secure.gravatar.com\/avatar\/18077698a88c2ad528c924a301adab662f075719c95fb1dec6f0b51902ebf647?s=96&d=mm&r=g","url":"https:\/\/secure.gravatar.com\/avatar\/18077698a88c2ad528c924a301adab662f075719c95fb1dec6f0b51902ebf647?s=96&d=mm&r=g","contentUrl":"https:\/\/secure.gravatar.com\/avatar\/18077698a88c2ad528c924a301adab662f075719c95fb1dec6f0b51902ebf647?s=96&d=mm&r=g","caption":"Ivan"},"url":"https:\/\/www.noticiasfire.com.br\/es\/author\/ivan\/"}]}},"_links":{"self":[{"href":"https:\/\/www.noticiasfire.com.br\/es\/wp-json\/wp\/v2\/posts\/21148","targetHints":{"allow":["GET"]}}],"collection":[{"href":"https:\/\/www.noticiasfire.com.br\/es\/wp-json\/wp\/v2\/posts"}],"about":[{"href":"https:\/\/www.noticiasfire.com.br\/es\/wp-json\/wp\/v2\/types\/post"}],"author":[{"embeddable":true,"href":"https:\/\/www.noticiasfire.com.br\/es\/wp-json\/wp\/v2\/users\/3"}],"replies":[{"embeddable":true,"href":"https:\/\/www.noticiasfire.com.br\/es\/wp-json\/wp\/v2\/comments?post=21148"}],"version-history":[{"count":0,"href":"https:\/\/www.noticiasfire.com.br\/es\/wp-json\/wp\/v2\/posts\/21148\/revisions"}],"wp:featuredmedia":[{"embeddable":true,"href":"https:\/\/www.noticiasfire.com.br\/es\/wp-json\/wp\/v2\/media\/30074"}],"wp:attachment":[{"href":"https:\/\/www.noticiasfire.com.br\/es\/wp-json\/wp\/v2\/media?parent=21148"}],"wp:term":[{"taxonomy":"category","embeddable":true,"href":"https:\/\/www.noticiasfire.com.br\/es\/wp-json\/wp\/v2\/categories?post=21148"},{"taxonomy":"post_tag","embeddable":true,"href":"https:\/\/www.noticiasfire.com.br\/es\/wp-json\/wp\/v2\/tags?post=21148"}],"curies":[{"name":"wp","href":"https:\/\/api.w.org\/{rel}","templated":true}]}}