{"id":21850,"date":"2023-12-17T13:52:30","date_gmt":"2023-12-17T16:52:30","guid":{"rendered":"https:\/\/www.noticiasfire.com.br\/?p=21850"},"modified":"2023-12-17T13:52:30","modified_gmt":"2023-12-17T16:52:30","slug":"passo-a-passo-como-realizar-o-cadastro-unico-e-garantir-beneficios-sociais","status":"publish","type":"post","link":"https:\/\/www.noticiasfire.com.br\/es\/passo-a-passo-como-realizar-o-cadastro-unico-e-garantir-beneficios-sociais\/","title":{"rendered":"Passo a Passo: Como Realizar o Cadastro \u00danico e Garantir Benef\u00edcios Sociais\u00a0"},"content":{"rendered":"<p style=\"font-size:19px\">O <strong>Registro \u00fanico <\/strong>(<strong>Cad\u00danico<\/strong>) \u00e9 uma ferramenta crucial para o acesso aos programas de assist\u00eancia social no<strong> Brasil<\/strong>.&nbsp;<\/p>\n\n\n\n<p style=\"font-size:19px\">Aqui est\u00e1 um guia passo a passo sobre como realizar o <strong>Registro \u00fanico<\/strong>, abordando a import\u00e2ncia da atualiza\u00e7\u00e3o de informa\u00e7\u00f5es, quem tem direito a se cadastrar, as condicionalidades e compromissos, o impacto na sociedade, desafios enfrentados, melhorias poss\u00edveis e experi\u00eancias de benefici\u00e1rios.&nbsp;<\/p>\n\n\n\n<h2 class=\"wp-block-heading\"><strong>Como Realizar o Cadastro \u00danico<\/strong>&nbsp;<\/h2>\n\n\n\n<p style=\"font-size:19px\">Realizar o <strong>Registro \u00fanico<\/strong> \u00e9 um processo essencial para garantir o acesso a benef\u00edcios sociais. Aqui est\u00e3o os passos fundamentais:&nbsp;<\/p>\n\n\n\n<ul class=\"wp-block-list\">\n<li style=\"font-size:19px\"><strong>Documenta\u00e7\u00e3o Necess\u00e1ria:<\/strong> Apresente documentos de identifica\u00e7\u00e3o, como RG, CPF, e comprovante de resid\u00eancia (conta de luz, \u00e1gua ou aluguel). Certifique-se de que todos os membros da fam\u00edlia possuam a documenta\u00e7\u00e3o adequada.&nbsp;<\/li>\n\n\n\n<li style=\"font-size:19px\"><strong>Reserva:<\/strong> Para efetuar o Cadastro \u00danico, \u00e9 necess\u00e1rio agendar um hor\u00e1rio em um Centro de Refer\u00eancia de Assist\u00eancia Social (CRAS) ou na prefeitura de sua cidade. Consulte o agendamento online ou entre em contato para obter informa\u00e7\u00f5es sobre os locais dispon\u00edveis.&nbsp;<\/li>\n\n\n\n<li style=\"font-size:19px\"><strong>Compare\u00e7a \u00e0 Entrevista:<\/strong> No dia marcado, dirija-se \u00e0 entrevista no local designado.&nbsp;<\/li>\n\n\n\n<li style=\"font-size:19px\"><strong>Atualiza\u00e7\u00e3o Regular: <\/strong>Ap\u00f3s o cadastro inicial, \u00e9 fundamental manter as informa\u00e7\u00f5es atualizadas sempre que ocorrerem altera\u00e7\u00f5es na composi\u00e7\u00e3o familiar, renda ou endere\u00e7o.&nbsp;<\/li>\n<\/ul>\n\n\n\n<h2 class=\"wp-block-heading\"><strong>Import\u00e2ncia da Atualiza\u00e7\u00e3o<\/strong>&nbsp;<\/h2>\n\n\n\n<p>Manter as informa\u00e7\u00f5es do Cadastro \u00danico atualizadas \u00e9 fundamental, pois as mudan\u00e7as na situa\u00e7\u00e3o familiar ou financeira podem impactar a elegibilidade para os programas sociais. A atualiza\u00e7\u00e3o possibilita que o governo direcione os recursos de maneira mais eficaz, assegurando que aqueles que realmente necessitam recebam assist\u00eancia.&nbsp;<\/p>\n\n\n\n<h2 class=\"wp-block-heading\"><strong>Quem Pode Se Cadastrar<\/strong>&nbsp;<\/h2>\n\n\n\n<p style=\"font-size:19px\">O Cadastro \u00danico destina-se a fam\u00edlias de baixa renda. Os crit\u00e9rios incluem:&nbsp;<\/p>\n\n\n\n<ul class=\"wp-block-list\">\n<li style=\"font-size:19px\">Renda per capita de at\u00e9 meio sal\u00e1rio-m\u00ednimo.&nbsp;<\/li>\n\n\n\n<li style=\"font-size:19px\">Renda mensal total de at\u00e9 tr\u00eas sal\u00e1rios-m\u00ednimos.&nbsp;<\/li>\n\n\n\n<li style=\"font-size:19px\">Composi\u00e7\u00e3o familiar que inclua crian\u00e7as, adolescentes, gestantes, lactantes ou pessoas com defici\u00eancia.&nbsp;<\/li>\n<\/ul>\n\n\n\n<h2 class=\"wp-block-heading\"><strong>Condicionalidades e Compromissos<\/strong>&nbsp;<\/h2>\n\n\n\n<p style=\"font-size:19px\">Alguns programas associados ao Cadastro \u00danico, como o Bolsa Fam\u00edlia, demandam que os benefici\u00e1rios atendam a condicionalidades, tais como a frequ\u00eancia escolar de crian\u00e7as e adolescentes e o acompanhamento de sa\u00fade.&nbsp;Cumprir esses compromissos \u00e9 essencial para manter os benef\u00edcios.&nbsp;<\/p>\n\n\n\n<h2 class=\"wp-block-heading\"><strong>Impacto do Cadastro \u00danico na Sociedade<\/strong>&nbsp;<\/h2>\n\n\n\n<p style=\"font-size:19px\">O Cadastro \u00danico desempenha um papel essencial na diminui\u00e7\u00e3o da pobreza e da desigualdade social no Brasil, ao garantir que os recursos sejam direcionados para as fam\u00edlias mais necessitadas.&nbsp;<\/p>\n\n\n\n<h2 class=\"wp-block-heading\"><strong>Desafios e Melhorias<\/strong>&nbsp;<\/h2>\n\n\n\n<p style=\"font-size:19px\">O sistema do <strong>Registro \u00fanico<\/strong> enfrenta desafios, como a necessidade de atualiza\u00e7\u00f5es tecnol\u00f3gicas e a amplia\u00e7\u00e3o do acesso. &nbsp;<\/p>\n\n\n\n<p style=\"font-size:19px\">\u00c9 necess\u00e1rio implementar melhorias cont\u00ednuas para tornar o processo mais eficiente.&nbsp;<\/p>\n\n\n\n<h2 class=\"wp-block-heading\"><strong>Experi\u00eancias de Benefici\u00e1rios<\/strong>&nbsp;<\/h2>\n\n\n\n<p style=\"font-size:19px\">O <strong>Registro \u00fanico <\/strong>tem gerado impactos positivos significativos na vida de diversas fam\u00edlias brasileiras, oferecendo assist\u00eancia essencial para a subsist\u00eancia e o desenvolvimento dessas comunidades.&nbsp;<\/p>\n\n\n\n<div class=\"wp-block-buttons is-content-justification-center is-layout-flex wp-container-core-buttons-is-layout-16018d1d wp-block-buttons-is-layout-flex\">\n<div class=\"wp-block-button has-custom-width wp-block-button__width-100 is-style-fill\"><a class=\"wp-block-button__link has-white-color has-vivid-cyan-blue-background-color has-text-color has-background has-link-color has-text-align-center wp-element-button\" href=\"https:\/\/play.google.com\/store\/apps\/details?id=br.gov.dataprev.meucadunico&amp;hl=pt_BR&amp;gl=US&amp;pli=1\" style=\"border-radius:10px\"><strong>BAIXE O CADASTRO \u00daNICO AQUI<\/strong><\/a><\/div>\n<\/div>","protected":false},"excerpt":{"rendered":"<p>O Cadastro \u00danico (Cad\u00danico) \u00e9 uma ferramenta crucial para o acesso aos programas de assist\u00eancia social no Brasil.&nbsp; Aqui est\u00e1 um guia passo a passo sobre como realizar o Cadastro \u00danico, abordando a import\u00e2ncia da atualiza\u00e7\u00e3o de informa\u00e7\u00f5es, quem tem direito a se cadastrar, as condicionalidades e compromissos, o impacto na sociedade, desafios enfrentados, melhorias &#8230; <a title=\"Passo a Passo: Como Realizar o Cadastro \u00danico e Garantir Benef\u00edcios Sociais\u00a0\" class=\"read-more\" href=\"https:\/\/www.noticiasfire.com.br\/es\/passo-a-passo-como-realizar-o-cadastro-unico-e-garantir-beneficios-sociais\/\" aria-label=\"Leer m\u00e1s sobre Passo a Passo: Como Realizar o Cadastro \u00danico e Garantir Benef\u00edcios Sociais\u00a0\">Leer m\u00e1s<\/a><\/p>","protected":false},"author":3,"featured_media":21842,"comment_status":"open","ping_status":"open","sticky":false,"template":"","format":"standard","meta":{"footnotes":""},"categories":[44],"tags":[],"class_list":["post-21850","post","type-post","status-publish","format-standard","has-post-thumbnail","hentry","category-noticias"],"yoast_head":"<!-- This site is optimized with the Yoast SEO plugin v27.4 - https:\/\/yoast.com\/product\/yoast-seo-wordpress\/ -->\n<title>Passo a Passo: Como Realizar o Cadastro \u00danico e Garantir Benef\u00edcios Sociais\u00a0 -<\/title>\n<meta name=\"robots\" content=\"index, follow, max-snippet:-1, max-image-preview:large, max-video-preview:-1\" \/>\n<link rel=\"canonical\" href=\"https:\/\/www.noticiasfire.com.br\/es\/passo-a-passo-como-realizar-o-cadastro-unico-e-garantir-beneficios-sociais\/\" \/>\n<meta property=\"og:locale\" content=\"es_MX\" \/>\n<meta property=\"og:type\" content=\"article\" \/>\n<meta property=\"og:title\" content=\"Passo a Passo: Como Realizar o Cadastro \u00danico e Garantir Benef\u00edcios Sociais\u00a0 -\" \/>\n<meta property=\"og:description\" content=\"O Cadastro \u00danico (Cad\u00danico) \u00e9 uma ferramenta crucial para o acesso aos programas de assist\u00eancia social no Brasil.&nbsp; Aqui est\u00e1 um guia passo a passo sobre como realizar o Cadastro \u00danico, abordando a import\u00e2ncia da atualiza\u00e7\u00e3o de informa\u00e7\u00f5es, quem tem direito a se cadastrar, as condicionalidades e compromissos, o impacto na sociedade, desafios enfrentados, melhorias ... Leer m\u00e1s\" \/>\n<meta property=\"og:url\" content=\"https:\/\/www.noticiasfire.com.br\/es\/passo-a-passo-como-realizar-o-cadastro-unico-e-garantir-beneficios-sociais\/\" \/>\n<meta property=\"article:published_time\" content=\"2023-12-17T16:52:30+00:00\" \/>\n<meta property=\"og:image\" content=\"https:\/\/www.noticiasfire.com.br\/wp-content\/uploads\/2023\/12\/i787464-1.webp\" \/>\n\t<meta property=\"og:image:width\" content=\"640\" \/>\n\t<meta property=\"og:image:height\" content=\"360\" \/>\n\t<meta property=\"og:image:type\" content=\"image\/webp\" \/>\n<meta name=\"author\" content=\"Ivan\" \/>\n<meta name=\"twitter:card\" content=\"summary_large_image\" \/>\n<meta name=\"twitter:label1\" content=\"Escrito por\" \/>\n\t<meta name=\"twitter:data1\" content=\"Ivan\" \/>\n\t<meta name=\"twitter:label2\" content=\"Tiempo de lectura\" \/>\n\t<meta name=\"twitter:data2\" content=\"3 minutos\" \/>\n<script type=\"application\/ld+json\" class=\"yoast-schema-graph\">{\"@context\":\"https:\\\/\\\/schema.org\",\"@graph\":[{\"@type\":\"Article\",\"@id\":\"https:\\\/\\\/www.noticiasfire.com.br\\\/passo-a-passo-como-realizar-o-cadastro-unico-e-garantir-beneficios-sociais\\\/#article\",\"isPartOf\":{\"@id\":\"https:\\\/\\\/www.noticiasfire.com.br\\\/passo-a-passo-como-realizar-o-cadastro-unico-e-garantir-beneficios-sociais\\\/\"},\"author\":{\"name\":\"Ivan\",\"@id\":\"https:\\\/\\\/www.noticiasfire.com.br\\\/#\\\/schema\\\/person\\\/6c064cf8d33f8b38900e936c385f48fd\"},\"headline\":\"Passo a Passo: Como Realizar o Cadastro \u00danico e Garantir Benef\u00edcios Sociais\u00a0\",\"datePublished\":\"2023-12-17T16:52:30+00:00\",\"mainEntityOfPage\":{\"@id\":\"https:\\\/\\\/www.noticiasfire.com.br\\\/passo-a-passo-como-realizar-o-cadastro-unico-e-garantir-beneficios-sociais\\\/\"},\"wordCount\":518,\"commentCount\":0,\"publisher\":{\"@id\":\"https:\\\/\\\/www.noticiasfire.com.br\\\/#organization\"},\"image\":{\"@id\":\"https:\\\/\\\/www.noticiasfire.com.br\\\/passo-a-passo-como-realizar-o-cadastro-unico-e-garantir-beneficios-sociais\\\/#primaryimage\"},\"thumbnailUrl\":\"https:\\\/\\\/www.noticiasfire.com.br\\\/wp-content\\\/uploads\\\/2023\\\/12\\\/i787464-1.webp\",\"articleSection\":[\"NOT\u00cdCIAS\"],\"inLanguage\":\"es\",\"potentialAction\":[{\"@type\":\"CommentAction\",\"name\":\"Comment\",\"target\":[\"https:\\\/\\\/www.noticiasfire.com.br\\\/passo-a-passo-como-realizar-o-cadastro-unico-e-garantir-beneficios-sociais\\\/#respond\"]}]},{\"@type\":\"WebPage\",\"@id\":\"https:\\\/\\\/www.noticiasfire.com.br\\\/passo-a-passo-como-realizar-o-cadastro-unico-e-garantir-beneficios-sociais\\\/\",\"url\":\"https:\\\/\\\/www.noticiasfire.com.br\\\/passo-a-passo-como-realizar-o-cadastro-unico-e-garantir-beneficios-sociais\\\/\",\"name\":\"Passo a Passo: Como Realizar o Cadastro \u00danico e Garantir Benef\u00edcios Sociais\u00a0 -\",\"isPartOf\":{\"@id\":\"https:\\\/\\\/www.noticiasfire.com.br\\\/#website\"},\"primaryImageOfPage\":{\"@id\":\"https:\\\/\\\/www.noticiasfire.com.br\\\/passo-a-passo-como-realizar-o-cadastro-unico-e-garantir-beneficios-sociais\\\/#primaryimage\"},\"image\":{\"@id\":\"https:\\\/\\\/www.noticiasfire.com.br\\\/passo-a-passo-como-realizar-o-cadastro-unico-e-garantir-beneficios-sociais\\\/#primaryimage\"},\"thumbnailUrl\":\"https:\\\/\\\/www.noticiasfire.com.br\\\/wp-content\\\/uploads\\\/2023\\\/12\\\/i787464-1.webp\",\"datePublished\":\"2023-12-17T16:52:30+00:00\",\"breadcrumb\":{\"@id\":\"https:\\\/\\\/www.noticiasfire.com.br\\\/passo-a-passo-como-realizar-o-cadastro-unico-e-garantir-beneficios-sociais\\\/#breadcrumb\"},\"inLanguage\":\"es\",\"potentialAction\":[{\"@type\":\"ReadAction\",\"target\":[\"https:\\\/\\\/www.noticiasfire.com.br\\\/passo-a-passo-como-realizar-o-cadastro-unico-e-garantir-beneficios-sociais\\\/\"]}]},{\"@type\":\"ImageObject\",\"inLanguage\":\"es\",\"@id\":\"https:\\\/\\\/www.noticiasfire.com.br\\\/passo-a-passo-como-realizar-o-cadastro-unico-e-garantir-beneficios-sociais\\\/#primaryimage\",\"url\":\"https:\\\/\\\/www.noticiasfire.com.br\\\/wp-content\\\/uploads\\\/2023\\\/12\\\/i787464-1.webp\",\"contentUrl\":\"https:\\\/\\\/www.noticiasfire.com.br\\\/wp-content\\\/uploads\\\/2023\\\/12\\\/i787464-1.webp\",\"width\":640,\"height\":360,\"caption\":\"cadastro unico (imagem Google)\"},{\"@type\":\"BreadcrumbList\",\"@id\":\"https:\\\/\\\/www.noticiasfire.com.br\\\/passo-a-passo-como-realizar-o-cadastro-unico-e-garantir-beneficios-sociais\\\/#breadcrumb\",\"itemListElement\":[{\"@type\":\"ListItem\",\"position\":1,\"name\":\"In\u00edcio\",\"item\":\"https:\\\/\\\/www.noticiasfire.com.br\\\/\"},{\"@type\":\"ListItem\",\"position\":2,\"name\":\"Passo a Passo: Como Realizar o Cadastro \u00danico e Garantir Benef\u00edcios Sociais\u00a0\"}]},{\"@type\":\"WebSite\",\"@id\":\"https:\\\/\\\/www.noticiasfire.com.br\\\/#website\",\"url\":\"https:\\\/\\\/www.noticiasfire.com.br\\\/\",\"name\":\"NoticiasFire\",\"description\":\"\",\"publisher\":{\"@id\":\"https:\\\/\\\/www.noticiasfire.com.br\\\/#organization\"},\"potentialAction\":[{\"@type\":\"SearchAction\",\"target\":{\"@type\":\"EntryPoint\",\"urlTemplate\":\"https:\\\/\\\/www.noticiasfire.com.br\\\/?s={search_term_string}\"},\"query-input\":{\"@type\":\"PropertyValueSpecification\",\"valueRequired\":true,\"valueName\":\"search_term_string\"}}],\"inLanguage\":\"es\"},{\"@type\":\"Organization\",\"@id\":\"https:\\\/\\\/www.noticiasfire.com.br\\\/#organization\",\"name\":\"NoticiasFire\",\"url\":\"https:\\\/\\\/www.noticiasfire.com.br\\\/\",\"logo\":{\"@type\":\"ImageObject\",\"inLanguage\":\"es\",\"@id\":\"https:\\\/\\\/www.noticiasfire.com.br\\\/#\\\/schema\\\/logo\\\/image\\\/\",\"url\":\"https:\\\/\\\/www.noticiasfire.com.br\\\/wp-content\\\/uploads\\\/2025\\\/08\\\/cropped-Captura_de_Tela_2025-08-13_as_20.34.29__1_-removebg-preview.png\",\"contentUrl\":\"https:\\\/\\\/www.noticiasfire.com.br\\\/wp-content\\\/uploads\\\/2025\\\/08\\\/cropped-Captura_de_Tela_2025-08-13_as_20.34.29__1_-removebg-preview.png\",\"width\":748,\"height\":286,\"caption\":\"NoticiasFire\"},\"image\":{\"@id\":\"https:\\\/\\\/www.noticiasfire.com.br\\\/#\\\/schema\\\/logo\\\/image\\\/\"}},{\"@type\":\"Person\",\"@id\":\"https:\\\/\\\/www.noticiasfire.com.br\\\/#\\\/schema\\\/person\\\/6c064cf8d33f8b38900e936c385f48fd\",\"name\":\"Ivan\",\"image\":{\"@type\":\"ImageObject\",\"inLanguage\":\"es\",\"@id\":\"https:\\\/\\\/secure.gravatar.com\\\/avatar\\\/18077698a88c2ad528c924a301adab662f075719c95fb1dec6f0b51902ebf647?s=96&d=mm&r=g\",\"url\":\"https:\\\/\\\/secure.gravatar.com\\\/avatar\\\/18077698a88c2ad528c924a301adab662f075719c95fb1dec6f0b51902ebf647?s=96&d=mm&r=g\",\"contentUrl\":\"https:\\\/\\\/secure.gravatar.com\\\/avatar\\\/18077698a88c2ad528c924a301adab662f075719c95fb1dec6f0b51902ebf647?s=96&d=mm&r=g\",\"caption\":\"Ivan\"},\"url\":\"https:\\\/\\\/www.noticiasfire.com.br\\\/es\\\/author\\\/ivan\\\/\"}]}<\/script>\n<!-- \/ Yoast SEO plugin. -->","yoast_head_json":{"title":"Passo a Passo: Como Realizar o Cadastro \u00danico e Garantir Benef\u00edcios Sociais\u00a0 -","robots":{"index":"index","follow":"follow","max-snippet":"max-snippet:-1","max-image-preview":"max-image-preview:large","max-video-preview":"max-video-preview:-1"},"canonical":"https:\/\/www.noticiasfire.com.br\/es\/passo-a-passo-como-realizar-o-cadastro-unico-e-garantir-beneficios-sociais\/","og_locale":"es_MX","og_type":"article","og_title":"Passo a Passo: Como Realizar o Cadastro \u00danico e Garantir Benef\u00edcios Sociais\u00a0 -","og_description":"O Cadastro \u00danico (Cad\u00danico) \u00e9 uma ferramenta crucial para o acesso aos programas de assist\u00eancia social no Brasil.&nbsp; Aqui est\u00e1 um guia passo a passo sobre como realizar o Cadastro \u00danico, abordando a import\u00e2ncia da atualiza\u00e7\u00e3o de informa\u00e7\u00f5es, quem tem direito a se cadastrar, as condicionalidades e compromissos, o impacto na sociedade, desafios enfrentados, melhorias ... Leer m\u00e1s","og_url":"https:\/\/www.noticiasfire.com.br\/es\/passo-a-passo-como-realizar-o-cadastro-unico-e-garantir-beneficios-sociais\/","article_published_time":"2023-12-17T16:52:30+00:00","og_image":[{"width":640,"height":360,"url":"https:\/\/www.noticiasfire.com.br\/wp-content\/uploads\/2023\/12\/i787464-1.webp","type":"image\/webp"}],"author":"Ivan","twitter_card":"summary_large_image","twitter_misc":{"Escrito por":"Ivan","Tiempo de lectura":"3 minutos"},"schema":{"@context":"https:\/\/schema.org","@graph":[{"@type":"Article","@id":"https:\/\/www.noticiasfire.com.br\/passo-a-passo-como-realizar-o-cadastro-unico-e-garantir-beneficios-sociais\/#article","isPartOf":{"@id":"https:\/\/www.noticiasfire.com.br\/passo-a-passo-como-realizar-o-cadastro-unico-e-garantir-beneficios-sociais\/"},"author":{"name":"Ivan","@id":"https:\/\/www.noticiasfire.com.br\/#\/schema\/person\/6c064cf8d33f8b38900e936c385f48fd"},"headline":"Passo a Passo: Como Realizar o Cadastro \u00danico e Garantir Benef\u00edcios Sociais\u00a0","datePublished":"2023-12-17T16:52:30+00:00","mainEntityOfPage":{"@id":"https:\/\/www.noticiasfire.com.br\/passo-a-passo-como-realizar-o-cadastro-unico-e-garantir-beneficios-sociais\/"},"wordCount":518,"commentCount":0,"publisher":{"@id":"https:\/\/www.noticiasfire.com.br\/#organization"},"image":{"@id":"https:\/\/www.noticiasfire.com.br\/passo-a-passo-como-realizar-o-cadastro-unico-e-garantir-beneficios-sociais\/#primaryimage"},"thumbnailUrl":"https:\/\/www.noticiasfire.com.br\/wp-content\/uploads\/2023\/12\/i787464-1.webp","articleSection":["NOT\u00cdCIAS"],"inLanguage":"es","potentialAction":[{"@type":"CommentAction","name":"Comment","target":["https:\/\/www.noticiasfire.com.br\/passo-a-passo-como-realizar-o-cadastro-unico-e-garantir-beneficios-sociais\/#respond"]}]},{"@type":"WebPage","@id":"https:\/\/www.noticiasfire.com.br\/passo-a-passo-como-realizar-o-cadastro-unico-e-garantir-beneficios-sociais\/","url":"https:\/\/www.noticiasfire.com.br\/passo-a-passo-como-realizar-o-cadastro-unico-e-garantir-beneficios-sociais\/","name":"Passo a Passo: Como Realizar o Cadastro \u00danico e Garantir Benef\u00edcios Sociais\u00a0 -","isPartOf":{"@id":"https:\/\/www.noticiasfire.com.br\/#website"},"primaryImageOfPage":{"@id":"https:\/\/www.noticiasfire.com.br\/passo-a-passo-como-realizar-o-cadastro-unico-e-garantir-beneficios-sociais\/#primaryimage"},"image":{"@id":"https:\/\/www.noticiasfire.com.br\/passo-a-passo-como-realizar-o-cadastro-unico-e-garantir-beneficios-sociais\/#primaryimage"},"thumbnailUrl":"https:\/\/www.noticiasfire.com.br\/wp-content\/uploads\/2023\/12\/i787464-1.webp","datePublished":"2023-12-17T16:52:30+00:00","breadcrumb":{"@id":"https:\/\/www.noticiasfire.com.br\/passo-a-passo-como-realizar-o-cadastro-unico-e-garantir-beneficios-sociais\/#breadcrumb"},"inLanguage":"es","potentialAction":[{"@type":"ReadAction","target":["https:\/\/www.noticiasfire.com.br\/passo-a-passo-como-realizar-o-cadastro-unico-e-garantir-beneficios-sociais\/"]}]},{"@type":"ImageObject","inLanguage":"es","@id":"https:\/\/www.noticiasfire.com.br\/passo-a-passo-como-realizar-o-cadastro-unico-e-garantir-beneficios-sociais\/#primaryimage","url":"https:\/\/www.noticiasfire.com.br\/wp-content\/uploads\/2023\/12\/i787464-1.webp","contentUrl":"https:\/\/www.noticiasfire.com.br\/wp-content\/uploads\/2023\/12\/i787464-1.webp","width":640,"height":360,"caption":"cadastro unico (imagem Google)"},{"@type":"BreadcrumbList","@id":"https:\/\/www.noticiasfire.com.br\/passo-a-passo-como-realizar-o-cadastro-unico-e-garantir-beneficios-sociais\/#breadcrumb","itemListElement":[{"@type":"ListItem","position":1,"name":"In\u00edcio","item":"https:\/\/www.noticiasfire.com.br\/"},{"@type":"ListItem","position":2,"name":"Passo a Passo: Como Realizar o Cadastro \u00danico e Garantir Benef\u00edcios Sociais\u00a0"}]},{"@type":"WebSite","@id":"https:\/\/www.noticiasfire.com.br\/#website","url":"https:\/\/www.noticiasfire.com.br\/","name":"NoticiasFire","description":"","publisher":{"@id":"https:\/\/www.noticiasfire.com.br\/#organization"},"potentialAction":[{"@type":"SearchAction","target":{"@type":"EntryPoint","urlTemplate":"https:\/\/www.noticiasfire.com.br\/?s={search_term_string}"},"query-input":{"@type":"PropertyValueSpecification","valueRequired":true,"valueName":"search_term_string"}}],"inLanguage":"es"},{"@type":"Organization","@id":"https:\/\/www.noticiasfire.com.br\/#organization","name":"NoticiasFire","url":"https:\/\/www.noticiasfire.com.br\/","logo":{"@type":"ImageObject","inLanguage":"es","@id":"https:\/\/www.noticiasfire.com.br\/#\/schema\/logo\/image\/","url":"https:\/\/www.noticiasfire.com.br\/wp-content\/uploads\/2025\/08\/cropped-Captura_de_Tela_2025-08-13_as_20.34.29__1_-removebg-preview.png","contentUrl":"https:\/\/www.noticiasfire.com.br\/wp-content\/uploads\/2025\/08\/cropped-Captura_de_Tela_2025-08-13_as_20.34.29__1_-removebg-preview.png","width":748,"height":286,"caption":"NoticiasFire"},"image":{"@id":"https:\/\/www.noticiasfire.com.br\/#\/schema\/logo\/image\/"}},{"@type":"Person","@id":"https:\/\/www.noticiasfire.com.br\/#\/schema\/person\/6c064cf8d33f8b38900e936c385f48fd","name":"Ivan","image":{"@type":"ImageObject","inLanguage":"es","@id":"https:\/\/secure.gravatar.com\/avatar\/18077698a88c2ad528c924a301adab662f075719c95fb1dec6f0b51902ebf647?s=96&d=mm&r=g","url":"https:\/\/secure.gravatar.com\/avatar\/18077698a88c2ad528c924a301adab662f075719c95fb1dec6f0b51902ebf647?s=96&d=mm&r=g","contentUrl":"https:\/\/secure.gravatar.com\/avatar\/18077698a88c2ad528c924a301adab662f075719c95fb1dec6f0b51902ebf647?s=96&d=mm&r=g","caption":"Ivan"},"url":"https:\/\/www.noticiasfire.com.br\/es\/author\/ivan\/"}]}},"_links":{"self":[{"href":"https:\/\/www.noticiasfire.com.br\/es\/wp-json\/wp\/v2\/posts\/21850","targetHints":{"allow":["GET"]}}],"collection":[{"href":"https:\/\/www.noticiasfire.com.br\/es\/wp-json\/wp\/v2\/posts"}],"about":[{"href":"https:\/\/www.noticiasfire.com.br\/es\/wp-json\/wp\/v2\/types\/post"}],"author":[{"embeddable":true,"href":"https:\/\/www.noticiasfire.com.br\/es\/wp-json\/wp\/v2\/users\/3"}],"replies":[{"embeddable":true,"href":"https:\/\/www.noticiasfire.com.br\/es\/wp-json\/wp\/v2\/comments?post=21850"}],"version-history":[{"count":0,"href":"https:\/\/www.noticiasfire.com.br\/es\/wp-json\/wp\/v2\/posts\/21850\/revisions"}],"wp:featuredmedia":[{"embeddable":true,"href":"https:\/\/www.noticiasfire.com.br\/es\/wp-json\/wp\/v2\/media\/21842"}],"wp:attachment":[{"href":"https:\/\/www.noticiasfire.com.br\/es\/wp-json\/wp\/v2\/media?parent=21850"}],"wp:term":[{"taxonomy":"category","embeddable":true,"href":"https:\/\/www.noticiasfire.com.br\/es\/wp-json\/wp\/v2\/categories?post=21850"},{"taxonomy":"post_tag","embeddable":true,"href":"https:\/\/www.noticiasfire.com.br\/es\/wp-json\/wp\/v2\/tags?post=21850"}],"curies":[{"name":"wp","href":"https:\/\/api.w.org\/{rel}","templated":true}]}}