{"id":22063,"date":"2024-01-02T11:46:10","date_gmt":"2024-01-02T14:46:10","guid":{"rendered":"https:\/\/www.noticiasfire.com.br\/?p=22063"},"modified":"2024-01-02T11:46:10","modified_gmt":"2024-01-02T14:46:10","slug":"conheca-o-desconto-na-conta-de-energia-um-alivio-financeiro","status":"publish","type":"post","link":"https:\/\/www.noticiasfire.com.br\/es\/conheca-o-desconto-na-conta-de-energia-um-alivio-financeiro\/","title":{"rendered":"Descubra el descuento en la factura de la luz: un alivio financiero"},"content":{"rendered":"<div data-elementor-type=\"wp-post\" data-elementor-id=\"22063\" class=\"elementor elementor-22063\" data-elementor-post-type=\"post\">\n\t\t\t\t\t\t<section class=\"elementor-section elementor-top-section elementor-element elementor-element-a82bffd elementor-section-boxed elementor-section-height-default elementor-section-height-default\" data-id=\"a82bffd\" data-element_type=\"section\" data-e-type=\"section\">\n\t\t\t\t\t\t<div class=\"elementor-container elementor-column-gap-default\">\n\t\t\t\t\t<div class=\"elementor-column elementor-col-100 elementor-top-column elementor-element elementor-element-09c5e7a\" data-id=\"09c5e7a\" data-element_type=\"column\" data-e-type=\"column\">\n\t\t\t<div class=\"elementor-widget-wrap elementor-element-populated\">\n\t\t\t\t\t\t<div class=\"elementor-element elementor-element-50c3acb elementor-widget elementor-widget-text-editor\" data-id=\"50c3acb\" data-element_type=\"widget\" data-e-type=\"widget\" data-widget_type=\"text-editor.default\">\n\t\t\t\t\t\t\t\t\t<p>Ao receber a\u00a0<b>fatura de energia,<\/b>\u00a0\u00e9 comum se deparar com valores surpreendentes. Contudo, sabia que existe um benef\u00edcio do governo federal que pode proporcionar um al\u00edvio nesses momentos?<\/p>\n<p>Vamos compreender como funciona o Desconto na Conta de Luz e como ele pode beneficiar in\u00fameras fam\u00edlias brasileiras.<\/p>\n<h2 class=\"wp-block-heading\">Objetivo do Benef\u00edcio<\/h2>\n<p>Esse programa foi estrategicamente criado pelo governo para ajudar as fam\u00edlias em situa\u00e7\u00e3o de vulnerabilidade econ\u00f4mica.\u00a0<\/p>\n<p>Reduzindo o valor da conta de luz, a inten\u00e7\u00e3o \u00e9 assegurar que essas fam\u00edlias n\u00e3o tenham que escolher entre pagar a energia ou comprar alimentos, por exemplo.<\/p>\t\t\t\t\t\t\t\t<\/div>\n\t\t\t\t\t<\/div>\n\t\t<\/div>\n\t\t\t\t\t<\/div>\n\t\t<\/section>\n\t\t\t\t<section class=\"elementor-section elementor-top-section elementor-element elementor-element-e40acf6 elementor-section-boxed elementor-section-height-default elementor-section-height-default\" data-id=\"e40acf6\" data-element_type=\"section\" data-e-type=\"section\">\n\t\t\t\t\t\t<div class=\"elementor-container elementor-column-gap-default\">\n\t\t\t\t\t<div class=\"elementor-column elementor-col-100 elementor-top-column elementor-element elementor-element-bd12635\" data-id=\"bd12635\" data-element_type=\"column\" data-e-type=\"column\">\n\t\t\t<div class=\"elementor-widget-wrap elementor-element-populated\">\n\t\t\t\t\t\t<div class=\"elementor-element elementor-element-68abf9d elementor-align-center elementor-widget elementor-widget-button\" data-id=\"68abf9d\" data-element_type=\"widget\" data-e-type=\"widget\" data-widget_type=\"button.default\">\n\t\t\t\t\t\t\t\t\t\t<a class=\"elementor-button elementor-button-link elementor-size-sm\" href=\"https:\/\/www.noticiasfire.com.br\/es\/cadastro-unico-digital-simplificando-o-acesso-aos-programas-de-assistencia\/\">\n\t\t\t\t\t\t<span class=\"elementor-button-content-wrapper\">\n\t\t\t\t\t\t\t\t\t<span class=\"elementor-button-text\">CAD \u00daNICO - CADASTRAR<\/span>\n\t\t\t\t\t<\/span>\n\t\t\t\t\t<\/a>\n\t\t\t\t\t\t\t\t<\/div>\n\t\t\t\t\t<\/div>\n\t\t<\/div>\n\t\t\t\t\t<\/div>\n\t\t<\/section>\n\t\t\t\t<section class=\"elementor-section elementor-top-section elementor-element elementor-element-1c77f84 elementor-section-boxed elementor-section-height-default elementor-section-height-default\" data-id=\"1c77f84\" data-element_type=\"section\" data-e-type=\"section\">\n\t\t\t\t\t\t<div class=\"elementor-container elementor-column-gap-default\">\n\t\t\t\t\t<div class=\"elementor-column elementor-col-100 elementor-top-column elementor-element elementor-element-2738496\" data-id=\"2738496\" data-element_type=\"column\" data-e-type=\"column\">\n\t\t\t<div class=\"elementor-widget-wrap\">\n\t\t\t\t\t\t\t<\/div>\n\t\t<\/div>\n\t\t\t\t\t<\/div>\n\t\t<\/section>\n\t\t\t\t<section class=\"elementor-section elementor-top-section elementor-element elementor-element-c3b6494 elementor-section-boxed elementor-section-height-default elementor-section-height-default\" data-id=\"c3b6494\" data-element_type=\"section\" data-e-type=\"section\">\n\t\t\t\t\t\t<div class=\"elementor-container elementor-column-gap-default\">\n\t\t\t\t\t<div class=\"elementor-column elementor-col-100 elementor-top-column elementor-element elementor-element-ad8f387\" data-id=\"ad8f387\" data-element_type=\"column\" data-e-type=\"column\">\n\t\t\t<div class=\"elementor-widget-wrap elementor-element-populated\">\n\t\t\t\t\t\t<div class=\"elementor-element elementor-element-6bda9e7 elementor-widget elementor-widget-text-editor\" data-id=\"6bda9e7\" data-element_type=\"widget\" data-e-type=\"widget\" data-widget_type=\"text-editor.default\">\n\t\t\t\t\t\t\t\t\t<h2 class=\"wp-block-heading\">Como Acessar o Desconto<\/h2>\n<p>Para usufruir do\u00a0<b>desconto na conta de luz<\/b>, \u00e9 necess\u00e1rio estar cadastrado no programa governamental chamado Cadastro \u00danico ou receber o\u00a0<a href=\"https:\/\/www.noticiasfire.com.br\/es\/bpc-compreendendo-o-beneficio-de-prestacao-continuada-no-brasil\/\"><b>Benef\u00edcio de Presta\u00e7\u00e3o Continuada (BPC)<\/b>.<\/a>\u00a0<\/p>\n<p>Se voc\u00ea ainda n\u00e3o possui esse cadastro, vale a pena faz\u00ea-lo, pois ele \u00e9 a porta de entrada para diversos outros programas sociais.<\/p>\n<h2 class=\"wp-block-heading\">O Aplicativo de Acompanhamento<\/h2>\n<p>A tecnologia tornou tudo mais acess\u00edvel! O governo lan\u00e7ou um aplicativo que permite aos benefici\u00e1rios acompanhar de perto os detalhes de sua conta. Algumas funcionalidades incluem:<\/p>\n<ul>\n<li>Acesso a outros programas sociais dispon\u00edveis.\u00a0<\/li>\n<li>Visualiza\u00e7\u00e3o do calend\u00e1rio e datas de pagamento dos benef\u00edcios.\u00a0<\/li>\n<li>Detalhamento do desconto aplicado na conta de luz a cada m\u00eas.<\/li>\n<\/ul>\t\t\t\t\t\t\t\t<\/div>\n\t\t\t\t\t<\/div>\n\t\t<\/div>\n\t\t\t\t\t<\/div>\n\t\t<\/section>\n\t\t\t\t<section class=\"elementor-section elementor-top-section elementor-element elementor-element-9241674 elementor-section-boxed elementor-section-height-default elementor-section-height-default\" data-id=\"9241674\" data-element_type=\"section\" data-e-type=\"section\">\n\t\t\t\t\t\t<div class=\"elementor-container elementor-column-gap-default\">\n\t\t\t\t\t<div class=\"elementor-column elementor-col-100 elementor-top-column elementor-element elementor-element-b7fd526\" data-id=\"b7fd526\" data-element_type=\"column\" data-e-type=\"column\">\n\t\t\t<div class=\"elementor-widget-wrap\">\n\t\t\t\t\t\t\t<\/div>\n\t\t<\/div>\n\t\t\t\t\t<\/div>\n\t\t<\/section>\n\t\t\t\t<section class=\"elementor-section elementor-top-section elementor-element elementor-element-1358f6c elementor-section-boxed elementor-section-height-default elementor-section-height-default\" data-id=\"1358f6c\" data-element_type=\"section\" data-e-type=\"section\">\n\t\t\t\t\t\t<div class=\"elementor-container elementor-column-gap-default\">\n\t\t\t\t\t<div class=\"elementor-column elementor-col-100 elementor-top-column elementor-element elementor-element-acfac86\" data-id=\"acfac86\" data-element_type=\"column\" data-e-type=\"column\">\n\t\t\t<div class=\"elementor-widget-wrap elementor-element-populated\">\n\t\t\t\t\t\t<div class=\"elementor-element elementor-element-fc773aa elementor-widget elementor-widget-text-editor\" data-id=\"fc773aa\" data-element_type=\"widget\" data-e-type=\"widget\" data-widget_type=\"text-editor.default\">\n\t\t\t\t\t\t\t\t\t<p><\/p>\n<p><\/p>\n<h2 class=\"wp-block-heading\"><span style=\"color: var(--td_text_color, #111111); background-color: var(--td_container_transparent, #ffffff);\">Vantagens do App<\/span><br><\/h2>\n<p><\/p>\n<p><\/p>\n<p><\/p>\n<p><\/p>\n<p>Al\u00e9m de ser uma ferramenta pr\u00e1tica, o aplicativo busca capacitar as fam\u00edlias, proporcionando controle e transpar\u00eancia sobre seus benef\u00edcios. A resposta para a pergunta se vale a pena \u00e9 um enf\u00e1tico sim! Com o dinheiro economizado, as fam\u00edlias t\u00eam a oportunidade de direcionar recursos para outras necessidades.<\/p>\n<p><\/p>\n<p><\/p>\n<h2 class=\"wp-block-heading\">P\u00fablico-Alvo do Benef\u00edcio<\/h2>\n<p><\/p>\n<p><\/p>\n<h3 class=\"wp-block-heading\">O programa e o aplicativo s\u00e3o direcionados a:<\/h3>\n<p><\/p>\n<p><\/p>\n<ul>\n<li>Fam\u00edlias com renda per capita menor ou igual a meio sal\u00e1rio-m\u00ednimo.<\/li>\n<li>Pessoas com defici\u00eancia.<\/li>\n<li>Idosos com 65 anos ou mais que recebem o BPC.<\/li>\n<\/ul>\n<p><\/p>\n<p><\/p>\n<h2 class=\"wp-block-heading\">Informa\u00e7\u00f5es T\u00e9cnicas sobre o App<\/h2>\n<p><\/p>\n<p><\/p>\n<p>Tamanho: 56,1 MB. Instala\u00e7\u00f5es: Mais de 1.000.000. Classifica\u00e7\u00e3o: Livre para todos os p\u00fablicos. Requisitos: Sistema operacional 4.4 ou superior. Desenvolvedor: Minist\u00e9rio da Cidadania.<\/p>\n<p><\/p>\n<p><\/p>\n<p>Conhecer seus direitos \u00e9 fundamental. Informe-se, cadastre-se e aproveite esse benef\u00edcio criado especialmente para auxiliar as fam\u00edlias brasileiras. E n\u00e3o se esque\u00e7a: o governo oferece diversos outros programas \u00fateis para voc\u00ea e sua fam\u00edlia. Fique atento!<\/p>\n<p><\/p>\t\t\t\t\t\t\t\t<\/div>\n\t\t\t\t\t<\/div>\n\t\t<\/div>\n\t\t\t\t\t<\/div>\n\t\t<\/section>\n\t\t\t\t<section class=\"elementor-section elementor-top-section elementor-element elementor-element-7ca1fc3 elementor-section-boxed elementor-section-height-default elementor-section-height-default\" data-id=\"7ca1fc3\" data-element_type=\"section\" data-e-type=\"section\">\n\t\t\t\t\t\t<div class=\"elementor-container elementor-column-gap-default\">\n\t\t\t\t\t<div class=\"elementor-column elementor-col-100 elementor-top-column elementor-element elementor-element-1403304\" data-id=\"1403304\" data-element_type=\"column\" data-e-type=\"column\">\n\t\t\t<div class=\"elementor-widget-wrap elementor-element-populated\">\n\t\t\t\t\t\t<div class=\"elementor-element elementor-element-f08a109 elementor-align-center elementor-widget elementor-widget-button\" data-id=\"f08a109\" data-element_type=\"widget\" data-e-type=\"widget\" data-widget_type=\"button.default\">\n\t\t\t\t\t\t\t\t\t\t<a class=\"elementor-button elementor-button-link elementor-size-sm\" href=\"https:\/\/www.noticiasfire.com.br\/es\/cadastro-unico-digital-simplificando-o-acesso-aos-programas-de-assistencia\/\">\n\t\t\t\t\t\t<span class=\"elementor-button-content-wrapper\">\n\t\t\t\t\t\t\t\t\t<span class=\"elementor-button-text\">CAD \u00daNICO - CADASTRAR<\/span>\n\t\t\t\t\t<\/span>\n\t\t\t\t\t<\/a>\n\t\t\t\t\t\t\t\t<\/div>\n\t\t\t\t\t<\/div>\n\t\t<\/div>\n\t\t\t\t\t<\/div>\n\t\t<\/section>\n\t\t\t\t<\/div>","protected":false},"excerpt":{"rendered":"<p>Ao receber a\u00a0fatura de energia,\u00a0\u00e9 comum se deparar com valores surpreendentes. Contudo, sabia que existe um benef\u00edcio do governo federal que pode proporcionar um al\u00edvio nesses momentos? Vamos compreender como funciona o Desconto na Conta de Luz e como ele pode beneficiar in\u00fameras fam\u00edlias brasileiras. Objetivo do Benef\u00edcio Esse programa foi estrategicamente criado pelo governo &#8230; <a title=\"Descubra el descuento en la factura de la luz: un alivio financiero\" class=\"read-more\" href=\"https:\/\/www.noticiasfire.com.br\/es\/conheca-o-desconto-na-conta-de-energia-um-alivio-financeiro\/\" aria-label=\"Leer m\u00e1s sobre Conhe\u00e7a o Desconto na Conta de Energia: Um Al\u00edvio Financeiro\">Leer m\u00e1s<\/a><\/p>","protected":false},"author":3,"featured_media":30085,"comment_status":"open","ping_status":"open","sticky":false,"template":"","format":"standard","meta":{"footnotes":""},"categories":[44],"tags":[],"class_list":["post-22063","post","type-post","status-publish","format-standard","has-post-thumbnail","hentry","category-noticias"],"yoast_head":"<!-- This site is optimized with the Yoast SEO plugin v27.4 - https:\/\/yoast.com\/product\/yoast-seo-wordpress\/ -->\n<title>Conhe\u00e7a o Desconto na Conta de Energia: Um Al\u00edvio Financeiro -<\/title>\n<meta name=\"robots\" content=\"index, follow, max-snippet:-1, max-image-preview:large, max-video-preview:-1\" \/>\n<link rel=\"canonical\" href=\"https:\/\/www.noticiasfire.com.br\/es\/conheca-o-desconto-na-conta-de-energia-um-alivio-financeiro\/\" \/>\n<meta property=\"og:locale\" content=\"es_MX\" \/>\n<meta property=\"og:type\" content=\"article\" \/>\n<meta property=\"og:title\" content=\"Conhe\u00e7a o Desconto na Conta de Energia: Um Al\u00edvio Financeiro -\" \/>\n<meta property=\"og:description\" content=\"Ao receber a\u00a0fatura de energia,\u00a0\u00e9 comum se deparar com valores surpreendentes. Contudo, sabia que existe um benef\u00edcio do governo federal que pode proporcionar um al\u00edvio nesses momentos? Vamos compreender como funciona o Desconto na Conta de Luz e como ele pode beneficiar in\u00fameras fam\u00edlias brasileiras. Objetivo do Benef\u00edcio Esse programa foi estrategicamente criado pelo governo ... Leer m\u00e1s\" \/>\n<meta property=\"og:url\" content=\"https:\/\/www.noticiasfire.com.br\/es\/conheca-o-desconto-na-conta-de-energia-um-alivio-financeiro\/\" \/>\n<meta property=\"article:published_time\" content=\"2024-01-02T14:46:10+00:00\" \/>\n<meta property=\"og:image\" content=\"https:\/\/www.noticiasfire.com.br\/wp-content\/uploads\/2024\/01\/conta-de-luz-1.webp\" \/>\n\t<meta property=\"og:image:width\" content=\"1024\" \/>\n\t<meta property=\"og:image:height\" content=\"1024\" \/>\n\t<meta property=\"og:image:type\" content=\"image\/webp\" \/>\n<meta name=\"author\" content=\"Ivan\" \/>\n<meta name=\"twitter:card\" content=\"summary_large_image\" \/>\n<meta name=\"twitter:label1\" content=\"Escrito por\" \/>\n\t<meta name=\"twitter:data1\" content=\"Ivan\" \/>\n\t<meta name=\"twitter:label2\" content=\"Tiempo de lectura\" \/>\n\t<meta name=\"twitter:data2\" content=\"2 minutos\" \/>\n<script type=\"application\/ld+json\" class=\"yoast-schema-graph\">{\"@context\":\"https:\\\/\\\/schema.org\",\"@graph\":[{\"@type\":\"Article\",\"@id\":\"https:\\\/\\\/www.noticiasfire.com.br\\\/conheca-o-desconto-na-conta-de-energia-um-alivio-financeiro\\\/#article\",\"isPartOf\":{\"@id\":\"https:\\\/\\\/www.noticiasfire.com.br\\\/conheca-o-desconto-na-conta-de-energia-um-alivio-financeiro\\\/\"},\"author\":{\"name\":\"Ivan\",\"@id\":\"https:\\\/\\\/www.noticiasfire.com.br\\\/#\\\/schema\\\/person\\\/6c064cf8d33f8b38900e936c385f48fd\"},\"headline\":\"Conhe\u00e7a o Desconto na Conta de Energia: Um Al\u00edvio Financeiro\",\"datePublished\":\"2024-01-02T14:46:10+00:00\",\"mainEntityOfPage\":{\"@id\":\"https:\\\/\\\/www.noticiasfire.com.br\\\/conheca-o-desconto-na-conta-de-energia-um-alivio-financeiro\\\/\"},\"wordCount\":411,\"commentCount\":0,\"publisher\":{\"@id\":\"https:\\\/\\\/www.noticiasfire.com.br\\\/#organization\"},\"image\":{\"@id\":\"https:\\\/\\\/www.noticiasfire.com.br\\\/conheca-o-desconto-na-conta-de-energia-um-alivio-financeiro\\\/#primaryimage\"},\"thumbnailUrl\":\"https:\\\/\\\/www.noticiasfire.com.br\\\/wp-content\\\/uploads\\\/2024\\\/01\\\/conta-de-luz-1.webp\",\"articleSection\":[\"NOT\u00cdCIAS\"],\"inLanguage\":\"es\",\"potentialAction\":[{\"@type\":\"CommentAction\",\"name\":\"Comment\",\"target\":[\"https:\\\/\\\/www.noticiasfire.com.br\\\/conheca-o-desconto-na-conta-de-energia-um-alivio-financeiro\\\/#respond\"]}]},{\"@type\":\"WebPage\",\"@id\":\"https:\\\/\\\/www.noticiasfire.com.br\\\/conheca-o-desconto-na-conta-de-energia-um-alivio-financeiro\\\/\",\"url\":\"https:\\\/\\\/www.noticiasfire.com.br\\\/conheca-o-desconto-na-conta-de-energia-um-alivio-financeiro\\\/\",\"name\":\"Conhe\u00e7a o Desconto na Conta de Energia: Um Al\u00edvio Financeiro -\",\"isPartOf\":{\"@id\":\"https:\\\/\\\/www.noticiasfire.com.br\\\/#website\"},\"primaryImageOfPage\":{\"@id\":\"https:\\\/\\\/www.noticiasfire.com.br\\\/conheca-o-desconto-na-conta-de-energia-um-alivio-financeiro\\\/#primaryimage\"},\"image\":{\"@id\":\"https:\\\/\\\/www.noticiasfire.com.br\\\/conheca-o-desconto-na-conta-de-energia-um-alivio-financeiro\\\/#primaryimage\"},\"thumbnailUrl\":\"https:\\\/\\\/www.noticiasfire.com.br\\\/wp-content\\\/uploads\\\/2024\\\/01\\\/conta-de-luz-1.webp\",\"datePublished\":\"2024-01-02T14:46:10+00:00\",\"breadcrumb\":{\"@id\":\"https:\\\/\\\/www.noticiasfire.com.br\\\/conheca-o-desconto-na-conta-de-energia-um-alivio-financeiro\\\/#breadcrumb\"},\"inLanguage\":\"es\",\"potentialAction\":[{\"@type\":\"ReadAction\",\"target\":[\"https:\\\/\\\/www.noticiasfire.com.br\\\/conheca-o-desconto-na-conta-de-energia-um-alivio-financeiro\\\/\"]}]},{\"@type\":\"ImageObject\",\"inLanguage\":\"es\",\"@id\":\"https:\\\/\\\/www.noticiasfire.com.br\\\/conheca-o-desconto-na-conta-de-energia-um-alivio-financeiro\\\/#primaryimage\",\"url\":\"https:\\\/\\\/www.noticiasfire.com.br\\\/wp-content\\\/uploads\\\/2024\\\/01\\\/conta-de-luz-1.webp\",\"contentUrl\":\"https:\\\/\\\/www.noticiasfire.com.br\\\/wp-content\\\/uploads\\\/2024\\\/01\\\/conta-de-luz-1.webp\",\"width\":1024,\"height\":1024},{\"@type\":\"BreadcrumbList\",\"@id\":\"https:\\\/\\\/www.noticiasfire.com.br\\\/conheca-o-desconto-na-conta-de-energia-um-alivio-financeiro\\\/#breadcrumb\",\"itemListElement\":[{\"@type\":\"ListItem\",\"position\":1,\"name\":\"In\u00edcio\",\"item\":\"https:\\\/\\\/www.noticiasfire.com.br\\\/\"},{\"@type\":\"ListItem\",\"position\":2,\"name\":\"Conhe\u00e7a o Desconto na Conta de Energia: Um Al\u00edvio Financeiro\"}]},{\"@type\":\"WebSite\",\"@id\":\"https:\\\/\\\/www.noticiasfire.com.br\\\/#website\",\"url\":\"https:\\\/\\\/www.noticiasfire.com.br\\\/\",\"name\":\"NoticiasFire\",\"description\":\"\",\"publisher\":{\"@id\":\"https:\\\/\\\/www.noticiasfire.com.br\\\/#organization\"},\"potentialAction\":[{\"@type\":\"SearchAction\",\"target\":{\"@type\":\"EntryPoint\",\"urlTemplate\":\"https:\\\/\\\/www.noticiasfire.com.br\\\/?s={search_term_string}\"},\"query-input\":{\"@type\":\"PropertyValueSpecification\",\"valueRequired\":true,\"valueName\":\"search_term_string\"}}],\"inLanguage\":\"es\"},{\"@type\":\"Organization\",\"@id\":\"https:\\\/\\\/www.noticiasfire.com.br\\\/#organization\",\"name\":\"NoticiasFire\",\"url\":\"https:\\\/\\\/www.noticiasfire.com.br\\\/\",\"logo\":{\"@type\":\"ImageObject\",\"inLanguage\":\"es\",\"@id\":\"https:\\\/\\\/www.noticiasfire.com.br\\\/#\\\/schema\\\/logo\\\/image\\\/\",\"url\":\"https:\\\/\\\/www.noticiasfire.com.br\\\/wp-content\\\/uploads\\\/2025\\\/08\\\/cropped-Captura_de_Tela_2025-08-13_as_20.34.29__1_-removebg-preview.png\",\"contentUrl\":\"https:\\\/\\\/www.noticiasfire.com.br\\\/wp-content\\\/uploads\\\/2025\\\/08\\\/cropped-Captura_de_Tela_2025-08-13_as_20.34.29__1_-removebg-preview.png\",\"width\":748,\"height\":286,\"caption\":\"NoticiasFire\"},\"image\":{\"@id\":\"https:\\\/\\\/www.noticiasfire.com.br\\\/#\\\/schema\\\/logo\\\/image\\\/\"}},{\"@type\":\"Person\",\"@id\":\"https:\\\/\\\/www.noticiasfire.com.br\\\/#\\\/schema\\\/person\\\/6c064cf8d33f8b38900e936c385f48fd\",\"name\":\"Ivan\",\"image\":{\"@type\":\"ImageObject\",\"inLanguage\":\"es\",\"@id\":\"https:\\\/\\\/secure.gravatar.com\\\/avatar\\\/18077698a88c2ad528c924a301adab662f075719c95fb1dec6f0b51902ebf647?s=96&d=mm&r=g\",\"url\":\"https:\\\/\\\/secure.gravatar.com\\\/avatar\\\/18077698a88c2ad528c924a301adab662f075719c95fb1dec6f0b51902ebf647?s=96&d=mm&r=g\",\"contentUrl\":\"https:\\\/\\\/secure.gravatar.com\\\/avatar\\\/18077698a88c2ad528c924a301adab662f075719c95fb1dec6f0b51902ebf647?s=96&d=mm&r=g\",\"caption\":\"Ivan\"},\"url\":\"https:\\\/\\\/www.noticiasfire.com.br\\\/es\\\/author\\\/ivan\\\/\"}]}<\/script>\n<!-- \/ Yoast SEO plugin. -->","yoast_head_json":{"title":"Conhe\u00e7a o Desconto na Conta de Energia: Um Al\u00edvio Financeiro -","robots":{"index":"index","follow":"follow","max-snippet":"max-snippet:-1","max-image-preview":"max-image-preview:large","max-video-preview":"max-video-preview:-1"},"canonical":"https:\/\/www.noticiasfire.com.br\/es\/conheca-o-desconto-na-conta-de-energia-um-alivio-financeiro\/","og_locale":"es_MX","og_type":"article","og_title":"Conhe\u00e7a o Desconto na Conta de Energia: Um Al\u00edvio Financeiro -","og_description":"Ao receber a\u00a0fatura de energia,\u00a0\u00e9 comum se deparar com valores surpreendentes. Contudo, sabia que existe um benef\u00edcio do governo federal que pode proporcionar um al\u00edvio nesses momentos? Vamos compreender como funciona o Desconto na Conta de Luz e como ele pode beneficiar in\u00fameras fam\u00edlias brasileiras. Objetivo do Benef\u00edcio Esse programa foi estrategicamente criado pelo governo ... Leer m\u00e1s","og_url":"https:\/\/www.noticiasfire.com.br\/es\/conheca-o-desconto-na-conta-de-energia-um-alivio-financeiro\/","article_published_time":"2024-01-02T14:46:10+00:00","og_image":[{"width":1024,"height":1024,"url":"https:\/\/www.noticiasfire.com.br\/wp-content\/uploads\/2024\/01\/conta-de-luz-1.webp","type":"image\/webp"}],"author":"Ivan","twitter_card":"summary_large_image","twitter_misc":{"Escrito por":"Ivan","Tiempo de lectura":"2 minutos"},"schema":{"@context":"https:\/\/schema.org","@graph":[{"@type":"Article","@id":"https:\/\/www.noticiasfire.com.br\/conheca-o-desconto-na-conta-de-energia-um-alivio-financeiro\/#article","isPartOf":{"@id":"https:\/\/www.noticiasfire.com.br\/conheca-o-desconto-na-conta-de-energia-um-alivio-financeiro\/"},"author":{"name":"Ivan","@id":"https:\/\/www.noticiasfire.com.br\/#\/schema\/person\/6c064cf8d33f8b38900e936c385f48fd"},"headline":"Conhe\u00e7a o Desconto na Conta de Energia: Um Al\u00edvio Financeiro","datePublished":"2024-01-02T14:46:10+00:00","mainEntityOfPage":{"@id":"https:\/\/www.noticiasfire.com.br\/conheca-o-desconto-na-conta-de-energia-um-alivio-financeiro\/"},"wordCount":411,"commentCount":0,"publisher":{"@id":"https:\/\/www.noticiasfire.com.br\/#organization"},"image":{"@id":"https:\/\/www.noticiasfire.com.br\/conheca-o-desconto-na-conta-de-energia-um-alivio-financeiro\/#primaryimage"},"thumbnailUrl":"https:\/\/www.noticiasfire.com.br\/wp-content\/uploads\/2024\/01\/conta-de-luz-1.webp","articleSection":["NOT\u00cdCIAS"],"inLanguage":"es","potentialAction":[{"@type":"CommentAction","name":"Comment","target":["https:\/\/www.noticiasfire.com.br\/conheca-o-desconto-na-conta-de-energia-um-alivio-financeiro\/#respond"]}]},{"@type":"WebPage","@id":"https:\/\/www.noticiasfire.com.br\/conheca-o-desconto-na-conta-de-energia-um-alivio-financeiro\/","url":"https:\/\/www.noticiasfire.com.br\/conheca-o-desconto-na-conta-de-energia-um-alivio-financeiro\/","name":"Conhe\u00e7a o Desconto na Conta de Energia: Um Al\u00edvio Financeiro -","isPartOf":{"@id":"https:\/\/www.noticiasfire.com.br\/#website"},"primaryImageOfPage":{"@id":"https:\/\/www.noticiasfire.com.br\/conheca-o-desconto-na-conta-de-energia-um-alivio-financeiro\/#primaryimage"},"image":{"@id":"https:\/\/www.noticiasfire.com.br\/conheca-o-desconto-na-conta-de-energia-um-alivio-financeiro\/#primaryimage"},"thumbnailUrl":"https:\/\/www.noticiasfire.com.br\/wp-content\/uploads\/2024\/01\/conta-de-luz-1.webp","datePublished":"2024-01-02T14:46:10+00:00","breadcrumb":{"@id":"https:\/\/www.noticiasfire.com.br\/conheca-o-desconto-na-conta-de-energia-um-alivio-financeiro\/#breadcrumb"},"inLanguage":"es","potentialAction":[{"@type":"ReadAction","target":["https:\/\/www.noticiasfire.com.br\/conheca-o-desconto-na-conta-de-energia-um-alivio-financeiro\/"]}]},{"@type":"ImageObject","inLanguage":"es","@id":"https:\/\/www.noticiasfire.com.br\/conheca-o-desconto-na-conta-de-energia-um-alivio-financeiro\/#primaryimage","url":"https:\/\/www.noticiasfire.com.br\/wp-content\/uploads\/2024\/01\/conta-de-luz-1.webp","contentUrl":"https:\/\/www.noticiasfire.com.br\/wp-content\/uploads\/2024\/01\/conta-de-luz-1.webp","width":1024,"height":1024},{"@type":"BreadcrumbList","@id":"https:\/\/www.noticiasfire.com.br\/conheca-o-desconto-na-conta-de-energia-um-alivio-financeiro\/#breadcrumb","itemListElement":[{"@type":"ListItem","position":1,"name":"In\u00edcio","item":"https:\/\/www.noticiasfire.com.br\/"},{"@type":"ListItem","position":2,"name":"Conhe\u00e7a o Desconto na Conta de Energia: Um Al\u00edvio Financeiro"}]},{"@type":"WebSite","@id":"https:\/\/www.noticiasfire.com.br\/#website","url":"https:\/\/www.noticiasfire.com.br\/","name":"NoticiasFire","description":"","publisher":{"@id":"https:\/\/www.noticiasfire.com.br\/#organization"},"potentialAction":[{"@type":"SearchAction","target":{"@type":"EntryPoint","urlTemplate":"https:\/\/www.noticiasfire.com.br\/?s={search_term_string}"},"query-input":{"@type":"PropertyValueSpecification","valueRequired":true,"valueName":"search_term_string"}}],"inLanguage":"es"},{"@type":"Organization","@id":"https:\/\/www.noticiasfire.com.br\/#organization","name":"NoticiasFire","url":"https:\/\/www.noticiasfire.com.br\/","logo":{"@type":"ImageObject","inLanguage":"es","@id":"https:\/\/www.noticiasfire.com.br\/#\/schema\/logo\/image\/","url":"https:\/\/www.noticiasfire.com.br\/wp-content\/uploads\/2025\/08\/cropped-Captura_de_Tela_2025-08-13_as_20.34.29__1_-removebg-preview.png","contentUrl":"https:\/\/www.noticiasfire.com.br\/wp-content\/uploads\/2025\/08\/cropped-Captura_de_Tela_2025-08-13_as_20.34.29__1_-removebg-preview.png","width":748,"height":286,"caption":"NoticiasFire"},"image":{"@id":"https:\/\/www.noticiasfire.com.br\/#\/schema\/logo\/image\/"}},{"@type":"Person","@id":"https:\/\/www.noticiasfire.com.br\/#\/schema\/person\/6c064cf8d33f8b38900e936c385f48fd","name":"Ivan","image":{"@type":"ImageObject","inLanguage":"es","@id":"https:\/\/secure.gravatar.com\/avatar\/18077698a88c2ad528c924a301adab662f075719c95fb1dec6f0b51902ebf647?s=96&d=mm&r=g","url":"https:\/\/secure.gravatar.com\/avatar\/18077698a88c2ad528c924a301adab662f075719c95fb1dec6f0b51902ebf647?s=96&d=mm&r=g","contentUrl":"https:\/\/secure.gravatar.com\/avatar\/18077698a88c2ad528c924a301adab662f075719c95fb1dec6f0b51902ebf647?s=96&d=mm&r=g","caption":"Ivan"},"url":"https:\/\/www.noticiasfire.com.br\/es\/author\/ivan\/"}]}},"_links":{"self":[{"href":"https:\/\/www.noticiasfire.com.br\/es\/wp-json\/wp\/v2\/posts\/22063","targetHints":{"allow":["GET"]}}],"collection":[{"href":"https:\/\/www.noticiasfire.com.br\/es\/wp-json\/wp\/v2\/posts"}],"about":[{"href":"https:\/\/www.noticiasfire.com.br\/es\/wp-json\/wp\/v2\/types\/post"}],"author":[{"embeddable":true,"href":"https:\/\/www.noticiasfire.com.br\/es\/wp-json\/wp\/v2\/users\/3"}],"replies":[{"embeddable":true,"href":"https:\/\/www.noticiasfire.com.br\/es\/wp-json\/wp\/v2\/comments?post=22063"}],"version-history":[{"count":0,"href":"https:\/\/www.noticiasfire.com.br\/es\/wp-json\/wp\/v2\/posts\/22063\/revisions"}],"wp:featuredmedia":[{"embeddable":true,"href":"https:\/\/www.noticiasfire.com.br\/es\/wp-json\/wp\/v2\/media\/30085"}],"wp:attachment":[{"href":"https:\/\/www.noticiasfire.com.br\/es\/wp-json\/wp\/v2\/media?parent=22063"}],"wp:term":[{"taxonomy":"category","embeddable":true,"href":"https:\/\/www.noticiasfire.com.br\/es\/wp-json\/wp\/v2\/categories?post=22063"},{"taxonomy":"post_tag","embeddable":true,"href":"https:\/\/www.noticiasfire.com.br\/es\/wp-json\/wp\/v2\/tags?post=22063"}],"curies":[{"name":"wp","href":"https:\/\/api.w.org\/{rel}","templated":true}]}}