{"id":24168,"date":"2024-02-03T11:14:10","date_gmt":"2024-02-03T14:14:10","guid":{"rendered":"https:\/\/www.noticiasfire.com.br\/?p=24168"},"modified":"2024-02-03T11:14:10","modified_gmt":"2024-02-03T14:14:10","slug":"o-melhor-design-de-sobrancelhas-no-senac-ead-e-presencial","status":"publish","type":"post","link":"https:\/\/www.noticiasfire.com.br\/es\/o-melhor-design-de-sobrancelhas-no-senac-ead-e-presencial\/","title":{"rendered":"El mejor dise\u00f1o de cejas en Senac EAD y en persona\u00a0"},"content":{"rendered":"<div data-elementor-type=\"wp-post\" data-elementor-id=\"24168\" class=\"elementor elementor-24168\" data-elementor-post-type=\"post\">\n\t\t\t\t\t\t<section class=\"elementor-section elementor-top-section elementor-element elementor-element-726ab8ca elementor-section-boxed elementor-section-height-default elementor-section-height-default\" data-id=\"726ab8ca\" data-element_type=\"section\" data-e-type=\"section\">\n\t\t\t\t\t\t<div class=\"elementor-container elementor-column-gap-default\">\n\t\t\t\t\t<div class=\"elementor-column elementor-col-100 elementor-top-column elementor-element elementor-element-64d2fbf9\" data-id=\"64d2fbf9\" data-element_type=\"column\" data-e-type=\"column\">\n\t\t\t<div class=\"elementor-widget-wrap elementor-element-populated\">\n\t\t\t\t\t\t<div class=\"elementor-element elementor-element-57d2c89e elementor-widget elementor-widget-text-editor\" data-id=\"57d2c89e\" data-element_type=\"widget\" data-e-type=\"widget\" data-widget_type=\"text-editor.default\">\n\t\t\t\t\t\t\t\t\t\n<p>Si busca el mejor <strong>dise\u00f1o de cejas<\/strong>Senac es una excelente opci\u00f3n tanto para programas a distancia como presenciales. Con una reputaci\u00f3n consolidada y un enfoque centrado en la excelencia, Senac ofrece programas completos que preparan a los profesionales para dominar las \u00faltimas t\u00e9cnicas y satisfacer las demandas del mercado de la est\u00e9tica.\u00a0<\/p>\n\n\n\n<h2 class=\"wp-block-heading\">\u00bfPor qu\u00e9 elegir Senac para el dise\u00f1o de cejas?\u00a0<\/h2>\n\n\n\n<h3 class=\"wp-block-heading\">Reconocimiento y credibilidad\u00a0<\/h3>\n\n\n\n<p>El Senac est\u00e1 reconocido nacional e internacionalmente como una instituci\u00f3n educativa de excelencia. Con d\u00e9cadas de experiencia en el campo de la educaci\u00f3n profesional, el Senac ofrece programas que son un referente de calidad y actualizaci\u00f3n constante.&nbsp;<\/p>\n\n\n\n<h2 class=\"wp-block-heading\">Personal docente cualificado\u00a0<\/h2>\n\n\n\n<p>Una de las caracter\u00edsticas distintivas del Senac es su personal docente altamente cualificado. Los instructores son profesionales experimentados que no s\u00f3lo dominan las t\u00e9cnicas de <strong>dise\u00f1o de cejas<\/strong>Pero tambi\u00e9n se comprometen a ofrecer una experiencia de aprendizaje enriquecedora y estimulante.\u00a0<\/p>\n\n\n\n<h2 class=\"wp-block-heading\">Metodolog\u00eda pedag\u00f3gica innovadora\u00a0<\/h2>\n\n\n\n<p>Tanto en la modalidad a distancia como en la presencial, el Senac adopta una metodolog\u00eda docente innovadora que combina de forma equilibrada teor\u00eda y pr\u00e1ctica. Los alumnos tienen la oportunidad de aplicar los conocimientos adquiridos en situaciones de la vida real, lo que garantiza una formaci\u00f3n completa y les prepara para los retos del mercado laboral.&nbsp;<\/p>\n\n\n\n<h2 class=\"wp-block-heading\">Infraestructura moderna y equipos de \u00faltima generaci\u00f3n\u00a0<\/h2>\n\n\n\n<p>En el <strong>dise\u00f1o de cejas<\/strong> En el Senac, los estudiantes tienen acceso a una infraestructura moderna y a equipos de \u00faltima generaci\u00f3n. Esto les permite familiarizarse con las herramientas y t\u00e9cnicas m\u00e1s avanzadas del sector, ganando confianza y capacidad para ofrecer servicios de alta calidad a los clientes.\u00a0<\/p>\n\n\n\n<h2 class=\"wp-block-heading\">Programas ofrecidos por el Senac\u00a0<\/h2>\n\n\n\n<p>Senac ofrece una variedad de <strong>dise\u00f1o de cejas<\/strong>Estos cursos responden a las necesidades de distintos perfiles de estudiantes. Entre los cursos m\u00e1s populares se encuentran:\u00a0<\/p>\n\n\n\n<h2 class=\"wp-block-heading\">Curso t\u00e9cnico de dise\u00f1o de cejas\u00a0<\/h2>\n\n\n\n<p>Ideal para quienes deseen especializarse en el \u00e1rea, el curso t\u00e9cnico en <strong>dise\u00f1o de cejas<\/strong> ofrece una formaci\u00f3n completa, desde los fundamentos b\u00e1sicos hasta las t\u00e9cnicas avanzadas de modelado y visagismo.\u00a0<\/p>\n\n\n\n<h2 class=\"wp-block-heading\">Talleres y seminarios tem\u00e1ticos\u00a0<\/h2>\n\n\n\n<p>Senac tambi\u00e9n organiza talleres y ateliers tem\u00e1ticos para profesionales que deseen mejorar sus conocimientos en \u00e1mbitos espec\u00edficos. <strong>dise\u00f1o de cejas<\/strong>como la micropigmentaci\u00f3n y el dise\u00f1o hiperrealista.\u00a0<\/p>\n\n\n\n<h2 class=\"wp-block-heading\">Cursos de desarrollo profesional\u00a0<\/h2>\n\n\n\n<p>Para quienes ya trabajan en el sector y desean mantenerse al d\u00eda de las tendencias e innovaciones del mercado, Senac ofrece cursos de desarrollo profesional, que abarcan temas como las t\u00e9cnicas avanzadas de correcci\u00f3n y armonizaci\u00f3n facial.&nbsp;<\/p>\n\n\n\n<h2 class=\"wp-block-heading\">Conclusi\u00f3n\u00a0<\/h2>\n\n\n\n<p>Cuando se trata de <strong>dise\u00f1o de cejas<\/strong>Por ello, el Senac destaca como una opci\u00f3n de excelencia, que ofrece programas completos, personal docente cualificado, metodolog\u00eda innovadora e infraestructuras de vanguardia. Si buscas una formaci\u00f3n de calidad que te prepare para los retos del mercado de la belleza, Senac es la elecci\u00f3n correcta.\u00a0<\/p>\n\n\n\n<p><\/p>\n\t\t\t\t\t\t\t\t<\/div>\n\t\t\t\t\t<\/div>\n\t\t<\/div>\n\t\t\t\t\t<\/div>\n\t\t<\/section>\n\t\t\t\t<section class=\"elementor-section elementor-top-section elementor-element elementor-element-6b48075 elementor-section-boxed elementor-section-height-default elementor-section-height-default\" data-id=\"6b48075\" data-element_type=\"section\" data-e-type=\"section\">\n\t\t\t\t\t\t<div class=\"elementor-container elementor-column-gap-default\">\n\t\t\t\t\t<div class=\"elementor-column elementor-col-100 elementor-top-column elementor-element elementor-element-2885b0c\" data-id=\"2885b0c\" data-element_type=\"column\" data-e-type=\"column\">\n\t\t\t<div class=\"elementor-widget-wrap elementor-element-populated\">\n\t\t\t\t\t\t<div class=\"elementor-element elementor-element-1185634 elementor-align-center elementor-widget elementor-widget-button\" data-id=\"1185634\" data-element_type=\"widget\" data-e-type=\"widget\" data-widget_type=\"button.default\">\n\t\t\t\t\t\t\t\t\t\t<a class=\"elementor-button elementor-button-link elementor-size-sm\" href=\"https:\/\/www.sp.senac.br\/cursos-livres\/curso-de-design-de-sobrancelhas-presencial-ead\">\n\t\t\t\t\t\t<span class=\"elementor-button-content-wrapper\">\n\t\t\t\t\t\t\t\t\t<span class=\"elementor-button-text\">Ir al sitio web de Senac<\/span>\n\t\t\t\t\t<\/span>\n\t\t\t\t\t<\/a>\n\t\t\t\t\t\t\t\t<\/div>\n\t\t\t\t\t<\/div>\n\t\t<\/div>\n\t\t\t\t\t<\/div>\n\t\t<\/section>\n\t\t\t\t<\/div>","protected":false},"excerpt":{"rendered":"<p>Se voc\u00ea est\u00e1 em busca do melhor design de sobrancelhas, tanto no formato EAD quanto presencial, o Senac \u00e9 uma escolha que se destaca. Com uma reputa\u00e7\u00e3o consolidada e uma abordagem focada na excel\u00eancia, o Senac oferece programas abrangentes que preparam os profissionais para dominar as t\u00e9cnicas mais recentes e atender \u00e0s demandas do mercado &#8230; <a title=\"El mejor dise\u00f1o de cejas en Senac EAD y en persona\u00a0\" class=\"read-more\" href=\"https:\/\/www.noticiasfire.com.br\/es\/o-melhor-design-de-sobrancelhas-no-senac-ead-e-presencial\/\" aria-label=\"Leer m\u00e1s sobre O Melhor Design de Sobrancelhas no Senac EAD e Presencial\u00a0\">Leer m\u00e1s<\/a><\/p>","protected":false},"author":3,"featured_media":30098,"comment_status":"open","ping_status":"open","sticky":false,"template":"","format":"standard","meta":{"footnotes":""},"categories":[44],"tags":[],"class_list":["post-24168","post","type-post","status-publish","format-standard","has-post-thumbnail","hentry","category-noticias"],"yoast_head":"<!-- This site is optimized with the Yoast SEO plugin v27.4 - https:\/\/yoast.com\/product\/yoast-seo-wordpress\/ -->\n<title>O Melhor Design de Sobrancelhas no Senac EAD e Presencial\u00a0 -<\/title>\n<meta name=\"robots\" content=\"index, follow, max-snippet:-1, max-image-preview:large, max-video-preview:-1\" \/>\n<link rel=\"canonical\" href=\"https:\/\/www.noticiasfire.com.br\/es\/o-melhor-design-de-sobrancelhas-no-senac-ead-e-presencial\/\" \/>\n<meta property=\"og:locale\" content=\"es_MX\" \/>\n<meta property=\"og:type\" content=\"article\" \/>\n<meta property=\"og:title\" content=\"O Melhor Design de Sobrancelhas no Senac EAD e Presencial\u00a0 -\" \/>\n<meta property=\"og:description\" content=\"Se voc\u00ea est\u00e1 em busca do melhor design de sobrancelhas, tanto no formato EAD quanto presencial, o Senac \u00e9 uma escolha que se destaca. Com uma reputa\u00e7\u00e3o consolidada e uma abordagem focada na excel\u00eancia, o Senac oferece programas abrangentes que preparam os profissionais para dominar as t\u00e9cnicas mais recentes e atender \u00e0s demandas do mercado ... Leer m\u00e1s\" \/>\n<meta property=\"og:url\" content=\"https:\/\/www.noticiasfire.com.br\/es\/o-melhor-design-de-sobrancelhas-no-senac-ead-e-presencial\/\" \/>\n<meta property=\"article:published_time\" content=\"2024-02-03T14:14:10+00:00\" \/>\n<meta property=\"og:image\" content=\"https:\/\/www.noticiasfire.com.br\/wp-content\/uploads\/2024\/02\/Design-sem-nome-5_Easy-Resize.com_-2.jpg\" \/>\n\t<meta property=\"og:image:width\" content=\"1280\" \/>\n\t<meta property=\"og:image:height\" content=\"854\" \/>\n\t<meta property=\"og:image:type\" content=\"image\/jpeg\" \/>\n<meta name=\"author\" content=\"Ivan\" \/>\n<meta name=\"twitter:card\" content=\"summary_large_image\" \/>\n<meta name=\"twitter:label1\" content=\"Escrito por\" \/>\n\t<meta name=\"twitter:data1\" content=\"Ivan\" \/>\n\t<meta name=\"twitter:label2\" content=\"Tiempo de lectura\" \/>\n\t<meta name=\"twitter:data2\" content=\"3 minutos\" \/>\n<script type=\"application\/ld+json\" class=\"yoast-schema-graph\">{\"@context\":\"https:\\\/\\\/schema.org\",\"@graph\":[{\"@type\":\"Article\",\"@id\":\"https:\\\/\\\/www.noticiasfire.com.br\\\/o-melhor-design-de-sobrancelhas-no-senac-ead-e-presencial\\\/#article\",\"isPartOf\":{\"@id\":\"https:\\\/\\\/www.noticiasfire.com.br\\\/o-melhor-design-de-sobrancelhas-no-senac-ead-e-presencial\\\/\"},\"author\":{\"name\":\"Ivan\",\"@id\":\"https:\\\/\\\/www.noticiasfire.com.br\\\/#\\\/schema\\\/person\\\/6c064cf8d33f8b38900e936c385f48fd\"},\"headline\":\"O Melhor Design de Sobrancelhas no Senac EAD e Presencial\u00a0\",\"datePublished\":\"2024-02-03T14:14:10+00:00\",\"mainEntityOfPage\":{\"@id\":\"https:\\\/\\\/www.noticiasfire.com.br\\\/o-melhor-design-de-sobrancelhas-no-senac-ead-e-presencial\\\/\"},\"wordCount\":518,\"commentCount\":0,\"publisher\":{\"@id\":\"https:\\\/\\\/www.noticiasfire.com.br\\\/#organization\"},\"image\":{\"@id\":\"https:\\\/\\\/www.noticiasfire.com.br\\\/o-melhor-design-de-sobrancelhas-no-senac-ead-e-presencial\\\/#primaryimage\"},\"thumbnailUrl\":\"https:\\\/\\\/www.noticiasfire.com.br\\\/wp-content\\\/uploads\\\/2024\\\/02\\\/Design-sem-nome-5_Easy-Resize.com_-2.jpg\",\"articleSection\":[\"NOT\u00cdCIAS\"],\"inLanguage\":\"es\",\"potentialAction\":[{\"@type\":\"CommentAction\",\"name\":\"Comment\",\"target\":[\"https:\\\/\\\/www.noticiasfire.com.br\\\/o-melhor-design-de-sobrancelhas-no-senac-ead-e-presencial\\\/#respond\"]}]},{\"@type\":\"WebPage\",\"@id\":\"https:\\\/\\\/www.noticiasfire.com.br\\\/o-melhor-design-de-sobrancelhas-no-senac-ead-e-presencial\\\/\",\"url\":\"https:\\\/\\\/www.noticiasfire.com.br\\\/o-melhor-design-de-sobrancelhas-no-senac-ead-e-presencial\\\/\",\"name\":\"O Melhor Design de Sobrancelhas no Senac EAD e Presencial\u00a0 -\",\"isPartOf\":{\"@id\":\"https:\\\/\\\/www.noticiasfire.com.br\\\/#website\"},\"primaryImageOfPage\":{\"@id\":\"https:\\\/\\\/www.noticiasfire.com.br\\\/o-melhor-design-de-sobrancelhas-no-senac-ead-e-presencial\\\/#primaryimage\"},\"image\":{\"@id\":\"https:\\\/\\\/www.noticiasfire.com.br\\\/o-melhor-design-de-sobrancelhas-no-senac-ead-e-presencial\\\/#primaryimage\"},\"thumbnailUrl\":\"https:\\\/\\\/www.noticiasfire.com.br\\\/wp-content\\\/uploads\\\/2024\\\/02\\\/Design-sem-nome-5_Easy-Resize.com_-2.jpg\",\"datePublished\":\"2024-02-03T14:14:10+00:00\",\"breadcrumb\":{\"@id\":\"https:\\\/\\\/www.noticiasfire.com.br\\\/o-melhor-design-de-sobrancelhas-no-senac-ead-e-presencial\\\/#breadcrumb\"},\"inLanguage\":\"es\",\"potentialAction\":[{\"@type\":\"ReadAction\",\"target\":[\"https:\\\/\\\/www.noticiasfire.com.br\\\/o-melhor-design-de-sobrancelhas-no-senac-ead-e-presencial\\\/\"]}]},{\"@type\":\"ImageObject\",\"inLanguage\":\"es\",\"@id\":\"https:\\\/\\\/www.noticiasfire.com.br\\\/o-melhor-design-de-sobrancelhas-no-senac-ead-e-presencial\\\/#primaryimage\",\"url\":\"https:\\\/\\\/www.noticiasfire.com.br\\\/wp-content\\\/uploads\\\/2024\\\/02\\\/Design-sem-nome-5_Easy-Resize.com_-2.jpg\",\"contentUrl\":\"https:\\\/\\\/www.noticiasfire.com.br\\\/wp-content\\\/uploads\\\/2024\\\/02\\\/Design-sem-nome-5_Easy-Resize.com_-2.jpg\",\"width\":1280,\"height\":854,\"caption\":\"Design de Sobrancelhas no Senac (imagem Google)\"},{\"@type\":\"BreadcrumbList\",\"@id\":\"https:\\\/\\\/www.noticiasfire.com.br\\\/o-melhor-design-de-sobrancelhas-no-senac-ead-e-presencial\\\/#breadcrumb\",\"itemListElement\":[{\"@type\":\"ListItem\",\"position\":1,\"name\":\"In\u00edcio\",\"item\":\"https:\\\/\\\/www.noticiasfire.com.br\\\/\"},{\"@type\":\"ListItem\",\"position\":2,\"name\":\"O Melhor Design de Sobrancelhas no Senac EAD e Presencial\u00a0\"}]},{\"@type\":\"WebSite\",\"@id\":\"https:\\\/\\\/www.noticiasfire.com.br\\\/#website\",\"url\":\"https:\\\/\\\/www.noticiasfire.com.br\\\/\",\"name\":\"NoticiasFire\",\"description\":\"\",\"publisher\":{\"@id\":\"https:\\\/\\\/www.noticiasfire.com.br\\\/#organization\"},\"potentialAction\":[{\"@type\":\"SearchAction\",\"target\":{\"@type\":\"EntryPoint\",\"urlTemplate\":\"https:\\\/\\\/www.noticiasfire.com.br\\\/?s={search_term_string}\"},\"query-input\":{\"@type\":\"PropertyValueSpecification\",\"valueRequired\":true,\"valueName\":\"search_term_string\"}}],\"inLanguage\":\"es\"},{\"@type\":\"Organization\",\"@id\":\"https:\\\/\\\/www.noticiasfire.com.br\\\/#organization\",\"name\":\"NoticiasFire\",\"url\":\"https:\\\/\\\/www.noticiasfire.com.br\\\/\",\"logo\":{\"@type\":\"ImageObject\",\"inLanguage\":\"es\",\"@id\":\"https:\\\/\\\/www.noticiasfire.com.br\\\/#\\\/schema\\\/logo\\\/image\\\/\",\"url\":\"https:\\\/\\\/www.noticiasfire.com.br\\\/wp-content\\\/uploads\\\/2025\\\/08\\\/cropped-Captura_de_Tela_2025-08-13_as_20.34.29__1_-removebg-preview.png\",\"contentUrl\":\"https:\\\/\\\/www.noticiasfire.com.br\\\/wp-content\\\/uploads\\\/2025\\\/08\\\/cropped-Captura_de_Tela_2025-08-13_as_20.34.29__1_-removebg-preview.png\",\"width\":748,\"height\":286,\"caption\":\"NoticiasFire\"},\"image\":{\"@id\":\"https:\\\/\\\/www.noticiasfire.com.br\\\/#\\\/schema\\\/logo\\\/image\\\/\"}},{\"@type\":\"Person\",\"@id\":\"https:\\\/\\\/www.noticiasfire.com.br\\\/#\\\/schema\\\/person\\\/6c064cf8d33f8b38900e936c385f48fd\",\"name\":\"Ivan\",\"image\":{\"@type\":\"ImageObject\",\"inLanguage\":\"es\",\"@id\":\"https:\\\/\\\/secure.gravatar.com\\\/avatar\\\/18077698a88c2ad528c924a301adab662f075719c95fb1dec6f0b51902ebf647?s=96&d=mm&r=g\",\"url\":\"https:\\\/\\\/secure.gravatar.com\\\/avatar\\\/18077698a88c2ad528c924a301adab662f075719c95fb1dec6f0b51902ebf647?s=96&d=mm&r=g\",\"contentUrl\":\"https:\\\/\\\/secure.gravatar.com\\\/avatar\\\/18077698a88c2ad528c924a301adab662f075719c95fb1dec6f0b51902ebf647?s=96&d=mm&r=g\",\"caption\":\"Ivan\"},\"url\":\"https:\\\/\\\/www.noticiasfire.com.br\\\/es\\\/author\\\/ivan\\\/\"}]}<\/script>\n<!-- \/ Yoast SEO plugin. -->","yoast_head_json":{"title":"O Melhor Design de Sobrancelhas no Senac EAD e Presencial\u00a0 -","robots":{"index":"index","follow":"follow","max-snippet":"max-snippet:-1","max-image-preview":"max-image-preview:large","max-video-preview":"max-video-preview:-1"},"canonical":"https:\/\/www.noticiasfire.com.br\/es\/o-melhor-design-de-sobrancelhas-no-senac-ead-e-presencial\/","og_locale":"es_MX","og_type":"article","og_title":"O Melhor Design de Sobrancelhas no Senac EAD e Presencial\u00a0 -","og_description":"Se voc\u00ea est\u00e1 em busca do melhor design de sobrancelhas, tanto no formato EAD quanto presencial, o Senac \u00e9 uma escolha que se destaca. Com uma reputa\u00e7\u00e3o consolidada e uma abordagem focada na excel\u00eancia, o Senac oferece programas abrangentes que preparam os profissionais para dominar as t\u00e9cnicas mais recentes e atender \u00e0s demandas do mercado ... Leer m\u00e1s","og_url":"https:\/\/www.noticiasfire.com.br\/es\/o-melhor-design-de-sobrancelhas-no-senac-ead-e-presencial\/","article_published_time":"2024-02-03T14:14:10+00:00","og_image":[{"width":1280,"height":854,"url":"https:\/\/www.noticiasfire.com.br\/wp-content\/uploads\/2024\/02\/Design-sem-nome-5_Easy-Resize.com_-2.jpg","type":"image\/jpeg"}],"author":"Ivan","twitter_card":"summary_large_image","twitter_misc":{"Escrito por":"Ivan","Tiempo de lectura":"3 minutos"},"schema":{"@context":"https:\/\/schema.org","@graph":[{"@type":"Article","@id":"https:\/\/www.noticiasfire.com.br\/o-melhor-design-de-sobrancelhas-no-senac-ead-e-presencial\/#article","isPartOf":{"@id":"https:\/\/www.noticiasfire.com.br\/o-melhor-design-de-sobrancelhas-no-senac-ead-e-presencial\/"},"author":{"name":"Ivan","@id":"https:\/\/www.noticiasfire.com.br\/#\/schema\/person\/6c064cf8d33f8b38900e936c385f48fd"},"headline":"O Melhor Design de Sobrancelhas no Senac EAD e Presencial\u00a0","datePublished":"2024-02-03T14:14:10+00:00","mainEntityOfPage":{"@id":"https:\/\/www.noticiasfire.com.br\/o-melhor-design-de-sobrancelhas-no-senac-ead-e-presencial\/"},"wordCount":518,"commentCount":0,"publisher":{"@id":"https:\/\/www.noticiasfire.com.br\/#organization"},"image":{"@id":"https:\/\/www.noticiasfire.com.br\/o-melhor-design-de-sobrancelhas-no-senac-ead-e-presencial\/#primaryimage"},"thumbnailUrl":"https:\/\/www.noticiasfire.com.br\/wp-content\/uploads\/2024\/02\/Design-sem-nome-5_Easy-Resize.com_-2.jpg","articleSection":["NOT\u00cdCIAS"],"inLanguage":"es","potentialAction":[{"@type":"CommentAction","name":"Comment","target":["https:\/\/www.noticiasfire.com.br\/o-melhor-design-de-sobrancelhas-no-senac-ead-e-presencial\/#respond"]}]},{"@type":"WebPage","@id":"https:\/\/www.noticiasfire.com.br\/o-melhor-design-de-sobrancelhas-no-senac-ead-e-presencial\/","url":"https:\/\/www.noticiasfire.com.br\/o-melhor-design-de-sobrancelhas-no-senac-ead-e-presencial\/","name":"O Melhor Design de Sobrancelhas no Senac EAD e Presencial\u00a0 -","isPartOf":{"@id":"https:\/\/www.noticiasfire.com.br\/#website"},"primaryImageOfPage":{"@id":"https:\/\/www.noticiasfire.com.br\/o-melhor-design-de-sobrancelhas-no-senac-ead-e-presencial\/#primaryimage"},"image":{"@id":"https:\/\/www.noticiasfire.com.br\/o-melhor-design-de-sobrancelhas-no-senac-ead-e-presencial\/#primaryimage"},"thumbnailUrl":"https:\/\/www.noticiasfire.com.br\/wp-content\/uploads\/2024\/02\/Design-sem-nome-5_Easy-Resize.com_-2.jpg","datePublished":"2024-02-03T14:14:10+00:00","breadcrumb":{"@id":"https:\/\/www.noticiasfire.com.br\/o-melhor-design-de-sobrancelhas-no-senac-ead-e-presencial\/#breadcrumb"},"inLanguage":"es","potentialAction":[{"@type":"ReadAction","target":["https:\/\/www.noticiasfire.com.br\/o-melhor-design-de-sobrancelhas-no-senac-ead-e-presencial\/"]}]},{"@type":"ImageObject","inLanguage":"es","@id":"https:\/\/www.noticiasfire.com.br\/o-melhor-design-de-sobrancelhas-no-senac-ead-e-presencial\/#primaryimage","url":"https:\/\/www.noticiasfire.com.br\/wp-content\/uploads\/2024\/02\/Design-sem-nome-5_Easy-Resize.com_-2.jpg","contentUrl":"https:\/\/www.noticiasfire.com.br\/wp-content\/uploads\/2024\/02\/Design-sem-nome-5_Easy-Resize.com_-2.jpg","width":1280,"height":854,"caption":"Design de Sobrancelhas no Senac (imagem Google)"},{"@type":"BreadcrumbList","@id":"https:\/\/www.noticiasfire.com.br\/o-melhor-design-de-sobrancelhas-no-senac-ead-e-presencial\/#breadcrumb","itemListElement":[{"@type":"ListItem","position":1,"name":"In\u00edcio","item":"https:\/\/www.noticiasfire.com.br\/"},{"@type":"ListItem","position":2,"name":"O Melhor Design de Sobrancelhas no Senac EAD e Presencial\u00a0"}]},{"@type":"WebSite","@id":"https:\/\/www.noticiasfire.com.br\/#website","url":"https:\/\/www.noticiasfire.com.br\/","name":"NoticiasFire","description":"","publisher":{"@id":"https:\/\/www.noticiasfire.com.br\/#organization"},"potentialAction":[{"@type":"SearchAction","target":{"@type":"EntryPoint","urlTemplate":"https:\/\/www.noticiasfire.com.br\/?s={search_term_string}"},"query-input":{"@type":"PropertyValueSpecification","valueRequired":true,"valueName":"search_term_string"}}],"inLanguage":"es"},{"@type":"Organization","@id":"https:\/\/www.noticiasfire.com.br\/#organization","name":"NoticiasFire","url":"https:\/\/www.noticiasfire.com.br\/","logo":{"@type":"ImageObject","inLanguage":"es","@id":"https:\/\/www.noticiasfire.com.br\/#\/schema\/logo\/image\/","url":"https:\/\/www.noticiasfire.com.br\/wp-content\/uploads\/2025\/08\/cropped-Captura_de_Tela_2025-08-13_as_20.34.29__1_-removebg-preview.png","contentUrl":"https:\/\/www.noticiasfire.com.br\/wp-content\/uploads\/2025\/08\/cropped-Captura_de_Tela_2025-08-13_as_20.34.29__1_-removebg-preview.png","width":748,"height":286,"caption":"NoticiasFire"},"image":{"@id":"https:\/\/www.noticiasfire.com.br\/#\/schema\/logo\/image\/"}},{"@type":"Person","@id":"https:\/\/www.noticiasfire.com.br\/#\/schema\/person\/6c064cf8d33f8b38900e936c385f48fd","name":"Ivan","image":{"@type":"ImageObject","inLanguage":"es","@id":"https:\/\/secure.gravatar.com\/avatar\/18077698a88c2ad528c924a301adab662f075719c95fb1dec6f0b51902ebf647?s=96&d=mm&r=g","url":"https:\/\/secure.gravatar.com\/avatar\/18077698a88c2ad528c924a301adab662f075719c95fb1dec6f0b51902ebf647?s=96&d=mm&r=g","contentUrl":"https:\/\/secure.gravatar.com\/avatar\/18077698a88c2ad528c924a301adab662f075719c95fb1dec6f0b51902ebf647?s=96&d=mm&r=g","caption":"Ivan"},"url":"https:\/\/www.noticiasfire.com.br\/es\/author\/ivan\/"}]}},"_links":{"self":[{"href":"https:\/\/www.noticiasfire.com.br\/es\/wp-json\/wp\/v2\/posts\/24168","targetHints":{"allow":["GET"]}}],"collection":[{"href":"https:\/\/www.noticiasfire.com.br\/es\/wp-json\/wp\/v2\/posts"}],"about":[{"href":"https:\/\/www.noticiasfire.com.br\/es\/wp-json\/wp\/v2\/types\/post"}],"author":[{"embeddable":true,"href":"https:\/\/www.noticiasfire.com.br\/es\/wp-json\/wp\/v2\/users\/3"}],"replies":[{"embeddable":true,"href":"https:\/\/www.noticiasfire.com.br\/es\/wp-json\/wp\/v2\/comments?post=24168"}],"version-history":[{"count":0,"href":"https:\/\/www.noticiasfire.com.br\/es\/wp-json\/wp\/v2\/posts\/24168\/revisions"}],"wp:featuredmedia":[{"embeddable":true,"href":"https:\/\/www.noticiasfire.com.br\/es\/wp-json\/wp\/v2\/media\/30098"}],"wp:attachment":[{"href":"https:\/\/www.noticiasfire.com.br\/es\/wp-json\/wp\/v2\/media?parent=24168"}],"wp:term":[{"taxonomy":"category","embeddable":true,"href":"https:\/\/www.noticiasfire.com.br\/es\/wp-json\/wp\/v2\/categories?post=24168"},{"taxonomy":"post_tag","embeddable":true,"href":"https:\/\/www.noticiasfire.com.br\/es\/wp-json\/wp\/v2\/tags?post=24168"}],"curies":[{"name":"wp","href":"https:\/\/api.w.org\/{rel}","templated":true}]}}