{"id":24615,"date":"2024-02-07T15:26:59","date_gmt":"2024-02-07T18:26:59","guid":{"rendered":"https:\/\/www.noticiasfire.com.br\/?p=24615"},"modified":"2024-02-07T15:26:59","modified_gmt":"2024-02-07T18:26:59","slug":"kit-antena-digital-saiba-como-adquirir-esse-beneficio","status":"publish","type":"post","link":"https:\/\/www.noticiasfire.com.br\/es\/kit-antena-digital-saiba-como-adquirir-esse-beneficio\/","title":{"rendered":"Kit de antena digital - Descubra c\u00f3mo obtener esta ventaja\u00a0"},"content":{"rendered":"<div data-elementor-type=\"wp-post\" data-elementor-id=\"24615\" class=\"elementor elementor-24615\" data-elementor-post-type=\"post\">\n\t\t\t\t\t\t<section class=\"elementor-section elementor-top-section elementor-element elementor-element-cbbe224 elementor-section-boxed elementor-section-height-default elementor-section-height-default\" data-id=\"cbbe224\" data-element_type=\"section\" data-e-type=\"section\">\n\t\t\t\t\t\t<div class=\"elementor-container elementor-column-gap-default\">\n\t\t\t\t\t<div class=\"elementor-column elementor-col-100 elementor-top-column elementor-element elementor-element-1b13a0d\" data-id=\"1b13a0d\" data-element_type=\"column\" data-e-type=\"column\">\n\t\t\t<div class=\"elementor-widget-wrap elementor-element-populated\">\n\t\t\t\t\t\t<div class=\"elementor-element elementor-element-bbb87a1 elementor-widget elementor-widget-text-editor\" data-id=\"bbb87a1\" data-element_type=\"widget\" data-e-type=\"widget\" data-widget_type=\"text-editor.default\">\n\t\t\t\t\t\t\t\t\t<p>O\u00a0<strong>Kit Antena Digital<\/strong>\u00a0\u00e9 uma iniciativa criada pelo governo brasileiro com o intuito de garantir o acesso ao sinal de televis\u00e3o digital para fam\u00edlias de baixa renda. No final do post voc\u00ea encontrar\u00e1 um bot\u00e3o com link para o programa do governo.<\/p>\n<p>Lan\u00e7ado em 2014, o programa visa fomentar a inclus\u00e3o social dessas fam\u00edlias, garantindo-lhes acesso a um servi\u00e7o b\u00e1sico e vital para a qualidade de vida.\u00a0<\/p>\n<p>O kit \u00e9 composto por uma antena digital e um conversor de sinal, os quais possibilitam a capta\u00e7\u00e3o do sinal de televis\u00e3o digital e a visualiza\u00e7\u00e3o dos canais sem a necessidade de TV por assinatura.\u00a0<\/p>\n<p>Distribui-se gratuitamente \u00e0s fam\u00edlias que preenchem os crit\u00e9rios de elegibilidade e se cadastram no programa.\u00a0<\/p>\n<p>Destinado a fam\u00edlias de baixa renda desprovidas de acesso ao sinal de televis\u00e3o digital e interessadas em desfrutar de conte\u00fados de qualidade sem custo adicional de um plano de TV por assinatura, o programa possui um car\u00e1ter social e visa promover a inclus\u00e3o e garantir o acesso a um servi\u00e7o b\u00e1sico e essencial para a qualidade de vida.\u00a0<\/p>\t\t\t\t\t\t\t\t<\/div>\n\t\t\t\t\t<\/div>\n\t\t<\/div>\n\t\t\t\t\t<\/div>\n\t\t<\/section>\n\t\t\t\t<section class=\"elementor-section elementor-top-section elementor-element elementor-element-3a47503 elementor-section-boxed elementor-section-height-default elementor-section-height-default\" data-id=\"3a47503\" data-element_type=\"section\" data-e-type=\"section\">\n\t\t\t\t\t\t<div class=\"elementor-container elementor-column-gap-default\">\n\t\t\t\t\t<div class=\"elementor-column elementor-col-100 elementor-top-column elementor-element elementor-element-e7ed0ac\" data-id=\"e7ed0ac\" data-element_type=\"column\" data-e-type=\"column\">\n\t\t\t<div class=\"elementor-widget-wrap elementor-element-populated\">\n\t\t\t\t\t\t<div class=\"elementor-element elementor-element-68c945d elementor-widget elementor-widget-heading\" data-id=\"68c945d\" data-element_type=\"widget\" data-e-type=\"widget\" data-widget_type=\"heading.default\">\n\t\t\t\t\t<h2 class=\"elementor-heading-title elementor-size-default\">Voc\u00ea tamb\u00e9m pode ter Direito a Esses Benef\u00edcios!<\/h2>\t\t\t\t<\/div>\n\t\t\t\t\t<\/div>\n\t\t<\/div>\n\t\t\t\t\t<\/div>\n\t\t<\/section>\n\t\t\t\t<section class=\"elementor-section elementor-top-section elementor-element elementor-element-edb517c elementor-section-boxed elementor-section-height-default elementor-section-height-default\" data-id=\"edb517c\" data-element_type=\"section\" data-e-type=\"section\">\n\t\t\t\t\t\t<div class=\"elementor-container elementor-column-gap-default\">\n\t\t\t\t\t<div class=\"elementor-column elementor-col-100 elementor-top-column elementor-element elementor-element-820f026\" data-id=\"820f026\" data-element_type=\"column\" data-e-type=\"column\">\n\t\t\t<div class=\"elementor-widget-wrap elementor-element-populated\">\n\t\t\t\t\t\t<div class=\"elementor-element elementor-element-45dfd5b elementor-align-center elementor-widget elementor-widget-button\" data-id=\"45dfd5b\" data-element_type=\"widget\" data-e-type=\"widget\" data-widget_type=\"button.default\">\n\t\t\t\t\t\t\t\t\t\t<a class=\"elementor-button elementor-button-link elementor-size-sm\" href=\"https:\/\/www.noticiasfire.com.br\/es\/informacoes-sobre-o-programa-de-aluguel-social-do-governo-federal\/\">\n\t\t\t\t\t\t<span class=\"elementor-button-content-wrapper\">\n\t\t\t\t\t\t\t\t\t<span class=\"elementor-button-text\">AUX\u00cdLIO ALUGUEL GR\u00c1TIS<\/span>\n\t\t\t\t\t<\/span>\n\t\t\t\t\t<\/a>\n\t\t\t\t\t\t\t\t<\/div>\n\t\t\t\t\t<\/div>\n\t\t<\/div>\n\t\t\t\t\t<\/div>\n\t\t<\/section>\n\t\t\t\t<section class=\"elementor-section elementor-top-section elementor-element elementor-element-8865389 elementor-section-boxed elementor-section-height-default elementor-section-height-default\" data-id=\"8865389\" data-element_type=\"section\" data-e-type=\"section\">\n\t\t\t\t\t\t<div class=\"elementor-container elementor-column-gap-default\">\n\t\t\t\t\t<div class=\"elementor-column elementor-col-100 elementor-top-column elementor-element elementor-element-91058ef\" data-id=\"91058ef\" data-element_type=\"column\" data-e-type=\"column\">\n\t\t\t<div class=\"elementor-widget-wrap elementor-element-populated\">\n\t\t\t\t\t\t<div class=\"elementor-element elementor-element-74e528e elementor-align-center elementor-widget elementor-widget-button\" data-id=\"74e528e\" data-element_type=\"widget\" data-e-type=\"widget\" data-widget_type=\"button.default\">\n\t\t\t\t\t\t\t\t\t\t<a class=\"elementor-button elementor-button-link elementor-size-sm\" href=\"https:\/\/www.noticiasfire.com.br\/es\/o-novo-bolsa-familia-em-2024-regras-e-beneficios\/\">\n\t\t\t\t\t\t<span class=\"elementor-button-content-wrapper\">\n\t\t\t\t\t\t\t\t\t<span class=\"elementor-button-text\">AUX\u00cdLIO BRASIL: R$ 600 POR M\u00caS<\/span>\n\t\t\t\t\t<\/span>\n\t\t\t\t\t<\/a>\n\t\t\t\t\t\t\t\t<\/div>\n\t\t\t\t\t<\/div>\n\t\t<\/div>\n\t\t\t\t\t<\/div>\n\t\t<\/section>\n\t\t\t\t<section class=\"elementor-section elementor-top-section elementor-element elementor-element-ef657d3 elementor-section-boxed elementor-section-height-default elementor-section-height-default\" data-id=\"ef657d3\" data-element_type=\"section\" data-e-type=\"section\">\n\t\t\t\t\t\t<div class=\"elementor-container elementor-column-gap-default\">\n\t\t\t\t\t<div class=\"elementor-column elementor-col-100 elementor-top-column elementor-element elementor-element-f1ca9e7\" data-id=\"f1ca9e7\" data-element_type=\"column\" data-e-type=\"column\">\n\t\t\t<div class=\"elementor-widget-wrap elementor-element-populated\">\n\t\t\t\t\t\t<div class=\"elementor-element elementor-element-d21ef5c elementor-align-center elementor-widget elementor-widget-button\" data-id=\"d21ef5c\" data-element_type=\"widget\" data-e-type=\"widget\" data-widget_type=\"button.default\">\n\t\t\t\t\t\t\t\t\t\t<a class=\"elementor-button elementor-button-link elementor-size-sm\" href=\"https:\/\/www.noticiasfire.com.br\/es\/como-obter-desconto-na-conta-de-luz-com-a-tarifa-social-2024\/\">\n\t\t\t\t\t\t<span class=\"elementor-button-content-wrapper\">\n\t\t\t\t\t\t\t\t\t<span class=\"elementor-button-text\">TARIFA  SOCIAL: DESCONTO DA LUZ<\/span>\n\t\t\t\t\t<\/span>\n\t\t\t\t\t<\/a>\n\t\t\t\t\t\t\t\t<\/div>\n\t\t\t\t\t<\/div>\n\t\t<\/div>\n\t\t\t\t\t<\/div>\n\t\t<\/section>\n\t\t\t\t<section class=\"elementor-section elementor-top-section elementor-element elementor-element-4a667e34 elementor-section-boxed elementor-section-height-default elementor-section-height-default\" data-id=\"4a667e34\" data-element_type=\"section\" data-e-type=\"section\">\n\t\t\t\t\t\t<div class=\"elementor-container elementor-column-gap-default\">\n\t\t\t\t\t<div class=\"elementor-column elementor-col-100 elementor-top-column elementor-element elementor-element-3c1b0e40\" data-id=\"3c1b0e40\" data-element_type=\"column\" data-e-type=\"column\">\n\t\t\t<div class=\"elementor-widget-wrap elementor-element-populated\">\n\t\t\t\t\t\t<div class=\"elementor-element elementor-element-75019b58 elementor-widget elementor-widget-text-editor\" data-id=\"75019b58\" data-element_type=\"widget\" data-e-type=\"widget\" data-widget_type=\"text-editor.default\">\n\t\t\t\t\t\t\t\t\t<p><\/p>\n<p><\/p>\n<h2>Como solicitar o Kit Antena Digital?&nbsp;<\/h2>\n<p><\/p>\n<h3>Para solicitar o Kit Antena Digital, \u00e9 necess\u00e1rio seguir os procedimentos abaixo:&nbsp;<\/h3>\n<p><\/p>\n<p>Verificar se atende aos crit\u00e9rios de elegibilidade estabelecidos pelo governo: Para ser eleg\u00edvel ao kit, \u00e9 necess\u00e1rio se cadastrar no Cadastro \u00danico para Programas Sociais do Governo Federal (Cad\u00danico) e comprovar que a renda familiar per capita (por pessoa) \u00e9 de at\u00e9 meio sal\u00e1rio m\u00ednimo ou que a renda familiar total \u00e9 de at\u00e9 tr\u00eas sal\u00e1rios m\u00ednimos.&nbsp;<\/p>\n<p>Al\u00e9m disso, \u00e9 fundamental cumprir outros crit\u00e9rios, como n\u00e3o possuir im\u00f3vel pr\u00f3prio ou n\u00e3o ser titular de benef\u00edcio previdenci\u00e1rio.&nbsp;<\/p>\n<p><\/p>\n<p>Procurar a entidade respons\u00e1vel pelo cadastramento: Deve-se buscar a ag\u00eancia respons\u00e1vel pelo cadastramento no Kit Antena Digital, como a Prefeitura Municipal ou o Centro de Refer\u00eancia de Assist\u00eancia Social (CRAS), e seguir as orienta\u00e7\u00f5es para aderir ao programa.&nbsp;<\/p>\n<p><\/p>\n<p>Apresentar os documentos necess\u00e1rios: \u00c9 imprescind\u00edvel fornecer os documentos exigidos pela ag\u00eancia, como o Cad\u00danico e o comprovante de resid\u00eancia, para efetuar o cadastro.&nbsp;<\/p>\n<p><\/p>\n<p>Acompanhar o processo de cadastro: \u00c9 importante permanecer atento ao progresso do cadastro e \u00e0s informa\u00e7\u00f5es adicionais que possam ser solicitadas pela ag\u00eancia.&nbsp;<\/p>\n<p><\/p>\n<h2>O que \u00e9 e como se inscrever no Cad\u00danico?&nbsp;<\/h2>\n<p><\/p>\n<p>Como mencionado anteriormente, \u00e9 obrigat\u00f3rio possuir o Cad\u00danico. O Cadastro \u00danico para Programas Sociais do Governo Federal (Cad\u00danico) \u00e9 um registro que cont\u00e9m informa\u00e7\u00f5es sobre a renda e a composi\u00e7\u00e3o familiar de pessoas e fam\u00edlias que possam ser eleg\u00edveis para receber benef\u00edcios sociais do governo.&nbsp;<\/p>\n<p><\/p>\n<p>O Cadastro \u00danico (Cad\u00danico) \u00e9 empregado como refer\u00eancia para o acesso a programas como o Bolsa Fam\u00edlia, o Minha Casa Minha Vida e o Programa de Tarifa Social de Energia El\u00e9trica.&nbsp;<\/p>\n<p><\/p>\n<p>Para se inscrever no Cad\u00danico, \u00e9 necess\u00e1rio procurar uma ag\u00eancia do governo respons\u00e1vel pelo cadastramento, como a Prefeitura Municipal, o Instituto Nacional do Seguro Social (INSS) ou o Centro de Refer\u00eancia de Assist\u00eancia Social (CRAS). Geralmente, \u00e9 necess\u00e1rio apresentar os seguintes documentos:&nbsp;<\/p>\n<p><\/p>\n<h2>Segue a lista de documentos necess\u00e1rios para o cadastro:&nbsp;<\/h2>\n<p><\/p>\n<p>Documento de identidade (RG, CNH, carteira de trabalho, entre outros).&nbsp;<\/p>\n<p><\/p>\n<p>CPF.&nbsp;<\/p>\n<p><\/p>\n<p>Comprovante de resid\u00eancia (conta de \u00e1gua, luz, telefone, entre outros).&nbsp;<\/p>\n<p><\/p>\n<p>Comprovante de renda (se dispon\u00edvel).&nbsp;<\/p>\n<p><\/p>\n<p>Comprovante de trabalho (se aplic\u00e1vel).&nbsp;<\/p>\n<p><\/p>\n<p>Certid\u00e3o de nascimento ou casamento (para comprovar o v\u00ednculo familiar).&nbsp;<\/p>\n<p><\/p>\n<h2>Conclusi\u00f3n&nbsp;<\/h2>\n<p><\/p>\n<p>Este programa tem contribu\u00eddo para garantir que in\u00fameras fam\u00edlias tenham acesso a conte\u00fados de qualidade sem a necessidade de pagar por TV por assinatura ou antenas mais dispendiosas. Portanto, se voc\u00ea tem direito e ainda n\u00e3o fez a solicita\u00e7\u00e3o, n\u00e3o deixe de aproveitar esta oportunidade!&nbsp;<\/p>\n<p><\/p>\n<p>\u00c9 fundamental ressaltar que o Kit Antena Digital \u00e9 um programa de cunho social e que as condi\u00e7\u00f5es de elegibilidade podem ser modificadas pelo governo a qualquer momento. Assim sendo, \u00e9 aconselh\u00e1vel ficar atento \u00e0s informa\u00e7\u00f5es oficiais e aos prazos de inscri\u00e7\u00e3o para n\u00e3o perder a chance de aderir ao programa.&nbsp;<\/p>\n<p><\/p>\t\t\t\t\t\t\t\t<\/div>\n\t\t\t\t\t<\/div>\n\t\t<\/div>\n\t\t\t\t\t<\/div>\n\t\t<\/section>\n\t\t\t\t<section class=\"elementor-section elementor-top-section elementor-element elementor-element-79e4aa7 elementor-section-boxed elementor-section-height-default elementor-section-height-default\" data-id=\"79e4aa7\" data-element_type=\"section\" data-e-type=\"section\">\n\t\t\t\t\t\t<div class=\"elementor-container elementor-column-gap-default\">\n\t\t\t\t\t<div class=\"elementor-column elementor-col-100 elementor-top-column elementor-element elementor-element-5377462\" data-id=\"5377462\" data-element_type=\"column\" data-e-type=\"column\">\n\t\t\t<div class=\"elementor-widget-wrap elementor-element-populated\">\n\t\t\t\t\t\t<div class=\"elementor-element elementor-element-c25598c elementor-align-center elementor-widget elementor-widget-button\" data-id=\"c25598c\" data-element_type=\"widget\" data-e-type=\"widget\" data-widget_type=\"button.default\">\n\t\t\t\t\t\t\t\t\t\t<a class=\"elementor-button elementor-button-link elementor-size-sm\" href=\"https:\/\/sigaantenado.com.br\/\">\n\t\t\t\t\t\t<span class=\"elementor-button-content-wrapper\">\n\t\t\t\t\t\t\t\t\t<span class=\"elementor-button-text\">RECEBER ANTENA DIGITAL<\/span>\n\t\t\t\t\t<\/span>\n\t\t\t\t\t<\/a>\n\t\t\t\t\t\t\t\t<\/div>\n\t\t\t\t\t<\/div>\n\t\t<\/div>\n\t\t\t\t\t<\/div>\n\t\t<\/section>\n\t\t\t\t<\/div>","protected":false},"excerpt":{"rendered":"<p>O\u00a0Kit Antena Digital\u00a0\u00e9 uma iniciativa criada pelo governo brasileiro com o intuito de garantir o acesso ao sinal de televis\u00e3o digital para fam\u00edlias de baixa renda. No final do post voc\u00ea encontrar\u00e1 um bot\u00e3o com link para o programa do governo. Lan\u00e7ado em 2014, o programa visa fomentar a inclus\u00e3o social dessas fam\u00edlias, garantindo-lhes acesso &#8230; <a title=\"Kit de antena digital - Descubra c\u00f3mo obtener esta ventaja\u00a0\" class=\"read-more\" href=\"https:\/\/www.noticiasfire.com.br\/es\/kit-antena-digital-saiba-como-adquirir-esse-beneficio\/\" aria-label=\"Leer m\u00e1s sobre Kit Antena Digital \u2013 Saiba como adquirir esse benef\u00edcio\u00a0\">Leer m\u00e1s<\/a><\/p>","protected":false},"author":3,"featured_media":30100,"comment_status":"open","ping_status":"open","sticky":false,"template":"","format":"standard","meta":{"footnotes":""},"categories":[44],"tags":[],"class_list":["post-24615","post","type-post","status-publish","format-standard","has-post-thumbnail","hentry","category-noticias"],"yoast_head":"<!-- This site is optimized with the Yoast SEO plugin v27.4 - https:\/\/yoast.com\/product\/yoast-seo-wordpress\/ -->\n<title>Kit Antena Digital \u2013 Saiba como adquirir esse benef\u00edcio\u00a0 -<\/title>\n<meta name=\"robots\" content=\"index, follow, max-snippet:-1, max-image-preview:large, max-video-preview:-1\" \/>\n<link rel=\"canonical\" href=\"https:\/\/www.noticiasfire.com.br\/es\/kit-antena-digital-saiba-como-adquirir-esse-beneficio\/\" \/>\n<meta property=\"og:locale\" content=\"es_MX\" \/>\n<meta property=\"og:type\" content=\"article\" \/>\n<meta property=\"og:title\" content=\"Kit Antena Digital \u2013 Saiba como adquirir esse benef\u00edcio\u00a0 -\" \/>\n<meta property=\"og:description\" content=\"O\u00a0Kit Antena Digital\u00a0\u00e9 uma iniciativa criada pelo governo brasileiro com o intuito de garantir o acesso ao sinal de televis\u00e3o digital para fam\u00edlias de baixa renda. No final do post voc\u00ea encontrar\u00e1 um bot\u00e3o com link para o programa do governo. Lan\u00e7ado em 2014, o programa visa fomentar a inclus\u00e3o social dessas fam\u00edlias, garantindo-lhes acesso ... Leer m\u00e1s\" \/>\n<meta property=\"og:url\" content=\"https:\/\/www.noticiasfire.com.br\/es\/kit-antena-digital-saiba-como-adquirir-esse-beneficio\/\" \/>\n<meta property=\"article:published_time\" content=\"2024-02-07T18:26:59+00:00\" \/>\n<meta property=\"og:image\" content=\"https:\/\/www.noticiasfire.com.br\/wp-content\/uploads\/2024\/02\/noticiasconcursos.com_.br-cadunico-libera-novo-kit-antena-digital-saiba-com-obter-o-equipamento-cadunico-kit-antena-digital-1024x517_Easy-Resize.com-1-2.jpg\" \/>\n\t<meta property=\"og:image:width\" content=\"1280\" \/>\n\t<meta property=\"og:image:height\" content=\"646\" \/>\n\t<meta property=\"og:image:type\" content=\"image\/jpeg\" \/>\n<meta name=\"author\" content=\"Ivan\" \/>\n<meta name=\"twitter:card\" content=\"summary_large_image\" \/>\n<meta name=\"twitter:label1\" content=\"Escrito por\" \/>\n\t<meta name=\"twitter:data1\" content=\"Ivan\" \/>\n\t<meta name=\"twitter:label2\" content=\"Tiempo de lectura\" \/>\n\t<meta name=\"twitter:data2\" content=\"4 minutos\" \/>\n<script type=\"application\/ld+json\" class=\"yoast-schema-graph\">{\"@context\":\"https:\\\/\\\/schema.org\",\"@graph\":[{\"@type\":\"Article\",\"@id\":\"https:\\\/\\\/www.noticiasfire.com.br\\\/kit-antena-digital-saiba-como-adquirir-esse-beneficio\\\/#article\",\"isPartOf\":{\"@id\":\"https:\\\/\\\/www.noticiasfire.com.br\\\/kit-antena-digital-saiba-como-adquirir-esse-beneficio\\\/\"},\"author\":{\"name\":\"Ivan\",\"@id\":\"https:\\\/\\\/www.noticiasfire.com.br\\\/#\\\/schema\\\/person\\\/6c064cf8d33f8b38900e936c385f48fd\"},\"headline\":\"Kit Antena Digital \u2013 Saiba como adquirir esse benef\u00edcio\u00a0\",\"datePublished\":\"2024-02-07T18:26:59+00:00\",\"mainEntityOfPage\":{\"@id\":\"https:\\\/\\\/www.noticiasfire.com.br\\\/kit-antena-digital-saiba-como-adquirir-esse-beneficio\\\/\"},\"wordCount\":761,\"commentCount\":0,\"publisher\":{\"@id\":\"https:\\\/\\\/www.noticiasfire.com.br\\\/#organization\"},\"image\":{\"@id\":\"https:\\\/\\\/www.noticiasfire.com.br\\\/kit-antena-digital-saiba-como-adquirir-esse-beneficio\\\/#primaryimage\"},\"thumbnailUrl\":\"https:\\\/\\\/www.noticiasfire.com.br\\\/wp-content\\\/uploads\\\/2024\\\/02\\\/noticiasconcursos.com_.br-cadunico-libera-novo-kit-antena-digital-saiba-com-obter-o-equipamento-cadunico-kit-antena-digital-1024x517_Easy-Resize.com-1-2.jpg\",\"articleSection\":[\"NOT\u00cdCIAS\"],\"inLanguage\":\"es\",\"potentialAction\":[{\"@type\":\"CommentAction\",\"name\":\"Comment\",\"target\":[\"https:\\\/\\\/www.noticiasfire.com.br\\\/kit-antena-digital-saiba-como-adquirir-esse-beneficio\\\/#respond\"]}]},{\"@type\":\"WebPage\",\"@id\":\"https:\\\/\\\/www.noticiasfire.com.br\\\/kit-antena-digital-saiba-como-adquirir-esse-beneficio\\\/\",\"url\":\"https:\\\/\\\/www.noticiasfire.com.br\\\/kit-antena-digital-saiba-como-adquirir-esse-beneficio\\\/\",\"name\":\"Kit Antena Digital \u2013 Saiba como adquirir esse benef\u00edcio\u00a0 -\",\"isPartOf\":{\"@id\":\"https:\\\/\\\/www.noticiasfire.com.br\\\/#website\"},\"primaryImageOfPage\":{\"@id\":\"https:\\\/\\\/www.noticiasfire.com.br\\\/kit-antena-digital-saiba-como-adquirir-esse-beneficio\\\/#primaryimage\"},\"image\":{\"@id\":\"https:\\\/\\\/www.noticiasfire.com.br\\\/kit-antena-digital-saiba-como-adquirir-esse-beneficio\\\/#primaryimage\"},\"thumbnailUrl\":\"https:\\\/\\\/www.noticiasfire.com.br\\\/wp-content\\\/uploads\\\/2024\\\/02\\\/noticiasconcursos.com_.br-cadunico-libera-novo-kit-antena-digital-saiba-com-obter-o-equipamento-cadunico-kit-antena-digital-1024x517_Easy-Resize.com-1-2.jpg\",\"datePublished\":\"2024-02-07T18:26:59+00:00\",\"breadcrumb\":{\"@id\":\"https:\\\/\\\/www.noticiasfire.com.br\\\/kit-antena-digital-saiba-como-adquirir-esse-beneficio\\\/#breadcrumb\"},\"inLanguage\":\"es\",\"potentialAction\":[{\"@type\":\"ReadAction\",\"target\":[\"https:\\\/\\\/www.noticiasfire.com.br\\\/kit-antena-digital-saiba-como-adquirir-esse-beneficio\\\/\"]}]},{\"@type\":\"ImageObject\",\"inLanguage\":\"es\",\"@id\":\"https:\\\/\\\/www.noticiasfire.com.br\\\/kit-antena-digital-saiba-como-adquirir-esse-beneficio\\\/#primaryimage\",\"url\":\"https:\\\/\\\/www.noticiasfire.com.br\\\/wp-content\\\/uploads\\\/2024\\\/02\\\/noticiasconcursos.com_.br-cadunico-libera-novo-kit-antena-digital-saiba-com-obter-o-equipamento-cadunico-kit-antena-digital-1024x517_Easy-Resize.com-1-2.jpg\",\"contentUrl\":\"https:\\\/\\\/www.noticiasfire.com.br\\\/wp-content\\\/uploads\\\/2024\\\/02\\\/noticiasconcursos.com_.br-cadunico-libera-novo-kit-antena-digital-saiba-com-obter-o-equipamento-cadunico-kit-antena-digital-1024x517_Easy-Resize.com-1-2.jpg\",\"width\":1280,\"height\":646,\"caption\":\"Kit Antena Digital (imagem Google)\"},{\"@type\":\"BreadcrumbList\",\"@id\":\"https:\\\/\\\/www.noticiasfire.com.br\\\/kit-antena-digital-saiba-como-adquirir-esse-beneficio\\\/#breadcrumb\",\"itemListElement\":[{\"@type\":\"ListItem\",\"position\":1,\"name\":\"In\u00edcio\",\"item\":\"https:\\\/\\\/www.noticiasfire.com.br\\\/\"},{\"@type\":\"ListItem\",\"position\":2,\"name\":\"Kit Antena Digital \u2013 Saiba como adquirir esse benef\u00edcio\u00a0\"}]},{\"@type\":\"WebSite\",\"@id\":\"https:\\\/\\\/www.noticiasfire.com.br\\\/#website\",\"url\":\"https:\\\/\\\/www.noticiasfire.com.br\\\/\",\"name\":\"NoticiasFire\",\"description\":\"\",\"publisher\":{\"@id\":\"https:\\\/\\\/www.noticiasfire.com.br\\\/#organization\"},\"potentialAction\":[{\"@type\":\"SearchAction\",\"target\":{\"@type\":\"EntryPoint\",\"urlTemplate\":\"https:\\\/\\\/www.noticiasfire.com.br\\\/?s={search_term_string}\"},\"query-input\":{\"@type\":\"PropertyValueSpecification\",\"valueRequired\":true,\"valueName\":\"search_term_string\"}}],\"inLanguage\":\"es\"},{\"@type\":\"Organization\",\"@id\":\"https:\\\/\\\/www.noticiasfire.com.br\\\/#organization\",\"name\":\"NoticiasFire\",\"url\":\"https:\\\/\\\/www.noticiasfire.com.br\\\/\",\"logo\":{\"@type\":\"ImageObject\",\"inLanguage\":\"es\",\"@id\":\"https:\\\/\\\/www.noticiasfire.com.br\\\/#\\\/schema\\\/logo\\\/image\\\/\",\"url\":\"https:\\\/\\\/www.noticiasfire.com.br\\\/wp-content\\\/uploads\\\/2025\\\/08\\\/cropped-Captura_de_Tela_2025-08-13_as_20.34.29__1_-removebg-preview.png\",\"contentUrl\":\"https:\\\/\\\/www.noticiasfire.com.br\\\/wp-content\\\/uploads\\\/2025\\\/08\\\/cropped-Captura_de_Tela_2025-08-13_as_20.34.29__1_-removebg-preview.png\",\"width\":748,\"height\":286,\"caption\":\"NoticiasFire\"},\"image\":{\"@id\":\"https:\\\/\\\/www.noticiasfire.com.br\\\/#\\\/schema\\\/logo\\\/image\\\/\"}},{\"@type\":\"Person\",\"@id\":\"https:\\\/\\\/www.noticiasfire.com.br\\\/#\\\/schema\\\/person\\\/6c064cf8d33f8b38900e936c385f48fd\",\"name\":\"Ivan\",\"image\":{\"@type\":\"ImageObject\",\"inLanguage\":\"es\",\"@id\":\"https:\\\/\\\/secure.gravatar.com\\\/avatar\\\/18077698a88c2ad528c924a301adab662f075719c95fb1dec6f0b51902ebf647?s=96&d=mm&r=g\",\"url\":\"https:\\\/\\\/secure.gravatar.com\\\/avatar\\\/18077698a88c2ad528c924a301adab662f075719c95fb1dec6f0b51902ebf647?s=96&d=mm&r=g\",\"contentUrl\":\"https:\\\/\\\/secure.gravatar.com\\\/avatar\\\/18077698a88c2ad528c924a301adab662f075719c95fb1dec6f0b51902ebf647?s=96&d=mm&r=g\",\"caption\":\"Ivan\"},\"url\":\"https:\\\/\\\/www.noticiasfire.com.br\\\/es\\\/author\\\/ivan\\\/\"}]}<\/script>\n<!-- \/ Yoast SEO plugin. -->","yoast_head_json":{"title":"Kit Antena Digital \u2013 Saiba como adquirir esse benef\u00edcio\u00a0 -","robots":{"index":"index","follow":"follow","max-snippet":"max-snippet:-1","max-image-preview":"max-image-preview:large","max-video-preview":"max-video-preview:-1"},"canonical":"https:\/\/www.noticiasfire.com.br\/es\/kit-antena-digital-saiba-como-adquirir-esse-beneficio\/","og_locale":"es_MX","og_type":"article","og_title":"Kit Antena Digital \u2013 Saiba como adquirir esse benef\u00edcio\u00a0 -","og_description":"O\u00a0Kit Antena Digital\u00a0\u00e9 uma iniciativa criada pelo governo brasileiro com o intuito de garantir o acesso ao sinal de televis\u00e3o digital para fam\u00edlias de baixa renda. No final do post voc\u00ea encontrar\u00e1 um bot\u00e3o com link para o programa do governo. Lan\u00e7ado em 2014, o programa visa fomentar a inclus\u00e3o social dessas fam\u00edlias, garantindo-lhes acesso ... Leer m\u00e1s","og_url":"https:\/\/www.noticiasfire.com.br\/es\/kit-antena-digital-saiba-como-adquirir-esse-beneficio\/","article_published_time":"2024-02-07T18:26:59+00:00","og_image":[{"width":1280,"height":646,"url":"https:\/\/www.noticiasfire.com.br\/wp-content\/uploads\/2024\/02\/noticiasconcursos.com_.br-cadunico-libera-novo-kit-antena-digital-saiba-com-obter-o-equipamento-cadunico-kit-antena-digital-1024x517_Easy-Resize.com-1-2.jpg","type":"image\/jpeg"}],"author":"Ivan","twitter_card":"summary_large_image","twitter_misc":{"Escrito por":"Ivan","Tiempo de lectura":"4 minutos"},"schema":{"@context":"https:\/\/schema.org","@graph":[{"@type":"Article","@id":"https:\/\/www.noticiasfire.com.br\/kit-antena-digital-saiba-como-adquirir-esse-beneficio\/#article","isPartOf":{"@id":"https:\/\/www.noticiasfire.com.br\/kit-antena-digital-saiba-como-adquirir-esse-beneficio\/"},"author":{"name":"Ivan","@id":"https:\/\/www.noticiasfire.com.br\/#\/schema\/person\/6c064cf8d33f8b38900e936c385f48fd"},"headline":"Kit Antena Digital \u2013 Saiba como adquirir esse benef\u00edcio\u00a0","datePublished":"2024-02-07T18:26:59+00:00","mainEntityOfPage":{"@id":"https:\/\/www.noticiasfire.com.br\/kit-antena-digital-saiba-como-adquirir-esse-beneficio\/"},"wordCount":761,"commentCount":0,"publisher":{"@id":"https:\/\/www.noticiasfire.com.br\/#organization"},"image":{"@id":"https:\/\/www.noticiasfire.com.br\/kit-antena-digital-saiba-como-adquirir-esse-beneficio\/#primaryimage"},"thumbnailUrl":"https:\/\/www.noticiasfire.com.br\/wp-content\/uploads\/2024\/02\/noticiasconcursos.com_.br-cadunico-libera-novo-kit-antena-digital-saiba-com-obter-o-equipamento-cadunico-kit-antena-digital-1024x517_Easy-Resize.com-1-2.jpg","articleSection":["NOT\u00cdCIAS"],"inLanguage":"es","potentialAction":[{"@type":"CommentAction","name":"Comment","target":["https:\/\/www.noticiasfire.com.br\/kit-antena-digital-saiba-como-adquirir-esse-beneficio\/#respond"]}]},{"@type":"WebPage","@id":"https:\/\/www.noticiasfire.com.br\/kit-antena-digital-saiba-como-adquirir-esse-beneficio\/","url":"https:\/\/www.noticiasfire.com.br\/kit-antena-digital-saiba-como-adquirir-esse-beneficio\/","name":"Kit Antena Digital \u2013 Saiba como adquirir esse benef\u00edcio\u00a0 -","isPartOf":{"@id":"https:\/\/www.noticiasfire.com.br\/#website"},"primaryImageOfPage":{"@id":"https:\/\/www.noticiasfire.com.br\/kit-antena-digital-saiba-como-adquirir-esse-beneficio\/#primaryimage"},"image":{"@id":"https:\/\/www.noticiasfire.com.br\/kit-antena-digital-saiba-como-adquirir-esse-beneficio\/#primaryimage"},"thumbnailUrl":"https:\/\/www.noticiasfire.com.br\/wp-content\/uploads\/2024\/02\/noticiasconcursos.com_.br-cadunico-libera-novo-kit-antena-digital-saiba-com-obter-o-equipamento-cadunico-kit-antena-digital-1024x517_Easy-Resize.com-1-2.jpg","datePublished":"2024-02-07T18:26:59+00:00","breadcrumb":{"@id":"https:\/\/www.noticiasfire.com.br\/kit-antena-digital-saiba-como-adquirir-esse-beneficio\/#breadcrumb"},"inLanguage":"es","potentialAction":[{"@type":"ReadAction","target":["https:\/\/www.noticiasfire.com.br\/kit-antena-digital-saiba-como-adquirir-esse-beneficio\/"]}]},{"@type":"ImageObject","inLanguage":"es","@id":"https:\/\/www.noticiasfire.com.br\/kit-antena-digital-saiba-como-adquirir-esse-beneficio\/#primaryimage","url":"https:\/\/www.noticiasfire.com.br\/wp-content\/uploads\/2024\/02\/noticiasconcursos.com_.br-cadunico-libera-novo-kit-antena-digital-saiba-com-obter-o-equipamento-cadunico-kit-antena-digital-1024x517_Easy-Resize.com-1-2.jpg","contentUrl":"https:\/\/www.noticiasfire.com.br\/wp-content\/uploads\/2024\/02\/noticiasconcursos.com_.br-cadunico-libera-novo-kit-antena-digital-saiba-com-obter-o-equipamento-cadunico-kit-antena-digital-1024x517_Easy-Resize.com-1-2.jpg","width":1280,"height":646,"caption":"Kit Antena Digital (imagem Google)"},{"@type":"BreadcrumbList","@id":"https:\/\/www.noticiasfire.com.br\/kit-antena-digital-saiba-como-adquirir-esse-beneficio\/#breadcrumb","itemListElement":[{"@type":"ListItem","position":1,"name":"In\u00edcio","item":"https:\/\/www.noticiasfire.com.br\/"},{"@type":"ListItem","position":2,"name":"Kit Antena Digital \u2013 Saiba como adquirir esse benef\u00edcio\u00a0"}]},{"@type":"WebSite","@id":"https:\/\/www.noticiasfire.com.br\/#website","url":"https:\/\/www.noticiasfire.com.br\/","name":"NoticiasFire","description":"","publisher":{"@id":"https:\/\/www.noticiasfire.com.br\/#organization"},"potentialAction":[{"@type":"SearchAction","target":{"@type":"EntryPoint","urlTemplate":"https:\/\/www.noticiasfire.com.br\/?s={search_term_string}"},"query-input":{"@type":"PropertyValueSpecification","valueRequired":true,"valueName":"search_term_string"}}],"inLanguage":"es"},{"@type":"Organization","@id":"https:\/\/www.noticiasfire.com.br\/#organization","name":"NoticiasFire","url":"https:\/\/www.noticiasfire.com.br\/","logo":{"@type":"ImageObject","inLanguage":"es","@id":"https:\/\/www.noticiasfire.com.br\/#\/schema\/logo\/image\/","url":"https:\/\/www.noticiasfire.com.br\/wp-content\/uploads\/2025\/08\/cropped-Captura_de_Tela_2025-08-13_as_20.34.29__1_-removebg-preview.png","contentUrl":"https:\/\/www.noticiasfire.com.br\/wp-content\/uploads\/2025\/08\/cropped-Captura_de_Tela_2025-08-13_as_20.34.29__1_-removebg-preview.png","width":748,"height":286,"caption":"NoticiasFire"},"image":{"@id":"https:\/\/www.noticiasfire.com.br\/#\/schema\/logo\/image\/"}},{"@type":"Person","@id":"https:\/\/www.noticiasfire.com.br\/#\/schema\/person\/6c064cf8d33f8b38900e936c385f48fd","name":"Ivan","image":{"@type":"ImageObject","inLanguage":"es","@id":"https:\/\/secure.gravatar.com\/avatar\/18077698a88c2ad528c924a301adab662f075719c95fb1dec6f0b51902ebf647?s=96&d=mm&r=g","url":"https:\/\/secure.gravatar.com\/avatar\/18077698a88c2ad528c924a301adab662f075719c95fb1dec6f0b51902ebf647?s=96&d=mm&r=g","contentUrl":"https:\/\/secure.gravatar.com\/avatar\/18077698a88c2ad528c924a301adab662f075719c95fb1dec6f0b51902ebf647?s=96&d=mm&r=g","caption":"Ivan"},"url":"https:\/\/www.noticiasfire.com.br\/es\/author\/ivan\/"}]}},"_links":{"self":[{"href":"https:\/\/www.noticiasfire.com.br\/es\/wp-json\/wp\/v2\/posts\/24615","targetHints":{"allow":["GET"]}}],"collection":[{"href":"https:\/\/www.noticiasfire.com.br\/es\/wp-json\/wp\/v2\/posts"}],"about":[{"href":"https:\/\/www.noticiasfire.com.br\/es\/wp-json\/wp\/v2\/types\/post"}],"author":[{"embeddable":true,"href":"https:\/\/www.noticiasfire.com.br\/es\/wp-json\/wp\/v2\/users\/3"}],"replies":[{"embeddable":true,"href":"https:\/\/www.noticiasfire.com.br\/es\/wp-json\/wp\/v2\/comments?post=24615"}],"version-history":[{"count":0,"href":"https:\/\/www.noticiasfire.com.br\/es\/wp-json\/wp\/v2\/posts\/24615\/revisions"}],"wp:featuredmedia":[{"embeddable":true,"href":"https:\/\/www.noticiasfire.com.br\/es\/wp-json\/wp\/v2\/media\/30100"}],"wp:attachment":[{"href":"https:\/\/www.noticiasfire.com.br\/es\/wp-json\/wp\/v2\/media?parent=24615"}],"wp:term":[{"taxonomy":"category","embeddable":true,"href":"https:\/\/www.noticiasfire.com.br\/es\/wp-json\/wp\/v2\/categories?post=24615"},{"taxonomy":"post_tag","embeddable":true,"href":"https:\/\/www.noticiasfire.com.br\/es\/wp-json\/wp\/v2\/tags?post=24615"}],"curies":[{"name":"wp","href":"https:\/\/api.w.org\/{rel}","templated":true}]}}