{"id":26213,"date":"2024-05-08T16:12:23","date_gmt":"2024-05-08T19:12:23","guid":{"rendered":"https:\/\/www.noticiasfire.com.br\/?p=26213"},"modified":"2024-05-08T16:12:23","modified_gmt":"2024-05-08T19:12:23","slug":"beneficios-do-programa-garantia-safra","status":"publish","type":"post","link":"https:\/\/www.noticiasfire.com.br\/es\/beneficios-do-programa-garantia-safra\/","title":{"rendered":"Benef\u00edcios do Programa Garantia Safra\u00a0"},"content":{"rendered":"<div data-elementor-type=\"wp-post\" data-elementor-id=\"26213\" class=\"elementor elementor-26213\" data-elementor-post-type=\"post\">\n\t\t\t\t\t\t<section class=\"elementor-section elementor-top-section elementor-element elementor-element-ee8a6e7 elementor-section-boxed elementor-section-height-default elementor-section-height-default\" data-id=\"ee8a6e7\" data-element_type=\"section\" data-e-type=\"section\">\n\t\t\t\t\t\t<div class=\"elementor-container elementor-column-gap-default\">\n\t\t\t\t\t<div class=\"elementor-column elementor-col-100 elementor-top-column elementor-element elementor-element-a145bd8\" data-id=\"a145bd8\" data-element_type=\"column\" data-e-type=\"column\">\n\t\t\t<div class=\"elementor-widget-wrap elementor-element-populated\">\n\t\t\t\t\t\t<div class=\"elementor-element elementor-element-6d7e92a elementor-widget elementor-widget-text-editor\" data-id=\"6d7e92a\" data-element_type=\"widget\" data-e-type=\"widget\" data-widget_type=\"text-editor.default\">\n\t\t\t\t\t\t\t\t\t<p>O Programa Garantia Safra \u00e9 uma iniciativa essencial para garantir a seguran\u00e7a e estabilidade financeira dos agricultores brasileiros. \u00a0<\/p>\n<p>Com seus diversos benef\u00edcios e apoio crucial, este programa desempenha um papel fundamental na prote\u00e7\u00e3o dos meios de subsist\u00eancia agr\u00edcolas em tempos de adversidade clim\u00e1tica. \u00a0<\/p>\n<p>Neste artigo, vamos explorar em profundidade os detalhes e vantagens do Programa Garantia Safra, al\u00e9m de fornecer insights valiosos sobre como os agricultores podem maximizar seus benef\u00edcios.\u00a0<\/p>\n<h2>Entendendo o Programa Garantia Safra\u00a0<\/h2>\n<p>O Programa Garantia Safra foi criado com o objetivo de fornecer um suporte financeiro aos agricultores familiares que sofrem perdas em suas colheitas devido a condi\u00e7\u00f5es clim\u00e1ticas adversas, como seca ou excesso de chuva. \u00a0<\/p>\n<p>Destinado principalmente aos agricultores que vivem em \u00e1reas semi\u00e1ridas e sujeitas a esses riscos clim\u00e1ticos, o programa visa garantir uma renda m\u00ednima para essas fam\u00edlias, ajudando a evitar situa\u00e7\u00f5es de extrema vulnerabilidade financeira.\u00a0<\/p>\t\t\t\t\t\t\t\t<\/div>\n\t\t\t\t\t<\/div>\n\t\t<\/div>\n\t\t\t\t\t<\/div>\n\t\t<\/section>\n\t\t\t\t<section class=\"elementor-section elementor-top-section elementor-element elementor-element-53f2eac elementor-section-boxed elementor-section-height-default elementor-section-height-default\" data-id=\"53f2eac\" data-element_type=\"section\" data-e-type=\"section\">\n\t\t\t\t\t\t<div class=\"elementor-container elementor-column-gap-default\">\n\t\t\t\t\t<div class=\"elementor-column elementor-col-100 elementor-top-column elementor-element elementor-element-d6a759e\" data-id=\"d6a759e\" data-element_type=\"column\" data-e-type=\"column\">\n\t\t\t<div class=\"elementor-widget-wrap elementor-element-populated\">\n\t\t\t\t\t\t<div class=\"elementor-element elementor-element-b59871f elementor-widget-divider--view-line elementor-widget elementor-widget-divider\" data-id=\"b59871f\" data-element_type=\"widget\" data-e-type=\"widget\" data-widget_type=\"divider.default\">\n\t\t\t\t\t\t\t<div class=\"elementor-divider\">\n\t\t\t<span class=\"elementor-divider-separator\">\n\t\t\t\t\t\t<\/span>\n\t\t<\/div>\n\t\t\t\t\t\t<\/div>\n\t\t\t\t\t<\/div>\n\t\t<\/div>\n\t\t\t\t\t<\/div>\n\t\t<\/section>\n\t\t\t\t<section class=\"elementor-section elementor-top-section elementor-element elementor-element-d806151 elementor-section-boxed elementor-section-height-default elementor-section-height-default\" data-id=\"d806151\" data-element_type=\"section\" data-e-type=\"section\">\n\t\t\t\t\t\t<div class=\"elementor-container elementor-column-gap-default\">\n\t\t\t\t\t<div class=\"elementor-column elementor-col-100 elementor-top-column elementor-element elementor-element-074d315\" data-id=\"074d315\" data-element_type=\"column\" data-e-type=\"column\">\n\t\t\t<div class=\"elementor-widget-wrap elementor-element-populated\">\n\t\t\t\t\t\t<div class=\"elementor-element elementor-element-a67f5d6 elementor-align-center elementor-widget elementor-widget-button\" data-id=\"a67f5d6\" data-element_type=\"widget\" data-e-type=\"widget\" data-widget_type=\"button.default\">\n\t\t\t\t\t\t\t\t\t\t<a class=\"elementor-button elementor-button-link elementor-size-sm\" href=\"https:\/\/www.noticiasfire.com.br\/es\/como-funciona-e-como-receber-o-beneficio-garantia-safra\/\">\n\t\t\t\t\t\t<span class=\"elementor-button-content-wrapper\">\n\t\t\t\t\t\t\t\t\t<span class=\"elementor-button-text\">COMO PARTICIPAR<\/span>\n\t\t\t\t\t<\/span>\n\t\t\t\t\t<\/a>\n\t\t\t\t\t\t\t\t<\/div>\n\t\t\t\t\t<\/div>\n\t\t<\/div>\n\t\t\t\t\t<\/div>\n\t\t<\/section>\n\t\t\t\t<section class=\"elementor-section elementor-top-section elementor-element elementor-element-05f0103 elementor-section-boxed elementor-section-height-default elementor-section-height-default\" data-id=\"05f0103\" data-element_type=\"section\" data-e-type=\"section\">\n\t\t\t\t\t\t<div class=\"elementor-container elementor-column-gap-default\">\n\t\t\t\t\t<div class=\"elementor-column elementor-col-100 elementor-top-column elementor-element elementor-element-184f621\" data-id=\"184f621\" data-element_type=\"column\" data-e-type=\"column\">\n\t\t\t<div class=\"elementor-widget-wrap elementor-element-populated\">\n\t\t\t\t\t\t<div class=\"elementor-element elementor-element-10e9534 elementor-widget elementor-widget-text-editor\" data-id=\"10e9534\" data-element_type=\"widget\" data-e-type=\"widget\" data-widget_type=\"text-editor.default\">\n\t\t\t\t\t\t\t\t\t<h2>Benef\u00edcios do Programa Garantia Safra\u00a0<\/h2>\n<p><strong>Aux\u00edlio Financeiro:<\/strong>\u00a0Uma das principais vantagens do Programa Garantia Safra \u00e9 o aux\u00edlio financeiro oferecido aos agricultores que aderem ao programa. Esse aux\u00edlio pode ser crucial para ajudar as fam\u00edlias agr\u00edcolas a se recuperarem de perdas nas colheitas e a manterem sua subsist\u00eancia durante per\u00edodos dif\u00edceis.\u00a0<\/p>\n<p><strong>Cobertura Abrangente:<\/strong>\u00a0O programa oferece uma cobertura abrangente, incluindo n\u00e3o apenas compensa\u00e7\u00e3o financeira pelas perdas de colheita, mas tamb\u00e9m medidas de apoio como distribui\u00e7\u00e3o de sementes e assist\u00eancia t\u00e9cnica, visando ajudar os agricultores a reconstru\u00edrem suas planta\u00e7\u00f5es e a aumentarem sua resili\u00eancia contra futuros eventos clim\u00e1ticos adversos.\u00a0<\/p>\n<p><strong>Acesso Facilitado:<\/strong>\u00a0O processo de ades\u00e3o ao Programa Garantia Safra \u00e9 relativamente simples e acess\u00edvel para os agricultores familiares. Com requisitos claros e procedimentos simplificados, o programa visa garantir que aqueles que mais precisam de ajuda possam acessar facilmente os benef\u00edcios oferecidos.\u00a0<\/p>\n<h2>Maximizando os Benef\u00edcios do Programa\u00a0<\/h2>\n<p>Para os agricultores que participam do Programa Garantia Safra, existem v\u00e1rias estrat\u00e9gias que podem ser adotadas para maximizar seus benef\u00edcios e garantir uma maior seguran\u00e7a financeira durante per\u00edodos de adversidade. Aqui est\u00e3o algumas dicas \u00fateis:<\/p>\t\t\t\t\t\t\t\t<\/div>\n\t\t\t\t\t<\/div>\n\t\t<\/div>\n\t\t\t\t\t<\/div>\n\t\t<\/section>\n\t\t\t\t<section class=\"elementor-section elementor-top-section elementor-element elementor-element-388a169 elementor-section-boxed elementor-section-height-default elementor-section-height-default\" data-id=\"388a169\" data-element_type=\"section\" data-e-type=\"section\">\n\t\t\t\t\t\t<div class=\"elementor-container elementor-column-gap-default\">\n\t\t\t\t\t<div class=\"elementor-column elementor-col-100 elementor-top-column elementor-element elementor-element-b406c73\" data-id=\"b406c73\" data-element_type=\"column\" data-e-type=\"column\">\n\t\t\t<div class=\"elementor-widget-wrap elementor-element-populated\">\n\t\t\t\t\t\t<div class=\"elementor-element elementor-element-43b16c9 elementor-widget-divider--view-line elementor-widget elementor-widget-divider\" data-id=\"43b16c9\" data-element_type=\"widget\" data-e-type=\"widget\" data-widget_type=\"divider.default\">\n\t\t\t\t\t\t\t<div class=\"elementor-divider\">\n\t\t\t<span class=\"elementor-divider-separator\">\n\t\t\t\t\t\t<\/span>\n\t\t<\/div>\n\t\t\t\t\t\t<\/div>\n\t\t\t\t\t<\/div>\n\t\t<\/div>\n\t\t\t\t\t<\/div>\n\t\t<\/section>\n\t\t\t\t<section class=\"elementor-section elementor-top-section elementor-element elementor-element-815c73c elementor-section-boxed elementor-section-height-default elementor-section-height-default\" data-id=\"815c73c\" data-element_type=\"section\" data-e-type=\"section\">\n\t\t\t\t\t\t<div class=\"elementor-container elementor-column-gap-default\">\n\t\t\t\t\t<div class=\"elementor-column elementor-col-100 elementor-top-column elementor-element elementor-element-6f0500d\" data-id=\"6f0500d\" data-element_type=\"column\" data-e-type=\"column\">\n\t\t\t<div class=\"elementor-widget-wrap elementor-element-populated\">\n\t\t\t\t\t\t<div class=\"elementor-element elementor-element-f9183ff elementor-align-center elementor-widget elementor-widget-button\" data-id=\"f9183ff\" data-element_type=\"widget\" data-e-type=\"widget\" data-widget_type=\"button.default\">\n\t\t\t\t\t\t\t\t\t\t<a class=\"elementor-button elementor-button-link elementor-size-sm\" href=\"https:\/\/www.noticiasfire.com.br\/es\/como-funciona-e-como-receber-o-beneficio-garantia-safra\/\">\n\t\t\t\t\t\t<span class=\"elementor-button-content-wrapper\">\n\t\t\t\t\t\t\t\t\t<span class=\"elementor-button-text\"> Veja como participar do programa<\/span>\n\t\t\t\t\t<\/span>\n\t\t\t\t\t<\/a>\n\t\t\t\t\t\t\t\t<\/div>\n\t\t\t\t\t<\/div>\n\t\t<\/div>\n\t\t\t\t\t<\/div>\n\t\t<\/section>\n\t\t\t\t<section class=\"elementor-section elementor-top-section elementor-element elementor-element-6897b91a elementor-section-boxed elementor-section-height-default elementor-section-height-default\" data-id=\"6897b91a\" data-element_type=\"section\" data-e-type=\"section\">\n\t\t\t\t\t\t<div class=\"elementor-container elementor-column-gap-default\">\n\t\t\t\t\t<div class=\"elementor-column elementor-col-100 elementor-top-column elementor-element elementor-element-600069f7\" data-id=\"600069f7\" data-element_type=\"column\" data-e-type=\"column\">\n\t\t\t<div class=\"elementor-widget-wrap elementor-element-populated\">\n\t\t\t\t\t\t<div class=\"elementor-element elementor-element-6a84ed88 elementor-widget elementor-widget-text-editor\" data-id=\"6a84ed88\" data-element_type=\"widget\" data-e-type=\"widget\" data-widget_type=\"text-editor.default\">\n\t\t\t\t\t\t\t\t\t<p><\/p>\n<p><\/p>\n<h2>Planejamento Antecipado&nbsp;<\/h2>\n<p><\/p>\n<p>Um dos aspectos mais importantes para maximizar os benef\u00edcios do Programa Garantia Safra \u00e9 o planejamento antecipado. Os agricultores devem estar preparados para enfrentar poss\u00edveis eventos clim\u00e1ticos adversos, implementando medidas preventivas, como o uso de t\u00e9cnicas de cultivo resilientes e a diversifica\u00e7\u00e3o das culturas.&nbsp;<\/p>\n<p><\/p>\n<h2>Monitoramento Clim\u00e1tico&nbsp;<\/h2>\n<p><\/p>\n<p>O acompanhamento regular das condi\u00e7\u00f5es clim\u00e1ticas \u00e9 fundamental para os agricultores que participam do Programa Garantia Safra. Ao estar ciente das previs\u00f5es clim\u00e1ticas e dos padr\u00f5es de chuva, os agricultores podem tomar decis\u00f5es informadas sobre o momento ideal para o plantio e as medidas de prote\u00e7\u00e3o necess\u00e1rias para suas planta\u00e7\u00f5es.&nbsp;<\/p>\n<p><\/p>\n<h2>Investimento em Tecnologia Agr\u00edcola&nbsp;<\/h2>\n<p><\/p>\n<p>O investimento em tecnologia agr\u00edcola pode ser uma estrat\u00e9gia eficaz para aumentar a produtividade e a resili\u00eancia das planta\u00e7\u00f5es contra condi\u00e7\u00f5es clim\u00e1ticas adversas. O uso de t\u00e9cnicas modernas de irriga\u00e7\u00e3o, cultivo em estufas e monitoramento remoto das planta\u00e7\u00f5es pode ajudar os agricultores a otimizarem seus recursos e a minimizarem os riscos de perdas nas colheitas.&nbsp;<\/p>\n<p><\/p>\n<h2>Conclusi\u00f3n&nbsp;<\/h2>\n<p><\/p>\n<p>O Programa Garantia Safra desempenha um papel vital na prote\u00e7\u00e3o dos meios de subsist\u00eancia dos agricultores brasileiros, oferecendo suporte financeiro e assist\u00eancia em tempos de adversidade clim\u00e1tica. Ao compreender os benef\u00edcios do programa e adotar estrat\u00e9gias eficazes para maximizar esses benef\u00edcios, os agricultores podem garantir uma maior seguran\u00e7a financeira e resili\u00eancia contra eventos clim\u00e1ticos adversos.<\/p>\n<p><\/p>\t\t\t\t\t\t\t\t<\/div>\n\t\t\t\t\t<\/div>\n\t\t<\/div>\n\t\t\t\t\t<\/div>\n\t\t<\/section>\n\t\t\t\t<section class=\"elementor-section elementor-top-section elementor-element elementor-element-7fd943d elementor-section-boxed elementor-section-height-default elementor-section-height-default\" data-id=\"7fd943d\" data-element_type=\"section\" data-e-type=\"section\">\n\t\t\t\t\t\t<div class=\"elementor-container elementor-column-gap-default\">\n\t\t\t\t\t<div class=\"elementor-column elementor-col-100 elementor-top-column elementor-element elementor-element-9b50166\" data-id=\"9b50166\" data-element_type=\"column\" data-e-type=\"column\">\n\t\t\t<div class=\"elementor-widget-wrap elementor-element-populated\">\n\t\t\t\t\t\t<div class=\"elementor-element elementor-element-f15685b elementor-widget-divider--view-line elementor-widget elementor-widget-divider\" data-id=\"f15685b\" data-element_type=\"widget\" data-e-type=\"widget\" data-widget_type=\"divider.default\">\n\t\t\t\t\t\t\t<div class=\"elementor-divider\">\n\t\t\t<span class=\"elementor-divider-separator\">\n\t\t\t\t\t\t<\/span>\n\t\t<\/div>\n\t\t\t\t\t\t<\/div>\n\t\t\t\t\t<\/div>\n\t\t<\/div>\n\t\t\t\t\t<\/div>\n\t\t<\/section>\n\t\t\t\t<section class=\"elementor-section elementor-top-section elementor-element elementor-element-86bfa55 elementor-section-boxed elementor-section-height-default elementor-section-height-default\" data-id=\"86bfa55\" data-element_type=\"section\" data-e-type=\"section\">\n\t\t\t\t\t\t<div class=\"elementor-container elementor-column-gap-default\">\n\t\t\t\t\t<div class=\"elementor-column elementor-col-100 elementor-top-column elementor-element elementor-element-183fcdc\" data-id=\"183fcdc\" data-element_type=\"column\" data-e-type=\"column\">\n\t\t\t<div class=\"elementor-widget-wrap elementor-element-populated\">\n\t\t\t\t\t\t<div class=\"elementor-element elementor-element-6d69c8b elementor-align-center elementor-widget elementor-widget-button\" data-id=\"6d69c8b\" data-element_type=\"widget\" data-e-type=\"widget\" data-widget_type=\"button.default\">\n\t\t\t\t\t\t\t\t\t\t<a class=\"elementor-button elementor-button-link elementor-size-sm\" href=\"https:\/\/www.noticiasfire.com.br\/es\/como-funciona-e-como-receber-o-beneficio-garantia-safra\/\">\n\t\t\t\t\t\t<span class=\"elementor-button-content-wrapper\">\n\t\t\t\t\t\t\t\t\t<span class=\"elementor-button-text\">Veja como receber o benef\u00edcio<\/span>\n\t\t\t\t\t<\/span>\n\t\t\t\t\t<\/a>\n\t\t\t\t\t\t\t\t<\/div>\n\t\t\t\t\t<\/div>\n\t\t<\/div>\n\t\t\t\t\t<\/div>\n\t\t<\/section>\n\t\t\t\t<\/div>","protected":false},"excerpt":{"rendered":"<p>O Programa Garantia Safra \u00e9 uma iniciativa essencial para garantir a seguran\u00e7a e estabilidade financeira dos agricultores brasileiros. \u00a0 Com seus diversos benef\u00edcios e apoio crucial, este programa desempenha um papel fundamental na prote\u00e7\u00e3o dos meios de subsist\u00eancia agr\u00edcolas em tempos de adversidade clim\u00e1tica. \u00a0 Neste artigo, vamos explorar em profundidade os detalhes e vantagens &#8230; <a title=\"Benef\u00edcios do Programa Garantia Safra\u00a0\" class=\"read-more\" href=\"https:\/\/www.noticiasfire.com.br\/es\/beneficios-do-programa-garantia-safra\/\" aria-label=\"Leer m\u00e1s sobre Benef\u00edcios do Programa Garantia Safra\u00a0\">Leer m\u00e1s<\/a><\/p>","protected":false},"author":3,"featured_media":26214,"comment_status":"open","ping_status":"open","sticky":false,"template":"","format":"standard","meta":{"footnotes":""},"categories":[44],"tags":[],"class_list":["post-26213","post","type-post","status-publish","format-standard","has-post-thumbnail","hentry","category-noticias"],"yoast_head":"<!-- This site is optimized with the Yoast SEO plugin v27.4 - https:\/\/yoast.com\/product\/yoast-seo-wordpress\/ -->\n<title>Benef\u00edcios do Programa Garantia Safra\u00a0 -<\/title>\n<meta name=\"robots\" content=\"index, follow, max-snippet:-1, max-image-preview:large, max-video-preview:-1\" \/>\n<link rel=\"canonical\" href=\"https:\/\/www.noticiasfire.com.br\/es\/beneficios-do-programa-garantia-safra\/\" \/>\n<meta property=\"og:locale\" content=\"es_MX\" \/>\n<meta property=\"og:type\" content=\"article\" \/>\n<meta property=\"og:title\" content=\"Benef\u00edcios do Programa Garantia Safra\u00a0 -\" \/>\n<meta property=\"og:description\" content=\"O Programa Garantia Safra \u00e9 uma iniciativa essencial para garantir a seguran\u00e7a e estabilidade financeira dos agricultores brasileiros. \u00a0 Com seus diversos benef\u00edcios e apoio crucial, este programa desempenha um papel fundamental na prote\u00e7\u00e3o dos meios de subsist\u00eancia agr\u00edcolas em tempos de adversidade clim\u00e1tica. \u00a0 Neste artigo, vamos explorar em profundidade os detalhes e vantagens ... Leer m\u00e1s\" \/>\n<meta property=\"og:url\" content=\"https:\/\/www.noticiasfire.com.br\/es\/beneficios-do-programa-garantia-safra\/\" \/>\n<meta property=\"article:published_time\" content=\"2024-05-08T19:12:23+00:00\" \/>\n<meta property=\"og:image\" content=\"https:\/\/www.noticiasfire.com.br\/wp-content\/uploads\/2024\/05\/picking-flowers-2432972_640-1-1.jpg\" \/>\n\t<meta property=\"og:image:width\" content=\"640\" \/>\n\t<meta property=\"og:image:height\" content=\"427\" \/>\n\t<meta property=\"og:image:type\" content=\"image\/jpeg\" \/>\n<meta name=\"author\" content=\"Ivan\" \/>\n<meta name=\"twitter:card\" content=\"summary_large_image\" \/>\n<meta name=\"twitter:label1\" content=\"Escrito por\" \/>\n\t<meta name=\"twitter:data1\" content=\"Ivan\" \/>\n\t<meta name=\"twitter:label2\" content=\"Tiempo de lectura\" \/>\n\t<meta name=\"twitter:data2\" content=\"3 minutos\" \/>\n<script type=\"application\/ld+json\" class=\"yoast-schema-graph\">{\"@context\":\"https:\\\/\\\/schema.org\",\"@graph\":[{\"@type\":\"Article\",\"@id\":\"https:\\\/\\\/www.noticiasfire.com.br\\\/beneficios-do-programa-garantia-safra\\\/#article\",\"isPartOf\":{\"@id\":\"https:\\\/\\\/www.noticiasfire.com.br\\\/beneficios-do-programa-garantia-safra\\\/\"},\"author\":{\"name\":\"Ivan\",\"@id\":\"https:\\\/\\\/www.noticiasfire.com.br\\\/#\\\/schema\\\/person\\\/6c064cf8d33f8b38900e936c385f48fd\"},\"headline\":\"Benef\u00edcios do Programa Garantia Safra\u00a0\",\"datePublished\":\"2024-05-08T19:12:23+00:00\",\"mainEntityOfPage\":{\"@id\":\"https:\\\/\\\/www.noticiasfire.com.br\\\/beneficios-do-programa-garantia-safra\\\/\"},\"wordCount\":636,\"commentCount\":0,\"publisher\":{\"@id\":\"https:\\\/\\\/www.noticiasfire.com.br\\\/#organization\"},\"image\":{\"@id\":\"https:\\\/\\\/www.noticiasfire.com.br\\\/beneficios-do-programa-garantia-safra\\\/#primaryimage\"},\"thumbnailUrl\":\"https:\\\/\\\/www.noticiasfire.com.br\\\/wp-content\\\/uploads\\\/2024\\\/05\\\/picking-flowers-2432972_640-1-1.jpg\",\"articleSection\":[\"NOT\u00cdCIAS\"],\"inLanguage\":\"es\",\"potentialAction\":[{\"@type\":\"CommentAction\",\"name\":\"Comment\",\"target\":[\"https:\\\/\\\/www.noticiasfire.com.br\\\/beneficios-do-programa-garantia-safra\\\/#respond\"]}]},{\"@type\":\"WebPage\",\"@id\":\"https:\\\/\\\/www.noticiasfire.com.br\\\/beneficios-do-programa-garantia-safra\\\/\",\"url\":\"https:\\\/\\\/www.noticiasfire.com.br\\\/beneficios-do-programa-garantia-safra\\\/\",\"name\":\"Benef\u00edcios do Programa Garantia Safra\u00a0 -\",\"isPartOf\":{\"@id\":\"https:\\\/\\\/www.noticiasfire.com.br\\\/#website\"},\"primaryImageOfPage\":{\"@id\":\"https:\\\/\\\/www.noticiasfire.com.br\\\/beneficios-do-programa-garantia-safra\\\/#primaryimage\"},\"image\":{\"@id\":\"https:\\\/\\\/www.noticiasfire.com.br\\\/beneficios-do-programa-garantia-safra\\\/#primaryimage\"},\"thumbnailUrl\":\"https:\\\/\\\/www.noticiasfire.com.br\\\/wp-content\\\/uploads\\\/2024\\\/05\\\/picking-flowers-2432972_640-1-1.jpg\",\"datePublished\":\"2024-05-08T19:12:23+00:00\",\"breadcrumb\":{\"@id\":\"https:\\\/\\\/www.noticiasfire.com.br\\\/beneficios-do-programa-garantia-safra\\\/#breadcrumb\"},\"inLanguage\":\"es\",\"potentialAction\":[{\"@type\":\"ReadAction\",\"target\":[\"https:\\\/\\\/www.noticiasfire.com.br\\\/beneficios-do-programa-garantia-safra\\\/\"]}]},{\"@type\":\"ImageObject\",\"inLanguage\":\"es\",\"@id\":\"https:\\\/\\\/www.noticiasfire.com.br\\\/beneficios-do-programa-garantia-safra\\\/#primaryimage\",\"url\":\"https:\\\/\\\/www.noticiasfire.com.br\\\/wp-content\\\/uploads\\\/2024\\\/05\\\/picking-flowers-2432972_640-1-1.jpg\",\"contentUrl\":\"https:\\\/\\\/www.noticiasfire.com.br\\\/wp-content\\\/uploads\\\/2024\\\/05\\\/picking-flowers-2432972_640-1-1.jpg\",\"width\":640,\"height\":427},{\"@type\":\"BreadcrumbList\",\"@id\":\"https:\\\/\\\/www.noticiasfire.com.br\\\/beneficios-do-programa-garantia-safra\\\/#breadcrumb\",\"itemListElement\":[{\"@type\":\"ListItem\",\"position\":1,\"name\":\"In\u00edcio\",\"item\":\"https:\\\/\\\/www.noticiasfire.com.br\\\/\"},{\"@type\":\"ListItem\",\"position\":2,\"name\":\"Benef\u00edcios do Programa Garantia Safra\u00a0\"}]},{\"@type\":\"WebSite\",\"@id\":\"https:\\\/\\\/www.noticiasfire.com.br\\\/#website\",\"url\":\"https:\\\/\\\/www.noticiasfire.com.br\\\/\",\"name\":\"NoticiasFire\",\"description\":\"\",\"publisher\":{\"@id\":\"https:\\\/\\\/www.noticiasfire.com.br\\\/#organization\"},\"potentialAction\":[{\"@type\":\"SearchAction\",\"target\":{\"@type\":\"EntryPoint\",\"urlTemplate\":\"https:\\\/\\\/www.noticiasfire.com.br\\\/?s={search_term_string}\"},\"query-input\":{\"@type\":\"PropertyValueSpecification\",\"valueRequired\":true,\"valueName\":\"search_term_string\"}}],\"inLanguage\":\"es\"},{\"@type\":\"Organization\",\"@id\":\"https:\\\/\\\/www.noticiasfire.com.br\\\/#organization\",\"name\":\"NoticiasFire\",\"url\":\"https:\\\/\\\/www.noticiasfire.com.br\\\/\",\"logo\":{\"@type\":\"ImageObject\",\"inLanguage\":\"es\",\"@id\":\"https:\\\/\\\/www.noticiasfire.com.br\\\/#\\\/schema\\\/logo\\\/image\\\/\",\"url\":\"https:\\\/\\\/www.noticiasfire.com.br\\\/wp-content\\\/uploads\\\/2025\\\/08\\\/cropped-Captura_de_Tela_2025-08-13_as_20.34.29__1_-removebg-preview.png\",\"contentUrl\":\"https:\\\/\\\/www.noticiasfire.com.br\\\/wp-content\\\/uploads\\\/2025\\\/08\\\/cropped-Captura_de_Tela_2025-08-13_as_20.34.29__1_-removebg-preview.png\",\"width\":748,\"height\":286,\"caption\":\"NoticiasFire\"},\"image\":{\"@id\":\"https:\\\/\\\/www.noticiasfire.com.br\\\/#\\\/schema\\\/logo\\\/image\\\/\"}},{\"@type\":\"Person\",\"@id\":\"https:\\\/\\\/www.noticiasfire.com.br\\\/#\\\/schema\\\/person\\\/6c064cf8d33f8b38900e936c385f48fd\",\"name\":\"Ivan\",\"image\":{\"@type\":\"ImageObject\",\"inLanguage\":\"es\",\"@id\":\"https:\\\/\\\/secure.gravatar.com\\\/avatar\\\/18077698a88c2ad528c924a301adab662f075719c95fb1dec6f0b51902ebf647?s=96&d=mm&r=g\",\"url\":\"https:\\\/\\\/secure.gravatar.com\\\/avatar\\\/18077698a88c2ad528c924a301adab662f075719c95fb1dec6f0b51902ebf647?s=96&d=mm&r=g\",\"contentUrl\":\"https:\\\/\\\/secure.gravatar.com\\\/avatar\\\/18077698a88c2ad528c924a301adab662f075719c95fb1dec6f0b51902ebf647?s=96&d=mm&r=g\",\"caption\":\"Ivan\"},\"url\":\"https:\\\/\\\/www.noticiasfire.com.br\\\/es\\\/author\\\/ivan\\\/\"}]}<\/script>\n<!-- \/ Yoast SEO plugin. -->","yoast_head_json":{"title":"Benef\u00edcios do Programa Garantia Safra\u00a0 -","robots":{"index":"index","follow":"follow","max-snippet":"max-snippet:-1","max-image-preview":"max-image-preview:large","max-video-preview":"max-video-preview:-1"},"canonical":"https:\/\/www.noticiasfire.com.br\/es\/beneficios-do-programa-garantia-safra\/","og_locale":"es_MX","og_type":"article","og_title":"Benef\u00edcios do Programa Garantia Safra\u00a0 -","og_description":"O Programa Garantia Safra \u00e9 uma iniciativa essencial para garantir a seguran\u00e7a e estabilidade financeira dos agricultores brasileiros. \u00a0 Com seus diversos benef\u00edcios e apoio crucial, este programa desempenha um papel fundamental na prote\u00e7\u00e3o dos meios de subsist\u00eancia agr\u00edcolas em tempos de adversidade clim\u00e1tica. \u00a0 Neste artigo, vamos explorar em profundidade os detalhes e vantagens ... Leer m\u00e1s","og_url":"https:\/\/www.noticiasfire.com.br\/es\/beneficios-do-programa-garantia-safra\/","article_published_time":"2024-05-08T19:12:23+00:00","og_image":[{"width":640,"height":427,"url":"https:\/\/www.noticiasfire.com.br\/wp-content\/uploads\/2024\/05\/picking-flowers-2432972_640-1-1.jpg","type":"image\/jpeg"}],"author":"Ivan","twitter_card":"summary_large_image","twitter_misc":{"Escrito por":"Ivan","Tiempo de lectura":"3 minutos"},"schema":{"@context":"https:\/\/schema.org","@graph":[{"@type":"Article","@id":"https:\/\/www.noticiasfire.com.br\/beneficios-do-programa-garantia-safra\/#article","isPartOf":{"@id":"https:\/\/www.noticiasfire.com.br\/beneficios-do-programa-garantia-safra\/"},"author":{"name":"Ivan","@id":"https:\/\/www.noticiasfire.com.br\/#\/schema\/person\/6c064cf8d33f8b38900e936c385f48fd"},"headline":"Benef\u00edcios do Programa Garantia Safra\u00a0","datePublished":"2024-05-08T19:12:23+00:00","mainEntityOfPage":{"@id":"https:\/\/www.noticiasfire.com.br\/beneficios-do-programa-garantia-safra\/"},"wordCount":636,"commentCount":0,"publisher":{"@id":"https:\/\/www.noticiasfire.com.br\/#organization"},"image":{"@id":"https:\/\/www.noticiasfire.com.br\/beneficios-do-programa-garantia-safra\/#primaryimage"},"thumbnailUrl":"https:\/\/www.noticiasfire.com.br\/wp-content\/uploads\/2024\/05\/picking-flowers-2432972_640-1-1.jpg","articleSection":["NOT\u00cdCIAS"],"inLanguage":"es","potentialAction":[{"@type":"CommentAction","name":"Comment","target":["https:\/\/www.noticiasfire.com.br\/beneficios-do-programa-garantia-safra\/#respond"]}]},{"@type":"WebPage","@id":"https:\/\/www.noticiasfire.com.br\/beneficios-do-programa-garantia-safra\/","url":"https:\/\/www.noticiasfire.com.br\/beneficios-do-programa-garantia-safra\/","name":"Benef\u00edcios do Programa Garantia Safra\u00a0 -","isPartOf":{"@id":"https:\/\/www.noticiasfire.com.br\/#website"},"primaryImageOfPage":{"@id":"https:\/\/www.noticiasfire.com.br\/beneficios-do-programa-garantia-safra\/#primaryimage"},"image":{"@id":"https:\/\/www.noticiasfire.com.br\/beneficios-do-programa-garantia-safra\/#primaryimage"},"thumbnailUrl":"https:\/\/www.noticiasfire.com.br\/wp-content\/uploads\/2024\/05\/picking-flowers-2432972_640-1-1.jpg","datePublished":"2024-05-08T19:12:23+00:00","breadcrumb":{"@id":"https:\/\/www.noticiasfire.com.br\/beneficios-do-programa-garantia-safra\/#breadcrumb"},"inLanguage":"es","potentialAction":[{"@type":"ReadAction","target":["https:\/\/www.noticiasfire.com.br\/beneficios-do-programa-garantia-safra\/"]}]},{"@type":"ImageObject","inLanguage":"es","@id":"https:\/\/www.noticiasfire.com.br\/beneficios-do-programa-garantia-safra\/#primaryimage","url":"https:\/\/www.noticiasfire.com.br\/wp-content\/uploads\/2024\/05\/picking-flowers-2432972_640-1-1.jpg","contentUrl":"https:\/\/www.noticiasfire.com.br\/wp-content\/uploads\/2024\/05\/picking-flowers-2432972_640-1-1.jpg","width":640,"height":427},{"@type":"BreadcrumbList","@id":"https:\/\/www.noticiasfire.com.br\/beneficios-do-programa-garantia-safra\/#breadcrumb","itemListElement":[{"@type":"ListItem","position":1,"name":"In\u00edcio","item":"https:\/\/www.noticiasfire.com.br\/"},{"@type":"ListItem","position":2,"name":"Benef\u00edcios do Programa Garantia Safra\u00a0"}]},{"@type":"WebSite","@id":"https:\/\/www.noticiasfire.com.br\/#website","url":"https:\/\/www.noticiasfire.com.br\/","name":"NoticiasFire","description":"","publisher":{"@id":"https:\/\/www.noticiasfire.com.br\/#organization"},"potentialAction":[{"@type":"SearchAction","target":{"@type":"EntryPoint","urlTemplate":"https:\/\/www.noticiasfire.com.br\/?s={search_term_string}"},"query-input":{"@type":"PropertyValueSpecification","valueRequired":true,"valueName":"search_term_string"}}],"inLanguage":"es"},{"@type":"Organization","@id":"https:\/\/www.noticiasfire.com.br\/#organization","name":"NoticiasFire","url":"https:\/\/www.noticiasfire.com.br\/","logo":{"@type":"ImageObject","inLanguage":"es","@id":"https:\/\/www.noticiasfire.com.br\/#\/schema\/logo\/image\/","url":"https:\/\/www.noticiasfire.com.br\/wp-content\/uploads\/2025\/08\/cropped-Captura_de_Tela_2025-08-13_as_20.34.29__1_-removebg-preview.png","contentUrl":"https:\/\/www.noticiasfire.com.br\/wp-content\/uploads\/2025\/08\/cropped-Captura_de_Tela_2025-08-13_as_20.34.29__1_-removebg-preview.png","width":748,"height":286,"caption":"NoticiasFire"},"image":{"@id":"https:\/\/www.noticiasfire.com.br\/#\/schema\/logo\/image\/"}},{"@type":"Person","@id":"https:\/\/www.noticiasfire.com.br\/#\/schema\/person\/6c064cf8d33f8b38900e936c385f48fd","name":"Ivan","image":{"@type":"ImageObject","inLanguage":"es","@id":"https:\/\/secure.gravatar.com\/avatar\/18077698a88c2ad528c924a301adab662f075719c95fb1dec6f0b51902ebf647?s=96&d=mm&r=g","url":"https:\/\/secure.gravatar.com\/avatar\/18077698a88c2ad528c924a301adab662f075719c95fb1dec6f0b51902ebf647?s=96&d=mm&r=g","contentUrl":"https:\/\/secure.gravatar.com\/avatar\/18077698a88c2ad528c924a301adab662f075719c95fb1dec6f0b51902ebf647?s=96&d=mm&r=g","caption":"Ivan"},"url":"https:\/\/www.noticiasfire.com.br\/es\/author\/ivan\/"}]}},"_links":{"self":[{"href":"https:\/\/www.noticiasfire.com.br\/es\/wp-json\/wp\/v2\/posts\/26213","targetHints":{"allow":["GET"]}}],"collection":[{"href":"https:\/\/www.noticiasfire.com.br\/es\/wp-json\/wp\/v2\/posts"}],"about":[{"href":"https:\/\/www.noticiasfire.com.br\/es\/wp-json\/wp\/v2\/types\/post"}],"author":[{"embeddable":true,"href":"https:\/\/www.noticiasfire.com.br\/es\/wp-json\/wp\/v2\/users\/3"}],"replies":[{"embeddable":true,"href":"https:\/\/www.noticiasfire.com.br\/es\/wp-json\/wp\/v2\/comments?post=26213"}],"version-history":[{"count":0,"href":"https:\/\/www.noticiasfire.com.br\/es\/wp-json\/wp\/v2\/posts\/26213\/revisions"}],"wp:featuredmedia":[{"embeddable":true,"href":"https:\/\/www.noticiasfire.com.br\/es\/wp-json\/wp\/v2\/media\/26214"}],"wp:attachment":[{"href":"https:\/\/www.noticiasfire.com.br\/es\/wp-json\/wp\/v2\/media?parent=26213"}],"wp:term":[{"taxonomy":"category","embeddable":true,"href":"https:\/\/www.noticiasfire.com.br\/es\/wp-json\/wp\/v2\/categories?post=26213"},{"taxonomy":"post_tag","embeddable":true,"href":"https:\/\/www.noticiasfire.com.br\/es\/wp-json\/wp\/v2\/tags?post=26213"}],"curies":[{"name":"wp","href":"https:\/\/api.w.org\/{rel}","templated":true}]}}