{"id":26615,"date":"2024-05-29T11:46:17","date_gmt":"2024-05-29T14:46:17","guid":{"rendered":"https:\/\/www.noticiasfire.com.br\/?p=26615"},"modified":"2024-05-29T11:46:17","modified_gmt":"2024-05-29T14:46:17","slug":"auxilio-brasil-jovem-mais-um-beneficio-para-o-brasileiro","status":"publish","type":"post","link":"https:\/\/www.noticiasfire.com.br\/es\/auxilio-brasil-jovem-mais-um-beneficio-para-o-brasileiro\/","title":{"rendered":"Ayuda Brasil Joven: otro beneficio para los brasile\u00f1os\u00a0"},"content":{"rendered":"<div data-elementor-type=\"wp-post\" data-elementor-id=\"26615\" class=\"elementor elementor-26615\" data-elementor-post-type=\"post\">\n\t\t\t\t\t\t<section class=\"elementor-section elementor-top-section elementor-element elementor-element-1910307 elementor-section-boxed elementor-section-height-default elementor-section-height-default\" data-id=\"1910307\" data-element_type=\"section\" data-e-type=\"section\">\n\t\t\t\t\t\t<div class=\"elementor-container elementor-column-gap-default\">\n\t\t\t\t\t<div class=\"elementor-column elementor-col-100 elementor-top-column elementor-element elementor-element-d659edb\" data-id=\"d659edb\" data-element_type=\"column\" data-e-type=\"column\">\n\t\t\t<div class=\"elementor-widget-wrap elementor-element-populated\">\n\t\t\t\t\t\t<div class=\"elementor-element elementor-element-72ff6c5 elementor-widget elementor-widget-text-editor\" data-id=\"72ff6c5\" data-element_type=\"widget\" data-e-type=\"widget\" data-widget_type=\"text-editor.default\">\n\t\t\t\t\t\t\t\t\t<p>O <b>Aux\u00edlio Brasil Jovem<\/b> \u00e9 uma iniciativa do <b>governo federal<\/b> destinada a apoiar jovens em situa\u00e7\u00e3o de vulnerabilidade social.\u00a0<\/p>\n<p>Este programa busca proporcionar melhores condi\u00e7\u00f5es de vida, oportunidades educacionais e inclus\u00e3o no mercado de trabalho.<\/p>\n<p>Com o objetivo de reduzir as desigualdades e promover o desenvolvimento integral dos jovens brasileiros, o <b>Aux\u00edlio Brasil Jovem<\/b> \u00e9 um passo fundamental na constru\u00e7\u00e3o de um futuro mais justo e equitativo.\u00a0<\/p>\n<h2 style=\"font-family: var(--td_default_google_font_2, 'Roboto', sans-serif);\">Benef\u00edcios do Aux\u00edlio Brasil Jovem\u00a0<\/h2>\n<p>En <b>beneficios<\/b> oferecidos pelo <b>Aux\u00edlio Brasil Jovem<\/b> s\u00e3o diversos e abrangem v\u00e1rias \u00e1reas importantes para o desenvolvimento dos jovens. Entre eles, destacam-se:<\/p>\n<p><span style=\"color: var(--td_text_color, #111111); font-family: var(--td_default_google_font_2, 'Roboto', sans-serif); font-size: 27px; background-color: var(--td_container_transparent, #ffffff);\">Apoio Financeiro\u00a0<\/span><\/p>\n<p>O <b>programa<\/b> proporciona um subs\u00eddio financeiro mensal para ajudar nas despesas b\u00e1sicas, como alimenta\u00e7\u00e3o, transporte e materiais escolares. Esse apoio \u00e9 crucial para garantir que os jovens possam se dedicar aos estudos sem a preocupa\u00e7\u00e3o constante com a falta de recursos financeiros.<\/p>\t\t\t\t\t\t\t\t<\/div>\n\t\t\t\t\t<\/div>\n\t\t<\/div>\n\t\t\t\t\t<\/div>\n\t\t<\/section>\n\t\t\t\t<section class=\"elementor-section elementor-top-section elementor-element elementor-element-ead97a5 elementor-section-boxed elementor-section-height-default elementor-section-height-default\" data-id=\"ead97a5\" data-element_type=\"section\" data-e-type=\"section\">\n\t\t\t\t\t\t<div class=\"elementor-container elementor-column-gap-default\">\n\t\t\t\t\t<div class=\"elementor-column elementor-col-100 elementor-top-column elementor-element elementor-element-3078a11\" data-id=\"3078a11\" data-element_type=\"column\" data-e-type=\"column\">\n\t\t\t<div class=\"elementor-widget-wrap elementor-element-populated\">\n\t\t\t\t\t\t<div class=\"elementor-element elementor-element-0b63606 elementor-widget-divider--view-line elementor-widget elementor-widget-divider\" data-id=\"0b63606\" data-element_type=\"widget\" data-e-type=\"widget\" data-widget_type=\"divider.default\">\n\t\t\t\t\t\t\t<div class=\"elementor-divider\">\n\t\t\t<span class=\"elementor-divider-separator\">\n\t\t\t\t\t\t<\/span>\n\t\t<\/div>\n\t\t\t\t\t\t<\/div>\n\t\t\t\t\t<\/div>\n\t\t<\/div>\n\t\t\t\t\t<\/div>\n\t\t<\/section>\n\t\t\t\t<section class=\"elementor-section elementor-top-section elementor-element elementor-element-d97c9c3 elementor-section-boxed elementor-section-height-default elementor-section-height-default\" data-id=\"d97c9c3\" data-element_type=\"section\" data-e-type=\"section\">\n\t\t\t\t\t\t<div class=\"elementor-container elementor-column-gap-default\">\n\t\t\t\t\t<div class=\"elementor-column elementor-col-100 elementor-top-column elementor-element elementor-element-9743dc7\" data-id=\"9743dc7\" data-element_type=\"column\" data-e-type=\"column\">\n\t\t\t<div class=\"elementor-widget-wrap elementor-element-populated\">\n\t\t\t\t\t\t<div class=\"elementor-element elementor-element-b181801 elementor-align-center elementor-widget elementor-widget-button\" data-id=\"b181801\" data-element_type=\"widget\" data-e-type=\"widget\" data-widget_type=\"button.default\">\n\t\t\t\t\t\t\t\t\t\t<a class=\"elementor-button elementor-button-link elementor-size-sm\" href=\"https:\/\/www.noticiasfire.com.br\/es\/auxilio-brasil-jovem-processo-de-inscricao\/\">\n\t\t\t\t\t\t<span class=\"elementor-button-content-wrapper\">\n\t\t\t\t\t\t\t\t\t<span class=\"elementor-button-text\">FAZER PARTE DO PROGRAMA<\/span>\n\t\t\t\t\t<\/span>\n\t\t\t\t\t<\/a>\n\t\t\t\t\t\t\t\t<\/div>\n\t\t\t\t\t<\/div>\n\t\t<\/div>\n\t\t\t\t\t<\/div>\n\t\t<\/section>\n\t\t\t\t<section class=\"elementor-section elementor-top-section elementor-element elementor-element-4d84398b elementor-section-boxed elementor-section-height-default elementor-section-height-default\" data-id=\"4d84398b\" data-element_type=\"section\" data-e-type=\"section\">\n\t\t\t\t\t\t<div class=\"elementor-container elementor-column-gap-default\">\n\t\t\t\t\t<div class=\"elementor-column elementor-col-100 elementor-top-column elementor-element elementor-element-5958a679\" data-id=\"5958a679\" data-element_type=\"column\" data-e-type=\"column\">\n\t\t\t<div class=\"elementor-widget-wrap elementor-element-populated\">\n\t\t\t\t\t\t<div class=\"elementor-element elementor-element-55bbb0 elementor-widget elementor-widget-text-editor\" data-id=\"55bbb0\" data-element_type=\"widget\" data-e-type=\"widget\" data-widget_type=\"text-editor.default\">\n\t\t\t\t\t\t\t\t\t<p><\/p>\n<h2>Acesso \u00e0 Educa\u00e7\u00e3o\u00a0<\/h2>\n<p><\/p>\n<p>A educa\u00e7\u00e3o \u00e9 um dos pilares do <b>Aux\u00edlio Brasil Jovem<\/b>. O programa oferece bolsas de estudo, acesso a cursos t\u00e9cnicos e profissionalizantes, al\u00e9m de programas de tutoria e mentoria. Isso permite que os jovens tenham a oportunidade de adquirir conhecimento e habilidades essenciais para ingressar no mercado de trabalho.\u00a0<\/p>\n<p><\/p>\n<h2>Inclus\u00e3o Digital\u00a0<\/h2>\n<p><\/p>\n<p>Com a crescente import\u00e2ncia da tecnologia no mundo atual, o programa tamb\u00e9m visa promover a inclus\u00e3o digital dos jovens. Isso inclui o fornecimento de equipamentos tecnol\u00f3gicos e acesso \u00e0 internet para que possam participar de aulas online, realizar pesquisas e se conectar com o mundo digital.\u00a0<\/p>\n<p><\/p>\n<h2>Sa\u00fade e Bem-Estar\u00a0<\/h2>\n<p><\/p>\n<p>O <b>Aux\u00edlio Brasil Jovem<\/b> tamb\u00e9m se preocupa com a sa\u00fade e bem-estar dos benefici\u00e1rios. O programa oferece assist\u00eancia m\u00e9dica, apoio psicol\u00f3gico e atividades esportivas para garantir que os jovens tenham uma vida saud\u00e1vel e equilibrada.\u00a0<\/p>\n<p><\/p>\n<h2>Inser\u00e7\u00e3o no Mercado de Trabalho\u00a0<\/h2>\n<p><\/p>\n<p>Um dos objetivos principais do <b>Aux\u00edlio Brasil Jovem <\/b>\u00e9 facilitar a inser\u00e7\u00e3o dos jovens no mercado de trabalho. Para isso, o programa promove parcerias com empresas, oferece cursos de capacita\u00e7\u00e3o profissional e programas de est\u00e1gio. Essas iniciativas s\u00e3o fundamentais para que os jovens possam adquirir experi\u00eancia pr\u00e1tica e aumentar suas chances de empregabilidade.\u00a0<\/p>\n<p><\/p>\n<h2>Como Funciona o Aux\u00edlio Brasil Jovem\u00a0<\/h2>\n<p><\/p>\n<p>Para participar en <b>Aux\u00edlio Brasil Jovem<\/b>, os interessados devem atender a alguns crit\u00e9rios de elegibilidade e seguir um processo de inscri\u00e7\u00e3o. Abaixo, explicamos como funciona cada etapa do programa:\u00a0<\/p>\n<p><\/p>\n<h2>Criterios de admisibilidad\u00a0<\/h2>\n<p><\/p>\n<h3>Para ser eleg\u00edvel ao Aux\u00edlio Brasil Jovem, o candidato deve:\u00a0<\/h3>\n<p><\/p>\n<p><strong>1- Ter entre 15 e 29 anos.\u00a0<\/strong><\/p>\n<p><strong><\/strong><\/p>\n<p><strong>2- Estar em situa\u00e7\u00e3o de vulnerabilidade social, comprovada por meio de documentos e cadastros oficiais.\u00a0<\/strong><\/p>\n<p><strong><\/strong><\/p>\n<p><strong>3- Estar matriculado em uma institui\u00e7\u00e3o de ensino regular ou em cursos t\u00e9cnicos\/profissionalizantes.\u00a0<\/strong><\/p>\n<p><\/p>\t\t\t\t\t\t\t\t<\/div>\n\t\t\t\t\t<\/div>\n\t\t<\/div>\n\t\t\t\t\t<\/div>\n\t\t<\/section>\n\t\t\t\t<section class=\"elementor-section elementor-top-section elementor-element elementor-element-e665159 elementor-section-boxed elementor-section-height-default elementor-section-height-default\" data-id=\"e665159\" data-element_type=\"section\" data-e-type=\"section\">\n\t\t\t\t\t\t<div class=\"elementor-container elementor-column-gap-default\">\n\t\t\t\t\t<div class=\"elementor-column elementor-col-100 elementor-top-column elementor-element elementor-element-76e48bf\" data-id=\"76e48bf\" data-element_type=\"column\" data-e-type=\"column\">\n\t\t\t<div class=\"elementor-widget-wrap elementor-element-populated\">\n\t\t\t\t\t\t<div class=\"elementor-element elementor-element-8655283 elementor-align-center elementor-widget elementor-widget-button\" data-id=\"8655283\" data-element_type=\"widget\" data-e-type=\"widget\" data-widget_type=\"button.default\">\n\t\t\t\t\t\t\t\t\t\t<a class=\"elementor-button elementor-button-link elementor-size-sm\" href=\"https:\/\/www.noticiasfire.com.br\/es\/auxilio-brasil-jovem-processo-de-inscricao\/\">\n\t\t\t\t\t\t<span class=\"elementor-button-content-wrapper\">\n\t\t\t\t\t\t\t\t\t<span class=\"elementor-button-text\">FAZER PARTE DO PROGRAMA<\/span>\n\t\t\t\t\t<\/span>\n\t\t\t\t\t<\/a>\n\t\t\t\t\t\t\t\t<\/div>\n\t\t\t\t\t<\/div>\n\t\t<\/div>\n\t\t\t\t\t<\/div>\n\t\t<\/section>\n\t\t\t\t<\/div>","protected":false},"excerpt":{"rendered":"<p>O Aux\u00edlio Brasil Jovem \u00e9 uma iniciativa do governo federal destinada a apoiar jovens em situa\u00e7\u00e3o de vulnerabilidade social.\u00a0 Este programa busca proporcionar melhores condi\u00e7\u00f5es de vida, oportunidades educacionais e inclus\u00e3o no mercado de trabalho. Com o objetivo de reduzir as desigualdades e promover o desenvolvimento integral dos jovens brasileiros, o Aux\u00edlio Brasil Jovem \u00e9 &#8230; <a title=\"Ayuda Brasil Joven: otro beneficio para los brasile\u00f1os\u00a0\" class=\"read-more\" href=\"https:\/\/www.noticiasfire.com.br\/es\/auxilio-brasil-jovem-mais-um-beneficio-para-o-brasileiro\/\" aria-label=\"Leer m\u00e1s sobre Aux\u00edlio Brasil Jovem: Mais um benef\u00edcio para o brasileiro\u00a0\">Leer m\u00e1s<\/a><\/p>","protected":false},"author":3,"featured_media":30107,"comment_status":"open","ping_status":"open","sticky":false,"template":"","format":"standard","meta":{"footnotes":""},"categories":[44],"tags":[],"class_list":["post-26615","post","type-post","status-publish","format-standard","has-post-thumbnail","hentry","category-noticias"],"yoast_head":"<!-- This site is optimized with the Yoast SEO plugin v27.4 - https:\/\/yoast.com\/product\/yoast-seo-wordpress\/ -->\n<title>Aux\u00edlio Brasil Jovem: Mais um benef\u00edcio para o brasileiro\u00a0 -<\/title>\n<meta name=\"robots\" content=\"index, follow, max-snippet:-1, max-image-preview:large, max-video-preview:-1\" \/>\n<link rel=\"canonical\" href=\"https:\/\/www.noticiasfire.com.br\/es\/auxilio-brasil-jovem-mais-um-beneficio-para-o-brasileiro\/\" \/>\n<meta property=\"og:locale\" content=\"es_MX\" \/>\n<meta property=\"og:type\" content=\"article\" \/>\n<meta property=\"og:title\" content=\"Aux\u00edlio Brasil Jovem: Mais um benef\u00edcio para o brasileiro\u00a0 -\" \/>\n<meta property=\"og:description\" content=\"O Aux\u00edlio Brasil Jovem \u00e9 uma iniciativa do governo federal destinada a apoiar jovens em situa\u00e7\u00e3o de vulnerabilidade social.\u00a0 Este programa busca proporcionar melhores condi\u00e7\u00f5es de vida, oportunidades educacionais e inclus\u00e3o no mercado de trabalho. Com o objetivo de reduzir as desigualdades e promover o desenvolvimento integral dos jovens brasileiros, o Aux\u00edlio Brasil Jovem \u00e9 ... Leer m\u00e1s\" \/>\n<meta property=\"og:url\" content=\"https:\/\/www.noticiasfire.com.br\/es\/auxilio-brasil-jovem-mais-um-beneficio-para-o-brasileiro\/\" \/>\n<meta property=\"article:published_time\" content=\"2024-05-29T14:46:17+00:00\" \/>\n<meta property=\"og:image\" content=\"https:\/\/www.noticiasfire.com.br\/wp-content\/uploads\/2024\/05\/d9941481-imagem-2024-02-28-151232506-768x402-1-2.webp\" \/>\n\t<meta property=\"og:image:width\" content=\"768\" \/>\n\t<meta property=\"og:image:height\" content=\"402\" \/>\n\t<meta property=\"og:image:type\" content=\"image\/webp\" \/>\n<meta name=\"author\" content=\"Ivan\" \/>\n<meta name=\"twitter:card\" content=\"summary_large_image\" \/>\n<meta name=\"twitter:label1\" content=\"Escrito por\" \/>\n\t<meta name=\"twitter:data1\" content=\"Ivan\" \/>\n\t<meta name=\"twitter:label2\" content=\"Tiempo de lectura\" \/>\n\t<meta name=\"twitter:data2\" content=\"3 minutos\" \/>\n<script type=\"application\/ld+json\" class=\"yoast-schema-graph\">{\"@context\":\"https:\\\/\\\/schema.org\",\"@graph\":[{\"@type\":\"Article\",\"@id\":\"https:\\\/\\\/www.noticiasfire.com.br\\\/auxilio-brasil-jovem-mais-um-beneficio-para-o-brasileiro\\\/#article\",\"isPartOf\":{\"@id\":\"https:\\\/\\\/www.noticiasfire.com.br\\\/auxilio-brasil-jovem-mais-um-beneficio-para-o-brasileiro\\\/\"},\"author\":{\"name\":\"Ivan\",\"@id\":\"https:\\\/\\\/www.noticiasfire.com.br\\\/#\\\/schema\\\/person\\\/6c064cf8d33f8b38900e936c385f48fd\"},\"headline\":\"Aux\u00edlio Brasil Jovem: Mais um benef\u00edcio para o brasileiro\u00a0\",\"datePublished\":\"2024-05-29T14:46:17+00:00\",\"mainEntityOfPage\":{\"@id\":\"https:\\\/\\\/www.noticiasfire.com.br\\\/auxilio-brasil-jovem-mais-um-beneficio-para-o-brasileiro\\\/\"},\"wordCount\":481,\"commentCount\":0,\"publisher\":{\"@id\":\"https:\\\/\\\/www.noticiasfire.com.br\\\/#organization\"},\"image\":{\"@id\":\"https:\\\/\\\/www.noticiasfire.com.br\\\/auxilio-brasil-jovem-mais-um-beneficio-para-o-brasileiro\\\/#primaryimage\"},\"thumbnailUrl\":\"https:\\\/\\\/www.noticiasfire.com.br\\\/wp-content\\\/uploads\\\/2024\\\/05\\\/d9941481-imagem-2024-02-28-151232506-768x402-1-2.webp\",\"articleSection\":[\"NOT\u00cdCIAS\"],\"inLanguage\":\"es\",\"potentialAction\":[{\"@type\":\"CommentAction\",\"name\":\"Comment\",\"target\":[\"https:\\\/\\\/www.noticiasfire.com.br\\\/auxilio-brasil-jovem-mais-um-beneficio-para-o-brasileiro\\\/#respond\"]}]},{\"@type\":\"WebPage\",\"@id\":\"https:\\\/\\\/www.noticiasfire.com.br\\\/auxilio-brasil-jovem-mais-um-beneficio-para-o-brasileiro\\\/\",\"url\":\"https:\\\/\\\/www.noticiasfire.com.br\\\/auxilio-brasil-jovem-mais-um-beneficio-para-o-brasileiro\\\/\",\"name\":\"Aux\u00edlio Brasil Jovem: Mais um benef\u00edcio para o brasileiro\u00a0 -\",\"isPartOf\":{\"@id\":\"https:\\\/\\\/www.noticiasfire.com.br\\\/#website\"},\"primaryImageOfPage\":{\"@id\":\"https:\\\/\\\/www.noticiasfire.com.br\\\/auxilio-brasil-jovem-mais-um-beneficio-para-o-brasileiro\\\/#primaryimage\"},\"image\":{\"@id\":\"https:\\\/\\\/www.noticiasfire.com.br\\\/auxilio-brasil-jovem-mais-um-beneficio-para-o-brasileiro\\\/#primaryimage\"},\"thumbnailUrl\":\"https:\\\/\\\/www.noticiasfire.com.br\\\/wp-content\\\/uploads\\\/2024\\\/05\\\/d9941481-imagem-2024-02-28-151232506-768x402-1-2.webp\",\"datePublished\":\"2024-05-29T14:46:17+00:00\",\"breadcrumb\":{\"@id\":\"https:\\\/\\\/www.noticiasfire.com.br\\\/auxilio-brasil-jovem-mais-um-beneficio-para-o-brasileiro\\\/#breadcrumb\"},\"inLanguage\":\"es\",\"potentialAction\":[{\"@type\":\"ReadAction\",\"target\":[\"https:\\\/\\\/www.noticiasfire.com.br\\\/auxilio-brasil-jovem-mais-um-beneficio-para-o-brasileiro\\\/\"]}]},{\"@type\":\"ImageObject\",\"inLanguage\":\"es\",\"@id\":\"https:\\\/\\\/www.noticiasfire.com.br\\\/auxilio-brasil-jovem-mais-um-beneficio-para-o-brasileiro\\\/#primaryimage\",\"url\":\"https:\\\/\\\/www.noticiasfire.com.br\\\/wp-content\\\/uploads\\\/2024\\\/05\\\/d9941481-imagem-2024-02-28-151232506-768x402-1-2.webp\",\"contentUrl\":\"https:\\\/\\\/www.noticiasfire.com.br\\\/wp-content\\\/uploads\\\/2024\\\/05\\\/d9941481-imagem-2024-02-28-151232506-768x402-1-2.webp\",\"width\":768,\"height\":402},{\"@type\":\"BreadcrumbList\",\"@id\":\"https:\\\/\\\/www.noticiasfire.com.br\\\/auxilio-brasil-jovem-mais-um-beneficio-para-o-brasileiro\\\/#breadcrumb\",\"itemListElement\":[{\"@type\":\"ListItem\",\"position\":1,\"name\":\"In\u00edcio\",\"item\":\"https:\\\/\\\/www.noticiasfire.com.br\\\/\"},{\"@type\":\"ListItem\",\"position\":2,\"name\":\"Aux\u00edlio Brasil Jovem: Mais um benef\u00edcio para o brasileiro\u00a0\"}]},{\"@type\":\"WebSite\",\"@id\":\"https:\\\/\\\/www.noticiasfire.com.br\\\/#website\",\"url\":\"https:\\\/\\\/www.noticiasfire.com.br\\\/\",\"name\":\"NoticiasFire\",\"description\":\"\",\"publisher\":{\"@id\":\"https:\\\/\\\/www.noticiasfire.com.br\\\/#organization\"},\"potentialAction\":[{\"@type\":\"SearchAction\",\"target\":{\"@type\":\"EntryPoint\",\"urlTemplate\":\"https:\\\/\\\/www.noticiasfire.com.br\\\/?s={search_term_string}\"},\"query-input\":{\"@type\":\"PropertyValueSpecification\",\"valueRequired\":true,\"valueName\":\"search_term_string\"}}],\"inLanguage\":\"es\"},{\"@type\":\"Organization\",\"@id\":\"https:\\\/\\\/www.noticiasfire.com.br\\\/#organization\",\"name\":\"NoticiasFire\",\"url\":\"https:\\\/\\\/www.noticiasfire.com.br\\\/\",\"logo\":{\"@type\":\"ImageObject\",\"inLanguage\":\"es\",\"@id\":\"https:\\\/\\\/www.noticiasfire.com.br\\\/#\\\/schema\\\/logo\\\/image\\\/\",\"url\":\"https:\\\/\\\/www.noticiasfire.com.br\\\/wp-content\\\/uploads\\\/2025\\\/08\\\/cropped-Captura_de_Tela_2025-08-13_as_20.34.29__1_-removebg-preview.png\",\"contentUrl\":\"https:\\\/\\\/www.noticiasfire.com.br\\\/wp-content\\\/uploads\\\/2025\\\/08\\\/cropped-Captura_de_Tela_2025-08-13_as_20.34.29__1_-removebg-preview.png\",\"width\":748,\"height\":286,\"caption\":\"NoticiasFire\"},\"image\":{\"@id\":\"https:\\\/\\\/www.noticiasfire.com.br\\\/#\\\/schema\\\/logo\\\/image\\\/\"}},{\"@type\":\"Person\",\"@id\":\"https:\\\/\\\/www.noticiasfire.com.br\\\/#\\\/schema\\\/person\\\/6c064cf8d33f8b38900e936c385f48fd\",\"name\":\"Ivan\",\"image\":{\"@type\":\"ImageObject\",\"inLanguage\":\"es\",\"@id\":\"https:\\\/\\\/secure.gravatar.com\\\/avatar\\\/18077698a88c2ad528c924a301adab662f075719c95fb1dec6f0b51902ebf647?s=96&d=mm&r=g\",\"url\":\"https:\\\/\\\/secure.gravatar.com\\\/avatar\\\/18077698a88c2ad528c924a301adab662f075719c95fb1dec6f0b51902ebf647?s=96&d=mm&r=g\",\"contentUrl\":\"https:\\\/\\\/secure.gravatar.com\\\/avatar\\\/18077698a88c2ad528c924a301adab662f075719c95fb1dec6f0b51902ebf647?s=96&d=mm&r=g\",\"caption\":\"Ivan\"},\"url\":\"https:\\\/\\\/www.noticiasfire.com.br\\\/es\\\/author\\\/ivan\\\/\"}]}<\/script>\n<!-- \/ Yoast SEO plugin. -->","yoast_head_json":{"title":"Aux\u00edlio Brasil Jovem: Mais um benef\u00edcio para o brasileiro\u00a0 -","robots":{"index":"index","follow":"follow","max-snippet":"max-snippet:-1","max-image-preview":"max-image-preview:large","max-video-preview":"max-video-preview:-1"},"canonical":"https:\/\/www.noticiasfire.com.br\/es\/auxilio-brasil-jovem-mais-um-beneficio-para-o-brasileiro\/","og_locale":"es_MX","og_type":"article","og_title":"Aux\u00edlio Brasil Jovem: Mais um benef\u00edcio para o brasileiro\u00a0 -","og_description":"O Aux\u00edlio Brasil Jovem \u00e9 uma iniciativa do governo federal destinada a apoiar jovens em situa\u00e7\u00e3o de vulnerabilidade social.\u00a0 Este programa busca proporcionar melhores condi\u00e7\u00f5es de vida, oportunidades educacionais e inclus\u00e3o no mercado de trabalho. Com o objetivo de reduzir as desigualdades e promover o desenvolvimento integral dos jovens brasileiros, o Aux\u00edlio Brasil Jovem \u00e9 ... Leer m\u00e1s","og_url":"https:\/\/www.noticiasfire.com.br\/es\/auxilio-brasil-jovem-mais-um-beneficio-para-o-brasileiro\/","article_published_time":"2024-05-29T14:46:17+00:00","og_image":[{"width":768,"height":402,"url":"https:\/\/www.noticiasfire.com.br\/wp-content\/uploads\/2024\/05\/d9941481-imagem-2024-02-28-151232506-768x402-1-2.webp","type":"image\/webp"}],"author":"Ivan","twitter_card":"summary_large_image","twitter_misc":{"Escrito por":"Ivan","Tiempo de lectura":"3 minutos"},"schema":{"@context":"https:\/\/schema.org","@graph":[{"@type":"Article","@id":"https:\/\/www.noticiasfire.com.br\/auxilio-brasil-jovem-mais-um-beneficio-para-o-brasileiro\/#article","isPartOf":{"@id":"https:\/\/www.noticiasfire.com.br\/auxilio-brasil-jovem-mais-um-beneficio-para-o-brasileiro\/"},"author":{"name":"Ivan","@id":"https:\/\/www.noticiasfire.com.br\/#\/schema\/person\/6c064cf8d33f8b38900e936c385f48fd"},"headline":"Aux\u00edlio Brasil Jovem: Mais um benef\u00edcio para o brasileiro\u00a0","datePublished":"2024-05-29T14:46:17+00:00","mainEntityOfPage":{"@id":"https:\/\/www.noticiasfire.com.br\/auxilio-brasil-jovem-mais-um-beneficio-para-o-brasileiro\/"},"wordCount":481,"commentCount":0,"publisher":{"@id":"https:\/\/www.noticiasfire.com.br\/#organization"},"image":{"@id":"https:\/\/www.noticiasfire.com.br\/auxilio-brasil-jovem-mais-um-beneficio-para-o-brasileiro\/#primaryimage"},"thumbnailUrl":"https:\/\/www.noticiasfire.com.br\/wp-content\/uploads\/2024\/05\/d9941481-imagem-2024-02-28-151232506-768x402-1-2.webp","articleSection":["NOT\u00cdCIAS"],"inLanguage":"es","potentialAction":[{"@type":"CommentAction","name":"Comment","target":["https:\/\/www.noticiasfire.com.br\/auxilio-brasil-jovem-mais-um-beneficio-para-o-brasileiro\/#respond"]}]},{"@type":"WebPage","@id":"https:\/\/www.noticiasfire.com.br\/auxilio-brasil-jovem-mais-um-beneficio-para-o-brasileiro\/","url":"https:\/\/www.noticiasfire.com.br\/auxilio-brasil-jovem-mais-um-beneficio-para-o-brasileiro\/","name":"Aux\u00edlio Brasil Jovem: Mais um benef\u00edcio para o brasileiro\u00a0 -","isPartOf":{"@id":"https:\/\/www.noticiasfire.com.br\/#website"},"primaryImageOfPage":{"@id":"https:\/\/www.noticiasfire.com.br\/auxilio-brasil-jovem-mais-um-beneficio-para-o-brasileiro\/#primaryimage"},"image":{"@id":"https:\/\/www.noticiasfire.com.br\/auxilio-brasil-jovem-mais-um-beneficio-para-o-brasileiro\/#primaryimage"},"thumbnailUrl":"https:\/\/www.noticiasfire.com.br\/wp-content\/uploads\/2024\/05\/d9941481-imagem-2024-02-28-151232506-768x402-1-2.webp","datePublished":"2024-05-29T14:46:17+00:00","breadcrumb":{"@id":"https:\/\/www.noticiasfire.com.br\/auxilio-brasil-jovem-mais-um-beneficio-para-o-brasileiro\/#breadcrumb"},"inLanguage":"es","potentialAction":[{"@type":"ReadAction","target":["https:\/\/www.noticiasfire.com.br\/auxilio-brasil-jovem-mais-um-beneficio-para-o-brasileiro\/"]}]},{"@type":"ImageObject","inLanguage":"es","@id":"https:\/\/www.noticiasfire.com.br\/auxilio-brasil-jovem-mais-um-beneficio-para-o-brasileiro\/#primaryimage","url":"https:\/\/www.noticiasfire.com.br\/wp-content\/uploads\/2024\/05\/d9941481-imagem-2024-02-28-151232506-768x402-1-2.webp","contentUrl":"https:\/\/www.noticiasfire.com.br\/wp-content\/uploads\/2024\/05\/d9941481-imagem-2024-02-28-151232506-768x402-1-2.webp","width":768,"height":402},{"@type":"BreadcrumbList","@id":"https:\/\/www.noticiasfire.com.br\/auxilio-brasil-jovem-mais-um-beneficio-para-o-brasileiro\/#breadcrumb","itemListElement":[{"@type":"ListItem","position":1,"name":"In\u00edcio","item":"https:\/\/www.noticiasfire.com.br\/"},{"@type":"ListItem","position":2,"name":"Aux\u00edlio Brasil Jovem: Mais um benef\u00edcio para o brasileiro\u00a0"}]},{"@type":"WebSite","@id":"https:\/\/www.noticiasfire.com.br\/#website","url":"https:\/\/www.noticiasfire.com.br\/","name":"NoticiasFire","description":"","publisher":{"@id":"https:\/\/www.noticiasfire.com.br\/#organization"},"potentialAction":[{"@type":"SearchAction","target":{"@type":"EntryPoint","urlTemplate":"https:\/\/www.noticiasfire.com.br\/?s={search_term_string}"},"query-input":{"@type":"PropertyValueSpecification","valueRequired":true,"valueName":"search_term_string"}}],"inLanguage":"es"},{"@type":"Organization","@id":"https:\/\/www.noticiasfire.com.br\/#organization","name":"NoticiasFire","url":"https:\/\/www.noticiasfire.com.br\/","logo":{"@type":"ImageObject","inLanguage":"es","@id":"https:\/\/www.noticiasfire.com.br\/#\/schema\/logo\/image\/","url":"https:\/\/www.noticiasfire.com.br\/wp-content\/uploads\/2025\/08\/cropped-Captura_de_Tela_2025-08-13_as_20.34.29__1_-removebg-preview.png","contentUrl":"https:\/\/www.noticiasfire.com.br\/wp-content\/uploads\/2025\/08\/cropped-Captura_de_Tela_2025-08-13_as_20.34.29__1_-removebg-preview.png","width":748,"height":286,"caption":"NoticiasFire"},"image":{"@id":"https:\/\/www.noticiasfire.com.br\/#\/schema\/logo\/image\/"}},{"@type":"Person","@id":"https:\/\/www.noticiasfire.com.br\/#\/schema\/person\/6c064cf8d33f8b38900e936c385f48fd","name":"Ivan","image":{"@type":"ImageObject","inLanguage":"es","@id":"https:\/\/secure.gravatar.com\/avatar\/18077698a88c2ad528c924a301adab662f075719c95fb1dec6f0b51902ebf647?s=96&d=mm&r=g","url":"https:\/\/secure.gravatar.com\/avatar\/18077698a88c2ad528c924a301adab662f075719c95fb1dec6f0b51902ebf647?s=96&d=mm&r=g","contentUrl":"https:\/\/secure.gravatar.com\/avatar\/18077698a88c2ad528c924a301adab662f075719c95fb1dec6f0b51902ebf647?s=96&d=mm&r=g","caption":"Ivan"},"url":"https:\/\/www.noticiasfire.com.br\/es\/author\/ivan\/"}]}},"_links":{"self":[{"href":"https:\/\/www.noticiasfire.com.br\/es\/wp-json\/wp\/v2\/posts\/26615","targetHints":{"allow":["GET"]}}],"collection":[{"href":"https:\/\/www.noticiasfire.com.br\/es\/wp-json\/wp\/v2\/posts"}],"about":[{"href":"https:\/\/www.noticiasfire.com.br\/es\/wp-json\/wp\/v2\/types\/post"}],"author":[{"embeddable":true,"href":"https:\/\/www.noticiasfire.com.br\/es\/wp-json\/wp\/v2\/users\/3"}],"replies":[{"embeddable":true,"href":"https:\/\/www.noticiasfire.com.br\/es\/wp-json\/wp\/v2\/comments?post=26615"}],"version-history":[{"count":0,"href":"https:\/\/www.noticiasfire.com.br\/es\/wp-json\/wp\/v2\/posts\/26615\/revisions"}],"wp:featuredmedia":[{"embeddable":true,"href":"https:\/\/www.noticiasfire.com.br\/es\/wp-json\/wp\/v2\/media\/30107"}],"wp:attachment":[{"href":"https:\/\/www.noticiasfire.com.br\/es\/wp-json\/wp\/v2\/media?parent=26615"}],"wp:term":[{"taxonomy":"category","embeddable":true,"href":"https:\/\/www.noticiasfire.com.br\/es\/wp-json\/wp\/v2\/categories?post=26615"},{"taxonomy":"post_tag","embeddable":true,"href":"https:\/\/www.noticiasfire.com.br\/es\/wp-json\/wp\/v2\/tags?post=26615"}],"curies":[{"name":"wp","href":"https:\/\/api.w.org\/{rel}","templated":true}]}}