{"id":2826,"date":"2023-02-25T14:07:49","date_gmt":"2023-02-25T17:07:49","guid":{"rendered":"https:\/\/www.noticiasfire.com.br\/?p=2826"},"modified":"2023-02-25T14:07:49","modified_gmt":"2023-02-25T17:07:49","slug":"emprestimo-serasa-para-negativado","status":"publish","type":"post","link":"https:\/\/www.noticiasfire.com.br\/es\/emprestimo-serasa-para-negativado\/","title":{"rendered":"Empr\u00e9stimo Serasa para Negativado"},"content":{"rendered":"<div data-elementor-type=\"wp-post\" data-elementor-id=\"2826\" class=\"elementor elementor-2826\" data-elementor-post-type=\"post\">\n\t\t\t\t\t\t<section class=\"elementor-section elementor-top-section elementor-element elementor-element-0b19d11 elementor-section-boxed elementor-section-height-default elementor-section-height-default\" data-id=\"0b19d11\" data-element_type=\"section\" data-e-type=\"section\">\n\t\t\t\t\t\t<div class=\"elementor-container elementor-column-gap-default\">\n\t\t\t\t\t<div class=\"elementor-column elementor-col-100 elementor-top-column elementor-element elementor-element-53f36b5\" data-id=\"53f36b5\" data-element_type=\"column\" data-e-type=\"column\">\n\t\t\t<div class=\"elementor-widget-wrap elementor-element-populated\">\n\t\t\t\t\t\t<div class=\"elementor-element elementor-element-cc3ca32 elementor-widget elementor-widget-text-editor\" data-id=\"cc3ca32\" data-element_type=\"widget\" data-e-type=\"widget\" data-widget_type=\"text-editor.default\">\n\t\t\t\t\t\t\t\t\t<p>Algumas institui\u00e7\u00f5es financeiras especializadas nesse tipo de <strong>pr\u00e9stamo<\/strong> atendem as pessoas com <strong>restri\u00e7\u00e3o no CP<\/strong>F por meio de um site que verifica os principais dados dos brasileiros.<\/p><p>Ter um<strong> nome sujo ou ser negativado<\/strong> pode ser uma das dificuldades para pedir um empr\u00e9stimo e obter novas formas de cr\u00e9dito.<\/p>\t\t\t\t\t\t\t\t<\/div>\n\t\t\t\t\t<\/div>\n\t\t<\/div>\n\t\t\t\t\t<\/div>\n\t\t<\/section>\n\t\t\t\t<section class=\"elementor-section elementor-top-section elementor-element elementor-element-ecdab19 elementor-section-boxed elementor-section-height-default elementor-section-height-default\" data-id=\"ecdab19\" data-element_type=\"section\" data-e-type=\"section\">\n\t\t\t\t\t\t<div class=\"elementor-container elementor-column-gap-default\">\n\t\t\t\t\t<div class=\"elementor-column elementor-col-100 elementor-top-column elementor-element elementor-element-6fbf1c4\" data-id=\"6fbf1c4\" data-element_type=\"column\" data-e-type=\"column\">\n\t\t\t<div class=\"elementor-widget-wrap elementor-element-populated\">\n\t\t\t\t\t\t<div class=\"elementor-element elementor-element-5e6979b elementor-cta--skin-classic elementor-animated-content elementor-bg-transform elementor-bg-transform-zoom-in elementor-widget elementor-widget-call-to-action\" data-id=\"5e6979b\" data-element_type=\"widget\" data-e-type=\"widget\" data-widget_type=\"call-to-action.default\">\n\t\t\t\t\t\t\t<a class=\"elementor-cta\" href=\"https:\/\/www.noticiasfire.com.br\/es\/solicite-um-emprestimo-da-serasa\/\">\n\t\t\t\t\t<div class=\"elementor-cta__bg-wrapper\">\n\t\t\t\t<div class=\"elementor-cta__bg elementor-bg\" style=\"background-image: url(https:\/\/www.noticiasfire.com.br\/wp-content\/uploads\/2021\/12\/SERASA-8-1024x576.jpg);\" role=\"img\" aria-label=\"Pr\u00e9stamos de carnet o boleto\"><\/div>\n\t\t\t\t<div class=\"elementor-cta__bg-overlay\"><\/div>\n\t\t\t<\/div>\n\t\t\t\t\t\t\t<div class=\"elementor-cta__content\">\n\t\t\t\t\n\t\t\t\t\t\t\t\t\t<h2 class=\"elementor-cta__title elementor-cta__content-item elementor-content-item\">\n\t\t\t\t\t\tEmpr\u00e9stimo para negativado \t\t\t\t\t<\/h2>\n\t\t\t\t\n\t\t\t\t\t\t\t\t\t<div class=\"elementor-cta__description elementor-cta__content-item elementor-content-item\">\n\t\t\t\t\t\tFa\u00e7a seu cadastro e consiga seu empr\u00e9stimo\t\t\t\t\t<\/div>\n\t\t\t\t\n\t\t\t\t\t\t\t\t\t<div class=\"elementor-cta__button-wrapper elementor-cta__content-item elementor-content-item\">\n\t\t\t\t\t<span class=\"elementor-cta__button elementor-button elementor-size-\">\n\t\t\t\t\t\t\ud83d\udc49MAIS DETALHES\ud83d\udc48\t\t\t\t\t<\/span>\n\t\t\t\t\t<\/div>\n\t\t\t\t\t\t\t<\/div>\n\t\t\t\t\t\t<\/a>\n\t\t\t\t\t\t<\/div>\n\t\t\t\t\t<\/div>\n\t\t<\/div>\n\t\t\t\t\t<\/div>\n\t\t<\/section>\n\t\t\t\t<section class=\"elementor-section elementor-top-section elementor-element elementor-element-2f1bf77 elementor-section-boxed elementor-section-height-default elementor-section-height-default\" data-id=\"2f1bf77\" data-element_type=\"section\" data-e-type=\"section\">\n\t\t\t\t\t\t<div class=\"elementor-container elementor-column-gap-default\">\n\t\t\t\t\t<div class=\"elementor-column elementor-col-100 elementor-top-column elementor-element elementor-element-1e1635d\" data-id=\"1e1635d\" data-element_type=\"column\" data-e-type=\"column\">\n\t\t\t<div class=\"elementor-widget-wrap elementor-element-populated\">\n\t\t\t\t\t\t<div class=\"elementor-element elementor-element-ace4801 elementor-widget elementor-widget-text-editor\" data-id=\"ace4801\" data-element_type=\"widget\" data-e-type=\"widget\" data-widget_type=\"text-editor.default\">\n\t\t\t\t\t\t\t\t\t<p>No entanto, o<strong>\u00a0empr\u00e9stimo negativado<\/strong>\u00a0est\u00e1 dispon\u00edvel para quem o quiser!<\/p><p>As institui\u00e7\u00f5es financeiras especializadas nesse tipo de empr\u00e9stimo atendem as pessoas com restri\u00e7\u00e3o no CPF.<\/p><p>Essa ajuda consiste em oferecer dinheiro extra \u00e0s pessoas endividadas para regularizarem seu nome.<\/p><p>Empr\u00e9stimos para negativados s\u00e3o linhas de cr\u00e9dito denominadas empr\u00e9stimos que as institui\u00e7\u00f5es financeiras disponibilizam para quem est\u00e1 inadimplente ou tem nome no SPC \/ SERASA.<\/p><h2>Como obter um empr\u00e9stimo online para negativado?<\/h2><p>Pesquisando muito! No <strong>Serasa eCred<\/strong> voc\u00ea encontra diversas empresas com diferentes ofertas de cr\u00e9dito para negativados. Portanto, pesquise e escolha o melhor.<\/p><p>Obtenha acesso gratuito ao <strong>Serasa eCred<\/strong> e fa\u00e7a uma simula\u00e7\u00e3o de empr\u00e9stimo;<\/p><p>Compare as taxas de juros, CET, taxas e muito mais;<\/p><p>Escolha a melhor oferta de empr\u00e9stimo e anexe os documentos necess\u00e1rios.<\/p><p>Ap\u00f3s solicitar um empr\u00e9stimo, aguarde a resposta da empresa. Se aprovado, o valor solicitado ir\u00e1 diretamente para sua conta corrente.<\/p><p>Voc\u00ea tamb\u00e9m n\u00e3o pode esquecer de usar seu dinheiro para renegociar sua d\u00edvida, certo?<\/p><h2>E se n\u00e3o houver oferta do Serasa eCred para mim?<\/h2><p>Se voc\u00ea n\u00e3o conseguir encontrar op\u00e7\u00f5es de cr\u00e9dito, simule diferentes condi\u00e7\u00f5es e valores de pagamento.<\/p><p>Por exemplo: se voc\u00ea tem uma d\u00edvida, tente escolher aquela com manos juros para que possa quitar o mais r\u00e1pido poss\u00edvel.<\/p><p>N\u00e3o se esque\u00e7a de negociar com o credor para obter um desconto para quitar o valor devido isso \u00e9 muito importante pois diminui em muito os juros.<\/p><h2>Normalmente, os maiores descontos s\u00e3o dados para quem paga \u00e0 vista<\/h2><p>Depois de saldar a primeira d\u00edvida, suas chances de conseguir um novo empr\u00e9stimo para saldar a pr\u00f3xima d\u00edvida aumentam.<\/p><h2>Minha pontua\u00e7\u00e3o do Serasa afetar\u00e1 seu tempo de aprova\u00e7\u00e3o de cr\u00e9dito pessoal?<\/h2><p>Todas as empresas t\u00eam regras e diretrizes internas em vigor ao emitir ou negar um pedido de empr\u00e9stimo online.<\/p><p>Um empr\u00e9stimo pessoal, em particular, cont\u00e9m muitas informa\u00e7\u00f5es que podem ser qualificadas para aprova\u00e7\u00e3o. Um deles pode ser a pontua\u00e7\u00e3o do Serasa.<\/p><p>Sua pontua\u00e7\u00e3o \u00e9 apenas uma das muitas informa\u00e7\u00f5es que podem ser analisadas para aprovar um pedido de empr\u00e9stimo.<\/p><p>A empresa \u00e9 totalmente respons\u00e1vel pela decis\u00e3o de oferecer um empr\u00e9stimo pessoal.<\/p><p>Insira os dados corretos na simula\u00e7\u00e3o de empr\u00e9stimo: os bancos e empresas financeiras realizam uma an\u00e1lise completa antes de aprovar o empr\u00e9stimo para negativado. Cuidado ao enviar documentos! Se as informa\u00e7\u00f5es do empr\u00e9stimo de simula\u00e7\u00e3o n\u00e3o corresponderem aos documentos, o pedido poder\u00e1 ser rejeitado.<\/p><p>Muito mais do que taxas de juros &#8211; Muitos consumidores se esquecem de avaliar o C.E.T (Custo Efetivo Total) antes de entrar em um contrato de empr\u00e9stimo com os mutu\u00e1rios. A CET tem todas as taxas, encargos e taxas que voc\u00ea deve pagar, incluindo juros. Portanto, ao escolher a oferta perfeita, compare o C.E.T., a taxa de juros e o valor da taxa.<\/p><p>Negocie sua d\u00edvida: Quando voc\u00ea paga sua d\u00edvida parcelada, voc\u00ea deve se responsabilizar pelo parcelamento que vai para o seu bolso. N\u00e3o aceite o contrato sem a garantia de que vai cumprir os termos, ok?<\/p><h2>Como pedir um empr\u00e9stimo?<\/h2><p>Quer se candidatar a um empr\u00e9stimo do Serasa? Clique no bot\u00e3o abaixo e descubra todas as informa\u00e7\u00f5es e como fazer o pedido.<\/p>\t\t\t\t\t\t\t\t<\/div>\n\t\t\t\t<div class=\"elementor-element elementor-element-ae0b6c2 elementor-align-justify elementor-widget elementor-widget-button\" data-id=\"ae0b6c2\" data-element_type=\"widget\" data-e-type=\"widget\" data-widget_type=\"button.default\">\n\t\t\t\t\t\t\t\t\t\t<a class=\"elementor-button elementor-button-link elementor-size-xl\" href=\"https:\/\/www.noticiasfire.com.br\/es\/solicite-um-emprestimo-da-serasa\/\">\n\t\t\t\t\t\t<span class=\"elementor-button-content-wrapper\">\n\t\t\t\t\t\t\t\t\t<span class=\"elementor-button-text\">SABER M\u00c1S<\/span>\n\t\t\t\t\t<\/span>\n\t\t\t\t\t<\/a>\n\t\t\t\t\t\t\t\t<\/div>\n\t\t\t\t<div class=\"elementor-element elementor-element-caf54b2 elementor-widget elementor-widget-text-editor\" data-id=\"caf54b2\" data-element_type=\"widget\" data-e-type=\"widget\" data-widget_type=\"text-editor.default\">\n\t\t\t\t\t\t\t\t\t<p>*Fuente de b\u00fasqueda: <a href=\"https:\/\/www.serasa.com.br\/ecred\/emprestimo-para-negativado\/\"><span style=\"text-decoration: underline;\">serasa<\/span><\/a><\/p>\t\t\t\t\t\t\t\t<\/div>\n\t\t\t\t\t<\/div>\n\t\t<\/div>\n\t\t\t\t\t<\/div>\n\t\t<\/section>\n\t\t\t\t<\/div>","protected":false},"excerpt":{"rendered":"<p>Algumas institui\u00e7\u00f5es financeiras especializadas nesse tipo de empr\u00e9stimo atendem as pessoas com restri\u00e7\u00e3o no CPF por meio de um site que verifica os principais dados dos brasileiros. Ter um nome sujo ou ser negativado pode ser uma das dificuldades para pedir um empr\u00e9stimo e obter novas formas de cr\u00e9dito. Empr\u00e9stimo para negativado Fa\u00e7a seu cadastro &#8230; <a title=\"Empr\u00e9stimo Serasa para Negativado\" class=\"read-more\" href=\"https:\/\/www.noticiasfire.com.br\/es\/emprestimo-serasa-para-negativado\/\" aria-label=\"Leer m\u00e1s sobre Empr\u00e9stimo Serasa para Negativado\">Leer m\u00e1s<\/a><\/p>","protected":false},"author":3,"featured_media":29986,"comment_status":"open","ping_status":"open","sticky":false,"template":"","format":"standard","meta":{"footnotes":""},"categories":[28],"tags":[],"class_list":["post-2826","post","type-post","status-publish","format-standard","has-post-thumbnail","hentry","category-emprestimo"],"yoast_head":"<!-- This site is optimized with the Yoast SEO plugin v27.4 - https:\/\/yoast.com\/product\/yoast-seo-wordpress\/ -->\n<title>Empr\u00e9stimo Serasa para Negativado -<\/title>\n<meta name=\"description\" content=\"Conhe\u00e7a Empr\u00e9stimo Serasa para Negativado Financeiras especializadas em empr\u00e9stimo atendem as pessoas com restri\u00e7\u00e3o no CPF.\" \/>\n<meta name=\"robots\" content=\"index, follow, max-snippet:-1, max-image-preview:large, max-video-preview:-1\" \/>\n<link rel=\"canonical\" href=\"https:\/\/www.serasa.com.br\/ecred\/emprestimo-para-negativado\/\" \/>\n<meta property=\"og:locale\" content=\"es_MX\" \/>\n<meta property=\"og:type\" content=\"article\" \/>\n<meta property=\"og:title\" content=\"Empr\u00e9stimo Serasa para Negativado -\" \/>\n<meta property=\"og:description\" content=\"Conhe\u00e7a Empr\u00e9stimo Serasa para Negativado Financeiras especializadas em empr\u00e9stimo atendem as pessoas com restri\u00e7\u00e3o no CPF.\" \/>\n<meta property=\"og:url\" content=\"https:\/\/www.serasa.com.br\/ecred\/emprestimo-para-negativado\/\" \/>\n<meta property=\"article:published_time\" content=\"2023-02-25T17:07:49+00:00\" \/>\n<meta property=\"og:image\" content=\"https:\/\/www.noticiasfire.com.br\/wp-content\/uploads\/2021\/12\/PIKI2-1-2.jpg\" \/>\n\t<meta property=\"og:image:width\" content=\"1280\" \/>\n\t<meta property=\"og:image:height\" content=\"720\" \/>\n\t<meta property=\"og:image:type\" content=\"image\/jpeg\" \/>\n<meta name=\"author\" content=\"Ivan\" \/>\n<meta name=\"twitter:card\" content=\"summary_large_image\" \/>\n<meta name=\"twitter:label1\" content=\"Escrito por\" \/>\n\t<meta name=\"twitter:data1\" content=\"Ivan\" \/>\n\t<meta name=\"twitter:label2\" content=\"Tiempo de lectura\" \/>\n\t<meta name=\"twitter:data2\" content=\"4 minutos\" \/>\n<script type=\"application\/ld+json\" class=\"yoast-schema-graph\">{\"@context\":\"https:\\\/\\\/schema.org\",\"@graph\":[{\"@type\":\"Article\",\"@id\":\"https:\\\/\\\/www.serasa.com.br\\\/ecred\\\/emprestimo-para-negativado\\\/#article\",\"isPartOf\":{\"@id\":\"https:\\\/\\\/www.noticiasfire.com.br\\\/emprestimo-serasa-para-negativado\\\/\"},\"author\":{\"name\":\"Ivan\",\"@id\":\"https:\\\/\\\/www.noticiasfire.com.br\\\/#\\\/schema\\\/person\\\/6c064cf8d33f8b38900e936c385f48fd\"},\"headline\":\"Empr\u00e9stimo Serasa para Negativado\",\"datePublished\":\"2023-02-25T17:07:49+00:00\",\"mainEntityOfPage\":{\"@id\":\"https:\\\/\\\/www.noticiasfire.com.br\\\/emprestimo-serasa-para-negativado\\\/\"},\"wordCount\":664,\"commentCount\":0,\"publisher\":{\"@id\":\"https:\\\/\\\/www.noticiasfire.com.br\\\/#organization\"},\"image\":{\"@id\":\"https:\\\/\\\/www.serasa.com.br\\\/ecred\\\/emprestimo-para-negativado\\\/#primaryimage\"},\"thumbnailUrl\":\"https:\\\/\\\/www.noticiasfire.com.br\\\/wp-content\\\/uploads\\\/2021\\\/12\\\/PIKI2-1-2.jpg\",\"articleSection\":[\"EMPR\u00c9STIMO\"],\"inLanguage\":\"es\",\"potentialAction\":[{\"@type\":\"CommentAction\",\"name\":\"Comment\",\"target\":[\"https:\\\/\\\/www.serasa.com.br\\\/ecred\\\/emprestimo-para-negativado\\\/#respond\"]}]},{\"@type\":\"WebPage\",\"@id\":\"https:\\\/\\\/www.noticiasfire.com.br\\\/emprestimo-serasa-para-negativado\\\/\",\"url\":\"https:\\\/\\\/www.serasa.com.br\\\/ecred\\\/emprestimo-para-negativado\\\/\",\"name\":\"Empr\u00e9stimo Serasa para Negativado -\",\"isPartOf\":{\"@id\":\"https:\\\/\\\/www.noticiasfire.com.br\\\/#website\"},\"primaryImageOfPage\":{\"@id\":\"https:\\\/\\\/www.serasa.com.br\\\/ecred\\\/emprestimo-para-negativado\\\/#primaryimage\"},\"image\":{\"@id\":\"https:\\\/\\\/www.serasa.com.br\\\/ecred\\\/emprestimo-para-negativado\\\/#primaryimage\"},\"thumbnailUrl\":\"https:\\\/\\\/www.noticiasfire.com.br\\\/wp-content\\\/uploads\\\/2021\\\/12\\\/PIKI2-1-2.jpg\",\"datePublished\":\"2023-02-25T17:07:49+00:00\",\"description\":\"Conhe\u00e7a Empr\u00e9stimo Serasa para Negativado Financeiras especializadas em empr\u00e9stimo atendem as pessoas com restri\u00e7\u00e3o no CPF.\",\"breadcrumb\":{\"@id\":\"https:\\\/\\\/www.serasa.com.br\\\/ecred\\\/emprestimo-para-negativado\\\/#breadcrumb\"},\"inLanguage\":\"es\",\"potentialAction\":[{\"@type\":\"ReadAction\",\"target\":[\"https:\\\/\\\/www.serasa.com.br\\\/ecred\\\/emprestimo-para-negativado\\\/\"]}]},{\"@type\":\"ImageObject\",\"inLanguage\":\"es\",\"@id\":\"https:\\\/\\\/www.serasa.com.br\\\/ecred\\\/emprestimo-para-negativado\\\/#primaryimage\",\"url\":\"https:\\\/\\\/www.noticiasfire.com.br\\\/wp-content\\\/uploads\\\/2021\\\/12\\\/PIKI2-1-2.jpg\",\"contentUrl\":\"https:\\\/\\\/www.noticiasfire.com.br\\\/wp-content\\\/uploads\\\/2021\\\/12\\\/PIKI2-1-2.jpg\",\"width\":1280,\"height\":720},{\"@type\":\"BreadcrumbList\",\"@id\":\"https:\\\/\\\/www.serasa.com.br\\\/ecred\\\/emprestimo-para-negativado\\\/#breadcrumb\",\"itemListElement\":[{\"@type\":\"ListItem\",\"position\":1,\"name\":\"In\u00edcio\",\"item\":\"https:\\\/\\\/www.noticiasfire.com.br\\\/\"},{\"@type\":\"ListItem\",\"position\":2,\"name\":\"Empr\u00e9stimo Serasa para Negativado\"}]},{\"@type\":\"WebSite\",\"@id\":\"https:\\\/\\\/www.noticiasfire.com.br\\\/#website\",\"url\":\"https:\\\/\\\/www.noticiasfire.com.br\\\/\",\"name\":\"NoticiasFire\",\"description\":\"\",\"publisher\":{\"@id\":\"https:\\\/\\\/www.noticiasfire.com.br\\\/#organization\"},\"potentialAction\":[{\"@type\":\"SearchAction\",\"target\":{\"@type\":\"EntryPoint\",\"urlTemplate\":\"https:\\\/\\\/www.noticiasfire.com.br\\\/?s={search_term_string}\"},\"query-input\":{\"@type\":\"PropertyValueSpecification\",\"valueRequired\":true,\"valueName\":\"search_term_string\"}}],\"inLanguage\":\"es\"},{\"@type\":\"Organization\",\"@id\":\"https:\\\/\\\/www.noticiasfire.com.br\\\/#organization\",\"name\":\"NoticiasFire\",\"url\":\"https:\\\/\\\/www.noticiasfire.com.br\\\/\",\"logo\":{\"@type\":\"ImageObject\",\"inLanguage\":\"es\",\"@id\":\"https:\\\/\\\/www.noticiasfire.com.br\\\/#\\\/schema\\\/logo\\\/image\\\/\",\"url\":\"https:\\\/\\\/www.noticiasfire.com.br\\\/wp-content\\\/uploads\\\/2025\\\/08\\\/cropped-Captura_de_Tela_2025-08-13_as_20.34.29__1_-removebg-preview.png\",\"contentUrl\":\"https:\\\/\\\/www.noticiasfire.com.br\\\/wp-content\\\/uploads\\\/2025\\\/08\\\/cropped-Captura_de_Tela_2025-08-13_as_20.34.29__1_-removebg-preview.png\",\"width\":748,\"height\":286,\"caption\":\"NoticiasFire\"},\"image\":{\"@id\":\"https:\\\/\\\/www.noticiasfire.com.br\\\/#\\\/schema\\\/logo\\\/image\\\/\"}},{\"@type\":\"Person\",\"@id\":\"https:\\\/\\\/www.noticiasfire.com.br\\\/#\\\/schema\\\/person\\\/6c064cf8d33f8b38900e936c385f48fd\",\"name\":\"Ivan\",\"image\":{\"@type\":\"ImageObject\",\"inLanguage\":\"es\",\"@id\":\"https:\\\/\\\/secure.gravatar.com\\\/avatar\\\/18077698a88c2ad528c924a301adab662f075719c95fb1dec6f0b51902ebf647?s=96&d=mm&r=g\",\"url\":\"https:\\\/\\\/secure.gravatar.com\\\/avatar\\\/18077698a88c2ad528c924a301adab662f075719c95fb1dec6f0b51902ebf647?s=96&d=mm&r=g\",\"contentUrl\":\"https:\\\/\\\/secure.gravatar.com\\\/avatar\\\/18077698a88c2ad528c924a301adab662f075719c95fb1dec6f0b51902ebf647?s=96&d=mm&r=g\",\"caption\":\"Ivan\"},\"url\":\"https:\\\/\\\/www.noticiasfire.com.br\\\/es\\\/author\\\/ivan\\\/\"}]}<\/script>\n<!-- \/ Yoast SEO plugin. -->","yoast_head_json":{"title":"Empr\u00e9stimo Serasa para Negativado -","description":"Conhe\u00e7a Empr\u00e9stimo Serasa para Negativado Financeiras especializadas em empr\u00e9stimo atendem as pessoas com restri\u00e7\u00e3o no CPF.","robots":{"index":"index","follow":"follow","max-snippet":"max-snippet:-1","max-image-preview":"max-image-preview:large","max-video-preview":"max-video-preview:-1"},"canonical":"https:\/\/www.serasa.com.br\/ecred\/emprestimo-para-negativado\/","og_locale":"es_MX","og_type":"article","og_title":"Empr\u00e9stimo Serasa para Negativado -","og_description":"Conhe\u00e7a Empr\u00e9stimo Serasa para Negativado Financeiras especializadas em empr\u00e9stimo atendem as pessoas com restri\u00e7\u00e3o no CPF.","og_url":"https:\/\/www.serasa.com.br\/ecred\/emprestimo-para-negativado\/","article_published_time":"2023-02-25T17:07:49+00:00","og_image":[{"width":1280,"height":720,"url":"https:\/\/www.noticiasfire.com.br\/wp-content\/uploads\/2021\/12\/PIKI2-1-2.jpg","type":"image\/jpeg"}],"author":"Ivan","twitter_card":"summary_large_image","twitter_misc":{"Escrito por":"Ivan","Tiempo de lectura":"4 minutos"},"schema":{"@context":"https:\/\/schema.org","@graph":[{"@type":"Article","@id":"https:\/\/www.serasa.com.br\/ecred\/emprestimo-para-negativado\/#article","isPartOf":{"@id":"https:\/\/www.noticiasfire.com.br\/emprestimo-serasa-para-negativado\/"},"author":{"name":"Ivan","@id":"https:\/\/www.noticiasfire.com.br\/#\/schema\/person\/6c064cf8d33f8b38900e936c385f48fd"},"headline":"Empr\u00e9stimo Serasa para Negativado","datePublished":"2023-02-25T17:07:49+00:00","mainEntityOfPage":{"@id":"https:\/\/www.noticiasfire.com.br\/emprestimo-serasa-para-negativado\/"},"wordCount":664,"commentCount":0,"publisher":{"@id":"https:\/\/www.noticiasfire.com.br\/#organization"},"image":{"@id":"https:\/\/www.serasa.com.br\/ecred\/emprestimo-para-negativado\/#primaryimage"},"thumbnailUrl":"https:\/\/www.noticiasfire.com.br\/wp-content\/uploads\/2021\/12\/PIKI2-1-2.jpg","articleSection":["EMPR\u00c9STIMO"],"inLanguage":"es","potentialAction":[{"@type":"CommentAction","name":"Comment","target":["https:\/\/www.serasa.com.br\/ecred\/emprestimo-para-negativado\/#respond"]}]},{"@type":"WebPage","@id":"https:\/\/www.noticiasfire.com.br\/emprestimo-serasa-para-negativado\/","url":"https:\/\/www.serasa.com.br\/ecred\/emprestimo-para-negativado\/","name":"Empr\u00e9stimo Serasa para Negativado -","isPartOf":{"@id":"https:\/\/www.noticiasfire.com.br\/#website"},"primaryImageOfPage":{"@id":"https:\/\/www.serasa.com.br\/ecred\/emprestimo-para-negativado\/#primaryimage"},"image":{"@id":"https:\/\/www.serasa.com.br\/ecred\/emprestimo-para-negativado\/#primaryimage"},"thumbnailUrl":"https:\/\/www.noticiasfire.com.br\/wp-content\/uploads\/2021\/12\/PIKI2-1-2.jpg","datePublished":"2023-02-25T17:07:49+00:00","description":"Conhe\u00e7a Empr\u00e9stimo Serasa para Negativado Financeiras especializadas em empr\u00e9stimo atendem as pessoas com restri\u00e7\u00e3o no CPF.","breadcrumb":{"@id":"https:\/\/www.serasa.com.br\/ecred\/emprestimo-para-negativado\/#breadcrumb"},"inLanguage":"es","potentialAction":[{"@type":"ReadAction","target":["https:\/\/www.serasa.com.br\/ecred\/emprestimo-para-negativado\/"]}]},{"@type":"ImageObject","inLanguage":"es","@id":"https:\/\/www.serasa.com.br\/ecred\/emprestimo-para-negativado\/#primaryimage","url":"https:\/\/www.noticiasfire.com.br\/wp-content\/uploads\/2021\/12\/PIKI2-1-2.jpg","contentUrl":"https:\/\/www.noticiasfire.com.br\/wp-content\/uploads\/2021\/12\/PIKI2-1-2.jpg","width":1280,"height":720},{"@type":"BreadcrumbList","@id":"https:\/\/www.serasa.com.br\/ecred\/emprestimo-para-negativado\/#breadcrumb","itemListElement":[{"@type":"ListItem","position":1,"name":"In\u00edcio","item":"https:\/\/www.noticiasfire.com.br\/"},{"@type":"ListItem","position":2,"name":"Empr\u00e9stimo Serasa para Negativado"}]},{"@type":"WebSite","@id":"https:\/\/www.noticiasfire.com.br\/#website","url":"https:\/\/www.noticiasfire.com.br\/","name":"NoticiasFire","description":"","publisher":{"@id":"https:\/\/www.noticiasfire.com.br\/#organization"},"potentialAction":[{"@type":"SearchAction","target":{"@type":"EntryPoint","urlTemplate":"https:\/\/www.noticiasfire.com.br\/?s={search_term_string}"},"query-input":{"@type":"PropertyValueSpecification","valueRequired":true,"valueName":"search_term_string"}}],"inLanguage":"es"},{"@type":"Organization","@id":"https:\/\/www.noticiasfire.com.br\/#organization","name":"NoticiasFire","url":"https:\/\/www.noticiasfire.com.br\/","logo":{"@type":"ImageObject","inLanguage":"es","@id":"https:\/\/www.noticiasfire.com.br\/#\/schema\/logo\/image\/","url":"https:\/\/www.noticiasfire.com.br\/wp-content\/uploads\/2025\/08\/cropped-Captura_de_Tela_2025-08-13_as_20.34.29__1_-removebg-preview.png","contentUrl":"https:\/\/www.noticiasfire.com.br\/wp-content\/uploads\/2025\/08\/cropped-Captura_de_Tela_2025-08-13_as_20.34.29__1_-removebg-preview.png","width":748,"height":286,"caption":"NoticiasFire"},"image":{"@id":"https:\/\/www.noticiasfire.com.br\/#\/schema\/logo\/image\/"}},{"@type":"Person","@id":"https:\/\/www.noticiasfire.com.br\/#\/schema\/person\/6c064cf8d33f8b38900e936c385f48fd","name":"Ivan","image":{"@type":"ImageObject","inLanguage":"es","@id":"https:\/\/secure.gravatar.com\/avatar\/18077698a88c2ad528c924a301adab662f075719c95fb1dec6f0b51902ebf647?s=96&d=mm&r=g","url":"https:\/\/secure.gravatar.com\/avatar\/18077698a88c2ad528c924a301adab662f075719c95fb1dec6f0b51902ebf647?s=96&d=mm&r=g","contentUrl":"https:\/\/secure.gravatar.com\/avatar\/18077698a88c2ad528c924a301adab662f075719c95fb1dec6f0b51902ebf647?s=96&d=mm&r=g","caption":"Ivan"},"url":"https:\/\/www.noticiasfire.com.br\/es\/author\/ivan\/"}]}},"_links":{"self":[{"href":"https:\/\/www.noticiasfire.com.br\/es\/wp-json\/wp\/v2\/posts\/2826","targetHints":{"allow":["GET"]}}],"collection":[{"href":"https:\/\/www.noticiasfire.com.br\/es\/wp-json\/wp\/v2\/posts"}],"about":[{"href":"https:\/\/www.noticiasfire.com.br\/es\/wp-json\/wp\/v2\/types\/post"}],"author":[{"embeddable":true,"href":"https:\/\/www.noticiasfire.com.br\/es\/wp-json\/wp\/v2\/users\/3"}],"replies":[{"embeddable":true,"href":"https:\/\/www.noticiasfire.com.br\/es\/wp-json\/wp\/v2\/comments?post=2826"}],"version-history":[{"count":0,"href":"https:\/\/www.noticiasfire.com.br\/es\/wp-json\/wp\/v2\/posts\/2826\/revisions"}],"wp:featuredmedia":[{"embeddable":true,"href":"https:\/\/www.noticiasfire.com.br\/es\/wp-json\/wp\/v2\/media\/29986"}],"wp:attachment":[{"href":"https:\/\/www.noticiasfire.com.br\/es\/wp-json\/wp\/v2\/media?parent=2826"}],"wp:term":[{"taxonomy":"category","embeddable":true,"href":"https:\/\/www.noticiasfire.com.br\/es\/wp-json\/wp\/v2\/categories?post=2826"},{"taxonomy":"post_tag","embeddable":true,"href":"https:\/\/www.noticiasfire.com.br\/es\/wp-json\/wp\/v2\/tags?post=2826"}],"curies":[{"name":"wp","href":"https:\/\/api.w.org\/{rel}","templated":true}]}}