{"id":2925,"date":"2021-12-26T13:04:33","date_gmt":"2021-12-26T13:04:33","guid":{"rendered":"https:\/\/www.noticiasfire.com.br\/?p=2925"},"modified":"2021-12-26T13:04:33","modified_gmt":"2021-12-26T13:04:33","slug":"emprestimo-com-aporte-auto-da-caixa-seu-carro-em-garantia-e-ate-48-meses-na-parcela","status":"publish","type":"post","link":"https:\/\/www.noticiasfire.com.br\/es\/emprestimo-com-aporte-auto-da-caixa-seu-carro-em-garantia-e-ate-48-meses-na-parcela\/","title":{"rendered":"Empr\u00e9stimo com aporte Auto da Caixa: seu carro em garantia e at\u00e9 48 meses na parcela"},"content":{"rendered":"<div data-elementor-type=\"wp-post\" data-elementor-id=\"2925\" class=\"elementor elementor-2925\" data-elementor-post-type=\"post\">\n\t\t\t\t\t\t<section class=\"elementor-section elementor-top-section elementor-element elementor-element-0b19d11 elementor-section-boxed elementor-section-height-default elementor-section-height-default\" data-id=\"0b19d11\" data-element_type=\"section\" data-e-type=\"section\">\n\t\t\t\t\t\t<div class=\"elementor-container elementor-column-gap-default\">\n\t\t\t\t\t<div class=\"elementor-column elementor-col-100 elementor-top-column elementor-element elementor-element-53f36b5\" data-id=\"53f36b5\" data-element_type=\"column\" data-e-type=\"column\">\n\t\t\t<div class=\"elementor-widget-wrap elementor-element-populated\">\n\t\t\t\t\t\t<div class=\"elementor-element elementor-element-cc3ca32 elementor-widget elementor-widget-text-editor\" data-id=\"cc3ca32\" data-element_type=\"widget\" data-e-type=\"widget\" data-widget_type=\"text-editor.default\">\n\t\t\t\t\t\t\t\t\t<p>Use seu ve\u00edculo como garantia e obtenha um empr\u00e9stimo hoje! Aten\u00e7\u00e3o, se precisa de um empr\u00e9stimo simples com boas condi\u00e7\u00f5es para pagamento e j\u00e1 tem um carro sem dividias que pode ser usado como garantia! Esta postagem \u00e9 para voc\u00ea!<\/p><p>A Caixa Econ\u00f4mica Federal oferece a Aporte Auto Caixa empr\u00e9stimos especialmente desenvolvidos para quem precisa quitar uma d\u00edvida ou concluir um projeto parado.<\/p><p>O Cr\u00e9dito Aporte Auto \u00e9 um empr\u00e9stimo da Caixa com garantia autom\u00f3vel. Com uma taxa de juros pr\u00e9-determinada, o pagamento \u00e9 debitado de sua conta todos os meses. Veja os benef\u00edcios e condi\u00e7\u00f5es abaixo:<\/p>\t\t\t\t\t\t\t\t<\/div>\n\t\t\t\t\t<\/div>\n\t\t<\/div>\n\t\t\t\t\t<\/div>\n\t\t<\/section>\n\t\t\t\t<section class=\"elementor-section elementor-top-section elementor-element elementor-element-a2464ff elementor-section-boxed elementor-section-height-default elementor-section-height-default\" data-id=\"a2464ff\" data-element_type=\"section\" data-e-type=\"section\">\n\t\t\t\t\t\t<div class=\"elementor-container elementor-column-gap-default\">\n\t\t\t\t\t<div class=\"elementor-column elementor-col-100 elementor-top-column elementor-element elementor-element-60f7271\" data-id=\"60f7271\" data-element_type=\"column\" data-e-type=\"column\">\n\t\t\t<div class=\"elementor-widget-wrap elementor-element-populated\">\n\t\t\t\t\t\t<div class=\"elementor-element elementor-element-5aabadc elementor-align-justify elementor-widget elementor-widget-button\" data-id=\"5aabadc\" data-element_type=\"widget\" data-e-type=\"widget\" data-widget_type=\"button.default\">\n\t\t\t\t\t\t\t\t\t\t<a class=\"elementor-button elementor-button-link elementor-size-xl\" href=\"https:\/\/www.noticiasfire.com.br\/es\/credito-aporte-auto-da-caixa-voce-ja-conhece-essa-modalidade\/\">\n\t\t\t\t\t\t<span class=\"elementor-button-content-wrapper\">\n\t\t\t\t\t\t\t\t\t<span class=\"elementor-button-text\">SABER M\u00c1S<\/span>\n\t\t\t\t\t<\/span>\n\t\t\t\t\t<\/a>\n\t\t\t\t\t\t\t\t<\/div>\n\t\t\t\t\t<\/div>\n\t\t<\/div>\n\t\t\t\t\t<\/div>\n\t\t<\/section>\n\t\t\t\t<section class=\"elementor-section elementor-top-section elementor-element elementor-element-2f1bf77 elementor-section-boxed elementor-section-height-default elementor-section-height-default\" data-id=\"2f1bf77\" data-element_type=\"section\" data-e-type=\"section\">\n\t\t\t\t\t\t<div class=\"elementor-container elementor-column-gap-default\">\n\t\t\t\t\t<div class=\"elementor-column elementor-col-100 elementor-top-column elementor-element elementor-element-1e1635d\" data-id=\"1e1635d\" data-element_type=\"column\" data-e-type=\"column\">\n\t\t\t<div class=\"elementor-widget-wrap elementor-element-populated\">\n\t\t\t\t\t\t<div class=\"elementor-element elementor-element-ace4801 elementor-widget elementor-widget-text-editor\" data-id=\"ace4801\" data-element_type=\"widget\" data-e-type=\"widget\" data-widget_type=\"text-editor.default\">\n\t\t\t\t\t\t\t\t\t<h2>As 3 principais vantagens do Caixa Aporte Cr\u00e9dito Autom\u00f3vel<\/h2>\n<p>O empr\u00e9stimo pode ser amortizado em no m\u00e1ximo 48 vezes.<\/p>\n<p>Os juros s\u00e3o fixos e voc\u00ea pode programar o pagamento.<\/p>\n<p>Empr\u00e9stimo de at\u00e9 70% do valor do ve\u00edculo oferecido em garantia.<\/p>\n<h2>Saiba agora mais detalhes deste empr\u00e9stimo<\/h2>\n<p>Pr\u00e1tico: o pagamento \u00e9 feito diretamente por d\u00e9bito direto na conta corrente;<\/p>\n<p>Seguran\u00e7a: os juros s\u00e3o determinados antecipadamente. Desta forma voc\u00ea pode agendar seu pagamento;<\/p>\n<p>Flexibilidade: oferece como garantia a aliena\u00e7\u00e3o fiduci\u00e1ria de seu ve\u00edculo quitado uma venda e voc\u00ea pode usar o empr\u00e9stimo para o que quiser.<\/p>\n<p>Cr\u00e9dito at\u00e9 70% do valor: limite para ve\u00edculos at\u00e9 dois anos de fabrica\u00e7\u00e3o;<\/p>\n<p>Cr\u00e9dito at\u00e9 60%: limite para um ve\u00edculo com tr\u00eas a cinco anos de fabrica\u00e7\u00e3o;<\/p>\n<p>Ve\u00edculos n\u00e3o aceitos a cr\u00e9dito com garantia de ve\u00edculo<\/p>\n<p>Pertencer a uma ou mais pessoas coletivas cujo requerente n\u00e3o seja o propriet\u00e1rio oficial do ve\u00edculo;<\/p>\n<p>Carros de aluguel;<\/p>\n<p>Usado, com produ\u00e7\u00e3o h\u00e1 mais de cinco anos;<\/p>\n<p>Motocicletas, vans e semelhantes;<\/p>\n<p>Ve\u00edculos com restri\u00e7\u00f5es do DETRAN, incluindo infra\u00e7\u00f5es e multas;<\/p>\n<h2>Nuestra opini\u00f3n sobre esta modalidad<\/h2>\n<p>Os empr\u00e9stimos garantidos para autom\u00f3veis est\u00e3o ganhando for\u00e7a porque t\u00eam taxas de juros mais baixas do que os empr\u00e9stimos tradicionais. A Caixa Econ\u00f4mica \u00e9 uma institui\u00e7\u00e3o que faz parte da vida de grande parte da popula\u00e7\u00e3o brasileira e \u00e9 pioneira na linha de cr\u00e9dito.<\/p>\n<p>No entanto, voc\u00ea precisa saber se o seu ve\u00edculo atende \u00e0s condi\u00e7\u00f5es acima. Se o seu carro est\u00e1 sem problemas pendentes, n\u00e3o \u00e9 dif\u00edcil coloc\u00e1-lo como garantia e obter um empr\u00e9stimo de forma r\u00e1pida e econ\u00f3mica. Clique no bot\u00e3o abaixo para saber mais sobre esta categoria.<\/p>\t\t\t\t\t\t\t\t<\/div>\n\t\t\t\t<div class=\"elementor-element elementor-element-ae0b6c2 elementor-align-justify elementor-widget elementor-widget-button\" data-id=\"ae0b6c2\" data-element_type=\"widget\" data-e-type=\"widget\" data-widget_type=\"button.default\">\n\t\t\t\t\t\t\t\t\t\t<a class=\"elementor-button elementor-button-link elementor-size-xl\" href=\"https:\/\/www.noticiasfire.com.br\/es\/credito-aporte-auto-da-caixa-voce-ja-conhece-essa-modalidade\/\">\n\t\t\t\t\t\t<span class=\"elementor-button-content-wrapper\">\n\t\t\t\t\t\t\t\t\t<span class=\"elementor-button-text\">SABER M\u00c1S<\/span>\n\t\t\t\t\t<\/span>\n\t\t\t\t\t<\/a>\n\t\t\t\t\t\t\t\t<\/div>\n\t\t\t\t<div class=\"elementor-element elementor-element-caf54b2 elementor-widget elementor-widget-text-editor\" data-id=\"caf54b2\" data-element_type=\"widget\" data-e-type=\"widget\" data-widget_type=\"text-editor.default\">\n\t\t\t\t\t\t\t\t\t<p>*Fuente de b\u00fasqueda: <span style=\"text-decoration: underline;\">https:\/\/www.caixa.gov.br\/<\/span><\/p>\t\t\t\t\t\t\t\t<\/div>\n\t\t\t\t\t<\/div>\n\t\t<\/div>\n\t\t\t\t\t<\/div>\n\t\t<\/section>\n\t\t\t\t<\/div>","protected":false},"excerpt":{"rendered":"<p>Use seu ve\u00edculo como garantia e obtenha um empr\u00e9stimo hoje! Aten\u00e7\u00e3o, se precisa de um empr\u00e9stimo simples com boas condi\u00e7\u00f5es para pagamento e j\u00e1 tem um carro sem dividias que pode ser usado como garantia! Esta postagem \u00e9 para voc\u00ea! A Caixa Econ\u00f4mica Federal oferece a Aporte Auto Caixa empr\u00e9stimos especialmente desenvolvidos para quem precisa &#8230; <a title=\"Empr\u00e9stimo com aporte Auto da Caixa: seu carro em garantia e at\u00e9 48 meses na parcela\" class=\"read-more\" href=\"https:\/\/www.noticiasfire.com.br\/es\/emprestimo-com-aporte-auto-da-caixa-seu-carro-em-garantia-e-ate-48-meses-na-parcela\/\" aria-label=\"Leer m\u00e1s sobre Empr\u00e9stimo com aporte Auto da Caixa: seu carro em garantia e at\u00e9 48 meses na parcela\">Leer m\u00e1s<\/a><\/p>","protected":false},"author":3,"featured_media":29941,"comment_status":"open","ping_status":"open","sticky":false,"template":"","format":"standard","meta":{"footnotes":""},"categories":[28],"tags":[],"class_list":["post-2925","post","type-post","status-publish","format-standard","has-post-thumbnail","hentry","category-emprestimo"],"yoast_head":"<!-- This site is optimized with the Yoast SEO plugin v27.4 - https:\/\/yoast.com\/product\/yoast-seo-wordpress\/ -->\n<title>Empr\u00e9stimo com aporte Auto da Caixa: seu carro em garantia e at\u00e9 48 meses na parcela -<\/title>\n<meta name=\"robots\" content=\"index, follow, max-snippet:-1, max-image-preview:large, max-video-preview:-1\" \/>\n<link rel=\"canonical\" href=\"https:\/\/www.noticiasfire.com.br\/es\/emprestimo-com-aporte-auto-da-caixa-seu-carro-em-garantia-e-ate-48-meses-na-parcela\/\" \/>\n<meta property=\"og:locale\" content=\"es_MX\" \/>\n<meta property=\"og:type\" content=\"article\" \/>\n<meta property=\"og:title\" content=\"Empr\u00e9stimo com aporte Auto da Caixa: seu carro em garantia e at\u00e9 48 meses na parcela -\" \/>\n<meta property=\"og:description\" content=\"Use seu ve\u00edculo como garantia e obtenha um empr\u00e9stimo hoje! Aten\u00e7\u00e3o, se precisa de um empr\u00e9stimo simples com boas condi\u00e7\u00f5es para pagamento e j\u00e1 tem um carro sem dividias que pode ser usado como garantia! Esta postagem \u00e9 para voc\u00ea! A Caixa Econ\u00f4mica Federal oferece a Aporte Auto Caixa empr\u00e9stimos especialmente desenvolvidos para quem precisa ... Leer m\u00e1s\" \/>\n<meta property=\"og:url\" content=\"https:\/\/www.noticiasfire.com.br\/es\/emprestimo-com-aporte-auto-da-caixa-seu-carro-em-garantia-e-ate-48-meses-na-parcela\/\" \/>\n<meta property=\"article:published_time\" content=\"2021-12-26T13:04:33+00:00\" \/>\n<meta property=\"og:image\" content=\"https:\/\/www.noticiasfire.com.br\/wp-content\/uploads\/2021\/12\/SERASA-6-2.jpg\" \/>\n\t<meta property=\"og:image:width\" content=\"1280\" \/>\n\t<meta property=\"og:image:height\" content=\"720\" \/>\n\t<meta property=\"og:image:type\" content=\"image\/jpeg\" \/>\n<meta name=\"author\" content=\"Ivan\" \/>\n<meta name=\"twitter:card\" content=\"summary_large_image\" \/>\n<meta name=\"twitter:label1\" content=\"Escrito por\" \/>\n\t<meta name=\"twitter:data1\" content=\"Ivan\" \/>\n\t<meta name=\"twitter:label2\" content=\"Tiempo de lectura\" \/>\n\t<meta name=\"twitter:data2\" content=\"3 minutos\" \/>\n<script type=\"application\/ld+json\" class=\"yoast-schema-graph\">{\"@context\":\"https:\\\/\\\/schema.org\",\"@graph\":[{\"@type\":\"Article\",\"@id\":\"https:\\\/\\\/www.noticiasfire.com.br\\\/emprestimo-com-aporte-auto-da-caixa-seu-carro-em-garantia-e-ate-48-meses-na-parcela\\\/#article\",\"isPartOf\":{\"@id\":\"https:\\\/\\\/www.noticiasfire.com.br\\\/emprestimo-com-aporte-auto-da-caixa-seu-carro-em-garantia-e-ate-48-meses-na-parcela\\\/\"},\"author\":{\"name\":\"Ivan\",\"@id\":\"https:\\\/\\\/www.noticiasfire.com.br\\\/#\\\/schema\\\/person\\\/6c064cf8d33f8b38900e936c385f48fd\"},\"headline\":\"Empr\u00e9stimo com aporte Auto da Caixa: seu carro em garantia e at\u00e9 48 meses na parcela\",\"datePublished\":\"2021-12-26T13:04:33+00:00\",\"mainEntityOfPage\":{\"@id\":\"https:\\\/\\\/www.noticiasfire.com.br\\\/emprestimo-com-aporte-auto-da-caixa-seu-carro-em-garantia-e-ate-48-meses-na-parcela\\\/\"},\"wordCount\":446,\"commentCount\":0,\"publisher\":{\"@id\":\"https:\\\/\\\/www.noticiasfire.com.br\\\/#organization\"},\"image\":{\"@id\":\"https:\\\/\\\/www.noticiasfire.com.br\\\/emprestimo-com-aporte-auto-da-caixa-seu-carro-em-garantia-e-ate-48-meses-na-parcela\\\/#primaryimage\"},\"thumbnailUrl\":\"https:\\\/\\\/www.noticiasfire.com.br\\\/wp-content\\\/uploads\\\/2021\\\/12\\\/SERASA-6-2.jpg\",\"articleSection\":[\"EMPR\u00c9STIMO\"],\"inLanguage\":\"es\",\"potentialAction\":[{\"@type\":\"CommentAction\",\"name\":\"Comment\",\"target\":[\"https:\\\/\\\/www.noticiasfire.com.br\\\/emprestimo-com-aporte-auto-da-caixa-seu-carro-em-garantia-e-ate-48-meses-na-parcela\\\/#respond\"]}]},{\"@type\":\"WebPage\",\"@id\":\"https:\\\/\\\/www.noticiasfire.com.br\\\/emprestimo-com-aporte-auto-da-caixa-seu-carro-em-garantia-e-ate-48-meses-na-parcela\\\/\",\"url\":\"https:\\\/\\\/www.noticiasfire.com.br\\\/emprestimo-com-aporte-auto-da-caixa-seu-carro-em-garantia-e-ate-48-meses-na-parcela\\\/\",\"name\":\"Empr\u00e9stimo com aporte Auto da Caixa: seu carro em garantia e at\u00e9 48 meses na parcela -\",\"isPartOf\":{\"@id\":\"https:\\\/\\\/www.noticiasfire.com.br\\\/#website\"},\"primaryImageOfPage\":{\"@id\":\"https:\\\/\\\/www.noticiasfire.com.br\\\/emprestimo-com-aporte-auto-da-caixa-seu-carro-em-garantia-e-ate-48-meses-na-parcela\\\/#primaryimage\"},\"image\":{\"@id\":\"https:\\\/\\\/www.noticiasfire.com.br\\\/emprestimo-com-aporte-auto-da-caixa-seu-carro-em-garantia-e-ate-48-meses-na-parcela\\\/#primaryimage\"},\"thumbnailUrl\":\"https:\\\/\\\/www.noticiasfire.com.br\\\/wp-content\\\/uploads\\\/2021\\\/12\\\/SERASA-6-2.jpg\",\"datePublished\":\"2021-12-26T13:04:33+00:00\",\"breadcrumb\":{\"@id\":\"https:\\\/\\\/www.noticiasfire.com.br\\\/emprestimo-com-aporte-auto-da-caixa-seu-carro-em-garantia-e-ate-48-meses-na-parcela\\\/#breadcrumb\"},\"inLanguage\":\"es\",\"potentialAction\":[{\"@type\":\"ReadAction\",\"target\":[\"https:\\\/\\\/www.noticiasfire.com.br\\\/emprestimo-com-aporte-auto-da-caixa-seu-carro-em-garantia-e-ate-48-meses-na-parcela\\\/\"]}]},{\"@type\":\"ImageObject\",\"inLanguage\":\"es\",\"@id\":\"https:\\\/\\\/www.noticiasfire.com.br\\\/emprestimo-com-aporte-auto-da-caixa-seu-carro-em-garantia-e-ate-48-meses-na-parcela\\\/#primaryimage\",\"url\":\"https:\\\/\\\/www.noticiasfire.com.br\\\/wp-content\\\/uploads\\\/2021\\\/12\\\/SERASA-6-2.jpg\",\"contentUrl\":\"https:\\\/\\\/www.noticiasfire.com.br\\\/wp-content\\\/uploads\\\/2021\\\/12\\\/SERASA-6-2.jpg\",\"width\":1280,\"height\":720},{\"@type\":\"BreadcrumbList\",\"@id\":\"https:\\\/\\\/www.noticiasfire.com.br\\\/emprestimo-com-aporte-auto-da-caixa-seu-carro-em-garantia-e-ate-48-meses-na-parcela\\\/#breadcrumb\",\"itemListElement\":[{\"@type\":\"ListItem\",\"position\":1,\"name\":\"In\u00edcio\",\"item\":\"https:\\\/\\\/www.noticiasfire.com.br\\\/\"},{\"@type\":\"ListItem\",\"position\":2,\"name\":\"Empr\u00e9stimo com aporte Auto da Caixa: seu carro em garantia e at\u00e9 48 meses na parcela\"}]},{\"@type\":\"WebSite\",\"@id\":\"https:\\\/\\\/www.noticiasfire.com.br\\\/#website\",\"url\":\"https:\\\/\\\/www.noticiasfire.com.br\\\/\",\"name\":\"NoticiasFire\",\"description\":\"\",\"publisher\":{\"@id\":\"https:\\\/\\\/www.noticiasfire.com.br\\\/#organization\"},\"potentialAction\":[{\"@type\":\"SearchAction\",\"target\":{\"@type\":\"EntryPoint\",\"urlTemplate\":\"https:\\\/\\\/www.noticiasfire.com.br\\\/?s={search_term_string}\"},\"query-input\":{\"@type\":\"PropertyValueSpecification\",\"valueRequired\":true,\"valueName\":\"search_term_string\"}}],\"inLanguage\":\"es\"},{\"@type\":\"Organization\",\"@id\":\"https:\\\/\\\/www.noticiasfire.com.br\\\/#organization\",\"name\":\"NoticiasFire\",\"url\":\"https:\\\/\\\/www.noticiasfire.com.br\\\/\",\"logo\":{\"@type\":\"ImageObject\",\"inLanguage\":\"es\",\"@id\":\"https:\\\/\\\/www.noticiasfire.com.br\\\/#\\\/schema\\\/logo\\\/image\\\/\",\"url\":\"https:\\\/\\\/www.noticiasfire.com.br\\\/wp-content\\\/uploads\\\/2025\\\/08\\\/cropped-Captura_de_Tela_2025-08-13_as_20.34.29__1_-removebg-preview.png\",\"contentUrl\":\"https:\\\/\\\/www.noticiasfire.com.br\\\/wp-content\\\/uploads\\\/2025\\\/08\\\/cropped-Captura_de_Tela_2025-08-13_as_20.34.29__1_-removebg-preview.png\",\"width\":748,\"height\":286,\"caption\":\"NoticiasFire\"},\"image\":{\"@id\":\"https:\\\/\\\/www.noticiasfire.com.br\\\/#\\\/schema\\\/logo\\\/image\\\/\"}},{\"@type\":\"Person\",\"@id\":\"https:\\\/\\\/www.noticiasfire.com.br\\\/#\\\/schema\\\/person\\\/6c064cf8d33f8b38900e936c385f48fd\",\"name\":\"Ivan\",\"image\":{\"@type\":\"ImageObject\",\"inLanguage\":\"es\",\"@id\":\"https:\\\/\\\/secure.gravatar.com\\\/avatar\\\/18077698a88c2ad528c924a301adab662f075719c95fb1dec6f0b51902ebf647?s=96&d=mm&r=g\",\"url\":\"https:\\\/\\\/secure.gravatar.com\\\/avatar\\\/18077698a88c2ad528c924a301adab662f075719c95fb1dec6f0b51902ebf647?s=96&d=mm&r=g\",\"contentUrl\":\"https:\\\/\\\/secure.gravatar.com\\\/avatar\\\/18077698a88c2ad528c924a301adab662f075719c95fb1dec6f0b51902ebf647?s=96&d=mm&r=g\",\"caption\":\"Ivan\"},\"url\":\"https:\\\/\\\/www.noticiasfire.com.br\\\/es\\\/author\\\/ivan\\\/\"}]}<\/script>\n<!-- \/ Yoast SEO plugin. -->","yoast_head_json":{"title":"Empr\u00e9stimo com aporte Auto da Caixa: seu carro em garantia e at\u00e9 48 meses na parcela -","robots":{"index":"index","follow":"follow","max-snippet":"max-snippet:-1","max-image-preview":"max-image-preview:large","max-video-preview":"max-video-preview:-1"},"canonical":"https:\/\/www.noticiasfire.com.br\/es\/emprestimo-com-aporte-auto-da-caixa-seu-carro-em-garantia-e-ate-48-meses-na-parcela\/","og_locale":"es_MX","og_type":"article","og_title":"Empr\u00e9stimo com aporte Auto da Caixa: seu carro em garantia e at\u00e9 48 meses na parcela -","og_description":"Use seu ve\u00edculo como garantia e obtenha um empr\u00e9stimo hoje! Aten\u00e7\u00e3o, se precisa de um empr\u00e9stimo simples com boas condi\u00e7\u00f5es para pagamento e j\u00e1 tem um carro sem dividias que pode ser usado como garantia! Esta postagem \u00e9 para voc\u00ea! A Caixa Econ\u00f4mica Federal oferece a Aporte Auto Caixa empr\u00e9stimos especialmente desenvolvidos para quem precisa ... Leer m\u00e1s","og_url":"https:\/\/www.noticiasfire.com.br\/es\/emprestimo-com-aporte-auto-da-caixa-seu-carro-em-garantia-e-ate-48-meses-na-parcela\/","article_published_time":"2021-12-26T13:04:33+00:00","og_image":[{"width":1280,"height":720,"url":"https:\/\/www.noticiasfire.com.br\/wp-content\/uploads\/2021\/12\/SERASA-6-2.jpg","type":"image\/jpeg"}],"author":"Ivan","twitter_card":"summary_large_image","twitter_misc":{"Escrito por":"Ivan","Tiempo de lectura":"3 minutos"},"schema":{"@context":"https:\/\/schema.org","@graph":[{"@type":"Article","@id":"https:\/\/www.noticiasfire.com.br\/emprestimo-com-aporte-auto-da-caixa-seu-carro-em-garantia-e-ate-48-meses-na-parcela\/#article","isPartOf":{"@id":"https:\/\/www.noticiasfire.com.br\/emprestimo-com-aporte-auto-da-caixa-seu-carro-em-garantia-e-ate-48-meses-na-parcela\/"},"author":{"name":"Ivan","@id":"https:\/\/www.noticiasfire.com.br\/#\/schema\/person\/6c064cf8d33f8b38900e936c385f48fd"},"headline":"Empr\u00e9stimo com aporte Auto da Caixa: seu carro em garantia e at\u00e9 48 meses na parcela","datePublished":"2021-12-26T13:04:33+00:00","mainEntityOfPage":{"@id":"https:\/\/www.noticiasfire.com.br\/emprestimo-com-aporte-auto-da-caixa-seu-carro-em-garantia-e-ate-48-meses-na-parcela\/"},"wordCount":446,"commentCount":0,"publisher":{"@id":"https:\/\/www.noticiasfire.com.br\/#organization"},"image":{"@id":"https:\/\/www.noticiasfire.com.br\/emprestimo-com-aporte-auto-da-caixa-seu-carro-em-garantia-e-ate-48-meses-na-parcela\/#primaryimage"},"thumbnailUrl":"https:\/\/www.noticiasfire.com.br\/wp-content\/uploads\/2021\/12\/SERASA-6-2.jpg","articleSection":["EMPR\u00c9STIMO"],"inLanguage":"es","potentialAction":[{"@type":"CommentAction","name":"Comment","target":["https:\/\/www.noticiasfire.com.br\/emprestimo-com-aporte-auto-da-caixa-seu-carro-em-garantia-e-ate-48-meses-na-parcela\/#respond"]}]},{"@type":"WebPage","@id":"https:\/\/www.noticiasfire.com.br\/emprestimo-com-aporte-auto-da-caixa-seu-carro-em-garantia-e-ate-48-meses-na-parcela\/","url":"https:\/\/www.noticiasfire.com.br\/emprestimo-com-aporte-auto-da-caixa-seu-carro-em-garantia-e-ate-48-meses-na-parcela\/","name":"Empr\u00e9stimo com aporte Auto da Caixa: seu carro em garantia e at\u00e9 48 meses na parcela -","isPartOf":{"@id":"https:\/\/www.noticiasfire.com.br\/#website"},"primaryImageOfPage":{"@id":"https:\/\/www.noticiasfire.com.br\/emprestimo-com-aporte-auto-da-caixa-seu-carro-em-garantia-e-ate-48-meses-na-parcela\/#primaryimage"},"image":{"@id":"https:\/\/www.noticiasfire.com.br\/emprestimo-com-aporte-auto-da-caixa-seu-carro-em-garantia-e-ate-48-meses-na-parcela\/#primaryimage"},"thumbnailUrl":"https:\/\/www.noticiasfire.com.br\/wp-content\/uploads\/2021\/12\/SERASA-6-2.jpg","datePublished":"2021-12-26T13:04:33+00:00","breadcrumb":{"@id":"https:\/\/www.noticiasfire.com.br\/emprestimo-com-aporte-auto-da-caixa-seu-carro-em-garantia-e-ate-48-meses-na-parcela\/#breadcrumb"},"inLanguage":"es","potentialAction":[{"@type":"ReadAction","target":["https:\/\/www.noticiasfire.com.br\/emprestimo-com-aporte-auto-da-caixa-seu-carro-em-garantia-e-ate-48-meses-na-parcela\/"]}]},{"@type":"ImageObject","inLanguage":"es","@id":"https:\/\/www.noticiasfire.com.br\/emprestimo-com-aporte-auto-da-caixa-seu-carro-em-garantia-e-ate-48-meses-na-parcela\/#primaryimage","url":"https:\/\/www.noticiasfire.com.br\/wp-content\/uploads\/2021\/12\/SERASA-6-2.jpg","contentUrl":"https:\/\/www.noticiasfire.com.br\/wp-content\/uploads\/2021\/12\/SERASA-6-2.jpg","width":1280,"height":720},{"@type":"BreadcrumbList","@id":"https:\/\/www.noticiasfire.com.br\/emprestimo-com-aporte-auto-da-caixa-seu-carro-em-garantia-e-ate-48-meses-na-parcela\/#breadcrumb","itemListElement":[{"@type":"ListItem","position":1,"name":"In\u00edcio","item":"https:\/\/www.noticiasfire.com.br\/"},{"@type":"ListItem","position":2,"name":"Empr\u00e9stimo com aporte Auto da Caixa: seu carro em garantia e at\u00e9 48 meses na parcela"}]},{"@type":"WebSite","@id":"https:\/\/www.noticiasfire.com.br\/#website","url":"https:\/\/www.noticiasfire.com.br\/","name":"NoticiasFire","description":"","publisher":{"@id":"https:\/\/www.noticiasfire.com.br\/#organization"},"potentialAction":[{"@type":"SearchAction","target":{"@type":"EntryPoint","urlTemplate":"https:\/\/www.noticiasfire.com.br\/?s={search_term_string}"},"query-input":{"@type":"PropertyValueSpecification","valueRequired":true,"valueName":"search_term_string"}}],"inLanguage":"es"},{"@type":"Organization","@id":"https:\/\/www.noticiasfire.com.br\/#organization","name":"NoticiasFire","url":"https:\/\/www.noticiasfire.com.br\/","logo":{"@type":"ImageObject","inLanguage":"es","@id":"https:\/\/www.noticiasfire.com.br\/#\/schema\/logo\/image\/","url":"https:\/\/www.noticiasfire.com.br\/wp-content\/uploads\/2025\/08\/cropped-Captura_de_Tela_2025-08-13_as_20.34.29__1_-removebg-preview.png","contentUrl":"https:\/\/www.noticiasfire.com.br\/wp-content\/uploads\/2025\/08\/cropped-Captura_de_Tela_2025-08-13_as_20.34.29__1_-removebg-preview.png","width":748,"height":286,"caption":"NoticiasFire"},"image":{"@id":"https:\/\/www.noticiasfire.com.br\/#\/schema\/logo\/image\/"}},{"@type":"Person","@id":"https:\/\/www.noticiasfire.com.br\/#\/schema\/person\/6c064cf8d33f8b38900e936c385f48fd","name":"Ivan","image":{"@type":"ImageObject","inLanguage":"es","@id":"https:\/\/secure.gravatar.com\/avatar\/18077698a88c2ad528c924a301adab662f075719c95fb1dec6f0b51902ebf647?s=96&d=mm&r=g","url":"https:\/\/secure.gravatar.com\/avatar\/18077698a88c2ad528c924a301adab662f075719c95fb1dec6f0b51902ebf647?s=96&d=mm&r=g","contentUrl":"https:\/\/secure.gravatar.com\/avatar\/18077698a88c2ad528c924a301adab662f075719c95fb1dec6f0b51902ebf647?s=96&d=mm&r=g","caption":"Ivan"},"url":"https:\/\/www.noticiasfire.com.br\/es\/author\/ivan\/"}]}},"_links":{"self":[{"href":"https:\/\/www.noticiasfire.com.br\/es\/wp-json\/wp\/v2\/posts\/2925","targetHints":{"allow":["GET"]}}],"collection":[{"href":"https:\/\/www.noticiasfire.com.br\/es\/wp-json\/wp\/v2\/posts"}],"about":[{"href":"https:\/\/www.noticiasfire.com.br\/es\/wp-json\/wp\/v2\/types\/post"}],"author":[{"embeddable":true,"href":"https:\/\/www.noticiasfire.com.br\/es\/wp-json\/wp\/v2\/users\/3"}],"replies":[{"embeddable":true,"href":"https:\/\/www.noticiasfire.com.br\/es\/wp-json\/wp\/v2\/comments?post=2925"}],"version-history":[{"count":0,"href":"https:\/\/www.noticiasfire.com.br\/es\/wp-json\/wp\/v2\/posts\/2925\/revisions"}],"wp:featuredmedia":[{"embeddable":true,"href":"https:\/\/www.noticiasfire.com.br\/es\/wp-json\/wp\/v2\/media\/29941"}],"wp:attachment":[{"href":"https:\/\/www.noticiasfire.com.br\/es\/wp-json\/wp\/v2\/media?parent=2925"}],"wp:term":[{"taxonomy":"category","embeddable":true,"href":"https:\/\/www.noticiasfire.com.br\/es\/wp-json\/wp\/v2\/categories?post=2925"},{"taxonomy":"post_tag","embeddable":true,"href":"https:\/\/www.noticiasfire.com.br\/es\/wp-json\/wp\/v2\/tags?post=2925"}],"curies":[{"name":"wp","href":"https:\/\/api.w.org\/{rel}","templated":true}]}}