{"id":4580,"date":"2022-01-27T18:24:20","date_gmt":"2022-01-27T18:24:20","guid":{"rendered":"https:\/\/www.noticiasfire.com.br\/?p=4580"},"modified":"2022-01-27T18:24:20","modified_gmt":"2022-01-27T18:24:20","slug":"banco-do-povo-emprestimo-para-trabalhadores-informais","status":"publish","type":"post","link":"https:\/\/www.noticiasfire.com.br\/es\/banco-do-povo-emprestimo-para-trabalhadores-informais\/","title":{"rendered":"Pr\u00e9stamo del Banco do Povo para trabajadores informales"},"content":{"rendered":"<div data-elementor-type=\"wp-post\" data-elementor-id=\"4580\" class=\"elementor elementor-4580\" data-elementor-post-type=\"post\">\n\t\t\t\t\t\t<section class=\"elementor-section elementor-top-section elementor-element elementor-element-0b19d11 elementor-section-boxed elementor-section-height-default elementor-section-height-default\" data-id=\"0b19d11\" data-element_type=\"section\" data-e-type=\"section\">\n\t\t\t\t\t\t<div class=\"elementor-container elementor-column-gap-default\">\n\t\t\t\t\t<div class=\"elementor-column elementor-col-100 elementor-top-column elementor-element elementor-element-53f36b5\" data-id=\"53f36b5\" data-element_type=\"column\" data-e-type=\"column\">\n\t\t\t<div class=\"elementor-widget-wrap elementor-element-populated\">\n\t\t\t\t\t\t<div class=\"elementor-element elementor-element-cc3ca32 elementor-widget elementor-widget-text-editor\" data-id=\"cc3ca32\" data-element_type=\"widget\" data-e-type=\"widget\" data-widget_type=\"text-editor.default\">\n\t\t\t\t\t\t\t\t\t<p>Si eres un trabajador eventual, debes saber que en el Banco do Povo puedes obtener pr\u00e9stamos desde R$ 200 hasta R$ 20 mil. Obtenga m\u00e1s informaci\u00f3n sobre lo que ofrece esta empresa.<\/p><p>Como todos sabemos, Covid ha afectado a la vida de millones de brasile\u00f1os, repercutiendo en su salud financiera. Entre las numerosas repercusiones se encuentran la crisis econ\u00f3mica y la elevada tasa de desempleo del pa\u00eds.<\/p><p>Debido a la propagaci\u00f3n del virus, muchas personas no pueden pagar sus facturas. Como resultado, el Banco do Povo tiene un l\u00edmite de cr\u00e9dito de entre R$ 200 y R$20 mil.<\/p>\t\t\t\t\t\t\t\t<\/div>\n\t\t\t\t\t<\/div>\n\t\t<\/div>\n\t\t\t\t\t<\/div>\n\t\t<\/section>\n\t\t\t\t<section class=\"elementor-section elementor-top-section elementor-element elementor-element-63f5e54 elementor-section-boxed elementor-section-height-default elementor-section-height-default\" data-id=\"63f5e54\" data-element_type=\"section\" data-e-type=\"section\">\n\t\t\t\t\t\t<div class=\"elementor-container elementor-column-gap-default\">\n\t\t\t\t\t<div class=\"elementor-column elementor-col-100 elementor-top-column elementor-element elementor-element-ab95763\" data-id=\"ab95763\" data-element_type=\"column\" data-e-type=\"column\">\n\t\t\t<div class=\"elementor-widget-wrap elementor-element-populated\">\n\t\t\t\t\t\t<div class=\"elementor-element elementor-element-45467a9 elementor-cta--skin-classic elementor-animated-content elementor-bg-transform elementor-bg-transform-zoom-in elementor-widget elementor-widget-call-to-action\" data-id=\"45467a9\" data-element_type=\"widget\" data-e-type=\"widget\" data-widget_type=\"call-to-action.default\">\n\t\t\t\t\t\t\t<div class=\"elementor-cta\">\n\t\t\t\t\t<div class=\"elementor-cta__bg-wrapper\">\n\t\t\t\t<div class=\"elementor-cta__bg elementor-bg\" style=\"background-image: url(https:\/\/www.noticiasfire.com.br\/wp-content\/uploads\/2022\/01\/BANCO-DO-POVO-1.jpg);\" role=\"img\" aria-label=\"BANCO DEL PUEBLO\"><\/div>\n\t\t\t\t<div class=\"elementor-cta__bg-overlay\"><\/div>\n\t\t\t<\/div>\n\t\t\t\t\t\t\t<div class=\"elementor-cta__content\">\n\t\t\t\t\n\t\t\t\t\t\t\t\t\t<h2 class=\"elementor-cta__title elementor-cta__content-item elementor-content-item\">\n\t\t\t\t\t\tEl Banco do Povo libera una l\u00ednea de emergencia \t\t\t\t\t<\/h2>\n\t\t\t\t\n\t\t\t\t\t\t\t\t\t<div class=\"elementor-cta__description elementor-cta__content-item elementor-content-item\">\n\t\t\t\t\t\tDescubra c\u00f3mo obtener un cr\u00e9dito urgente \t\t\t\t\t<\/div>\n\t\t\t\t\n\t\t\t\t\t\t\t\t\t<div class=\"elementor-cta__button-wrapper elementor-cta__content-item elementor-content-item\">\n\t\t\t\t\t<a class=\"elementor-cta__button elementor-button elementor-size-\" href=\"https:\/\/www.noticiasfire.com.br\/es\/solicite-um-emprestimo-do-banco-do-povo\/\">\n\t\t\t\t\t\tVER DETALLES\t\t\t\t\t<\/a>\n\t\t\t\t\t<\/div>\n\t\t\t\t\t\t\t<\/div>\n\t\t\t\t\t\t<\/div>\n\t\t\t\t\t\t<\/div>\n\t\t\t\t\t<\/div>\n\t\t<\/div>\n\t\t\t\t\t<\/div>\n\t\t<\/section>\n\t\t\t\t<section class=\"elementor-section elementor-top-section elementor-element elementor-element-2f1bf77 elementor-section-boxed elementor-section-height-default elementor-section-height-default\" data-id=\"2f1bf77\" data-element_type=\"section\" data-e-type=\"section\">\n\t\t\t\t\t\t<div class=\"elementor-container elementor-column-gap-default\">\n\t\t\t\t\t<div class=\"elementor-column elementor-col-100 elementor-top-column elementor-element elementor-element-1e1635d\" data-id=\"1e1635d\" data-element_type=\"column\" data-e-type=\"column\">\n\t\t\t<div class=\"elementor-widget-wrap elementor-element-populated\">\n\t\t\t\t\t\t<div class=\"elementor-element elementor-element-ace4801 elementor-widget elementor-widget-text-editor\" data-id=\"ace4801\" data-element_type=\"widget\" data-e-type=\"widget\" data-widget_type=\"text-editor.default\">\n\t\t\t\t\t\t\t\t\t<p>\u00a0<\/p><h3>Con un inter\u00e9s de 0,35% al mes.<\/h3><p>Adem\u00e1s, el cliente dispone de 90 d\u00edas para empezar a pagar las cuotas y, sobre todo, puede empezar de nuevo hasta en 36 cuotas.<\/p><p>\u00bfCu\u00e1les son las condiciones para solicitar esta l\u00ednea de cr\u00e9dito?<\/p><p>Para que su solicitud de pr\u00e9stamo sea aprobada, debe cumplir los siguientes requisitos:<\/p><p>Ser brasile\u00f1o de nacimiento o naturalizado;<\/p><p>Ser mayor de 18 a\u00f1os.<\/p><p>Entre los afectados, uno de los grupos m\u00e1s afectados por Covid-19 ha sido el informal. Principalmente debido al aislamiento practicado tanto en Brasil como en el resto del mundo.<\/p><p>Con esta idea, el Banco do Povo, fundado por el gobierno del estado de S\u00e3o Paulo, ha creado una l\u00ednea especial de cr\u00e9dito para los trabajadores informales afectados por Covid-19. \u00a1Mejor comprensi\u00f3n!<\/p><h3>\u00bfQuiere hacer preguntas sobre esta l\u00ednea de cr\u00e9dito del Banco do Povo?<\/h3><p>Si desea realizar una consulta o incluso solicitar este l\u00edmite de cr\u00e9dito, s\u00f3lo tiene que llamar a los canales de atenci\u00f3n (11) 3241-7133 o (11) 98370-9775 o visitar el sitio web del banco haciendo clic aqu\u00ed.<\/p><p>Por \u00faltimo, tambi\u00e9n puede dirigirse a la direcci\u00f3n f\u00edsica del banco - Rua Boa Vista, 170, S\u00e3o Paulo - SP. C\u00f3digo postal: 01014-000 - abierto de lunes a viernes de 9h a 16h.<\/p>\t\t\t\t\t\t\t\t<\/div>\n\t\t\t\t<div class=\"elementor-element elementor-element-ae0b6c2 elementor-align-justify elementor-widget elementor-widget-button\" data-id=\"ae0b6c2\" data-element_type=\"widget\" data-e-type=\"widget\" data-widget_type=\"button.default\">\n\t\t\t\t\t\t\t\t\t\t<a class=\"elementor-button elementor-button-link elementor-size-xl\" href=\"https:\/\/www.noticiasfire.com.br\/es\/solicite-um-emprestimo-do-banco-do-povo\/\">\n\t\t\t\t\t\t<span class=\"elementor-button-content-wrapper\">\n\t\t\t\t\t\t\t\t\t<span class=\"elementor-button-text\">SABER M\u00c1S<\/span>\n\t\t\t\t\t<\/span>\n\t\t\t\t\t<\/a>\n\t\t\t\t\t\t\t\t<\/div>\n\t\t\t\t<div class=\"elementor-element elementor-element-caf54b2 elementor-widget elementor-widget-text-editor\" data-id=\"caf54b2\" data-element_type=\"widget\" data-e-type=\"widget\" data-widget_type=\"text-editor.default\">\n\t\t\t\t\t\t\t\t\t<p>*Fuente de b\u00fasqueda: <span style=\"text-decoration: underline;\">https:\/\/www.bancodopovo.sp.gov.br\/<\/span><\/p>\t\t\t\t\t\t\t\t<\/div>\n\t\t\t\t\t<\/div>\n\t\t<\/div>\n\t\t\t\t\t<\/div>\n\t\t<\/section>\n\t\t\t\t<\/div>","protected":false},"excerpt":{"rendered":"<p>Se voc\u00ea \u00e9 trabalhador ocasional, saiba que no Banco do Povo voc\u00ea consegue empr\u00e9stimos de R$ 200 a R$ 20 mil. Saiba mais sobre o que esta empresa tem para oferecer. Como todos sabemos, a covid afetou a vida de milh\u00f5es de brasileiros impactando na sa\u00fade financeira. Os muitos impactos incluem a crise econ\u00f4mica e &#8230; <a title=\"Pr\u00e9stamo del Banco do Povo para trabajadores informales\" class=\"read-more\" href=\"https:\/\/www.noticiasfire.com.br\/es\/banco-do-povo-emprestimo-para-trabalhadores-informais\/\" aria-label=\"Leer m\u00e1s sobre Banco do Povo empr\u00e9stimo para trabalhadores informais\">Leer m\u00e1s<\/a><\/p>","protected":false},"author":3,"featured_media":29951,"comment_status":"open","ping_status":"open","sticky":false,"template":"","format":"standard","meta":{"footnotes":""},"categories":[28],"tags":[],"class_list":["post-4580","post","type-post","status-publish","format-standard","has-post-thumbnail","hentry","category-emprestimo"],"yoast_head":"<!-- This site is optimized with the Yoast SEO plugin v27.4 - https:\/\/yoast.com\/product\/yoast-seo-wordpress\/ -->\n<title>Banco do Povo empr\u00e9stimo para trabalhadores informais -<\/title>\n<meta name=\"robots\" content=\"index, follow, max-snippet:-1, max-image-preview:large, max-video-preview:-1\" \/>\n<link rel=\"canonical\" href=\"https:\/\/www.noticiasfire.com.br\/es\/banco-do-povo-emprestimo-para-trabalhadores-informais\/\" \/>\n<meta property=\"og:locale\" content=\"es_MX\" \/>\n<meta property=\"og:type\" content=\"article\" \/>\n<meta property=\"og:title\" content=\"Banco do Povo empr\u00e9stimo para trabalhadores informais -\" \/>\n<meta property=\"og:description\" content=\"Se voc\u00ea \u00e9 trabalhador ocasional, saiba que no Banco do Povo voc\u00ea consegue empr\u00e9stimos de R$ 200 a R$ 20 mil. Saiba mais sobre o que esta empresa tem para oferecer. Como todos sabemos, a covid afetou a vida de milh\u00f5es de brasileiros impactando na sa\u00fade financeira. Os muitos impactos incluem a crise econ\u00f4mica e ... Leer m\u00e1s\" \/>\n<meta property=\"og:url\" content=\"https:\/\/www.noticiasfire.com.br\/es\/banco-do-povo-emprestimo-para-trabalhadores-informais\/\" \/>\n<meta property=\"article:published_time\" content=\"2022-01-27T18:24:20+00:00\" \/>\n<meta property=\"og:image\" content=\"https:\/\/www.noticiasfire.com.br\/wp-content\/uploads\/2022\/01\/BANCO-DO-POVO-2.jpg\" \/>\n\t<meta property=\"og:image:width\" content=\"512\" \/>\n\t<meta property=\"og:image:height\" content=\"320\" \/>\n\t<meta property=\"og:image:type\" content=\"image\/jpeg\" \/>\n<meta name=\"author\" content=\"Ivan\" \/>\n<meta name=\"twitter:card\" content=\"summary_large_image\" \/>\n<meta name=\"twitter:label1\" content=\"Escrito por\" \/>\n\t<meta name=\"twitter:data1\" content=\"Ivan\" \/>\n\t<meta name=\"twitter:label2\" content=\"Tiempo de lectura\" \/>\n\t<meta name=\"twitter:data2\" content=\"2 minutos\" \/>\n<script type=\"application\/ld+json\" class=\"yoast-schema-graph\">{\"@context\":\"https:\\\/\\\/schema.org\",\"@graph\":[{\"@type\":\"Article\",\"@id\":\"https:\\\/\\\/www.noticiasfire.com.br\\\/banco-do-povo-emprestimo-para-trabalhadores-informais\\\/#article\",\"isPartOf\":{\"@id\":\"https:\\\/\\\/www.noticiasfire.com.br\\\/banco-do-povo-emprestimo-para-trabalhadores-informais\\\/\"},\"author\":{\"name\":\"Ivan\",\"@id\":\"https:\\\/\\\/www.noticiasfire.com.br\\\/#\\\/schema\\\/person\\\/6c064cf8d33f8b38900e936c385f48fd\"},\"headline\":\"Banco do Povo empr\u00e9stimo para trabalhadores informais\",\"datePublished\":\"2022-01-27T18:24:20+00:00\",\"mainEntityOfPage\":{\"@id\":\"https:\\\/\\\/www.noticiasfire.com.br\\\/banco-do-povo-emprestimo-para-trabalhadores-informais\\\/\"},\"wordCount\":332,\"commentCount\":0,\"publisher\":{\"@id\":\"https:\\\/\\\/www.noticiasfire.com.br\\\/#organization\"},\"image\":{\"@id\":\"https:\\\/\\\/www.noticiasfire.com.br\\\/banco-do-povo-emprestimo-para-trabalhadores-informais\\\/#primaryimage\"},\"thumbnailUrl\":\"https:\\\/\\\/www.noticiasfire.com.br\\\/wp-content\\\/uploads\\\/2022\\\/01\\\/BANCO-DO-POVO-2.jpg\",\"articleSection\":[\"EMPR\u00c9STIMO\"],\"inLanguage\":\"es\",\"potentialAction\":[{\"@type\":\"CommentAction\",\"name\":\"Comment\",\"target\":[\"https:\\\/\\\/www.noticiasfire.com.br\\\/banco-do-povo-emprestimo-para-trabalhadores-informais\\\/#respond\"]}]},{\"@type\":\"WebPage\",\"@id\":\"https:\\\/\\\/www.noticiasfire.com.br\\\/banco-do-povo-emprestimo-para-trabalhadores-informais\\\/\",\"url\":\"https:\\\/\\\/www.noticiasfire.com.br\\\/banco-do-povo-emprestimo-para-trabalhadores-informais\\\/\",\"name\":\"Banco do Povo empr\u00e9stimo para trabalhadores informais -\",\"isPartOf\":{\"@id\":\"https:\\\/\\\/www.noticiasfire.com.br\\\/#website\"},\"primaryImageOfPage\":{\"@id\":\"https:\\\/\\\/www.noticiasfire.com.br\\\/banco-do-povo-emprestimo-para-trabalhadores-informais\\\/#primaryimage\"},\"image\":{\"@id\":\"https:\\\/\\\/www.noticiasfire.com.br\\\/banco-do-povo-emprestimo-para-trabalhadores-informais\\\/#primaryimage\"},\"thumbnailUrl\":\"https:\\\/\\\/www.noticiasfire.com.br\\\/wp-content\\\/uploads\\\/2022\\\/01\\\/BANCO-DO-POVO-2.jpg\",\"datePublished\":\"2022-01-27T18:24:20+00:00\",\"breadcrumb\":{\"@id\":\"https:\\\/\\\/www.noticiasfire.com.br\\\/banco-do-povo-emprestimo-para-trabalhadores-informais\\\/#breadcrumb\"},\"inLanguage\":\"es\",\"potentialAction\":[{\"@type\":\"ReadAction\",\"target\":[\"https:\\\/\\\/www.noticiasfire.com.br\\\/banco-do-povo-emprestimo-para-trabalhadores-informais\\\/\"]}]},{\"@type\":\"ImageObject\",\"inLanguage\":\"es\",\"@id\":\"https:\\\/\\\/www.noticiasfire.com.br\\\/banco-do-povo-emprestimo-para-trabalhadores-informais\\\/#primaryimage\",\"url\":\"https:\\\/\\\/www.noticiasfire.com.br\\\/wp-content\\\/uploads\\\/2022\\\/01\\\/BANCO-DO-POVO-2.jpg\",\"contentUrl\":\"https:\\\/\\\/www.noticiasfire.com.br\\\/wp-content\\\/uploads\\\/2022\\\/01\\\/BANCO-DO-POVO-2.jpg\",\"width\":512,\"height\":320},{\"@type\":\"BreadcrumbList\",\"@id\":\"https:\\\/\\\/www.noticiasfire.com.br\\\/banco-do-povo-emprestimo-para-trabalhadores-informais\\\/#breadcrumb\",\"itemListElement\":[{\"@type\":\"ListItem\",\"position\":1,\"name\":\"In\u00edcio\",\"item\":\"https:\\\/\\\/www.noticiasfire.com.br\\\/\"},{\"@type\":\"ListItem\",\"position\":2,\"name\":\"Banco do Povo empr\u00e9stimo para trabalhadores informais\"}]},{\"@type\":\"WebSite\",\"@id\":\"https:\\\/\\\/www.noticiasfire.com.br\\\/#website\",\"url\":\"https:\\\/\\\/www.noticiasfire.com.br\\\/\",\"name\":\"NoticiasFire\",\"description\":\"\",\"publisher\":{\"@id\":\"https:\\\/\\\/www.noticiasfire.com.br\\\/#organization\"},\"potentialAction\":[{\"@type\":\"SearchAction\",\"target\":{\"@type\":\"EntryPoint\",\"urlTemplate\":\"https:\\\/\\\/www.noticiasfire.com.br\\\/?s={search_term_string}\"},\"query-input\":{\"@type\":\"PropertyValueSpecification\",\"valueRequired\":true,\"valueName\":\"search_term_string\"}}],\"inLanguage\":\"es\"},{\"@type\":\"Organization\",\"@id\":\"https:\\\/\\\/www.noticiasfire.com.br\\\/#organization\",\"name\":\"NoticiasFire\",\"url\":\"https:\\\/\\\/www.noticiasfire.com.br\\\/\",\"logo\":{\"@type\":\"ImageObject\",\"inLanguage\":\"es\",\"@id\":\"https:\\\/\\\/www.noticiasfire.com.br\\\/#\\\/schema\\\/logo\\\/image\\\/\",\"url\":\"https:\\\/\\\/www.noticiasfire.com.br\\\/wp-content\\\/uploads\\\/2025\\\/08\\\/cropped-Captura_de_Tela_2025-08-13_as_20.34.29__1_-removebg-preview.png\",\"contentUrl\":\"https:\\\/\\\/www.noticiasfire.com.br\\\/wp-content\\\/uploads\\\/2025\\\/08\\\/cropped-Captura_de_Tela_2025-08-13_as_20.34.29__1_-removebg-preview.png\",\"width\":748,\"height\":286,\"caption\":\"NoticiasFire\"},\"image\":{\"@id\":\"https:\\\/\\\/www.noticiasfire.com.br\\\/#\\\/schema\\\/logo\\\/image\\\/\"}},{\"@type\":\"Person\",\"@id\":\"https:\\\/\\\/www.noticiasfire.com.br\\\/#\\\/schema\\\/person\\\/6c064cf8d33f8b38900e936c385f48fd\",\"name\":\"Ivan\",\"image\":{\"@type\":\"ImageObject\",\"inLanguage\":\"es\",\"@id\":\"https:\\\/\\\/secure.gravatar.com\\\/avatar\\\/18077698a88c2ad528c924a301adab662f075719c95fb1dec6f0b51902ebf647?s=96&d=mm&r=g\",\"url\":\"https:\\\/\\\/secure.gravatar.com\\\/avatar\\\/18077698a88c2ad528c924a301adab662f075719c95fb1dec6f0b51902ebf647?s=96&d=mm&r=g\",\"contentUrl\":\"https:\\\/\\\/secure.gravatar.com\\\/avatar\\\/18077698a88c2ad528c924a301adab662f075719c95fb1dec6f0b51902ebf647?s=96&d=mm&r=g\",\"caption\":\"Ivan\"},\"url\":\"https:\\\/\\\/www.noticiasfire.com.br\\\/es\\\/author\\\/ivan\\\/\"}]}<\/script>\n<!-- \/ Yoast SEO plugin. -->","yoast_head_json":{"title":"Banco do Povo empr\u00e9stimo para trabalhadores informais -","robots":{"index":"index","follow":"follow","max-snippet":"max-snippet:-1","max-image-preview":"max-image-preview:large","max-video-preview":"max-video-preview:-1"},"canonical":"https:\/\/www.noticiasfire.com.br\/es\/banco-do-povo-emprestimo-para-trabalhadores-informais\/","og_locale":"es_MX","og_type":"article","og_title":"Banco do Povo empr\u00e9stimo para trabalhadores informais -","og_description":"Se voc\u00ea \u00e9 trabalhador ocasional, saiba que no Banco do Povo voc\u00ea consegue empr\u00e9stimos de R$ 200 a R$ 20 mil. Saiba mais sobre o que esta empresa tem para oferecer. Como todos sabemos, a covid afetou a vida de milh\u00f5es de brasileiros impactando na sa\u00fade financeira. Os muitos impactos incluem a crise econ\u00f4mica e ... Leer m\u00e1s","og_url":"https:\/\/www.noticiasfire.com.br\/es\/banco-do-povo-emprestimo-para-trabalhadores-informais\/","article_published_time":"2022-01-27T18:24:20+00:00","og_image":[{"width":512,"height":320,"url":"https:\/\/www.noticiasfire.com.br\/wp-content\/uploads\/2022\/01\/BANCO-DO-POVO-2.jpg","type":"image\/jpeg"}],"author":"Ivan","twitter_card":"summary_large_image","twitter_misc":{"Escrito por":"Ivan","Tiempo de lectura":"2 minutos"},"schema":{"@context":"https:\/\/schema.org","@graph":[{"@type":"Article","@id":"https:\/\/www.noticiasfire.com.br\/banco-do-povo-emprestimo-para-trabalhadores-informais\/#article","isPartOf":{"@id":"https:\/\/www.noticiasfire.com.br\/banco-do-povo-emprestimo-para-trabalhadores-informais\/"},"author":{"name":"Ivan","@id":"https:\/\/www.noticiasfire.com.br\/#\/schema\/person\/6c064cf8d33f8b38900e936c385f48fd"},"headline":"Banco do Povo empr\u00e9stimo para trabalhadores informais","datePublished":"2022-01-27T18:24:20+00:00","mainEntityOfPage":{"@id":"https:\/\/www.noticiasfire.com.br\/banco-do-povo-emprestimo-para-trabalhadores-informais\/"},"wordCount":332,"commentCount":0,"publisher":{"@id":"https:\/\/www.noticiasfire.com.br\/#organization"},"image":{"@id":"https:\/\/www.noticiasfire.com.br\/banco-do-povo-emprestimo-para-trabalhadores-informais\/#primaryimage"},"thumbnailUrl":"https:\/\/www.noticiasfire.com.br\/wp-content\/uploads\/2022\/01\/BANCO-DO-POVO-2.jpg","articleSection":["EMPR\u00c9STIMO"],"inLanguage":"es","potentialAction":[{"@type":"CommentAction","name":"Comment","target":["https:\/\/www.noticiasfire.com.br\/banco-do-povo-emprestimo-para-trabalhadores-informais\/#respond"]}]},{"@type":"WebPage","@id":"https:\/\/www.noticiasfire.com.br\/banco-do-povo-emprestimo-para-trabalhadores-informais\/","url":"https:\/\/www.noticiasfire.com.br\/banco-do-povo-emprestimo-para-trabalhadores-informais\/","name":"Banco do Povo empr\u00e9stimo para trabalhadores informais -","isPartOf":{"@id":"https:\/\/www.noticiasfire.com.br\/#website"},"primaryImageOfPage":{"@id":"https:\/\/www.noticiasfire.com.br\/banco-do-povo-emprestimo-para-trabalhadores-informais\/#primaryimage"},"image":{"@id":"https:\/\/www.noticiasfire.com.br\/banco-do-povo-emprestimo-para-trabalhadores-informais\/#primaryimage"},"thumbnailUrl":"https:\/\/www.noticiasfire.com.br\/wp-content\/uploads\/2022\/01\/BANCO-DO-POVO-2.jpg","datePublished":"2022-01-27T18:24:20+00:00","breadcrumb":{"@id":"https:\/\/www.noticiasfire.com.br\/banco-do-povo-emprestimo-para-trabalhadores-informais\/#breadcrumb"},"inLanguage":"es","potentialAction":[{"@type":"ReadAction","target":["https:\/\/www.noticiasfire.com.br\/banco-do-povo-emprestimo-para-trabalhadores-informais\/"]}]},{"@type":"ImageObject","inLanguage":"es","@id":"https:\/\/www.noticiasfire.com.br\/banco-do-povo-emprestimo-para-trabalhadores-informais\/#primaryimage","url":"https:\/\/www.noticiasfire.com.br\/wp-content\/uploads\/2022\/01\/BANCO-DO-POVO-2.jpg","contentUrl":"https:\/\/www.noticiasfire.com.br\/wp-content\/uploads\/2022\/01\/BANCO-DO-POVO-2.jpg","width":512,"height":320},{"@type":"BreadcrumbList","@id":"https:\/\/www.noticiasfire.com.br\/banco-do-povo-emprestimo-para-trabalhadores-informais\/#breadcrumb","itemListElement":[{"@type":"ListItem","position":1,"name":"In\u00edcio","item":"https:\/\/www.noticiasfire.com.br\/"},{"@type":"ListItem","position":2,"name":"Banco do Povo empr\u00e9stimo para trabalhadores informais"}]},{"@type":"WebSite","@id":"https:\/\/www.noticiasfire.com.br\/#website","url":"https:\/\/www.noticiasfire.com.br\/","name":"NoticiasFire","description":"","publisher":{"@id":"https:\/\/www.noticiasfire.com.br\/#organization"},"potentialAction":[{"@type":"SearchAction","target":{"@type":"EntryPoint","urlTemplate":"https:\/\/www.noticiasfire.com.br\/?s={search_term_string}"},"query-input":{"@type":"PropertyValueSpecification","valueRequired":true,"valueName":"search_term_string"}}],"inLanguage":"es"},{"@type":"Organization","@id":"https:\/\/www.noticiasfire.com.br\/#organization","name":"NoticiasFire","url":"https:\/\/www.noticiasfire.com.br\/","logo":{"@type":"ImageObject","inLanguage":"es","@id":"https:\/\/www.noticiasfire.com.br\/#\/schema\/logo\/image\/","url":"https:\/\/www.noticiasfire.com.br\/wp-content\/uploads\/2025\/08\/cropped-Captura_de_Tela_2025-08-13_as_20.34.29__1_-removebg-preview.png","contentUrl":"https:\/\/www.noticiasfire.com.br\/wp-content\/uploads\/2025\/08\/cropped-Captura_de_Tela_2025-08-13_as_20.34.29__1_-removebg-preview.png","width":748,"height":286,"caption":"NoticiasFire"},"image":{"@id":"https:\/\/www.noticiasfire.com.br\/#\/schema\/logo\/image\/"}},{"@type":"Person","@id":"https:\/\/www.noticiasfire.com.br\/#\/schema\/person\/6c064cf8d33f8b38900e936c385f48fd","name":"Ivan","image":{"@type":"ImageObject","inLanguage":"es","@id":"https:\/\/secure.gravatar.com\/avatar\/18077698a88c2ad528c924a301adab662f075719c95fb1dec6f0b51902ebf647?s=96&d=mm&r=g","url":"https:\/\/secure.gravatar.com\/avatar\/18077698a88c2ad528c924a301adab662f075719c95fb1dec6f0b51902ebf647?s=96&d=mm&r=g","contentUrl":"https:\/\/secure.gravatar.com\/avatar\/18077698a88c2ad528c924a301adab662f075719c95fb1dec6f0b51902ebf647?s=96&d=mm&r=g","caption":"Ivan"},"url":"https:\/\/www.noticiasfire.com.br\/es\/author\/ivan\/"}]}},"_links":{"self":[{"href":"https:\/\/www.noticiasfire.com.br\/es\/wp-json\/wp\/v2\/posts\/4580","targetHints":{"allow":["GET"]}}],"collection":[{"href":"https:\/\/www.noticiasfire.com.br\/es\/wp-json\/wp\/v2\/posts"}],"about":[{"href":"https:\/\/www.noticiasfire.com.br\/es\/wp-json\/wp\/v2\/types\/post"}],"author":[{"embeddable":true,"href":"https:\/\/www.noticiasfire.com.br\/es\/wp-json\/wp\/v2\/users\/3"}],"replies":[{"embeddable":true,"href":"https:\/\/www.noticiasfire.com.br\/es\/wp-json\/wp\/v2\/comments?post=4580"}],"version-history":[{"count":0,"href":"https:\/\/www.noticiasfire.com.br\/es\/wp-json\/wp\/v2\/posts\/4580\/revisions"}],"wp:featuredmedia":[{"embeddable":true,"href":"https:\/\/www.noticiasfire.com.br\/es\/wp-json\/wp\/v2\/media\/29951"}],"wp:attachment":[{"href":"https:\/\/www.noticiasfire.com.br\/es\/wp-json\/wp\/v2\/media?parent=4580"}],"wp:term":[{"taxonomy":"category","embeddable":true,"href":"https:\/\/www.noticiasfire.com.br\/es\/wp-json\/wp\/v2\/categories?post=4580"},{"taxonomy":"post_tag","embeddable":true,"href":"https:\/\/www.noticiasfire.com.br\/es\/wp-json\/wp\/v2\/tags?post=4580"}],"curies":[{"name":"wp","href":"https:\/\/api.w.org\/{rel}","templated":true}]}}