{"id":7995,"date":"2023-05-20T09:30:25","date_gmt":"2023-05-20T12:30:25","guid":{"rendered":"https:\/\/www.noticiasfire.com.br\/?p=7995"},"modified":"2023-05-20T09:30:25","modified_gmt":"2023-05-20T12:30:25","slug":"saiba-mais-sobre-o-vale-gas-e-veja-as-regras-em-2023","status":"publish","type":"post","link":"https:\/\/www.noticiasfire.com.br\/es\/saiba-mais-sobre-o-vale-gas-e-veja-as-regras-em-2023\/","title":{"rendered":"Saiba mais sobre o Vale G\u00e1s e veja as regras para 2024"},"content":{"rendered":"<div data-elementor-type=\"wp-post\" data-elementor-id=\"7995\" class=\"elementor elementor-7995\" data-elementor-post-type=\"post\">\n\t\t\t\t\t\t<section class=\"elementor-section elementor-top-section elementor-element elementor-element-d1e3839 elementor-section-boxed elementor-section-height-default elementor-section-height-default\" data-id=\"d1e3839\" data-element_type=\"section\" data-e-type=\"section\">\n\t\t\t\t\t\t<div class=\"elementor-container elementor-column-gap-default\">\n\t\t\t\t\t<div class=\"elementor-column elementor-col-100 elementor-top-column elementor-element elementor-element-d4e5b2f\" data-id=\"d4e5b2f\" data-element_type=\"column\" data-e-type=\"column\">\n\t\t\t<div class=\"elementor-widget-wrap elementor-element-populated\">\n\t\t\t\t\t\t<div class=\"elementor-element elementor-element-1a11e9b elementor-widget elementor-widget-text-editor\" data-id=\"1a11e9b\" data-element_type=\"widget\" data-e-type=\"widget\" data-widget_type=\"text-editor.default\">\n\t\t\t\t\t\t\t\t\t<p>O Vale G\u00e1s tamb\u00e9m ser\u00e1 fornecido em 2024 \u00e0s fam\u00edlias de baixa renda, auxiliando-as a custear esse item essencial na vida dos brasileiros. Esse aux\u00edlio j\u00e1 beneficiou mais de 5 milh\u00f5es de pessoas, pagando integralmente seu valor a cada dois meses.<\/p><p>O programa, criado nos \u00faltimos anos para ajudar fam\u00edlias de baixa renda e mulheres v\u00edtimas de viol\u00eancia dom\u00e9stica. Administrado pelo Minist\u00e9rio da Cidadania e o Banco <a href=\"https:\/\/www.caixa.gov.br\/programas-sociais\/auxilio-gas\/Paginas\/default.aspx\">Caja<\/a> \u00e9 respons\u00e1vel pelos pagamentos e servi\u00e7os \u00e0s fam\u00edlias participantes do programa.<\/p><p>O Presidente prometeu manter um apoio crucial \u00e0s fam\u00edlias e manteve sua palavra. Bem como o Bolsa Fam\u00edlia ser\u00e3o pagas de acordo com o mesmo cronograma determinado pelo n\u00famero final de cart\u00f5es de NIS, com pagamentos a partir de fevereiro.<\/p>\t\t\t\t\t\t\t\t<\/div>\n\t\t\t\t\t<\/div>\n\t\t<\/div>\n\t\t\t\t\t<\/div>\n\t\t<\/section>\n\t\t\t\t<section class=\"elementor-section elementor-top-section elementor-element elementor-element-e43013c elementor-section-boxed elementor-section-height-default elementor-section-height-default\" data-id=\"e43013c\" data-element_type=\"section\" data-e-type=\"section\">\n\t\t\t\t\t\t<div class=\"elementor-container elementor-column-gap-default\">\n\t\t\t\t\t<div class=\"elementor-column elementor-col-100 elementor-top-column elementor-element elementor-element-317ae4a\" data-id=\"317ae4a\" data-element_type=\"column\" data-e-type=\"column\">\n\t\t\t<div class=\"elementor-widget-wrap elementor-element-populated\">\n\t\t\t\t\t\t<div class=\"elementor-element elementor-element-a84e6fa elementor-widget elementor-widget-image\" data-id=\"a84e6fa\" data-element_type=\"widget\" data-e-type=\"widget\" data-widget_type=\"image.default\">\n\t\t\t\t\t\t\t\t\t\t\t\t<figure class=\"wp-caption\">\n\t\t\t\t\t\t\t\t\t\t<img fetchpriority=\"high\" decoding=\"async\" width=\"960\" height=\"540\" src=\"https:\/\/www.noticiasfire.com.br\/wp-content\/uploads\/2022\/06\/provu-_1_-1-1024x576.webp\" class=\"attachment-large size-large wp-image-7751\" alt=\"Saiba mais sobre o Vale G\u00e1s e veja as regras em 2023.\" srcset=\"https:\/\/www.noticiasfire.com.br\/wp-content\/uploads\/2022\/06\/provu-_1_-1-1024x576.webp 1024w, https:\/\/www.noticiasfire.com.br\/wp-content\/uploads\/2022\/06\/provu-_1_-1-300x169.webp 300w, https:\/\/www.noticiasfire.com.br\/wp-content\/uploads\/2022\/06\/provu-_1_-1-768x432.webp 768w, https:\/\/www.noticiasfire.com.br\/wp-content\/uploads\/2022\/06\/provu-_1_-1.webp 1280w\" sizes=\"(max-width: 960px) 100vw, 960px\" \/>\t\t\t\t\t\t\t\t\t\t\t<figcaption class=\"widget-image-caption wp-caption-text\">Saiba mais sobre o Vale G\u00e1s e veja as regras em 2023.<\/figcaption>\n\t\t\t\t\t\t\t\t\t\t<\/figure>\n\t\t\t\t\t\t\t\t\t<\/div>\n\t\t\t\t\t<\/div>\n\t\t<\/div>\n\t\t\t\t\t<\/div>\n\t\t<\/section>\n\t\t\t\t<section class=\"elementor-section elementor-top-section elementor-element elementor-element-9f5b4eb elementor-section-boxed elementor-section-height-default elementor-section-height-default\" data-id=\"9f5b4eb\" data-element_type=\"section\" data-e-type=\"section\">\n\t\t\t\t\t\t<div class=\"elementor-container elementor-column-gap-default\">\n\t\t\t\t\t<div class=\"elementor-column elementor-col-100 elementor-top-column elementor-element elementor-element-50a813e\" data-id=\"50a813e\" data-element_type=\"column\" data-e-type=\"column\">\n\t\t\t<div class=\"elementor-widget-wrap elementor-element-populated\">\n\t\t\t\t\t\t<div class=\"elementor-element elementor-element-a5993b6 elementor-widget elementor-widget-text-editor\" data-id=\"a5993b6\" data-element_type=\"widget\" data-e-type=\"widget\" data-widget_type=\"text-editor.default\">\n\t\t\t\t\t\t\t\t\t<h2>Como obter o Vale G\u00e1s<\/h2><p>Contudo para receber o benef\u00edcio, \u00e9 importante e crucial estar registrado no (CAD) Cadastro \u00danico, que permita ao Governo obter todas as informa\u00e7\u00f5es necess\u00e1rias sobre sua fam\u00edlia. Agora para verificar sua elegibilidade para o programa social; no ano passado foi criado o pedido Cad\u00danico para facilitar o registro das fam\u00edlias nos locais de atendimento do governo.<\/p><p>Voc\u00ea pode fazer o pr\u00e9-registo atrav\u00e9s da APP clicando <a href=\"https:\/\/play.google.com\/store\/apps\/details?id=br.gov.dataprev.meucadunico\">aqui<\/a> ou on-line clicando <a href=\"https:\/\/www.gov.br\/cidadania\/pt-br\/cadunico\/app-cadunico\" data-wplink-edit=\"true\">aqui<\/a>. O registro fornece antecipadamente informa\u00e7\u00f5es b\u00e1sicas sobre a fam\u00edlia, mas para complet\u00e1-lo, a pessoa respons\u00e1vel deve se registrar na esta\u00e7\u00e3o de servi\u00e7o do Cad\u00danico ou na unidade CRAS mais pr\u00f3xima.<\/p><p>O registro n\u00e3o garante que voc\u00ea receber\u00e1 imediatamente Auxilio G\u00e1s, mas deve pertencer a um grupo de benefici\u00e1rios composto por mulheres chefes de fam\u00edlia com renda n\u00e3o superior \u00e0 metade do sal\u00e1rio m\u00ednimo por domic\u00edlio e participando de outras formas de assist\u00eancia p\u00fablica.<\/p><h2>Como \u00e9 verificado o pagamento do Vale G\u00e1s?<\/h2><p>Ap\u00f3s o registro, voc\u00ea pode verificar se \u00e9 aceito em uma esta\u00e7\u00e3o de servi\u00e7o ou ir \u00e0 Caixa Econ\u00f4mica Federal, mas pelo APP \u00e9 uma forma de encurta o tempo de espera e \u00e9 mais conveniente. Voc\u00ea pode fazer isso atrav\u00e9s do App do Auxilio Brasil, e o aplicativo Caixa Tem ou ligando diretamente para o servi\u00e7o atrav\u00e9s do n\u00famero 111 de telefone.<\/p><p>Ao fazer o pedido, tem que confirmar certas informa\u00e7\u00f5es, tais como seu n\u00famero de CPF ou Nis. J\u00e1 os Apps est\u00e3o dispon\u00edveis nas respectivas lojas e podem ser usadas no Android e iOS. Com estes aplicativos, poder\u00e1 verificar os benef\u00edcios recebidos, transferir valores, pagar contas e muito mais.<\/p><h2>Cronograma Vale g\u00e1s em 2024<\/h2><p>O valor do auxilio g\u00e1s \u00e9 de R$ 112,00, equivalente ao custo m\u00e9dio nacional de um botij\u00e3o de g\u00e1s de 13 kg, e \u00e9 enviado \u00e0s fam\u00edlias a cada dois meses atrav\u00e9s do programa Bolsa Fam\u00edlia se elas tamb\u00e9m receberem assist\u00eancia social mantida pelo novo PEC transit\u00f3rio do governo.<\/p><p>Anteriormente, apenas 50% era pago, mas ap\u00f3s algumas aprova\u00e7\u00f5es o benef\u00edcio foi aumentado. Os meses s\u00e3o <strong>fevereiro, abril, junho, agosto, outubro e dezembro<\/strong>, e a primeira parcela ser\u00e1 paga em 13 de fevereiro \u00e0s pessoas cujo n\u00famero de NIS termina em 1.<\/p><h2>Voc\u00ea gostou das informa\u00e7\u00f5es sobre Vale G\u00e1s?<\/h2><p>Este artigo foi escrito para ajud\u00e1-lo a obter assist\u00eancia, registrar-se e inform\u00e1-lo sobre as novas datas de recebimento no novo ano. Se voc\u00ea j\u00e1 ganhou, fique de olho nas datas e, se fizer parte de um grupo qualificado para receb\u00ea-lo, entre em contato com os postos de servi\u00e7o listados; para mais informa\u00e7\u00f5es, visite nosso <a href=\"https:\/\/www.noticiasfire.com.br\/es\/\">website<\/a> e at\u00e9 a pr\u00f3xima vez.<\/p>\t\t\t\t\t\t\t\t<\/div>\n\t\t\t\t\t<\/div>\n\t\t<\/div>\n\t\t\t\t\t<\/div>\n\t\t<\/section>\n\t\t\t\t<\/div>","protected":false},"excerpt":{"rendered":"<p>O Vale G\u00e1s tamb\u00e9m ser\u00e1 fornecido em 2024 \u00e0s fam\u00edlias de baixa renda, auxiliando-as a custear esse item essencial na vida dos brasileiros. Esse aux\u00edlio j\u00e1 beneficiou mais de 5 milh\u00f5es de pessoas, pagando integralmente seu valor a cada dois meses. O programa, criado nos \u00faltimos anos para ajudar fam\u00edlias de baixa renda e mulheres &#8230; <a title=\"Saiba mais sobre o Vale G\u00e1s e veja as regras para 2024\" class=\"read-more\" href=\"https:\/\/www.noticiasfire.com.br\/es\/saiba-mais-sobre-o-vale-gas-e-veja-as-regras-em-2023\/\" aria-label=\"Leer m\u00e1s sobre Saiba mais sobre o Vale G\u00e1s e veja as regras para 2024\">Leer m\u00e1s<\/a><\/p>","protected":false},"author":3,"featured_media":30034,"comment_status":"open","ping_status":"open","sticky":false,"template":"","format":"standard","meta":{"footnotes":""},"categories":[44],"tags":[45,38,46],"class_list":["post-7995","post","type-post","status-publish","format-standard","has-post-thumbnail","hentry","category-noticias","tag-auxilio-brasil","tag-emprestimo-auxilio-brasil","tag-valegas"],"yoast_head":"<!-- This site is optimized with the Yoast SEO plugin v27.4 - https:\/\/yoast.com\/product\/yoast-seo-wordpress\/ -->\n<title>Saiba mais sobre o Vale G\u00e1s e veja as regras para 2024 -<\/title>\n<meta name=\"description\" content=\"O Auxilio G\u00e1s tamb\u00e9m ser\u00e1 distribu\u00eddo em 2023 \u00e0s fam\u00edlias carentes para ajud\u00e1-las a pagar por este importante item na vida dos brasileiros.\" \/>\n<meta name=\"robots\" content=\"index, follow, max-snippet:-1, max-image-preview:large, max-video-preview:-1\" \/>\n<link rel=\"canonical\" href=\"https:\/\/www.opovo.com.br\/noticias\/economia\/2022\/08\/03\/vale-gas-de-agosto-sera-pago-dia-9-com-valor-de-rs-110-veja-quem-tem-direito.html\" \/>\n<meta property=\"og:locale\" content=\"es_MX\" \/>\n<meta property=\"og:type\" content=\"article\" \/>\n<meta property=\"og:title\" content=\"Saiba mais sobre o Vale G\u00e1s e veja as regras para 2024 -\" \/>\n<meta property=\"og:description\" content=\"O Auxilio G\u00e1s tamb\u00e9m ser\u00e1 distribu\u00eddo em 2023 \u00e0s fam\u00edlias carentes para ajud\u00e1-las a pagar por este importante item na vida dos brasileiros.\" \/>\n<meta property=\"og:url\" content=\"https:\/\/www.opovo.com.br\/noticias\/economia\/2022\/08\/03\/vale-gas-de-agosto-sera-pago-dia-9-com-valor-de-rs-110-veja-quem-tem-direito.html\" \/>\n<meta property=\"article:published_time\" content=\"2023-05-20T12:30:25+00:00\" \/>\n<meta property=\"og:image\" content=\"https:\/\/www.noticiasfire.com.br\/wp-content\/uploads\/2022\/06\/provu-_1_-2.webp\" \/>\n\t<meta property=\"og:image:width\" content=\"1280\" \/>\n\t<meta property=\"og:image:height\" content=\"720\" \/>\n\t<meta property=\"og:image:type\" content=\"image\/webp\" \/>\n<meta name=\"author\" content=\"Ivan\" \/>\n<meta name=\"twitter:card\" content=\"summary_large_image\" \/>\n<meta name=\"twitter:label1\" content=\"Escrito por\" \/>\n\t<meta name=\"twitter:data1\" content=\"Ivan\" \/>\n\t<meta name=\"twitter:label2\" content=\"Tiempo de lectura\" \/>\n\t<meta name=\"twitter:data2\" content=\"4 minutos\" \/>\n<script type=\"application\/ld+json\" class=\"yoast-schema-graph\">{\"@context\":\"https:\\\/\\\/schema.org\",\"@graph\":[{\"@type\":\"Article\",\"@id\":\"https:\\\/\\\/www.opovo.com.br\\\/noticias\\\/economia\\\/2022\\\/08\\\/03\\\/vale-gas-de-agosto-sera-pago-dia-9-com-valor-de-rs-110-veja-quem-tem-direito.html#article\",\"isPartOf\":{\"@id\":\"https:\\\/\\\/www.noticiasfire.com.br\\\/saiba-mais-sobre-o-vale-gas-e-veja-as-regras-em-2023\\\/\"},\"author\":{\"name\":\"Ivan\",\"@id\":\"https:\\\/\\\/www.noticiasfire.com.br\\\/#\\\/schema\\\/person\\\/6c064cf8d33f8b38900e936c385f48fd\"},\"headline\":\"Saiba mais sobre o Vale G\u00e1s e veja as regras para 2024\",\"datePublished\":\"2023-05-20T12:30:25+00:00\",\"mainEntityOfPage\":{\"@id\":\"https:\\\/\\\/www.noticiasfire.com.br\\\/saiba-mais-sobre-o-vale-gas-e-veja-as-regras-em-2023\\\/\"},\"wordCount\":639,\"commentCount\":0,\"publisher\":{\"@id\":\"https:\\\/\\\/www.noticiasfire.com.br\\\/#organization\"},\"image\":{\"@id\":\"https:\\\/\\\/www.opovo.com.br\\\/noticias\\\/economia\\\/2022\\\/08\\\/03\\\/vale-gas-de-agosto-sera-pago-dia-9-com-valor-de-rs-110-veja-quem-tem-direito.html#primaryimage\"},\"thumbnailUrl\":\"https:\\\/\\\/www.noticiasfire.com.br\\\/wp-content\\\/uploads\\\/2022\\\/06\\\/provu-_1_-2.webp\",\"keywords\":[\"auxilio Brasil\",\"emprestimo auxilio brasil\",\"valegas\"],\"articleSection\":[\"NOT\u00cdCIAS\"],\"inLanguage\":\"es\",\"potentialAction\":[{\"@type\":\"CommentAction\",\"name\":\"Comment\",\"target\":[\"https:\\\/\\\/www.opovo.com.br\\\/noticias\\\/economia\\\/2022\\\/08\\\/03\\\/vale-gas-de-agosto-sera-pago-dia-9-com-valor-de-rs-110-veja-quem-tem-direito.html#respond\"]}]},{\"@type\":\"WebPage\",\"@id\":\"https:\\\/\\\/www.noticiasfire.com.br\\\/saiba-mais-sobre-o-vale-gas-e-veja-as-regras-em-2023\\\/\",\"url\":\"https:\\\/\\\/www.opovo.com.br\\\/noticias\\\/economia\\\/2022\\\/08\\\/03\\\/vale-gas-de-agosto-sera-pago-dia-9-com-valor-de-rs-110-veja-quem-tem-direito.html\",\"name\":\"Saiba mais sobre o Vale G\u00e1s e veja as regras para 2024 -\",\"isPartOf\":{\"@id\":\"https:\\\/\\\/www.noticiasfire.com.br\\\/#website\"},\"primaryImageOfPage\":{\"@id\":\"https:\\\/\\\/www.opovo.com.br\\\/noticias\\\/economia\\\/2022\\\/08\\\/03\\\/vale-gas-de-agosto-sera-pago-dia-9-com-valor-de-rs-110-veja-quem-tem-direito.html#primaryimage\"},\"image\":{\"@id\":\"https:\\\/\\\/www.opovo.com.br\\\/noticias\\\/economia\\\/2022\\\/08\\\/03\\\/vale-gas-de-agosto-sera-pago-dia-9-com-valor-de-rs-110-veja-quem-tem-direito.html#primaryimage\"},\"thumbnailUrl\":\"https:\\\/\\\/www.noticiasfire.com.br\\\/wp-content\\\/uploads\\\/2022\\\/06\\\/provu-_1_-2.webp\",\"datePublished\":\"2023-05-20T12:30:25+00:00\",\"description\":\"O Auxilio G\u00e1s tamb\u00e9m ser\u00e1 distribu\u00eddo em 2023 \u00e0s fam\u00edlias carentes para ajud\u00e1-las a pagar por este importante item na vida dos brasileiros.\",\"breadcrumb\":{\"@id\":\"https:\\\/\\\/www.opovo.com.br\\\/noticias\\\/economia\\\/2022\\\/08\\\/03\\\/vale-gas-de-agosto-sera-pago-dia-9-com-valor-de-rs-110-veja-quem-tem-direito.html#breadcrumb\"},\"inLanguage\":\"es\",\"potentialAction\":[{\"@type\":\"ReadAction\",\"target\":[\"https:\\\/\\\/www.opovo.com.br\\\/noticias\\\/economia\\\/2022\\\/08\\\/03\\\/vale-gas-de-agosto-sera-pago-dia-9-com-valor-de-rs-110-veja-quem-tem-direito.html\"]}]},{\"@type\":\"ImageObject\",\"inLanguage\":\"es\",\"@id\":\"https:\\\/\\\/www.opovo.com.br\\\/noticias\\\/economia\\\/2022\\\/08\\\/03\\\/vale-gas-de-agosto-sera-pago-dia-9-com-valor-de-rs-110-veja-quem-tem-direito.html#primaryimage\",\"url\":\"https:\\\/\\\/www.noticiasfire.com.br\\\/wp-content\\\/uploads\\\/2022\\\/06\\\/provu-_1_-2.webp\",\"contentUrl\":\"https:\\\/\\\/www.noticiasfire.com.br\\\/wp-content\\\/uploads\\\/2022\\\/06\\\/provu-_1_-2.webp\",\"width\":1280,\"height\":720,\"caption\":\"Saiba mais sobre o Vale G\u00e1s e veja as regras em 2023.\"},{\"@type\":\"BreadcrumbList\",\"@id\":\"https:\\\/\\\/www.opovo.com.br\\\/noticias\\\/economia\\\/2022\\\/08\\\/03\\\/vale-gas-de-agosto-sera-pago-dia-9-com-valor-de-rs-110-veja-quem-tem-direito.html#breadcrumb\",\"itemListElement\":[{\"@type\":\"ListItem\",\"position\":1,\"name\":\"In\u00edcio\",\"item\":\"https:\\\/\\\/www.noticiasfire.com.br\\\/\"},{\"@type\":\"ListItem\",\"position\":2,\"name\":\"Saiba mais sobre o Vale G\u00e1s e veja as regras para 2024\"}]},{\"@type\":\"WebSite\",\"@id\":\"https:\\\/\\\/www.noticiasfire.com.br\\\/#website\",\"url\":\"https:\\\/\\\/www.noticiasfire.com.br\\\/\",\"name\":\"NoticiasFire\",\"description\":\"\",\"publisher\":{\"@id\":\"https:\\\/\\\/www.noticiasfire.com.br\\\/#organization\"},\"potentialAction\":[{\"@type\":\"SearchAction\",\"target\":{\"@type\":\"EntryPoint\",\"urlTemplate\":\"https:\\\/\\\/www.noticiasfire.com.br\\\/?s={search_term_string}\"},\"query-input\":{\"@type\":\"PropertyValueSpecification\",\"valueRequired\":true,\"valueName\":\"search_term_string\"}}],\"inLanguage\":\"es\"},{\"@type\":\"Organization\",\"@id\":\"https:\\\/\\\/www.noticiasfire.com.br\\\/#organization\",\"name\":\"NoticiasFire\",\"url\":\"https:\\\/\\\/www.noticiasfire.com.br\\\/\",\"logo\":{\"@type\":\"ImageObject\",\"inLanguage\":\"es\",\"@id\":\"https:\\\/\\\/www.noticiasfire.com.br\\\/#\\\/schema\\\/logo\\\/image\\\/\",\"url\":\"https:\\\/\\\/www.noticiasfire.com.br\\\/wp-content\\\/uploads\\\/2025\\\/08\\\/cropped-Captura_de_Tela_2025-08-13_as_20.34.29__1_-removebg-preview.png\",\"contentUrl\":\"https:\\\/\\\/www.noticiasfire.com.br\\\/wp-content\\\/uploads\\\/2025\\\/08\\\/cropped-Captura_de_Tela_2025-08-13_as_20.34.29__1_-removebg-preview.png\",\"width\":748,\"height\":286,\"caption\":\"NoticiasFire\"},\"image\":{\"@id\":\"https:\\\/\\\/www.noticiasfire.com.br\\\/#\\\/schema\\\/logo\\\/image\\\/\"}},{\"@type\":\"Person\",\"@id\":\"https:\\\/\\\/www.noticiasfire.com.br\\\/#\\\/schema\\\/person\\\/6c064cf8d33f8b38900e936c385f48fd\",\"name\":\"Ivan\",\"image\":{\"@type\":\"ImageObject\",\"inLanguage\":\"es\",\"@id\":\"https:\\\/\\\/secure.gravatar.com\\\/avatar\\\/18077698a88c2ad528c924a301adab662f075719c95fb1dec6f0b51902ebf647?s=96&d=mm&r=g\",\"url\":\"https:\\\/\\\/secure.gravatar.com\\\/avatar\\\/18077698a88c2ad528c924a301adab662f075719c95fb1dec6f0b51902ebf647?s=96&d=mm&r=g\",\"contentUrl\":\"https:\\\/\\\/secure.gravatar.com\\\/avatar\\\/18077698a88c2ad528c924a301adab662f075719c95fb1dec6f0b51902ebf647?s=96&d=mm&r=g\",\"caption\":\"Ivan\"},\"url\":\"https:\\\/\\\/www.noticiasfire.com.br\\\/es\\\/author\\\/ivan\\\/\"}]}<\/script>\n<!-- \/ Yoast SEO plugin. -->","yoast_head_json":{"title":"Saiba mais sobre o Vale G\u00e1s e veja as regras para 2024 -","description":"O Auxilio G\u00e1s tamb\u00e9m ser\u00e1 distribu\u00eddo em 2023 \u00e0s fam\u00edlias carentes para ajud\u00e1-las a pagar por este importante item na vida dos brasileiros.","robots":{"index":"index","follow":"follow","max-snippet":"max-snippet:-1","max-image-preview":"max-image-preview:large","max-video-preview":"max-video-preview:-1"},"canonical":"https:\/\/www.opovo.com.br\/noticias\/economia\/2022\/08\/03\/vale-gas-de-agosto-sera-pago-dia-9-com-valor-de-rs-110-veja-quem-tem-direito.html","og_locale":"es_MX","og_type":"article","og_title":"Saiba mais sobre o Vale G\u00e1s e veja as regras para 2024 -","og_description":"O Auxilio G\u00e1s tamb\u00e9m ser\u00e1 distribu\u00eddo em 2023 \u00e0s fam\u00edlias carentes para ajud\u00e1-las a pagar por este importante item na vida dos brasileiros.","og_url":"https:\/\/www.opovo.com.br\/noticias\/economia\/2022\/08\/03\/vale-gas-de-agosto-sera-pago-dia-9-com-valor-de-rs-110-veja-quem-tem-direito.html","article_published_time":"2023-05-20T12:30:25+00:00","og_image":[{"width":1280,"height":720,"url":"https:\/\/www.noticiasfire.com.br\/wp-content\/uploads\/2022\/06\/provu-_1_-2.webp","type":"image\/webp"}],"author":"Ivan","twitter_card":"summary_large_image","twitter_misc":{"Escrito por":"Ivan","Tiempo de lectura":"4 minutos"},"schema":{"@context":"https:\/\/schema.org","@graph":[{"@type":"Article","@id":"https:\/\/www.opovo.com.br\/noticias\/economia\/2022\/08\/03\/vale-gas-de-agosto-sera-pago-dia-9-com-valor-de-rs-110-veja-quem-tem-direito.html#article","isPartOf":{"@id":"https:\/\/www.noticiasfire.com.br\/saiba-mais-sobre-o-vale-gas-e-veja-as-regras-em-2023\/"},"author":{"name":"Ivan","@id":"https:\/\/www.noticiasfire.com.br\/#\/schema\/person\/6c064cf8d33f8b38900e936c385f48fd"},"headline":"Saiba mais sobre o Vale G\u00e1s e veja as regras para 2024","datePublished":"2023-05-20T12:30:25+00:00","mainEntityOfPage":{"@id":"https:\/\/www.noticiasfire.com.br\/saiba-mais-sobre-o-vale-gas-e-veja-as-regras-em-2023\/"},"wordCount":639,"commentCount":0,"publisher":{"@id":"https:\/\/www.noticiasfire.com.br\/#organization"},"image":{"@id":"https:\/\/www.opovo.com.br\/noticias\/economia\/2022\/08\/03\/vale-gas-de-agosto-sera-pago-dia-9-com-valor-de-rs-110-veja-quem-tem-direito.html#primaryimage"},"thumbnailUrl":"https:\/\/www.noticiasfire.com.br\/wp-content\/uploads\/2022\/06\/provu-_1_-2.webp","keywords":["auxilio Brasil","emprestimo auxilio brasil","valegas"],"articleSection":["NOT\u00cdCIAS"],"inLanguage":"es","potentialAction":[{"@type":"CommentAction","name":"Comment","target":["https:\/\/www.opovo.com.br\/noticias\/economia\/2022\/08\/03\/vale-gas-de-agosto-sera-pago-dia-9-com-valor-de-rs-110-veja-quem-tem-direito.html#respond"]}]},{"@type":"WebPage","@id":"https:\/\/www.noticiasfire.com.br\/saiba-mais-sobre-o-vale-gas-e-veja-as-regras-em-2023\/","url":"https:\/\/www.opovo.com.br\/noticias\/economia\/2022\/08\/03\/vale-gas-de-agosto-sera-pago-dia-9-com-valor-de-rs-110-veja-quem-tem-direito.html","name":"Saiba mais sobre o Vale G\u00e1s e veja as regras para 2024 -","isPartOf":{"@id":"https:\/\/www.noticiasfire.com.br\/#website"},"primaryImageOfPage":{"@id":"https:\/\/www.opovo.com.br\/noticias\/economia\/2022\/08\/03\/vale-gas-de-agosto-sera-pago-dia-9-com-valor-de-rs-110-veja-quem-tem-direito.html#primaryimage"},"image":{"@id":"https:\/\/www.opovo.com.br\/noticias\/economia\/2022\/08\/03\/vale-gas-de-agosto-sera-pago-dia-9-com-valor-de-rs-110-veja-quem-tem-direito.html#primaryimage"},"thumbnailUrl":"https:\/\/www.noticiasfire.com.br\/wp-content\/uploads\/2022\/06\/provu-_1_-2.webp","datePublished":"2023-05-20T12:30:25+00:00","description":"O Auxilio G\u00e1s tamb\u00e9m ser\u00e1 distribu\u00eddo em 2023 \u00e0s fam\u00edlias carentes para ajud\u00e1-las a pagar por este importante item na vida dos brasileiros.","breadcrumb":{"@id":"https:\/\/www.opovo.com.br\/noticias\/economia\/2022\/08\/03\/vale-gas-de-agosto-sera-pago-dia-9-com-valor-de-rs-110-veja-quem-tem-direito.html#breadcrumb"},"inLanguage":"es","potentialAction":[{"@type":"ReadAction","target":["https:\/\/www.opovo.com.br\/noticias\/economia\/2022\/08\/03\/vale-gas-de-agosto-sera-pago-dia-9-com-valor-de-rs-110-veja-quem-tem-direito.html"]}]},{"@type":"ImageObject","inLanguage":"es","@id":"https:\/\/www.opovo.com.br\/noticias\/economia\/2022\/08\/03\/vale-gas-de-agosto-sera-pago-dia-9-com-valor-de-rs-110-veja-quem-tem-direito.html#primaryimage","url":"https:\/\/www.noticiasfire.com.br\/wp-content\/uploads\/2022\/06\/provu-_1_-2.webp","contentUrl":"https:\/\/www.noticiasfire.com.br\/wp-content\/uploads\/2022\/06\/provu-_1_-2.webp","width":1280,"height":720,"caption":"Saiba mais sobre o Vale G\u00e1s e veja as regras em 2023."},{"@type":"BreadcrumbList","@id":"https:\/\/www.opovo.com.br\/noticias\/economia\/2022\/08\/03\/vale-gas-de-agosto-sera-pago-dia-9-com-valor-de-rs-110-veja-quem-tem-direito.html#breadcrumb","itemListElement":[{"@type":"ListItem","position":1,"name":"In\u00edcio","item":"https:\/\/www.noticiasfire.com.br\/"},{"@type":"ListItem","position":2,"name":"Saiba mais sobre o Vale G\u00e1s e veja as regras para 2024"}]},{"@type":"WebSite","@id":"https:\/\/www.noticiasfire.com.br\/#website","url":"https:\/\/www.noticiasfire.com.br\/","name":"NoticiasFire","description":"","publisher":{"@id":"https:\/\/www.noticiasfire.com.br\/#organization"},"potentialAction":[{"@type":"SearchAction","target":{"@type":"EntryPoint","urlTemplate":"https:\/\/www.noticiasfire.com.br\/?s={search_term_string}"},"query-input":{"@type":"PropertyValueSpecification","valueRequired":true,"valueName":"search_term_string"}}],"inLanguage":"es"},{"@type":"Organization","@id":"https:\/\/www.noticiasfire.com.br\/#organization","name":"NoticiasFire","url":"https:\/\/www.noticiasfire.com.br\/","logo":{"@type":"ImageObject","inLanguage":"es","@id":"https:\/\/www.noticiasfire.com.br\/#\/schema\/logo\/image\/","url":"https:\/\/www.noticiasfire.com.br\/wp-content\/uploads\/2025\/08\/cropped-Captura_de_Tela_2025-08-13_as_20.34.29__1_-removebg-preview.png","contentUrl":"https:\/\/www.noticiasfire.com.br\/wp-content\/uploads\/2025\/08\/cropped-Captura_de_Tela_2025-08-13_as_20.34.29__1_-removebg-preview.png","width":748,"height":286,"caption":"NoticiasFire"},"image":{"@id":"https:\/\/www.noticiasfire.com.br\/#\/schema\/logo\/image\/"}},{"@type":"Person","@id":"https:\/\/www.noticiasfire.com.br\/#\/schema\/person\/6c064cf8d33f8b38900e936c385f48fd","name":"Ivan","image":{"@type":"ImageObject","inLanguage":"es","@id":"https:\/\/secure.gravatar.com\/avatar\/18077698a88c2ad528c924a301adab662f075719c95fb1dec6f0b51902ebf647?s=96&d=mm&r=g","url":"https:\/\/secure.gravatar.com\/avatar\/18077698a88c2ad528c924a301adab662f075719c95fb1dec6f0b51902ebf647?s=96&d=mm&r=g","contentUrl":"https:\/\/secure.gravatar.com\/avatar\/18077698a88c2ad528c924a301adab662f075719c95fb1dec6f0b51902ebf647?s=96&d=mm&r=g","caption":"Ivan"},"url":"https:\/\/www.noticiasfire.com.br\/es\/author\/ivan\/"}]}},"_links":{"self":[{"href":"https:\/\/www.noticiasfire.com.br\/es\/wp-json\/wp\/v2\/posts\/7995","targetHints":{"allow":["GET"]}}],"collection":[{"href":"https:\/\/www.noticiasfire.com.br\/es\/wp-json\/wp\/v2\/posts"}],"about":[{"href":"https:\/\/www.noticiasfire.com.br\/es\/wp-json\/wp\/v2\/types\/post"}],"author":[{"embeddable":true,"href":"https:\/\/www.noticiasfire.com.br\/es\/wp-json\/wp\/v2\/users\/3"}],"replies":[{"embeddable":true,"href":"https:\/\/www.noticiasfire.com.br\/es\/wp-json\/wp\/v2\/comments?post=7995"}],"version-history":[{"count":0,"href":"https:\/\/www.noticiasfire.com.br\/es\/wp-json\/wp\/v2\/posts\/7995\/revisions"}],"wp:featuredmedia":[{"embeddable":true,"href":"https:\/\/www.noticiasfire.com.br\/es\/wp-json\/wp\/v2\/media\/30034"}],"wp:attachment":[{"href":"https:\/\/www.noticiasfire.com.br\/es\/wp-json\/wp\/v2\/media?parent=7995"}],"wp:term":[{"taxonomy":"category","embeddable":true,"href":"https:\/\/www.noticiasfire.com.br\/es\/wp-json\/wp\/v2\/categories?post=7995"},{"taxonomy":"post_tag","embeddable":true,"href":"https:\/\/www.noticiasfire.com.br\/es\/wp-json\/wp\/v2\/tags?post=7995"}],"curies":[{"name":"wp","href":"https:\/\/api.w.org\/{rel}","templated":true}]}}