{"id":8005,"date":"2022-08-05T11:18:49","date_gmt":"2022-08-05T14:18:49","guid":{"rendered":"https:\/\/www.noticiasfire.com.br\/?p=8005"},"modified":"2022-08-05T11:18:49","modified_gmt":"2022-08-05T14:18:49","slug":"egoncred-o-emprestimo-para-pessoas-com-classificacao-de-nome-negativado","status":"publish","type":"post","link":"https:\/\/www.noticiasfire.com.br\/es\/egoncred-o-emprestimo-para-pessoas-com-classificacao-de-nome-negativado\/","title":{"rendered":"Egoncred, o empr\u00e9stimo para pessoas com classifica\u00e7\u00e3o de nome negativado!"},"content":{"rendered":"<div data-elementor-type=\"wp-post\" data-elementor-id=\"8005\" class=\"elementor elementor-8005\" data-elementor-post-type=\"post\">\n\t\t\t\t\t\t<section class=\"elementor-section elementor-top-section elementor-element elementor-element-a3498de elementor-section-boxed elementor-section-height-default elementor-section-height-default\" data-id=\"a3498de\" data-element_type=\"section\" data-e-type=\"section\">\n\t\t\t\t\t\t<div class=\"elementor-container elementor-column-gap-default\">\n\t\t\t\t\t<div class=\"elementor-column elementor-col-100 elementor-top-column elementor-element elementor-element-aceb302\" data-id=\"aceb302\" data-element_type=\"column\" data-e-type=\"column\">\n\t\t\t<div class=\"elementor-widget-wrap elementor-element-populated\">\n\t\t\t\t\t\t<div class=\"elementor-element elementor-element-4e9c5e9 elementor-widget elementor-widget-text-editor\" data-id=\"4e9c5e9\" data-element_type=\"widget\" data-e-type=\"widget\" data-widget_type=\"text-editor.default\">\n\t\t\t\t\t\t\t\t\t<p>A Financeira Egoncred oferece empr\u00e9stimos com taxas de juros mais baixas e prazos de amortiza\u00e7\u00e3o longos. Veja mais detalhes aqui.<\/p><p>Voc\u00ea conhece o empr\u00e9stimo Egoncred? As pessoas que est\u00e3o no vermelho (nome negativado) t\u00eam dificuldade em receber cr\u00e9dito, n\u00e3o \u00e9 mesmo?<\/p><p>O que muitas pessoas n\u00e3o sabem \u00e9 que algumas institui\u00e7\u00f5es financeiras, e at\u00e9 mesmo bancos, ainda oferecem a possibilidade de abrir cr\u00e9ditos a essas pessoas. O Egoncred \u00e9 uma delas!<\/p><p>Saiba mais sobre o empr\u00e9stimo Egoncred, as condi\u00e7\u00f5es de reembolso, as taxas de juros aplicadas e aplique para o seu hoje. Confira.<\/p>\t\t\t\t\t\t\t\t<\/div>\n\t\t\t\t\t<\/div>\n\t\t<\/div>\n\t\t\t\t\t<\/div>\n\t\t<\/section>\n\t\t\t\t<section class=\"elementor-section elementor-top-section elementor-element elementor-element-37a191b elementor-section-boxed elementor-section-height-default elementor-section-height-default\" data-id=\"37a191b\" data-element_type=\"section\" data-e-type=\"section\">\n\t\t\t\t\t\t<div class=\"elementor-container elementor-column-gap-default\">\n\t\t\t\t\t<div class=\"elementor-column elementor-col-100 elementor-top-column elementor-element elementor-element-18a1b51\" data-id=\"18a1b51\" data-element_type=\"column\" data-e-type=\"column\">\n\t\t\t<div class=\"elementor-widget-wrap elementor-element-populated\">\n\t\t\t\t\t\t<div class=\"elementor-element elementor-element-45467a9 elementor-cta--skin-classic elementor-animated-content elementor-bg-transform elementor-bg-transform-zoom-in elementor-widget elementor-widget-call-to-action\" data-id=\"45467a9\" data-element_type=\"widget\" data-e-type=\"widget\" data-widget_type=\"call-to-action.default\">\n\t\t\t\t\t\t\t<div class=\"elementor-cta\">\n\t\t\t\t\t<div class=\"elementor-cta__bg-wrapper\">\n\t\t\t\t<div class=\"elementor-cta__bg elementor-bg\" style=\"background-image: url(https:\/\/www.noticiasfire.com.br\/wp-content\/uploads\/2022\/08\/Design-sem-nome-19-1-1024x768.png);\" role=\"img\" aria-label=\"empr\u00e9stimo com nome negativado\"><\/div>\n\t\t\t\t<div class=\"elementor-cta__bg-overlay\"><\/div>\n\t\t\t<\/div>\n\t\t\t\t\t\t\t<div class=\"elementor-cta__content\">\n\t\t\t\t\n\t\t\t\t\t\t\t\t\t<h2 class=\"elementor-cta__title elementor-cta__content-item elementor-content-item\">\n\t\t\t\t\t\tEgoncred solu\u00e7\u00f5es financeiras direto no celular.\t\t\t\t\t<\/h2>\n\t\t\t\t\n\t\t\t\t\t\t\t\t\t<div class=\"elementor-cta__description elementor-cta__content-item elementor-content-item\">\n\t\t\t\t\t\tCr\u00e9dito facilitado \t\t\t\t\t<\/div>\n\t\t\t\t\n\t\t\t\t\t\t\t\t\t<div class=\"elementor-cta__button-wrapper elementor-cta__content-item elementor-content-item\">\n\t\t\t\t\t<a class=\"elementor-cta__button elementor-button elementor-size-\" href=\"https:\/\/www.noticiasfire.com.br\/es\/emprestimos-egoncred-com-limite-para-negativado\/\">\n\t\t\t\t\t\tQUERO SABER \t\t\t\t\t<\/a>\n\t\t\t\t\t<\/div>\n\t\t\t\t\t\t\t<\/div>\n\t\t\t\t\t\t<\/div>\n\t\t\t\t\t\t<\/div>\n\t\t\t\t\t<\/div>\n\t\t<\/div>\n\t\t\t\t\t<\/div>\n\t\t<\/section>\n\t\t\t\t<section class=\"elementor-section elementor-top-section elementor-element elementor-element-00b1346 elementor-section-boxed elementor-section-height-default elementor-section-height-default\" data-id=\"00b1346\" data-element_type=\"section\" data-e-type=\"section\">\n\t\t\t\t\t\t<div class=\"elementor-container elementor-column-gap-default\">\n\t\t\t\t\t<div class=\"elementor-column elementor-col-100 elementor-top-column elementor-element elementor-element-319851a\" data-id=\"319851a\" data-element_type=\"column\" data-e-type=\"column\">\n\t\t\t<div class=\"elementor-widget-wrap elementor-element-populated\">\n\t\t\t\t\t\t<div class=\"elementor-element elementor-element-3ec35fe elementor-widget elementor-widget-text-editor\" data-id=\"3ec35fe\" data-element_type=\"widget\" data-e-type=\"widget\" data-widget_type=\"text-editor.default\">\n\t\t\t\t\t\t\t\t\t<h2>Conhe\u00e7a a Egoncred<\/h2><p>Esta \u00e9 uma institui\u00e7\u00e3o que oferece planejamento financeiro no mercado de cr\u00e9dito privado. A empresa est\u00e1 localizada na cidade de Campinas, S\u00e3o Paulo, e est\u00e1 presente no mercado h\u00e1 26 anos.<\/p><p>Um ponto importante a destacar \u00e9 tamb\u00e9m que a empresa est\u00e1 registrada h\u00e1 mais de seis anos no site Reclame Aqui. Mesmo depois de tanto tempo, tem muito poucas reclama\u00e7\u00f5es.<\/p><p>A Egoncred trabalha com v\u00e1rias linhas de cr\u00e9dito, tais como empr\u00e9stimos pessoais, empr\u00e9stimos com cheque, d\u00e9bito em conta e a possibilidade de refinanciar ve\u00edculos.<\/p><h2>Empr\u00e9stimos para pessoas nome negativado<\/h2><p>Uma das maiores vantagens do Egoncred \u00e9 que ele tamb\u00e9m oferece empr\u00e9stimos para pessoas com nome negativado, com um prazo de at\u00e9 60 meses para os pagamentos da parcela.<\/p><p>Al\u00e9m disso, as taxas de juros s\u00e3o mais baixas que as normalmente cobradas, o que j\u00e1 \u00e9 uma grande vantagem, n\u00e3o \u00e9 mesmo?<\/p><p>O empr\u00e9stimo para pessoas com situa\u00e7\u00e3o de cr\u00e9dito negativado \u00e9 um tipo particular de cr\u00e9dito no qual o desconto das presta\u00e7\u00f5es contratadas \u00e9 feito diretamente da folha de pagamento da parte interessada.<\/p><p>Al\u00e9m de n\u00e3o serem consultadas pelas ag\u00eancias de prote\u00e7\u00e3o ao cr\u00e9dito, como SPC e Serasa, as taxas de juros s\u00e3o baixas, variando de 3,49% a 6,79% ao m\u00eas.<\/p><p>Tamb\u00e9m \u00e9 importante observar que a empresa n\u00e3o cobra taxas, comiss\u00f5es ou adiantamentos como dep\u00f3sitos para os empr\u00e9stimos.<\/p>\t\t\t\t\t\t\t\t<\/div>\n\t\t\t\t\t<\/div>\n\t\t<\/div>\n\t\t\t\t\t<\/div>\n\t\t<\/section>\n\t\t\t\t<section class=\"elementor-section elementor-top-section elementor-element elementor-element-49638cd elementor-section-boxed elementor-section-height-default elementor-section-height-default\" data-id=\"49638cd\" data-element_type=\"section\" data-e-type=\"section\">\n\t\t\t\t\t\t<div class=\"elementor-container elementor-column-gap-default\">\n\t\t\t\t\t<div class=\"elementor-column elementor-col-100 elementor-top-column elementor-element elementor-element-de42c47\" data-id=\"de42c47\" data-element_type=\"column\" data-e-type=\"column\">\n\t\t\t<div class=\"elementor-widget-wrap elementor-element-populated\">\n\t\t\t\t\t\t<div class=\"elementor-element elementor-element-7e25a0f elementor-align-justify elementor-widget elementor-widget-button\" data-id=\"7e25a0f\" data-element_type=\"widget\" data-e-type=\"widget\" data-widget_type=\"button.default\">\n\t\t\t\t\t\t\t\t\t\t<a class=\"elementor-button elementor-button-link elementor-size-xl\" href=\"https:\/\/www.noticiasfire.com.br\/es\/emprestimos-egoncred-com-limite-para-negativado\/\">\n\t\t\t\t\t\t<span class=\"elementor-button-content-wrapper\">\n\t\t\t\t\t\t\t\t\t<span class=\"elementor-button-text\">QUIERO SABER M\u00c1S<\/span>\n\t\t\t\t\t<\/span>\n\t\t\t\t\t<\/a>\n\t\t\t\t\t\t\t\t<\/div>\n\t\t\t\t\t<\/div>\n\t\t<\/div>\n\t\t\t\t\t<\/div>\n\t\t<\/section>\n\t\t\t\t<section class=\"elementor-section elementor-top-section elementor-element elementor-element-b752cd5 elementor-section-boxed elementor-section-height-default elementor-section-height-default\" data-id=\"b752cd5\" data-element_type=\"section\" data-e-type=\"section\">\n\t\t\t\t\t\t<div class=\"elementor-container elementor-column-gap-default\">\n\t\t\t\t\t<div class=\"elementor-column elementor-col-100 elementor-top-column elementor-element elementor-element-de5aa51\" data-id=\"de5aa51\" data-element_type=\"column\" data-e-type=\"column\">\n\t\t\t<div class=\"elementor-widget-wrap elementor-element-populated\">\n\t\t\t\t\t\t<div class=\"elementor-element elementor-element-caf54b2 elementor-widget elementor-widget-text-editor\" data-id=\"caf54b2\" data-element_type=\"widget\" data-e-type=\"widget\" data-widget_type=\"text-editor.default\">\n\t\t\t\t\t\t\t\t\t<p>*Fuente de b\u00fasqueda: <a href=\"https:\/\/utua.com.br\/br-emp-egoncred-p1\/\">UTUA<\/a><\/p>\t\t\t\t\t\t\t\t<\/div>\n\t\t\t\t\t<\/div>\n\t\t<\/div>\n\t\t\t\t\t<\/div>\n\t\t<\/section>\n\t\t\t\t<\/div>","protected":false},"excerpt":{"rendered":"<p>A Financeira Egoncred oferece empr\u00e9stimos com taxas de juros mais baixas e prazos de amortiza\u00e7\u00e3o longos. Veja mais detalhes aqui. Voc\u00ea conhece o empr\u00e9stimo Egoncred? As pessoas que est\u00e3o no vermelho (nome negativado) t\u00eam dificuldade em receber cr\u00e9dito, n\u00e3o \u00e9 mesmo? O que muitas pessoas n\u00e3o sabem \u00e9 que algumas institui\u00e7\u00f5es financeiras, e at\u00e9 mesmo &#8230; <a title=\"Egoncred, o empr\u00e9stimo para pessoas com classifica\u00e7\u00e3o de nome negativado!\" class=\"read-more\" href=\"https:\/\/www.noticiasfire.com.br\/es\/egoncred-o-emprestimo-para-pessoas-com-classificacao-de-nome-negativado\/\" aria-label=\"Leer m\u00e1s sobre Egoncred, o empr\u00e9stimo para pessoas com classifica\u00e7\u00e3o de nome negativado!\">Leer m\u00e1s<\/a><\/p>","protected":false},"author":3,"featured_media":29978,"comment_status":"open","ping_status":"open","sticky":false,"template":"","format":"standard","meta":{"footnotes":""},"categories":[28],"tags":[],"class_list":["post-8005","post","type-post","status-publish","format-standard","has-post-thumbnail","hentry","category-emprestimo"],"yoast_head":"<!-- This site is optimized with the Yoast SEO plugin v27.4 - https:\/\/yoast.com\/product\/yoast-seo-wordpress\/ -->\n<title>Egoncred, o empr\u00e9stimo para pessoas com classifica\u00e7\u00e3o de nome negativado! -<\/title>\n<meta name=\"description\" content=\"Voc\u00ea conhece o empr\u00e9stimo Egoncred? As pessoas que est\u00e3o no vermelho (nome negativado) t\u00eam dificuldade em receber cr\u00e9dito, n\u00e3o \u00e9 mesmo?\" \/>\n<meta name=\"robots\" content=\"index, follow, max-snippet:-1, max-image-preview:large, max-video-preview:-1\" \/>\n<link rel=\"canonical\" href=\"https:\/\/www.noticiasfire.com.br\/es\/egoncred-o-emprestimo-para-pessoas-com-classificacao-de-nome-negativado\/\" \/>\n<meta property=\"og:locale\" content=\"es_MX\" \/>\n<meta property=\"og:type\" content=\"article\" \/>\n<meta property=\"og:title\" content=\"Egoncred, o empr\u00e9stimo para pessoas com classifica\u00e7\u00e3o de nome negativado! -\" \/>\n<meta property=\"og:description\" content=\"Voc\u00ea conhece o empr\u00e9stimo Egoncred? As pessoas que est\u00e3o no vermelho (nome negativado) t\u00eam dificuldade em receber cr\u00e9dito, n\u00e3o \u00e9 mesmo?\" \/>\n<meta property=\"og:url\" content=\"https:\/\/www.noticiasfire.com.br\/es\/egoncred-o-emprestimo-para-pessoas-com-classificacao-de-nome-negativado\/\" \/>\n<meta property=\"article:published_time\" content=\"2022-08-05T14:18:49+00:00\" \/>\n<meta property=\"og:image\" content=\"https:\/\/www.noticiasfire.com.br\/wp-content\/uploads\/2022\/08\/Design-sem-nome-19-2.png\" \/>\n\t<meta property=\"og:image:width\" content=\"1200\" \/>\n\t<meta property=\"og:image:height\" content=\"900\" \/>\n\t<meta property=\"og:image:type\" content=\"image\/png\" \/>\n<meta name=\"author\" content=\"Ivan\" \/>\n<meta name=\"twitter:card\" content=\"summary_large_image\" \/>\n<meta name=\"twitter:label1\" content=\"Escrito por\" \/>\n\t<meta name=\"twitter:data1\" content=\"Ivan\" \/>\n\t<meta name=\"twitter:label2\" content=\"Tiempo de lectura\" \/>\n\t<meta name=\"twitter:data2\" content=\"2 minutos\" \/>\n<script type=\"application\/ld+json\" class=\"yoast-schema-graph\">{\"@context\":\"https:\\\/\\\/schema.org\",\"@graph\":[{\"@type\":\"Article\",\"@id\":\"https:\\\/\\\/www.noticiasfire.com.br\\\/egoncred-o-emprestimo-para-pessoas-com-classificacao-de-nome-negativado\\\/#article\",\"isPartOf\":{\"@id\":\"https:\\\/\\\/www.noticiasfire.com.br\\\/egoncred-o-emprestimo-para-pessoas-com-classificacao-de-nome-negativado\\\/\"},\"author\":{\"name\":\"Ivan\",\"@id\":\"https:\\\/\\\/www.noticiasfire.com.br\\\/#\\\/schema\\\/person\\\/6c064cf8d33f8b38900e936c385f48fd\"},\"headline\":\"Egoncred, o empr\u00e9stimo para pessoas com classifica\u00e7\u00e3o de nome negativado!\",\"datePublished\":\"2022-08-05T14:18:49+00:00\",\"mainEntityOfPage\":{\"@id\":\"https:\\\/\\\/www.noticiasfire.com.br\\\/egoncred-o-emprestimo-para-pessoas-com-classificacao-de-nome-negativado\\\/\"},\"wordCount\":379,\"commentCount\":0,\"publisher\":{\"@id\":\"https:\\\/\\\/www.noticiasfire.com.br\\\/#organization\"},\"image\":{\"@id\":\"https:\\\/\\\/www.noticiasfire.com.br\\\/egoncred-o-emprestimo-para-pessoas-com-classificacao-de-nome-negativado\\\/#primaryimage\"},\"thumbnailUrl\":\"https:\\\/\\\/www.noticiasfire.com.br\\\/wp-content\\\/uploads\\\/2022\\\/08\\\/Design-sem-nome-19-2.png\",\"articleSection\":[\"EMPR\u00c9STIMO\"],\"inLanguage\":\"es\",\"potentialAction\":[{\"@type\":\"CommentAction\",\"name\":\"Comment\",\"target\":[\"https:\\\/\\\/www.noticiasfire.com.br\\\/egoncred-o-emprestimo-para-pessoas-com-classificacao-de-nome-negativado\\\/#respond\"]}]},{\"@type\":\"WebPage\",\"@id\":\"https:\\\/\\\/www.noticiasfire.com.br\\\/egoncred-o-emprestimo-para-pessoas-com-classificacao-de-nome-negativado\\\/\",\"url\":\"https:\\\/\\\/www.noticiasfire.com.br\\\/egoncred-o-emprestimo-para-pessoas-com-classificacao-de-nome-negativado\\\/\",\"name\":\"Egoncred, o empr\u00e9stimo para pessoas com classifica\u00e7\u00e3o de nome negativado! -\",\"isPartOf\":{\"@id\":\"https:\\\/\\\/www.noticiasfire.com.br\\\/#website\"},\"primaryImageOfPage\":{\"@id\":\"https:\\\/\\\/www.noticiasfire.com.br\\\/egoncred-o-emprestimo-para-pessoas-com-classificacao-de-nome-negativado\\\/#primaryimage\"},\"image\":{\"@id\":\"https:\\\/\\\/www.noticiasfire.com.br\\\/egoncred-o-emprestimo-para-pessoas-com-classificacao-de-nome-negativado\\\/#primaryimage\"},\"thumbnailUrl\":\"https:\\\/\\\/www.noticiasfire.com.br\\\/wp-content\\\/uploads\\\/2022\\\/08\\\/Design-sem-nome-19-2.png\",\"datePublished\":\"2022-08-05T14:18:49+00:00\",\"description\":\"Voc\u00ea conhece o empr\u00e9stimo Egoncred? As pessoas que est\u00e3o no vermelho (nome negativado) t\u00eam dificuldade em receber cr\u00e9dito, n\u00e3o \u00e9 mesmo?\",\"breadcrumb\":{\"@id\":\"https:\\\/\\\/www.noticiasfire.com.br\\\/egoncred-o-emprestimo-para-pessoas-com-classificacao-de-nome-negativado\\\/#breadcrumb\"},\"inLanguage\":\"es\",\"potentialAction\":[{\"@type\":\"ReadAction\",\"target\":[\"https:\\\/\\\/www.noticiasfire.com.br\\\/egoncred-o-emprestimo-para-pessoas-com-classificacao-de-nome-negativado\\\/\"]}]},{\"@type\":\"ImageObject\",\"inLanguage\":\"es\",\"@id\":\"https:\\\/\\\/www.noticiasfire.com.br\\\/egoncred-o-emprestimo-para-pessoas-com-classificacao-de-nome-negativado\\\/#primaryimage\",\"url\":\"https:\\\/\\\/www.noticiasfire.com.br\\\/wp-content\\\/uploads\\\/2022\\\/08\\\/Design-sem-nome-19-2.png\",\"contentUrl\":\"https:\\\/\\\/www.noticiasfire.com.br\\\/wp-content\\\/uploads\\\/2022\\\/08\\\/Design-sem-nome-19-2.png\",\"width\":1200,\"height\":900,\"caption\":\"empr\u00e9stimo com nome negativado\"},{\"@type\":\"BreadcrumbList\",\"@id\":\"https:\\\/\\\/www.noticiasfire.com.br\\\/egoncred-o-emprestimo-para-pessoas-com-classificacao-de-nome-negativado\\\/#breadcrumb\",\"itemListElement\":[{\"@type\":\"ListItem\",\"position\":1,\"name\":\"In\u00edcio\",\"item\":\"https:\\\/\\\/www.noticiasfire.com.br\\\/\"},{\"@type\":\"ListItem\",\"position\":2,\"name\":\"Egoncred, o empr\u00e9stimo para pessoas com classifica\u00e7\u00e3o de nome negativado!\"}]},{\"@type\":\"WebSite\",\"@id\":\"https:\\\/\\\/www.noticiasfire.com.br\\\/#website\",\"url\":\"https:\\\/\\\/www.noticiasfire.com.br\\\/\",\"name\":\"NoticiasFire\",\"description\":\"\",\"publisher\":{\"@id\":\"https:\\\/\\\/www.noticiasfire.com.br\\\/#organization\"},\"potentialAction\":[{\"@type\":\"SearchAction\",\"target\":{\"@type\":\"EntryPoint\",\"urlTemplate\":\"https:\\\/\\\/www.noticiasfire.com.br\\\/?s={search_term_string}\"},\"query-input\":{\"@type\":\"PropertyValueSpecification\",\"valueRequired\":true,\"valueName\":\"search_term_string\"}}],\"inLanguage\":\"es\"},{\"@type\":\"Organization\",\"@id\":\"https:\\\/\\\/www.noticiasfire.com.br\\\/#organization\",\"name\":\"NoticiasFire\",\"url\":\"https:\\\/\\\/www.noticiasfire.com.br\\\/\",\"logo\":{\"@type\":\"ImageObject\",\"inLanguage\":\"es\",\"@id\":\"https:\\\/\\\/www.noticiasfire.com.br\\\/#\\\/schema\\\/logo\\\/image\\\/\",\"url\":\"https:\\\/\\\/www.noticiasfire.com.br\\\/wp-content\\\/uploads\\\/2025\\\/08\\\/cropped-Captura_de_Tela_2025-08-13_as_20.34.29__1_-removebg-preview.png\",\"contentUrl\":\"https:\\\/\\\/www.noticiasfire.com.br\\\/wp-content\\\/uploads\\\/2025\\\/08\\\/cropped-Captura_de_Tela_2025-08-13_as_20.34.29__1_-removebg-preview.png\",\"width\":748,\"height\":286,\"caption\":\"NoticiasFire\"},\"image\":{\"@id\":\"https:\\\/\\\/www.noticiasfire.com.br\\\/#\\\/schema\\\/logo\\\/image\\\/\"}},{\"@type\":\"Person\",\"@id\":\"https:\\\/\\\/www.noticiasfire.com.br\\\/#\\\/schema\\\/person\\\/6c064cf8d33f8b38900e936c385f48fd\",\"name\":\"Ivan\",\"image\":{\"@type\":\"ImageObject\",\"inLanguage\":\"es\",\"@id\":\"https:\\\/\\\/secure.gravatar.com\\\/avatar\\\/18077698a88c2ad528c924a301adab662f075719c95fb1dec6f0b51902ebf647?s=96&d=mm&r=g\",\"url\":\"https:\\\/\\\/secure.gravatar.com\\\/avatar\\\/18077698a88c2ad528c924a301adab662f075719c95fb1dec6f0b51902ebf647?s=96&d=mm&r=g\",\"contentUrl\":\"https:\\\/\\\/secure.gravatar.com\\\/avatar\\\/18077698a88c2ad528c924a301adab662f075719c95fb1dec6f0b51902ebf647?s=96&d=mm&r=g\",\"caption\":\"Ivan\"},\"url\":\"https:\\\/\\\/www.noticiasfire.com.br\\\/es\\\/author\\\/ivan\\\/\"}]}<\/script>\n<!-- \/ Yoast SEO plugin. -->","yoast_head_json":{"title":"Egoncred, o empr\u00e9stimo para pessoas com classifica\u00e7\u00e3o de nome negativado! -","description":"Voc\u00ea conhece o empr\u00e9stimo Egoncred? As pessoas que est\u00e3o no vermelho (nome negativado) t\u00eam dificuldade em receber cr\u00e9dito, n\u00e3o \u00e9 mesmo?","robots":{"index":"index","follow":"follow","max-snippet":"max-snippet:-1","max-image-preview":"max-image-preview:large","max-video-preview":"max-video-preview:-1"},"canonical":"https:\/\/www.noticiasfire.com.br\/es\/egoncred-o-emprestimo-para-pessoas-com-classificacao-de-nome-negativado\/","og_locale":"es_MX","og_type":"article","og_title":"Egoncred, o empr\u00e9stimo para pessoas com classifica\u00e7\u00e3o de nome negativado! -","og_description":"Voc\u00ea conhece o empr\u00e9stimo Egoncred? As pessoas que est\u00e3o no vermelho (nome negativado) t\u00eam dificuldade em receber cr\u00e9dito, n\u00e3o \u00e9 mesmo?","og_url":"https:\/\/www.noticiasfire.com.br\/es\/egoncred-o-emprestimo-para-pessoas-com-classificacao-de-nome-negativado\/","article_published_time":"2022-08-05T14:18:49+00:00","og_image":[{"width":1200,"height":900,"url":"https:\/\/www.noticiasfire.com.br\/wp-content\/uploads\/2022\/08\/Design-sem-nome-19-2.png","type":"image\/png"}],"author":"Ivan","twitter_card":"summary_large_image","twitter_misc":{"Escrito por":"Ivan","Tiempo de lectura":"2 minutos"},"schema":{"@context":"https:\/\/schema.org","@graph":[{"@type":"Article","@id":"https:\/\/www.noticiasfire.com.br\/egoncred-o-emprestimo-para-pessoas-com-classificacao-de-nome-negativado\/#article","isPartOf":{"@id":"https:\/\/www.noticiasfire.com.br\/egoncred-o-emprestimo-para-pessoas-com-classificacao-de-nome-negativado\/"},"author":{"name":"Ivan","@id":"https:\/\/www.noticiasfire.com.br\/#\/schema\/person\/6c064cf8d33f8b38900e936c385f48fd"},"headline":"Egoncred, o empr\u00e9stimo para pessoas com classifica\u00e7\u00e3o de nome negativado!","datePublished":"2022-08-05T14:18:49+00:00","mainEntityOfPage":{"@id":"https:\/\/www.noticiasfire.com.br\/egoncred-o-emprestimo-para-pessoas-com-classificacao-de-nome-negativado\/"},"wordCount":379,"commentCount":0,"publisher":{"@id":"https:\/\/www.noticiasfire.com.br\/#organization"},"image":{"@id":"https:\/\/www.noticiasfire.com.br\/egoncred-o-emprestimo-para-pessoas-com-classificacao-de-nome-negativado\/#primaryimage"},"thumbnailUrl":"https:\/\/www.noticiasfire.com.br\/wp-content\/uploads\/2022\/08\/Design-sem-nome-19-2.png","articleSection":["EMPR\u00c9STIMO"],"inLanguage":"es","potentialAction":[{"@type":"CommentAction","name":"Comment","target":["https:\/\/www.noticiasfire.com.br\/egoncred-o-emprestimo-para-pessoas-com-classificacao-de-nome-negativado\/#respond"]}]},{"@type":"WebPage","@id":"https:\/\/www.noticiasfire.com.br\/egoncred-o-emprestimo-para-pessoas-com-classificacao-de-nome-negativado\/","url":"https:\/\/www.noticiasfire.com.br\/egoncred-o-emprestimo-para-pessoas-com-classificacao-de-nome-negativado\/","name":"Egoncred, o empr\u00e9stimo para pessoas com classifica\u00e7\u00e3o de nome negativado! -","isPartOf":{"@id":"https:\/\/www.noticiasfire.com.br\/#website"},"primaryImageOfPage":{"@id":"https:\/\/www.noticiasfire.com.br\/egoncred-o-emprestimo-para-pessoas-com-classificacao-de-nome-negativado\/#primaryimage"},"image":{"@id":"https:\/\/www.noticiasfire.com.br\/egoncred-o-emprestimo-para-pessoas-com-classificacao-de-nome-negativado\/#primaryimage"},"thumbnailUrl":"https:\/\/www.noticiasfire.com.br\/wp-content\/uploads\/2022\/08\/Design-sem-nome-19-2.png","datePublished":"2022-08-05T14:18:49+00:00","description":"Voc\u00ea conhece o empr\u00e9stimo Egoncred? As pessoas que est\u00e3o no vermelho (nome negativado) t\u00eam dificuldade em receber cr\u00e9dito, n\u00e3o \u00e9 mesmo?","breadcrumb":{"@id":"https:\/\/www.noticiasfire.com.br\/egoncred-o-emprestimo-para-pessoas-com-classificacao-de-nome-negativado\/#breadcrumb"},"inLanguage":"es","potentialAction":[{"@type":"ReadAction","target":["https:\/\/www.noticiasfire.com.br\/egoncred-o-emprestimo-para-pessoas-com-classificacao-de-nome-negativado\/"]}]},{"@type":"ImageObject","inLanguage":"es","@id":"https:\/\/www.noticiasfire.com.br\/egoncred-o-emprestimo-para-pessoas-com-classificacao-de-nome-negativado\/#primaryimage","url":"https:\/\/www.noticiasfire.com.br\/wp-content\/uploads\/2022\/08\/Design-sem-nome-19-2.png","contentUrl":"https:\/\/www.noticiasfire.com.br\/wp-content\/uploads\/2022\/08\/Design-sem-nome-19-2.png","width":1200,"height":900,"caption":"empr\u00e9stimo com nome negativado"},{"@type":"BreadcrumbList","@id":"https:\/\/www.noticiasfire.com.br\/egoncred-o-emprestimo-para-pessoas-com-classificacao-de-nome-negativado\/#breadcrumb","itemListElement":[{"@type":"ListItem","position":1,"name":"In\u00edcio","item":"https:\/\/www.noticiasfire.com.br\/"},{"@type":"ListItem","position":2,"name":"Egoncred, o empr\u00e9stimo para pessoas com classifica\u00e7\u00e3o de nome negativado!"}]},{"@type":"WebSite","@id":"https:\/\/www.noticiasfire.com.br\/#website","url":"https:\/\/www.noticiasfire.com.br\/","name":"NoticiasFire","description":"","publisher":{"@id":"https:\/\/www.noticiasfire.com.br\/#organization"},"potentialAction":[{"@type":"SearchAction","target":{"@type":"EntryPoint","urlTemplate":"https:\/\/www.noticiasfire.com.br\/?s={search_term_string}"},"query-input":{"@type":"PropertyValueSpecification","valueRequired":true,"valueName":"search_term_string"}}],"inLanguage":"es"},{"@type":"Organization","@id":"https:\/\/www.noticiasfire.com.br\/#organization","name":"NoticiasFire","url":"https:\/\/www.noticiasfire.com.br\/","logo":{"@type":"ImageObject","inLanguage":"es","@id":"https:\/\/www.noticiasfire.com.br\/#\/schema\/logo\/image\/","url":"https:\/\/www.noticiasfire.com.br\/wp-content\/uploads\/2025\/08\/cropped-Captura_de_Tela_2025-08-13_as_20.34.29__1_-removebg-preview.png","contentUrl":"https:\/\/www.noticiasfire.com.br\/wp-content\/uploads\/2025\/08\/cropped-Captura_de_Tela_2025-08-13_as_20.34.29__1_-removebg-preview.png","width":748,"height":286,"caption":"NoticiasFire"},"image":{"@id":"https:\/\/www.noticiasfire.com.br\/#\/schema\/logo\/image\/"}},{"@type":"Person","@id":"https:\/\/www.noticiasfire.com.br\/#\/schema\/person\/6c064cf8d33f8b38900e936c385f48fd","name":"Ivan","image":{"@type":"ImageObject","inLanguage":"es","@id":"https:\/\/secure.gravatar.com\/avatar\/18077698a88c2ad528c924a301adab662f075719c95fb1dec6f0b51902ebf647?s=96&d=mm&r=g","url":"https:\/\/secure.gravatar.com\/avatar\/18077698a88c2ad528c924a301adab662f075719c95fb1dec6f0b51902ebf647?s=96&d=mm&r=g","contentUrl":"https:\/\/secure.gravatar.com\/avatar\/18077698a88c2ad528c924a301adab662f075719c95fb1dec6f0b51902ebf647?s=96&d=mm&r=g","caption":"Ivan"},"url":"https:\/\/www.noticiasfire.com.br\/es\/author\/ivan\/"}]}},"_links":{"self":[{"href":"https:\/\/www.noticiasfire.com.br\/es\/wp-json\/wp\/v2\/posts\/8005","targetHints":{"allow":["GET"]}}],"collection":[{"href":"https:\/\/www.noticiasfire.com.br\/es\/wp-json\/wp\/v2\/posts"}],"about":[{"href":"https:\/\/www.noticiasfire.com.br\/es\/wp-json\/wp\/v2\/types\/post"}],"author":[{"embeddable":true,"href":"https:\/\/www.noticiasfire.com.br\/es\/wp-json\/wp\/v2\/users\/3"}],"replies":[{"embeddable":true,"href":"https:\/\/www.noticiasfire.com.br\/es\/wp-json\/wp\/v2\/comments?post=8005"}],"version-history":[{"count":0,"href":"https:\/\/www.noticiasfire.com.br\/es\/wp-json\/wp\/v2\/posts\/8005\/revisions"}],"wp:featuredmedia":[{"embeddable":true,"href":"https:\/\/www.noticiasfire.com.br\/es\/wp-json\/wp\/v2\/media\/29978"}],"wp:attachment":[{"href":"https:\/\/www.noticiasfire.com.br\/es\/wp-json\/wp\/v2\/media?parent=8005"}],"wp:term":[{"taxonomy":"category","embeddable":true,"href":"https:\/\/www.noticiasfire.com.br\/es\/wp-json\/wp\/v2\/categories?post=8005"},{"taxonomy":"post_tag","embeddable":true,"href":"https:\/\/www.noticiasfire.com.br\/es\/wp-json\/wp\/v2\/tags?post=8005"}],"curies":[{"name":"wp","href":"https:\/\/api.w.org\/{rel}","templated":true}]}}